{"id":16379,"date":"2018-07-19T16:46:00","date_gmt":"2018-07-19T16:46:00","guid":{"rendered":"https:\/\/newsslash.com\/n\/12690-shameless-trailer-zu-staffel-9-veroeffentlicht\/"},"modified":"2018-07-19T16:46:00","modified_gmt":"2018-07-19T16:46:00","slug":"12690-shameless-trailer-zu-staffel-9-veroeffentlicht","status":"publish","type":"post","link":"https:\/\/newsslash.com\/n\/12690-shameless-trailer-zu-staffel-9-veroeffentlicht\/","title":{"rendered":"Shameless: Trailer zu Staffel 9 ver\u00c3\u00b6ffentlicht"},"content":{"rendered":"<p>Bis zum Start der 9. Staffel von Shameless dauert es nicht mehr lange, denn dieser ist bereits f\u00c3\u00bcr den 9. September des laufenden Jahres angesetzt. Um den Fans die Wartezeit bis dahin zu verk\u00c3\u00bcrzen, hat Showtime einen weiteren Trailer f\u00c3\u00bcr die bevorstehende neue Staffel ver\u00c3\u00b6ffentlicht, den ihr unter dieser News findet. Im Zentrum der Comedyserie steht die Familie Gallagher. Der Familienvater Frank (John H. Macy) ist Alkoholiker. Er hat sechs Kinder namens Fiona (Emmy Rossum), Lip (Jeremy Allen White), Debbie (Emma Kenney), Ian (Cameron Monaghan), Liam (Christian Isaiah) und Carl (Ethan Cutkosky), die er aber meistens vernachl\u00c3\u00a4ssigt. So m\u00c3\u00bcssen die Kinder ihre allt\u00c3\u00a4glichen Probleme alleine meistern. <b>Achtung, Spoiler!<\/b> Wie aus dem Trailer hervorgeht, nimmt Frank zur Notiz, dass in der Politik Geld zu holen ist. So beschlie\u00c3\u0178t er, zur Stimme des kleinen Arbeiters der South Side zu werden \u00e2\u20ac\u201c wird das ein gutes Ende nehmen? Fiona m\u00c3\u00b6chte weiter den Erfolg mit dem Apartment-Geb\u00c3\u00a4ude ausbauen, geht sie hierf\u00c3\u00bcr ein zu hohes Risiko ein? Liam muss mit den Herausforderungen au\u00c3\u0178erhalb der Welt einer Privatschule fertig werden und Carl verfolgt den Plan, Kadette zu werden. Hier geht es zum Trailer: <iframe loading=\"lazy\" allowfullscreen=\"\" frameborder=\"0\" height=\"315\" src=\"https:\/\/www.youtube-nocookie.com\/embed\/7Z3-NTu7QWI\" width=\"100%\"><\/iframe><\/p><div class=\"newss-content\" id=\"newss-687400386\"><script async src=\"\/\/pagead2.googlesyndication.com\/pagead\/js\/adsbygoogle.js?client=ca-pub-7733425960004873\" crossorigin=\"anonymous\"><\/script><ins class=\"adsbygoogle\" style=\"display:block;\" data-ad-client=\"ca-pub-7733425960004873\" \ndata-ad-slot=\"2582020599\" \ndata-ad-format=\"auto\"><\/ins>\n<script> \n(adsbygoogle = window.adsbygoogle || []).push({}); \n<\/script>\n<\/div><div class=\"newss-article-1\" id=\"newss-4023338055\"><script async src=\"https:\/\/pagead2.googlesyndication.com\/pagead\/js\/adsbygoogle.js?client=ca-pub-7733425960004873\"\r\n     crossorigin=\"anonymous\"><\/script>\r\n<!-- Homepage2 -->\r\n<ins class=\"adsbygoogle\"\r\n     style=\"display:block\"\r\n     data-ad-client=\"ca-pub-7733425960004873\"\r\n     data-ad-slot=\"2582020599\"\r\n     data-ad-format=\"auto\"\r\n     data-full-width-responsive=\"true\"><\/ins>\r\n<script>\r\n     (adsbygoogle = window.adsbygoogle || []).push({});\r\n<\/script><\/div>\n","protected":false},"excerpt":{"rendered":"<p>In weniger als zwei Monaten geht die mittlerweile 9. Staffel von Shameless bei Showtime an den Start. Jetzt hat der Pay-TV-Sender&#8230; Mehr auf Newsslash.com!<\/p>\n","protected":false},"author":8,"featured_media":21974,"comment_status":"open","ping_status":"open","sticky":false,"template":"","format":"standard","meta":{"_et_pb_use_builder":"","_et_pb_old_content":"","_et_gb_content_width":"","footnotes":""},"class_list":["post-16379","post","type-post","status-publish","format-standard","has-post-thumbnail","hentry","category-blog"],"yoast_head":"<!-- This site is optimized with the Yoast SEO plugin v24.8.1 - https:\/\/yoast.com\/wordpress\/plugins\/seo\/ -->\n<title>Shameless: Trailer zu Staffel 9 ver\u00c3\u00b6ffentlicht - Newsslash<\/title>\n<meta name=\"robots\" content=\"noindex, follow\" \/>\n<meta property=\"og:locale\" content=\"en_US\" \/>\n<meta property=\"og:type\" content=\"article\" \/>\n<meta property=\"og:title\" content=\"Shameless: Trailer zu Staffel 9 ver\u00c3\u00b6ffentlicht - Newsslash\" \/>\n<meta property=\"og:description\" content=\"In weniger als zwei Monaten geht die mittlerweile 9. Staffel von Shameless bei Showtime an den Start. Jetzt hat der Pay-TV-Sender... Mehr auf Newsslash.com!\" \/>\n<meta property=\"og:url\" content=\"https:\/\/newsslash.com\/n\/12690-shameless-trailer-zu-staffel-9-veroeffentlicht\/\" \/>\n<meta property=\"og:site_name\" content=\"Newsslash\" \/>\n<meta property=\"article:published_time\" content=\"2018-07-19T16:46:00+00:00\" \/>\n<meta property=\"og:image\" content=\"https:\/\/newsslash.com\/n\/wp-content\/uploads\/2025\/04\/NewsSlash-Featured-Image.jpg\" \/>\n\t<meta property=\"og:image:width\" content=\"1280\" \/>\n\t<meta property=\"og:image:height\" content=\"854\" \/>\n\t<meta property=\"og:image:type\" content=\"image\/jpeg\" \/>\n<meta name=\"author\" content=\"Cindy D\" \/>\n<meta name=\"twitter:card\" content=\"summary_large_image\" \/>\n<meta name=\"twitter:label1\" content=\"Written by\" \/>\n\t<meta name=\"twitter:data1\" content=\"Cindy D\" \/>\n\t<meta name=\"twitter:label2\" content=\"Est. reading time\" \/>\n\t<meta name=\"twitter:data2\" content=\"1 minute\" \/>\n<script type=\"application\/ld+json\" class=\"yoast-schema-graph\">{\"@context\":\"https:\/\/schema.org\",\"@graph\":[{\"@type\":\"Article\",\"@id\":\"https:\/\/newsslash.com\/n\/12690-shameless-trailer-zu-staffel-9-veroeffentlicht\/#article\",\"isPartOf\":{\"@id\":\"https:\/\/newsslash.com\/n\/12690-shameless-trailer-zu-staffel-9-veroeffentlicht\/\"},\"author\":{\"name\":\"Cindy D\",\"@id\":\"https:\/\/newsslash.com\/n\/#\/schema\/person\/522101af9b37501b768c7dfa5cf1edad\"},\"headline\":\"Shameless: Trailer zu Staffel 9 ver\u00c3\u00b6ffentlicht\",\"datePublished\":\"2018-07-19T16:46:00+00:00\",\"mainEntityOfPage\":{\"@id\":\"https:\/\/newsslash.com\/n\/12690-shameless-trailer-zu-staffel-9-veroeffentlicht\/\"},\"wordCount\":202,\"commentCount\":0,\"publisher\":{\"@id\":\"https:\/\/newsslash.com\/n\/#organization\"},\"image\":{\"@id\":\"https:\/\/newsslash.com\/n\/12690-shameless-trailer-zu-staffel-9-veroeffentlicht\/#primaryimage\"},\"thumbnailUrl\":\"https:\/\/newsslash.com\/n\/wp-content\/uploads\/2025\/04\/NewsSlash-Featured-Image.jpg\",\"articleSection\":[\"Blog\"],\"inLanguage\":\"en-US\",\"potentialAction\":[{\"@type\":\"CommentAction\",\"name\":\"Comment\",\"target\":[\"https:\/\/newsslash.com\/n\/12690-shameless-trailer-zu-staffel-9-veroeffentlicht\/#respond\"]}]},{\"@type\":\"WebPage\",\"@id\":\"https:\/\/newsslash.com\/n\/12690-shameless-trailer-zu-staffel-9-veroeffentlicht\/\",\"url\":\"https:\/\/newsslash.com\/n\/12690-shameless-trailer-zu-staffel-9-veroeffentlicht\/\",\"name\":\"Shameless: Trailer zu Staffel 9 ver\u00c3\u00b6ffentlicht - Newsslash\",\"isPartOf\":{\"@id\":\"https:\/\/newsslash.com\/n\/#website\"},\"primaryImageOfPage\":{\"@id\":\"https:\/\/newsslash.com\/n\/12690-shameless-trailer-zu-staffel-9-veroeffentlicht\/#primaryimage\"},\"image\":{\"@id\":\"https:\/\/newsslash.com\/n\/12690-shameless-trailer-zu-staffel-9-veroeffentlicht\/#primaryimage\"},\"thumbnailUrl\":\"https:\/\/newsslash.com\/n\/wp-content\/uploads\/2025\/04\/NewsSlash-Featured-Image.jpg\",\"datePublished\":\"2018-07-19T16:46:00+00:00\",\"breadcrumb\":{\"@id\":\"https:\/\/newsslash.com\/n\/12690-shameless-trailer-zu-staffel-9-veroeffentlicht\/#breadcrumb\"},\"inLanguage\":\"en-US\",\"potentialAction\":[{\"@type\":\"ReadAction\",\"target\":[\"https:\/\/newsslash.com\/n\/12690-shameless-trailer-zu-staffel-9-veroeffentlicht\/\"]}]},{\"@type\":\"ImageObject\",\"inLanguage\":\"en-US\",\"@id\":\"https:\/\/newsslash.com\/n\/12690-shameless-trailer-zu-staffel-9-veroeffentlicht\/#primaryimage\",\"url\":\"https:\/\/newsslash.com\/n\/wp-content\/uploads\/2025\/04\/NewsSlash-Featured-Image.jpg\",\"contentUrl\":\"https:\/\/newsslash.com\/n\/wp-content\/uploads\/2025\/04\/NewsSlash-Featured-Image.jpg\",\"width\":1280,\"height\":854},{\"@type\":\"BreadcrumbList\",\"@id\":\"https:\/\/newsslash.com\/n\/12690-shameless-trailer-zu-staffel-9-veroeffentlicht\/#breadcrumb\",\"itemListElement\":[{\"@type\":\"ListItem\",\"position\":1,\"name\":\"Home\",\"item\":\"https:\/\/newsslash.com\/n\/\"},{\"@type\":\"ListItem\",\"position\":2,\"name\":\"Shameless: Trailer zu Staffel 9 ver\u00c3\u00b6ffentlicht\"}]},{\"@type\":\"WebSite\",\"@id\":\"https:\/\/newsslash.com\/n\/#website\",\"url\":\"https:\/\/newsslash.com\/n\/\",\"name\":\"Newsslash\",\"description\":\"Trending News on Movies, Series, OTT, Gaming\",\"publisher\":{\"@id\":\"https:\/\/newsslash.com\/n\/#organization\"},\"potentialAction\":[{\"@type\":\"SearchAction\",\"target\":{\"@type\":\"EntryPoint\",\"urlTemplate\":\"https:\/\/newsslash.com\/n\/?s={search_term_string}\"},\"query-input\":{\"@type\":\"PropertyValueSpecification\",\"valueRequired\":true,\"valueName\":\"search_term_string\"}}],\"inLanguage\":\"en-US\"},{\"@type\":\"Organization\",\"@id\":\"https:\/\/newsslash.com\/n\/#organization\",\"name\":\"Newsslash\",\"url\":\"https:\/\/newsslash.com\/n\/\",\"logo\":{\"@type\":\"ImageObject\",\"inLanguage\":\"en-US\",\"@id\":\"https:\/\/newsslash.com\/n\/#\/schema\/logo\/image\/\",\"url\":\"https:\/\/newsslash.com\/n\/wp-content\/uploads\/2025\/04\/cropped-Newsslash-logo-Fevicon.png\",\"contentUrl\":\"https:\/\/newsslash.com\/n\/wp-content\/uploads\/2025\/04\/cropped-Newsslash-logo-Fevicon.png\",\"width\":512,\"height\":512,\"caption\":\"Newsslash\"},\"image\":{\"@id\":\"https:\/\/newsslash.com\/n\/#\/schema\/logo\/image\/\"}},{\"@type\":\"Person\",\"@id\":\"https:\/\/newsslash.com\/n\/#\/schema\/person\/522101af9b37501b768c7dfa5cf1edad\",\"name\":\"Cindy D\",\"sameAs\":[\"http:\/\/newsslash.com\"],\"url\":\"https:\/\/newsslash.com\/n\/author\/cindy_d\/\"}]}<\/script>\n<!-- \/ Yoast SEO plugin. -->","yoast_head_json":{"title":"Shameless: Trailer zu Staffel 9 ver\u00c3\u00b6ffentlicht - Newsslash","robots":{"index":"noindex","follow":"follow"},"og_locale":"en_US","og_type":"article","og_title":"Shameless: Trailer zu Staffel 9 ver\u00c3\u00b6ffentlicht - Newsslash","og_description":"In weniger als zwei Monaten geht die mittlerweile 9. Staffel von Shameless bei Showtime an den Start. Jetzt hat der Pay-TV-Sender... Mehr auf Newsslash.com!","og_url":"https:\/\/newsslash.com\/n\/12690-shameless-trailer-zu-staffel-9-veroeffentlicht\/","og_site_name":"Newsslash","article_published_time":"2018-07-19T16:46:00+00:00","og_image":[{"width":1280,"height":854,"url":"https:\/\/newsslash.com\/n\/wp-content\/uploads\/2025\/04\/NewsSlash-Featured-Image.jpg","type":"image\/jpeg"}],"author":"Cindy D","twitter_card":"summary_large_image","twitter_misc":{"Written by":"Cindy D","Est. reading time":"1 minute"},"schema":{"@context":"https:\/\/schema.org","@graph":[{"@type":"Article","@id":"https:\/\/newsslash.com\/n\/12690-shameless-trailer-zu-staffel-9-veroeffentlicht\/#article","isPartOf":{"@id":"https:\/\/newsslash.com\/n\/12690-shameless-trailer-zu-staffel-9-veroeffentlicht\/"},"author":{"name":"Cindy D","@id":"https:\/\/newsslash.com\/n\/#\/schema\/person\/522101af9b37501b768c7dfa5cf1edad"},"headline":"Shameless: Trailer zu Staffel 9 ver\u00c3\u00b6ffentlicht","datePublished":"2018-07-19T16:46:00+00:00","mainEntityOfPage":{"@id":"https:\/\/newsslash.com\/n\/12690-shameless-trailer-zu-staffel-9-veroeffentlicht\/"},"wordCount":202,"commentCount":0,"publisher":{"@id":"https:\/\/newsslash.com\/n\/#organization"},"image":{"@id":"https:\/\/newsslash.com\/n\/12690-shameless-trailer-zu-staffel-9-veroeffentlicht\/#primaryimage"},"thumbnailUrl":"https:\/\/newsslash.com\/n\/wp-content\/uploads\/2025\/04\/NewsSlash-Featured-Image.jpg","articleSection":["Blog"],"inLanguage":"en-US","potentialAction":[{"@type":"CommentAction","name":"Comment","target":["https:\/\/newsslash.com\/n\/12690-shameless-trailer-zu-staffel-9-veroeffentlicht\/#respond"]}]},{"@type":"WebPage","@id":"https:\/\/newsslash.com\/n\/12690-shameless-trailer-zu-staffel-9-veroeffentlicht\/","url":"https:\/\/newsslash.com\/n\/12690-shameless-trailer-zu-staffel-9-veroeffentlicht\/","name":"Shameless: Trailer zu Staffel 9 ver\u00c3\u00b6ffentlicht - Newsslash","isPartOf":{"@id":"https:\/\/newsslash.com\/n\/#website"},"primaryImageOfPage":{"@id":"https:\/\/newsslash.com\/n\/12690-shameless-trailer-zu-staffel-9-veroeffentlicht\/#primaryimage"},"image":{"@id":"https:\/\/newsslash.com\/n\/12690-shameless-trailer-zu-staffel-9-veroeffentlicht\/#primaryimage"},"thumbnailUrl":"https:\/\/newsslash.com\/n\/wp-content\/uploads\/2025\/04\/NewsSlash-Featured-Image.jpg","datePublished":"2018-07-19T16:46:00+00:00","breadcrumb":{"@id":"https:\/\/newsslash.com\/n\/12690-shameless-trailer-zu-staffel-9-veroeffentlicht\/#breadcrumb"},"inLanguage":"en-US","potentialAction":[{"@type":"ReadAction","target":["https:\/\/newsslash.com\/n\/12690-shameless-trailer-zu-staffel-9-veroeffentlicht\/"]}]},{"@type":"ImageObject","inLanguage":"en-US","@id":"https:\/\/newsslash.com\/n\/12690-shameless-trailer-zu-staffel-9-veroeffentlicht\/#primaryimage","url":"https:\/\/newsslash.com\/n\/wp-content\/uploads\/2025\/04\/NewsSlash-Featured-Image.jpg","contentUrl":"https:\/\/newsslash.com\/n\/wp-content\/uploads\/2025\/04\/NewsSlash-Featured-Image.jpg","width":1280,"height":854},{"@type":"BreadcrumbList","@id":"https:\/\/newsslash.com\/n\/12690-shameless-trailer-zu-staffel-9-veroeffentlicht\/#breadcrumb","itemListElement":[{"@type":"ListItem","position":1,"name":"Home","item":"https:\/\/newsslash.com\/n\/"},{"@type":"ListItem","position":2,"name":"Shameless: Trailer zu Staffel 9 ver\u00c3\u00b6ffentlicht"}]},{"@type":"WebSite","@id":"https:\/\/newsslash.com\/n\/#website","url":"https:\/\/newsslash.com\/n\/","name":"Newsslash","description":"Trending News on Movies, Series, OTT, Gaming","publisher":{"@id":"https:\/\/newsslash.com\/n\/#organization"},"potentialAction":[{"@type":"SearchAction","target":{"@type":"EntryPoint","urlTemplate":"https:\/\/newsslash.com\/n\/?s={search_term_string}"},"query-input":{"@type":"PropertyValueSpecification","valueRequired":true,"valueName":"search_term_string"}}],"inLanguage":"en-US"},{"@type":"Organization","@id":"https:\/\/newsslash.com\/n\/#organization","name":"Newsslash","url":"https:\/\/newsslash.com\/n\/","logo":{"@type":"ImageObject","inLanguage":"en-US","@id":"https:\/\/newsslash.com\/n\/#\/schema\/logo\/image\/","url":"https:\/\/newsslash.com\/n\/wp-content\/uploads\/2025\/04\/cropped-Newsslash-logo-Fevicon.png","contentUrl":"https:\/\/newsslash.com\/n\/wp-content\/uploads\/2025\/04\/cropped-Newsslash-logo-Fevicon.png","width":512,"height":512,"caption":"Newsslash"},"image":{"@id":"https:\/\/newsslash.com\/n\/#\/schema\/logo\/image\/"}},{"@type":"Person","@id":"https:\/\/newsslash.com\/n\/#\/schema\/person\/522101af9b37501b768c7dfa5cf1edad","name":"Cindy D","sameAs":["http:\/\/newsslash.com"],"url":"https:\/\/newsslash.com\/n\/author\/cindy_d\/"}]}},"_links":{"self":[{"href":"https:\/\/newsslash.com\/n\/wp-json\/wp\/v2\/posts\/16379","targetHints":{"allow":["GET"]}}],"collection":[{"href":"https:\/\/newsslash.com\/n\/wp-json\/wp\/v2\/posts"}],"about":[{"href":"https:\/\/newsslash.com\/n\/wp-json\/wp\/v2\/types\/post"}],"author":[{"embeddable":true,"href":"https:\/\/newsslash.com\/n\/wp-json\/wp\/v2\/users\/8"}],"replies":[{"embeddable":true,"href":"https:\/\/newsslash.com\/n\/wp-json\/wp\/v2\/comments?post=16379"}],"version-history":[{"count":0,"href":"https:\/\/newsslash.com\/n\/wp-json\/wp\/v2\/posts\/16379\/revisions"}],"wp:featuredmedia":[{"embeddable":true,"href":"https:\/\/newsslash.com\/n\/wp-json\/wp\/v2\/media\/21974"}],"wp:attachment":[{"href":"https:\/\/newsslash.com\/n\/wp-json\/wp\/v2\/media?parent=16379"}],"curies":[{"name":"wp","href":"https:\/\/api.w.org\/{rel}","templated":true}]}}