{"id":16396,"date":"2018-07-23T19:36:00","date_gmt":"2018-07-23T19:36:00","guid":{"rendered":"https:\/\/newsslash.com\/n\/12707-buffy-the-vampire-slayer-bekommt-ein-reboot\/"},"modified":"2018-07-23T19:36:00","modified_gmt":"2018-07-23T19:36:00","slug":"12707-buffy-the-vampire-slayer-bekommt-ein-reboot","status":"publish","type":"post","link":"https:\/\/newsslash.com\/n\/12707-buffy-the-vampire-slayer-bekommt-ein-reboot\/","title":{"rendered":"Buffy the Vampire Slayer bekommt ein Reboot"},"content":{"rendered":"<p>Einem Bericht von Deadline zufolge, k\u00c3\u00b6nnte Buffy the Vampire Slayer bald mit einem Reboot zur\u00c3\u00bcckkehren. Joss Whedons Supernatural-Drama-Serie z\u00c3\u00a4hlt zu den beliebtesten Fernsehserien der vergangenen zwei Jahrzehnte. Somit ist es auch nicht verwunderlich, dass nun eine zeitgem\u00c3\u00a4\u00c3\u0178e Version der Serie, die auf der Mythologie des Originals basieren soll, in Planung ist. Das Projekt befindet sich derzeit allerdings noch am Anfang. Dennoch stehen bereits einige Mitglieder der Crew f\u00c3\u00bcr das Reboot fest. Whedon soll gemeinsam mit Gail Berman, Fran Kazui, Kaz Kazui und Joe Earley als Executive Producer fungieren. Monica Owusu-Breen wurde als Showrunner, Autorin und Executive Producer engagiert. Deadline zufolge sollen die Produzenten angek\u00c3\u00bcndigt haben, dass die neue Serie sehr vielf\u00c3\u00a4ltig werden soll. Au\u00c3\u0178erdem sollen einige Aspekte der Serie als Metaphern f\u00c3\u00bcr aktuelle Probleme dienen, dies hat sich bereits bei Buffy the Vampire Slayer bew\u00c3\u00a4hrt. Im Zentrum von Buffy the Vampire Slayer steht eine junge Vampirj\u00c3\u00a4gerin, die es neben ihren allt\u00c3\u00a4glichen Problemen als Teenager nun auch noch mit b\u00c3\u00b6sen M\u00c3\u00a4chten aufnehmen muss. Die Serie wurde im Zeitraum von 1997 bis 2003 ausgestrahlt, insgesamt wurden sieben Staffeln, die sich aus 144 Episoden zusammensetzen, ver\u00c3\u00b6ffentlicht. Hier findet ihr den Trailer zu der 1. Staffel der Horrorserie: <iframe loading=\"lazy\" allowfullscreen=\"\" frameborder=\"0\" height=\"315\" src=\"https:\/\/www.youtube-nocookie.com\/embed\/-1v_q6TWAL4\" width=\"100%\"><\/iframe><\/p><div class=\"newss-content\" id=\"newss-2027653952\"><script async src=\"\/\/pagead2.googlesyndication.com\/pagead\/js\/adsbygoogle.js?client=ca-pub-7733425960004873\" crossorigin=\"anonymous\"><\/script><ins class=\"adsbygoogle\" style=\"display:block;\" data-ad-client=\"ca-pub-7733425960004873\" \ndata-ad-slot=\"2582020599\" \ndata-ad-format=\"auto\"><\/ins>\n<script> \n(adsbygoogle = window.adsbygoogle || []).push({}); \n<\/script>\n<\/div><div class=\"newss-article-1\" id=\"newss-1845750935\"><script async src=\"https:\/\/pagead2.googlesyndication.com\/pagead\/js\/adsbygoogle.js?client=ca-pub-7733425960004873\"\r\n     crossorigin=\"anonymous\"><\/script>\r\n<!-- Homepage2 -->\r\n<ins class=\"adsbygoogle\"\r\n     style=\"display:block\"\r\n     data-ad-client=\"ca-pub-7733425960004873\"\r\n     data-ad-slot=\"2582020599\"\r\n     data-ad-format=\"auto\"\r\n     data-full-width-responsive=\"true\"><\/ins>\r\n<script>\r\n     (adsbygoogle = window.adsbygoogle || []).push({});\r\n<\/script><\/div>\n","protected":false},"excerpt":{"rendered":"<p>Buffy the Vampire Slayer k\u00c3\u00b6nnte schon bald wieder \u00c3\u00bcber die Fernsehbildschirme flimmern. Medienberichten zufolge wird derzeit an&#8230; Mehr auf Newsslash.com!<\/p>\n","protected":false},"author":8,"featured_media":16371,"comment_status":"open","ping_status":"open","sticky":false,"template":"","format":"standard","meta":{"_et_pb_use_builder":"","_et_pb_old_content":"","_et_gb_content_width":"","footnotes":""},"class_list":["post-16396","post","type-post","status-publish","format-standard","has-post-thumbnail","hentry","category-blog"],"yoast_head":"<!-- This site is optimized with the Yoast SEO plugin v24.8.1 - https:\/\/yoast.com\/wordpress\/plugins\/seo\/ -->\n<title>Buffy the Vampire Slayer bekommt ein Reboot - Newsslash<\/title>\n<meta name=\"robots\" content=\"noindex, follow\" \/>\n<meta property=\"og:locale\" content=\"en_US\" \/>\n<meta property=\"og:type\" content=\"article\" \/>\n<meta property=\"og:title\" content=\"Buffy the Vampire Slayer bekommt ein Reboot - Newsslash\" \/>\n<meta property=\"og:description\" content=\"Buffy the Vampire Slayer k\u00c3\u00b6nnte schon bald wieder \u00c3\u00bcber die Fernsehbildschirme flimmern. Medienberichten zufolge wird derzeit an... Mehr auf Newsslash.com!\" \/>\n<meta property=\"og:url\" content=\"https:\/\/newsslash.com\/n\/12707-buffy-the-vampire-slayer-bekommt-ein-reboot\/\" \/>\n<meta property=\"og:site_name\" content=\"Newsslash\" \/>\n<meta property=\"article:published_time\" content=\"2018-07-23T19:36:00+00:00\" \/>\n<meta property=\"og:image\" content=\"https:\/\/newsslash.com\/n\/wp-content\/uploads\/2025\/04\/teaser_img_12707.jpg\" \/>\n\t<meta property=\"og:image:width\" content=\"617\" \/>\n\t<meta property=\"og:image:height\" content=\"349\" \/>\n\t<meta property=\"og:image:type\" content=\"image\/jpeg\" \/>\n<meta name=\"author\" content=\"Cindy D\" \/>\n<meta name=\"twitter:card\" content=\"summary_large_image\" \/>\n<meta name=\"twitter:label1\" content=\"Written by\" \/>\n\t<meta name=\"twitter:data1\" content=\"Cindy D\" \/>\n\t<meta name=\"twitter:label2\" content=\"Est. reading time\" \/>\n\t<meta name=\"twitter:data2\" content=\"1 minute\" \/>\n<script type=\"application\/ld+json\" class=\"yoast-schema-graph\">{\"@context\":\"https:\/\/schema.org\",\"@graph\":[{\"@type\":\"Article\",\"@id\":\"https:\/\/newsslash.com\/n\/12707-buffy-the-vampire-slayer-bekommt-ein-reboot\/#article\",\"isPartOf\":{\"@id\":\"https:\/\/newsslash.com\/n\/12707-buffy-the-vampire-slayer-bekommt-ein-reboot\/\"},\"author\":{\"name\":\"Cindy D\",\"@id\":\"https:\/\/newsslash.com\/n\/#\/schema\/person\/522101af9b37501b768c7dfa5cf1edad\"},\"headline\":\"Buffy the Vampire Slayer bekommt ein Reboot\",\"datePublished\":\"2018-07-23T19:36:00+00:00\",\"mainEntityOfPage\":{\"@id\":\"https:\/\/newsslash.com\/n\/12707-buffy-the-vampire-slayer-bekommt-ein-reboot\/\"},\"wordCount\":212,\"commentCount\":0,\"publisher\":{\"@id\":\"https:\/\/newsslash.com\/n\/#organization\"},\"image\":{\"@id\":\"https:\/\/newsslash.com\/n\/12707-buffy-the-vampire-slayer-bekommt-ein-reboot\/#primaryimage\"},\"thumbnailUrl\":\"https:\/\/newsslash.com\/n\/wp-content\/uploads\/2025\/04\/teaser_img_12707.jpg\",\"articleSection\":[\"Blog\"],\"inLanguage\":\"en-US\",\"potentialAction\":[{\"@type\":\"CommentAction\",\"name\":\"Comment\",\"target\":[\"https:\/\/newsslash.com\/n\/12707-buffy-the-vampire-slayer-bekommt-ein-reboot\/#respond\"]}]},{\"@type\":\"WebPage\",\"@id\":\"https:\/\/newsslash.com\/n\/12707-buffy-the-vampire-slayer-bekommt-ein-reboot\/\",\"url\":\"https:\/\/newsslash.com\/n\/12707-buffy-the-vampire-slayer-bekommt-ein-reboot\/\",\"name\":\"Buffy the Vampire Slayer bekommt ein Reboot - Newsslash\",\"isPartOf\":{\"@id\":\"https:\/\/newsslash.com\/n\/#website\"},\"primaryImageOfPage\":{\"@id\":\"https:\/\/newsslash.com\/n\/12707-buffy-the-vampire-slayer-bekommt-ein-reboot\/#primaryimage\"},\"image\":{\"@id\":\"https:\/\/newsslash.com\/n\/12707-buffy-the-vampire-slayer-bekommt-ein-reboot\/#primaryimage\"},\"thumbnailUrl\":\"https:\/\/newsslash.com\/n\/wp-content\/uploads\/2025\/04\/teaser_img_12707.jpg\",\"datePublished\":\"2018-07-23T19:36:00+00:00\",\"breadcrumb\":{\"@id\":\"https:\/\/newsslash.com\/n\/12707-buffy-the-vampire-slayer-bekommt-ein-reboot\/#breadcrumb\"},\"inLanguage\":\"en-US\",\"potentialAction\":[{\"@type\":\"ReadAction\",\"target\":[\"https:\/\/newsslash.com\/n\/12707-buffy-the-vampire-slayer-bekommt-ein-reboot\/\"]}]},{\"@type\":\"ImageObject\",\"inLanguage\":\"en-US\",\"@id\":\"https:\/\/newsslash.com\/n\/12707-buffy-the-vampire-slayer-bekommt-ein-reboot\/#primaryimage\",\"url\":\"https:\/\/newsslash.com\/n\/wp-content\/uploads\/2025\/04\/teaser_img_12707.jpg\",\"contentUrl\":\"https:\/\/newsslash.com\/n\/wp-content\/uploads\/2025\/04\/teaser_img_12707.jpg\",\"width\":617,\"height\":349},{\"@type\":\"BreadcrumbList\",\"@id\":\"https:\/\/newsslash.com\/n\/12707-buffy-the-vampire-slayer-bekommt-ein-reboot\/#breadcrumb\",\"itemListElement\":[{\"@type\":\"ListItem\",\"position\":1,\"name\":\"Home\",\"item\":\"https:\/\/newsslash.com\/n\/\"},{\"@type\":\"ListItem\",\"position\":2,\"name\":\"Buffy the Vampire Slayer bekommt ein Reboot\"}]},{\"@type\":\"WebSite\",\"@id\":\"https:\/\/newsslash.com\/n\/#website\",\"url\":\"https:\/\/newsslash.com\/n\/\",\"name\":\"Newsslash\",\"description\":\"Trending News on Movies, Series, OTT, Gaming\",\"publisher\":{\"@id\":\"https:\/\/newsslash.com\/n\/#organization\"},\"potentialAction\":[{\"@type\":\"SearchAction\",\"target\":{\"@type\":\"EntryPoint\",\"urlTemplate\":\"https:\/\/newsslash.com\/n\/?s={search_term_string}\"},\"query-input\":{\"@type\":\"PropertyValueSpecification\",\"valueRequired\":true,\"valueName\":\"search_term_string\"}}],\"inLanguage\":\"en-US\"},{\"@type\":\"Organization\",\"@id\":\"https:\/\/newsslash.com\/n\/#organization\",\"name\":\"Newsslash\",\"url\":\"https:\/\/newsslash.com\/n\/\",\"logo\":{\"@type\":\"ImageObject\",\"inLanguage\":\"en-US\",\"@id\":\"https:\/\/newsslash.com\/n\/#\/schema\/logo\/image\/\",\"url\":\"https:\/\/newsslash.com\/n\/wp-content\/uploads\/2025\/04\/cropped-Newsslash-logo-Fevicon.png\",\"contentUrl\":\"https:\/\/newsslash.com\/n\/wp-content\/uploads\/2025\/04\/cropped-Newsslash-logo-Fevicon.png\",\"width\":512,\"height\":512,\"caption\":\"Newsslash\"},\"image\":{\"@id\":\"https:\/\/newsslash.com\/n\/#\/schema\/logo\/image\/\"}},{\"@type\":\"Person\",\"@id\":\"https:\/\/newsslash.com\/n\/#\/schema\/person\/522101af9b37501b768c7dfa5cf1edad\",\"name\":\"Cindy D\",\"sameAs\":[\"http:\/\/newsslash.com\"],\"url\":\"https:\/\/newsslash.com\/n\/author\/cindy_d\/\"}]}<\/script>\n<!-- \/ Yoast SEO plugin. -->","yoast_head_json":{"title":"Buffy the Vampire Slayer bekommt ein Reboot - Newsslash","robots":{"index":"noindex","follow":"follow"},"og_locale":"en_US","og_type":"article","og_title":"Buffy the Vampire Slayer bekommt ein Reboot - Newsslash","og_description":"Buffy the Vampire Slayer k\u00c3\u00b6nnte schon bald wieder \u00c3\u00bcber die Fernsehbildschirme flimmern. Medienberichten zufolge wird derzeit an... Mehr auf Newsslash.com!","og_url":"https:\/\/newsslash.com\/n\/12707-buffy-the-vampire-slayer-bekommt-ein-reboot\/","og_site_name":"Newsslash","article_published_time":"2018-07-23T19:36:00+00:00","og_image":[{"width":617,"height":349,"url":"https:\/\/newsslash.com\/n\/wp-content\/uploads\/2025\/04\/teaser_img_12707.jpg","type":"image\/jpeg"}],"author":"Cindy D","twitter_card":"summary_large_image","twitter_misc":{"Written by":"Cindy D","Est. reading time":"1 minute"},"schema":{"@context":"https:\/\/schema.org","@graph":[{"@type":"Article","@id":"https:\/\/newsslash.com\/n\/12707-buffy-the-vampire-slayer-bekommt-ein-reboot\/#article","isPartOf":{"@id":"https:\/\/newsslash.com\/n\/12707-buffy-the-vampire-slayer-bekommt-ein-reboot\/"},"author":{"name":"Cindy D","@id":"https:\/\/newsslash.com\/n\/#\/schema\/person\/522101af9b37501b768c7dfa5cf1edad"},"headline":"Buffy the Vampire Slayer bekommt ein Reboot","datePublished":"2018-07-23T19:36:00+00:00","mainEntityOfPage":{"@id":"https:\/\/newsslash.com\/n\/12707-buffy-the-vampire-slayer-bekommt-ein-reboot\/"},"wordCount":212,"commentCount":0,"publisher":{"@id":"https:\/\/newsslash.com\/n\/#organization"},"image":{"@id":"https:\/\/newsslash.com\/n\/12707-buffy-the-vampire-slayer-bekommt-ein-reboot\/#primaryimage"},"thumbnailUrl":"https:\/\/newsslash.com\/n\/wp-content\/uploads\/2025\/04\/teaser_img_12707.jpg","articleSection":["Blog"],"inLanguage":"en-US","potentialAction":[{"@type":"CommentAction","name":"Comment","target":["https:\/\/newsslash.com\/n\/12707-buffy-the-vampire-slayer-bekommt-ein-reboot\/#respond"]}]},{"@type":"WebPage","@id":"https:\/\/newsslash.com\/n\/12707-buffy-the-vampire-slayer-bekommt-ein-reboot\/","url":"https:\/\/newsslash.com\/n\/12707-buffy-the-vampire-slayer-bekommt-ein-reboot\/","name":"Buffy the Vampire Slayer bekommt ein Reboot - Newsslash","isPartOf":{"@id":"https:\/\/newsslash.com\/n\/#website"},"primaryImageOfPage":{"@id":"https:\/\/newsslash.com\/n\/12707-buffy-the-vampire-slayer-bekommt-ein-reboot\/#primaryimage"},"image":{"@id":"https:\/\/newsslash.com\/n\/12707-buffy-the-vampire-slayer-bekommt-ein-reboot\/#primaryimage"},"thumbnailUrl":"https:\/\/newsslash.com\/n\/wp-content\/uploads\/2025\/04\/teaser_img_12707.jpg","datePublished":"2018-07-23T19:36:00+00:00","breadcrumb":{"@id":"https:\/\/newsslash.com\/n\/12707-buffy-the-vampire-slayer-bekommt-ein-reboot\/#breadcrumb"},"inLanguage":"en-US","potentialAction":[{"@type":"ReadAction","target":["https:\/\/newsslash.com\/n\/12707-buffy-the-vampire-slayer-bekommt-ein-reboot\/"]}]},{"@type":"ImageObject","inLanguage":"en-US","@id":"https:\/\/newsslash.com\/n\/12707-buffy-the-vampire-slayer-bekommt-ein-reboot\/#primaryimage","url":"https:\/\/newsslash.com\/n\/wp-content\/uploads\/2025\/04\/teaser_img_12707.jpg","contentUrl":"https:\/\/newsslash.com\/n\/wp-content\/uploads\/2025\/04\/teaser_img_12707.jpg","width":617,"height":349},{"@type":"BreadcrumbList","@id":"https:\/\/newsslash.com\/n\/12707-buffy-the-vampire-slayer-bekommt-ein-reboot\/#breadcrumb","itemListElement":[{"@type":"ListItem","position":1,"name":"Home","item":"https:\/\/newsslash.com\/n\/"},{"@type":"ListItem","position":2,"name":"Buffy the Vampire Slayer bekommt ein Reboot"}]},{"@type":"WebSite","@id":"https:\/\/newsslash.com\/n\/#website","url":"https:\/\/newsslash.com\/n\/","name":"Newsslash","description":"Trending News on Movies, Series, OTT, Gaming","publisher":{"@id":"https:\/\/newsslash.com\/n\/#organization"},"potentialAction":[{"@type":"SearchAction","target":{"@type":"EntryPoint","urlTemplate":"https:\/\/newsslash.com\/n\/?s={search_term_string}"},"query-input":{"@type":"PropertyValueSpecification","valueRequired":true,"valueName":"search_term_string"}}],"inLanguage":"en-US"},{"@type":"Organization","@id":"https:\/\/newsslash.com\/n\/#organization","name":"Newsslash","url":"https:\/\/newsslash.com\/n\/","logo":{"@type":"ImageObject","inLanguage":"en-US","@id":"https:\/\/newsslash.com\/n\/#\/schema\/logo\/image\/","url":"https:\/\/newsslash.com\/n\/wp-content\/uploads\/2025\/04\/cropped-Newsslash-logo-Fevicon.png","contentUrl":"https:\/\/newsslash.com\/n\/wp-content\/uploads\/2025\/04\/cropped-Newsslash-logo-Fevicon.png","width":512,"height":512,"caption":"Newsslash"},"image":{"@id":"https:\/\/newsslash.com\/n\/#\/schema\/logo\/image\/"}},{"@type":"Person","@id":"https:\/\/newsslash.com\/n\/#\/schema\/person\/522101af9b37501b768c7dfa5cf1edad","name":"Cindy D","sameAs":["http:\/\/newsslash.com"],"url":"https:\/\/newsslash.com\/n\/author\/cindy_d\/"}]}},"_links":{"self":[{"href":"https:\/\/newsslash.com\/n\/wp-json\/wp\/v2\/posts\/16396","targetHints":{"allow":["GET"]}}],"collection":[{"href":"https:\/\/newsslash.com\/n\/wp-json\/wp\/v2\/posts"}],"about":[{"href":"https:\/\/newsslash.com\/n\/wp-json\/wp\/v2\/types\/post"}],"author":[{"embeddable":true,"href":"https:\/\/newsslash.com\/n\/wp-json\/wp\/v2\/users\/8"}],"replies":[{"embeddable":true,"href":"https:\/\/newsslash.com\/n\/wp-json\/wp\/v2\/comments?post=16396"}],"version-history":[{"count":0,"href":"https:\/\/newsslash.com\/n\/wp-json\/wp\/v2\/posts\/16396\/revisions"}],"wp:featuredmedia":[{"embeddable":true,"href":"https:\/\/newsslash.com\/n\/wp-json\/wp\/v2\/media\/16371"}],"wp:attachment":[{"href":"https:\/\/newsslash.com\/n\/wp-json\/wp\/v2\/media?parent=16396"}],"curies":[{"name":"wp","href":"https:\/\/api.w.org\/{rel}","templated":true}]}}