{"id":16419,"date":"2018-07-30T17:51:00","date_gmt":"2018-07-30T17:51:00","guid":{"rendered":"https:\/\/newsslash.com\/n\/12730-wann-kommt-frankreich-gegen-den-rest-der-welt-staffel-3-auf-netflix\/"},"modified":"2018-07-30T17:51:00","modified_gmt":"2018-07-30T17:51:00","slug":"12730-wann-kommt-frankreich-gegen-den-rest-der-welt-staffel-3-auf-netflix","status":"publish","type":"post","link":"https:\/\/newsslash.com\/n\/12730-wann-kommt-frankreich-gegen-den-rest-der-welt-staffel-3-auf-netflix\/","title":{"rendered":"Wann kommt Frankreich gegen den Rest der Welt Staffel 3 a&#8230;"},"content":{"rendered":"<p>Bei Frankreich gegen den Rest der Welt handelt es sich um eine satirische Agentenserie, die auch unter dem Titel A Very Secret Service bekannt ist. Im Zentrum steht Andr\u00c3\u00a9 Merlaux (Hugo Becker), der mitten w\u00c3\u00a4hrend der Zeit des Kalten Krieges einen Job beim franz\u00c3\u00b6sischen Geheimdienst annimmt. Seit kurzem ist die 2. Staffel der franz\u00c3\u00b6sischen Serie auf Netflix verf\u00c3\u00bcgbar. Was erwartet Andr\u00c3\u00a9 in den neuen Folgen? Und wann kommt Frankreich gegen den Rest der Welt Staffel 3 auf Netflix? Bislang wurde Frankreich gegen den Rest der Welt noch nicht in die n\u00c3\u00a4chste Runde geschickt. Aus diesem Grund kann die Frage, wann kommt Frankreich gegen den Rest der Welt Staffel 3 auf Netflix im Moment auch noch nicht beantwortet werden. Bisher umfassen die ersten beiden Staffeln jeweils zw\u00c3\u00b6lf Episoden. Im Fall einer Verl\u00c3\u00a4ngerung gehen wir davon aus, dass auch Frankreich gegen den Rest der Welt Staffel 3 zw\u00c3\u00b6lf Folgen erhalten w\u00c3\u00bcrde. Also wann kommt Frankreich gegen den Rest der Welt Staffel 3 auf Netflix? Das erfahrt ihr auf Newsslash, sobald es Neuigkeiten diesbez\u00c3\u00bcglich gibt. <ins data-ad-client=\"ca-pub-3647021458695789\" data-ad-format=\"link\" data-ad-slot=\"7996975644\" style=\"display:block\"><\/ins> <b>Darum geht es in Frankreich gegen den Rest der Welt:<\/b> Im Jahr 1960 schlie\u00c3\u0178t sich Andr\u00c3\u00a9 Merlaux dem franz\u00c3\u00b6sischen Geheimdienst an. Frankreich befindet sich als Gro\u00c3\u0178macht gerade in der Krise und wird unter anderem mit den Unabh\u00c3\u00a4ngigkeitsanforderungen von den afrikanischen Kolonien und Algeriens Kampf um die Unabh\u00c3\u00a4ngigkeit konfrontiert. Doch auch mit innerstaatlichen Problemen muss sich Andr\u00c3\u00a9 Merlaux auf seiner neuen Position auseinandersetzen, so auch mit der aufkommenden Gegenkultur des Feminismus. Was erwartet den Agenten in den neuen Episoden? Und welchen Herausforderungen m\u00c3\u00bcsste sich Andr\u00c3\u00a9 Merlaux in Frankreich gegen den Rest der Welt Staffel 3 stellen? Der Sch\u00c3\u00b6pfer von Frankreich gegen den Rest der Welt ist Jean-Fran\u00c3\u00a7ois Halin. F\u00c3\u00bcr die Drehb\u00c3\u00bccher ist er gemeinsam mit Claire Lemar\u00c3\u00a9chal und Jean-Andr\u00c3\u00a9 Yerl\u00c3\u00a8s verantwortlich. Als Regisseur fungierte Alexandre Court\u00c3\u00a8s. Frankreich gegen den Rest der Welt wurde unter dem Dach von Mandarin TV produziert. Zum Cast der Agentenserie geh\u00c3\u00b6ren unter anderem Wilfred Bena\u00c3\u00afche, Christophe Kourotchkine, Mathilde Warnier, Karim Barras, Bruno Paviot und Jean-\u00c3\u2030douard Bodziak. <b>Tipp:<\/b> Wer es nicht erwarten kann, bis eventuelle eine Frankreich gegen den Rest der Welt 3 Staffel auf Netflix kommt, k\u00c3\u00b6nnte sich auch Marseille ansehen. Im Zentrum des Netflix Originals steht Robert Taro, der nach 20 Jahren Amtszeit als B\u00c3\u00bcrgermeister sein Amt an seinen Stellvertreter weitergeben m\u00c3\u00b6chte. Derzeit sind zwei Staffeln der Dramaserie auf Netflix verf\u00c3\u00bcgbar. <iframe loading=\"lazy\" allowfullscreen=\"\" frameborder=\"0\" height=\"315\" src=\"https:\/\/www.youtube-nocookie.com\/embed\/tiGKNnvaFJc\" width=\"100%\"><\/iframe><\/p><div class=\"newss-content\" id=\"newss-3682793599\"><script async src=\"\/\/pagead2.googlesyndication.com\/pagead\/js\/adsbygoogle.js?client=ca-pub-7733425960004873\" crossorigin=\"anonymous\"><\/script><ins class=\"adsbygoogle\" style=\"display:block;\" data-ad-client=\"ca-pub-7733425960004873\" \ndata-ad-slot=\"2582020599\" \ndata-ad-format=\"auto\"><\/ins>\n<script> \n(adsbygoogle = window.adsbygoogle || []).push({}); \n<\/script>\n<\/div><div class=\"newss-article-1\" id=\"newss-2761546369\"><script async src=\"https:\/\/pagead2.googlesyndication.com\/pagead\/js\/adsbygoogle.js?client=ca-pub-7733425960004873\"\r\n     crossorigin=\"anonymous\"><\/script>\r\n<!-- Homepage2 -->\r\n<ins class=\"adsbygoogle\"\r\n     style=\"display:block\"\r\n     data-ad-client=\"ca-pub-7733425960004873\"\r\n     data-ad-slot=\"2582020599\"\r\n     data-ad-format=\"auto\"\r\n     data-full-width-responsive=\"true\"><\/ins>\r\n<script>\r\n     (adsbygoogle = window.adsbygoogle || []).push({});\r\n<\/script><\/div>\n","protected":false},"excerpt":{"rendered":"<p>Im Zentrum von Frankreich gegen den Rest der Welt steht Andr\u00c3\u00a9 Merlaux, der im Jahr 1960 dem franz\u00c3\u00b6sischen Geheimdienst beitritt&#8230;. Mehr auf Newsslash.com!<\/p>\n","protected":false},"author":8,"featured_media":21974,"comment_status":"open","ping_status":"open","sticky":false,"template":"","format":"standard","meta":{"_et_pb_use_builder":"","_et_pb_old_content":"","_et_gb_content_width":"","footnotes":""},"class_list":["post-16419","post","type-post","status-publish","format-standard","has-post-thumbnail","hentry","category-blog"],"yoast_head":"<!-- This site is optimized with the Yoast SEO plugin v24.8.1 - https:\/\/yoast.com\/wordpress\/plugins\/seo\/ -->\n<title>Wann kommt Frankreich gegen den Rest der Welt Staffel 3 a... - Newsslash<\/title>\n<meta name=\"robots\" content=\"noindex, follow\" \/>\n<meta property=\"og:locale\" content=\"en_US\" \/>\n<meta property=\"og:type\" content=\"article\" \/>\n<meta property=\"og:title\" content=\"Wann kommt Frankreich gegen den Rest der Welt Staffel 3 a... - Newsslash\" \/>\n<meta property=\"og:description\" content=\"Im Zentrum von Frankreich gegen den Rest der Welt steht Andr\u00c3\u00a9 Merlaux, der im Jahr 1960 dem franz\u00c3\u00b6sischen Geheimdienst beitritt.... Mehr auf Newsslash.com!\" \/>\n<meta property=\"og:url\" content=\"https:\/\/newsslash.com\/n\/12730-wann-kommt-frankreich-gegen-den-rest-der-welt-staffel-3-auf-netflix\/\" \/>\n<meta property=\"og:site_name\" content=\"Newsslash\" \/>\n<meta property=\"article:published_time\" content=\"2018-07-30T17:51:00+00:00\" \/>\n<meta property=\"og:image\" content=\"https:\/\/newsslash.com\/n\/wp-content\/uploads\/2025\/04\/NewsSlash-Featured-Image.jpg\" \/>\n\t<meta property=\"og:image:width\" content=\"1280\" \/>\n\t<meta property=\"og:image:height\" content=\"854\" \/>\n\t<meta property=\"og:image:type\" content=\"image\/jpeg\" \/>\n<meta name=\"author\" content=\"Cindy D\" \/>\n<meta name=\"twitter:card\" content=\"summary_large_image\" \/>\n<meta name=\"twitter:label1\" content=\"Written by\" \/>\n\t<meta name=\"twitter:data1\" content=\"Cindy D\" \/>\n\t<meta name=\"twitter:label2\" content=\"Est. reading time\" \/>\n\t<meta name=\"twitter:data2\" content=\"2 minutes\" \/>\n<script type=\"application\/ld+json\" class=\"yoast-schema-graph\">{\"@context\":\"https:\/\/schema.org\",\"@graph\":[{\"@type\":\"Article\",\"@id\":\"https:\/\/newsslash.com\/n\/12730-wann-kommt-frankreich-gegen-den-rest-der-welt-staffel-3-auf-netflix\/#article\",\"isPartOf\":{\"@id\":\"https:\/\/newsslash.com\/n\/12730-wann-kommt-frankreich-gegen-den-rest-der-welt-staffel-3-auf-netflix\/\"},\"author\":{\"name\":\"Cindy D\",\"@id\":\"https:\/\/newsslash.com\/n\/#\/schema\/person\/522101af9b37501b768c7dfa5cf1edad\"},\"headline\":\"Wann kommt Frankreich gegen den Rest der Welt Staffel 3 a&#8230;\",\"datePublished\":\"2018-07-30T17:51:00+00:00\",\"mainEntityOfPage\":{\"@id\":\"https:\/\/newsslash.com\/n\/12730-wann-kommt-frankreich-gegen-den-rest-der-welt-staffel-3-auf-netflix\/\"},\"wordCount\":418,\"commentCount\":0,\"publisher\":{\"@id\":\"https:\/\/newsslash.com\/n\/#organization\"},\"image\":{\"@id\":\"https:\/\/newsslash.com\/n\/12730-wann-kommt-frankreich-gegen-den-rest-der-welt-staffel-3-auf-netflix\/#primaryimage\"},\"thumbnailUrl\":\"https:\/\/newsslash.com\/n\/wp-content\/uploads\/2025\/04\/NewsSlash-Featured-Image.jpg\",\"articleSection\":[\"Blog\"],\"inLanguage\":\"en-US\",\"potentialAction\":[{\"@type\":\"CommentAction\",\"name\":\"Comment\",\"target\":[\"https:\/\/newsslash.com\/n\/12730-wann-kommt-frankreich-gegen-den-rest-der-welt-staffel-3-auf-netflix\/#respond\"]}]},{\"@type\":\"WebPage\",\"@id\":\"https:\/\/newsslash.com\/n\/12730-wann-kommt-frankreich-gegen-den-rest-der-welt-staffel-3-auf-netflix\/\",\"url\":\"https:\/\/newsslash.com\/n\/12730-wann-kommt-frankreich-gegen-den-rest-der-welt-staffel-3-auf-netflix\/\",\"name\":\"Wann kommt Frankreich gegen den Rest der Welt Staffel 3 a... - Newsslash\",\"isPartOf\":{\"@id\":\"https:\/\/newsslash.com\/n\/#website\"},\"primaryImageOfPage\":{\"@id\":\"https:\/\/newsslash.com\/n\/12730-wann-kommt-frankreich-gegen-den-rest-der-welt-staffel-3-auf-netflix\/#primaryimage\"},\"image\":{\"@id\":\"https:\/\/newsslash.com\/n\/12730-wann-kommt-frankreich-gegen-den-rest-der-welt-staffel-3-auf-netflix\/#primaryimage\"},\"thumbnailUrl\":\"https:\/\/newsslash.com\/n\/wp-content\/uploads\/2025\/04\/NewsSlash-Featured-Image.jpg\",\"datePublished\":\"2018-07-30T17:51:00+00:00\",\"breadcrumb\":{\"@id\":\"https:\/\/newsslash.com\/n\/12730-wann-kommt-frankreich-gegen-den-rest-der-welt-staffel-3-auf-netflix\/#breadcrumb\"},\"inLanguage\":\"en-US\",\"potentialAction\":[{\"@type\":\"ReadAction\",\"target\":[\"https:\/\/newsslash.com\/n\/12730-wann-kommt-frankreich-gegen-den-rest-der-welt-staffel-3-auf-netflix\/\"]}]},{\"@type\":\"ImageObject\",\"inLanguage\":\"en-US\",\"@id\":\"https:\/\/newsslash.com\/n\/12730-wann-kommt-frankreich-gegen-den-rest-der-welt-staffel-3-auf-netflix\/#primaryimage\",\"url\":\"https:\/\/newsslash.com\/n\/wp-content\/uploads\/2025\/04\/NewsSlash-Featured-Image.jpg\",\"contentUrl\":\"https:\/\/newsslash.com\/n\/wp-content\/uploads\/2025\/04\/NewsSlash-Featured-Image.jpg\",\"width\":1280,\"height\":854},{\"@type\":\"BreadcrumbList\",\"@id\":\"https:\/\/newsslash.com\/n\/12730-wann-kommt-frankreich-gegen-den-rest-der-welt-staffel-3-auf-netflix\/#breadcrumb\",\"itemListElement\":[{\"@type\":\"ListItem\",\"position\":1,\"name\":\"Home\",\"item\":\"https:\/\/newsslash.com\/n\/\"},{\"@type\":\"ListItem\",\"position\":2,\"name\":\"Wann kommt Frankreich gegen den Rest der Welt Staffel 3 a&#8230;\"}]},{\"@type\":\"WebSite\",\"@id\":\"https:\/\/newsslash.com\/n\/#website\",\"url\":\"https:\/\/newsslash.com\/n\/\",\"name\":\"Newsslash\",\"description\":\"Trending News on Movies, Series, OTT, Gaming\",\"publisher\":{\"@id\":\"https:\/\/newsslash.com\/n\/#organization\"},\"potentialAction\":[{\"@type\":\"SearchAction\",\"target\":{\"@type\":\"EntryPoint\",\"urlTemplate\":\"https:\/\/newsslash.com\/n\/?s={search_term_string}\"},\"query-input\":{\"@type\":\"PropertyValueSpecification\",\"valueRequired\":true,\"valueName\":\"search_term_string\"}}],\"inLanguage\":\"en-US\"},{\"@type\":\"Organization\",\"@id\":\"https:\/\/newsslash.com\/n\/#organization\",\"name\":\"Newsslash\",\"url\":\"https:\/\/newsslash.com\/n\/\",\"logo\":{\"@type\":\"ImageObject\",\"inLanguage\":\"en-US\",\"@id\":\"https:\/\/newsslash.com\/n\/#\/schema\/logo\/image\/\",\"url\":\"https:\/\/newsslash.com\/n\/wp-content\/uploads\/2025\/04\/cropped-Newsslash-logo-Fevicon.png\",\"contentUrl\":\"https:\/\/newsslash.com\/n\/wp-content\/uploads\/2025\/04\/cropped-Newsslash-logo-Fevicon.png\",\"width\":512,\"height\":512,\"caption\":\"Newsslash\"},\"image\":{\"@id\":\"https:\/\/newsslash.com\/n\/#\/schema\/logo\/image\/\"}},{\"@type\":\"Person\",\"@id\":\"https:\/\/newsslash.com\/n\/#\/schema\/person\/522101af9b37501b768c7dfa5cf1edad\",\"name\":\"Cindy D\",\"sameAs\":[\"http:\/\/newsslash.com\"],\"url\":\"https:\/\/newsslash.com\/n\/author\/cindy_d\/\"}]}<\/script>\n<!-- \/ Yoast SEO plugin. -->","yoast_head_json":{"title":"Wann kommt Frankreich gegen den Rest der Welt Staffel 3 a... - Newsslash","robots":{"index":"noindex","follow":"follow"},"og_locale":"en_US","og_type":"article","og_title":"Wann kommt Frankreich gegen den Rest der Welt Staffel 3 a... - Newsslash","og_description":"Im Zentrum von Frankreich gegen den Rest der Welt steht Andr\u00c3\u00a9 Merlaux, der im Jahr 1960 dem franz\u00c3\u00b6sischen Geheimdienst beitritt.... Mehr auf Newsslash.com!","og_url":"https:\/\/newsslash.com\/n\/12730-wann-kommt-frankreich-gegen-den-rest-der-welt-staffel-3-auf-netflix\/","og_site_name":"Newsslash","article_published_time":"2018-07-30T17:51:00+00:00","og_image":[{"width":1280,"height":854,"url":"https:\/\/newsslash.com\/n\/wp-content\/uploads\/2025\/04\/NewsSlash-Featured-Image.jpg","type":"image\/jpeg"}],"author":"Cindy D","twitter_card":"summary_large_image","twitter_misc":{"Written by":"Cindy D","Est. reading time":"2 minutes"},"schema":{"@context":"https:\/\/schema.org","@graph":[{"@type":"Article","@id":"https:\/\/newsslash.com\/n\/12730-wann-kommt-frankreich-gegen-den-rest-der-welt-staffel-3-auf-netflix\/#article","isPartOf":{"@id":"https:\/\/newsslash.com\/n\/12730-wann-kommt-frankreich-gegen-den-rest-der-welt-staffel-3-auf-netflix\/"},"author":{"name":"Cindy D","@id":"https:\/\/newsslash.com\/n\/#\/schema\/person\/522101af9b37501b768c7dfa5cf1edad"},"headline":"Wann kommt Frankreich gegen den Rest der Welt Staffel 3 a&#8230;","datePublished":"2018-07-30T17:51:00+00:00","mainEntityOfPage":{"@id":"https:\/\/newsslash.com\/n\/12730-wann-kommt-frankreich-gegen-den-rest-der-welt-staffel-3-auf-netflix\/"},"wordCount":418,"commentCount":0,"publisher":{"@id":"https:\/\/newsslash.com\/n\/#organization"},"image":{"@id":"https:\/\/newsslash.com\/n\/12730-wann-kommt-frankreich-gegen-den-rest-der-welt-staffel-3-auf-netflix\/#primaryimage"},"thumbnailUrl":"https:\/\/newsslash.com\/n\/wp-content\/uploads\/2025\/04\/NewsSlash-Featured-Image.jpg","articleSection":["Blog"],"inLanguage":"en-US","potentialAction":[{"@type":"CommentAction","name":"Comment","target":["https:\/\/newsslash.com\/n\/12730-wann-kommt-frankreich-gegen-den-rest-der-welt-staffel-3-auf-netflix\/#respond"]}]},{"@type":"WebPage","@id":"https:\/\/newsslash.com\/n\/12730-wann-kommt-frankreich-gegen-den-rest-der-welt-staffel-3-auf-netflix\/","url":"https:\/\/newsslash.com\/n\/12730-wann-kommt-frankreich-gegen-den-rest-der-welt-staffel-3-auf-netflix\/","name":"Wann kommt Frankreich gegen den Rest der Welt Staffel 3 a... - Newsslash","isPartOf":{"@id":"https:\/\/newsslash.com\/n\/#website"},"primaryImageOfPage":{"@id":"https:\/\/newsslash.com\/n\/12730-wann-kommt-frankreich-gegen-den-rest-der-welt-staffel-3-auf-netflix\/#primaryimage"},"image":{"@id":"https:\/\/newsslash.com\/n\/12730-wann-kommt-frankreich-gegen-den-rest-der-welt-staffel-3-auf-netflix\/#primaryimage"},"thumbnailUrl":"https:\/\/newsslash.com\/n\/wp-content\/uploads\/2025\/04\/NewsSlash-Featured-Image.jpg","datePublished":"2018-07-30T17:51:00+00:00","breadcrumb":{"@id":"https:\/\/newsslash.com\/n\/12730-wann-kommt-frankreich-gegen-den-rest-der-welt-staffel-3-auf-netflix\/#breadcrumb"},"inLanguage":"en-US","potentialAction":[{"@type":"ReadAction","target":["https:\/\/newsslash.com\/n\/12730-wann-kommt-frankreich-gegen-den-rest-der-welt-staffel-3-auf-netflix\/"]}]},{"@type":"ImageObject","inLanguage":"en-US","@id":"https:\/\/newsslash.com\/n\/12730-wann-kommt-frankreich-gegen-den-rest-der-welt-staffel-3-auf-netflix\/#primaryimage","url":"https:\/\/newsslash.com\/n\/wp-content\/uploads\/2025\/04\/NewsSlash-Featured-Image.jpg","contentUrl":"https:\/\/newsslash.com\/n\/wp-content\/uploads\/2025\/04\/NewsSlash-Featured-Image.jpg","width":1280,"height":854},{"@type":"BreadcrumbList","@id":"https:\/\/newsslash.com\/n\/12730-wann-kommt-frankreich-gegen-den-rest-der-welt-staffel-3-auf-netflix\/#breadcrumb","itemListElement":[{"@type":"ListItem","position":1,"name":"Home","item":"https:\/\/newsslash.com\/n\/"},{"@type":"ListItem","position":2,"name":"Wann kommt Frankreich gegen den Rest der Welt Staffel 3 a&#8230;"}]},{"@type":"WebSite","@id":"https:\/\/newsslash.com\/n\/#website","url":"https:\/\/newsslash.com\/n\/","name":"Newsslash","description":"Trending News on Movies, Series, OTT, Gaming","publisher":{"@id":"https:\/\/newsslash.com\/n\/#organization"},"potentialAction":[{"@type":"SearchAction","target":{"@type":"EntryPoint","urlTemplate":"https:\/\/newsslash.com\/n\/?s={search_term_string}"},"query-input":{"@type":"PropertyValueSpecification","valueRequired":true,"valueName":"search_term_string"}}],"inLanguage":"en-US"},{"@type":"Organization","@id":"https:\/\/newsslash.com\/n\/#organization","name":"Newsslash","url":"https:\/\/newsslash.com\/n\/","logo":{"@type":"ImageObject","inLanguage":"en-US","@id":"https:\/\/newsslash.com\/n\/#\/schema\/logo\/image\/","url":"https:\/\/newsslash.com\/n\/wp-content\/uploads\/2025\/04\/cropped-Newsslash-logo-Fevicon.png","contentUrl":"https:\/\/newsslash.com\/n\/wp-content\/uploads\/2025\/04\/cropped-Newsslash-logo-Fevicon.png","width":512,"height":512,"caption":"Newsslash"},"image":{"@id":"https:\/\/newsslash.com\/n\/#\/schema\/logo\/image\/"}},{"@type":"Person","@id":"https:\/\/newsslash.com\/n\/#\/schema\/person\/522101af9b37501b768c7dfa5cf1edad","name":"Cindy D","sameAs":["http:\/\/newsslash.com"],"url":"https:\/\/newsslash.com\/n\/author\/cindy_d\/"}]}},"_links":{"self":[{"href":"https:\/\/newsslash.com\/n\/wp-json\/wp\/v2\/posts\/16419","targetHints":{"allow":["GET"]}}],"collection":[{"href":"https:\/\/newsslash.com\/n\/wp-json\/wp\/v2\/posts"}],"about":[{"href":"https:\/\/newsslash.com\/n\/wp-json\/wp\/v2\/types\/post"}],"author":[{"embeddable":true,"href":"https:\/\/newsslash.com\/n\/wp-json\/wp\/v2\/users\/8"}],"replies":[{"embeddable":true,"href":"https:\/\/newsslash.com\/n\/wp-json\/wp\/v2\/comments?post=16419"}],"version-history":[{"count":0,"href":"https:\/\/newsslash.com\/n\/wp-json\/wp\/v2\/posts\/16419\/revisions"}],"wp:featuredmedia":[{"embeddable":true,"href":"https:\/\/newsslash.com\/n\/wp-json\/wp\/v2\/media\/21974"}],"wp:attachment":[{"href":"https:\/\/newsslash.com\/n\/wp-json\/wp\/v2\/media?parent=16419"}],"curies":[{"name":"wp","href":"https:\/\/api.w.org\/{rel}","templated":true}]}}