{"id":16558,"date":"2018-08-17T14:48:00","date_gmt":"2018-08-17T14:48:00","guid":{"rendered":"https:\/\/newsslash.com\/n\/12858-iron-fist-trailer-zu-staffel-2-veroeffentlicht\/"},"modified":"2018-08-17T14:48:00","modified_gmt":"2018-08-17T14:48:00","slug":"12858-iron-fist-trailer-zu-staffel-2-veroeffentlicht","status":"publish","type":"post","link":"https:\/\/newsslash.com\/n\/12858-iron-fist-trailer-zu-staffel-2-veroeffentlicht\/","title":{"rendered":"Iron Fist: Trailer zu Staffel 2 ver\u00c3\u00b6ffentlicht"},"content":{"rendered":"<p>Bereits am 7. September, also in weniger als drei Wochen, startet die 2. Staffel von Iron Fist auf Netflix. In insgesamt zehn neuen Episoden k\u00c3\u00a4mpft Danny Rand, der auch unter dem Namen Iron Fist bekannt ist, wieder f\u00c3\u00bcr die Sicherheit seiner Heimatstadt New York. Verk\u00c3\u00b6rpert wird der Superheld von Finn Jones. Wie der neue Trailer verr\u00c3\u00a4t, wird auch Davos (Sacha Dhawan) in der neuen Staffel wieder mit von der Partie sein. Danny und er kennen sich bereits seit ihrer Kindheit, denn damals haben sie gemeinsam trainiert. Davos ist der \u00c3\u0153berzeugung, dass er die Iron Fist mehr verdient h\u00c3\u00a4tte und sagt Danny den Kampf an. Dem Superhelden bleibt nichts anderes \u00c3\u00bcbrig, als es mit ihm aufzunehmen. Dabei kann er auf die Unterst\u00c3\u00bctzung von Mitsy Knight (Simone Missick) und Colleen (Jessica Henwick) z\u00c3\u00a4hlen. Die erste Staffel der Marvel-Serie, die auf eine Idee von Scott Buck zur\u00c3\u00bcckgeht, feierte im M\u00c3\u00a4rz 2017 ihre Premiere. In weiteren Rollen sind unter anderem Alice Eve, Tom Pelphrey und Jessica Stroup zu sehen. Hier findet ihr den neuen Trailer zu Iron Fist Staffel 2: <iframe loading=\"lazy\" allowfullscreen=\"\" frameborder=\"0\" height=\"315\" src=\"https:\/\/www.youtube-nocookie.com\/embed\/kvvWB0GwCek\" width=\"100%\"><\/iframe><\/p><div class=\"newss-content\" id=\"newss-3779046031\"><script async src=\"\/\/pagead2.googlesyndication.com\/pagead\/js\/adsbygoogle.js?client=ca-pub-7733425960004873\" crossorigin=\"anonymous\"><\/script><ins class=\"adsbygoogle\" style=\"display:block;\" data-ad-client=\"ca-pub-7733425960004873\" \ndata-ad-slot=\"2582020599\" \ndata-ad-format=\"auto\"><\/ins>\n<script> \n(adsbygoogle = window.adsbygoogle || []).push({}); \n<\/script>\n<\/div><div class=\"newss-article-1\" id=\"newss-1375400771\"><script async src=\"https:\/\/pagead2.googlesyndication.com\/pagead\/js\/adsbygoogle.js?client=ca-pub-7733425960004873\"\r\n     crossorigin=\"anonymous\"><\/script>\r\n<!-- Homepage2 -->\r\n<ins class=\"adsbygoogle\"\r\n     style=\"display:block\"\r\n     data-ad-client=\"ca-pub-7733425960004873\"\r\n     data-ad-slot=\"2582020599\"\r\n     data-ad-format=\"auto\"\r\n     data-full-width-responsive=\"true\"><\/ins>\r\n<script>\r\n     (adsbygoogle = window.adsbygoogle || []).push({});\r\n<\/script><\/div>\n","protected":false},"excerpt":{"rendered":"<p>In nicht einmal drei Wochen geht die 2. Staffel von Iron Fist bei Netflix an den Start. Jetzt hat der VoD-Anbieter einen offiziellen&#8230; Mehr auf Newsslash.com!<\/p>\n","protected":false},"author":8,"featured_media":21974,"comment_status":"open","ping_status":"open","sticky":false,"template":"","format":"standard","meta":{"_et_pb_use_builder":"","_et_pb_old_content":"","_et_gb_content_width":"","footnotes":""},"class_list":["post-16558","post","type-post","status-publish","format-standard","has-post-thumbnail","hentry","category-blog"],"yoast_head":"<!-- This site is optimized with the Yoast SEO plugin v24.8.1 - https:\/\/yoast.com\/wordpress\/plugins\/seo\/ -->\n<title>Iron Fist: Trailer zu Staffel 2 ver\u00c3\u00b6ffentlicht - Newsslash<\/title>\n<meta name=\"robots\" content=\"noindex, follow\" \/>\n<meta property=\"og:locale\" content=\"en_US\" \/>\n<meta property=\"og:type\" content=\"article\" \/>\n<meta property=\"og:title\" content=\"Iron Fist: Trailer zu Staffel 2 ver\u00c3\u00b6ffentlicht - Newsslash\" \/>\n<meta property=\"og:description\" content=\"In nicht einmal drei Wochen geht die 2. Staffel von Iron Fist bei Netflix an den Start. Jetzt hat der VoD-Anbieter einen offiziellen... Mehr auf Newsslash.com!\" \/>\n<meta property=\"og:url\" content=\"https:\/\/newsslash.com\/n\/12858-iron-fist-trailer-zu-staffel-2-veroeffentlicht\/\" \/>\n<meta property=\"og:site_name\" content=\"Newsslash\" \/>\n<meta property=\"article:published_time\" content=\"2018-08-17T14:48:00+00:00\" \/>\n<meta property=\"og:image\" content=\"https:\/\/newsslash.com\/n\/wp-content\/uploads\/2025\/04\/NewsSlash-Featured-Image.jpg\" \/>\n\t<meta property=\"og:image:width\" content=\"1280\" \/>\n\t<meta property=\"og:image:height\" content=\"854\" \/>\n\t<meta property=\"og:image:type\" content=\"image\/jpeg\" \/>\n<meta name=\"author\" content=\"Cindy D\" \/>\n<meta name=\"twitter:card\" content=\"summary_large_image\" \/>\n<meta name=\"twitter:label1\" content=\"Written by\" \/>\n\t<meta name=\"twitter:data1\" content=\"Cindy D\" \/>\n\t<meta name=\"twitter:label2\" content=\"Est. reading time\" \/>\n\t<meta name=\"twitter:data2\" content=\"1 minute\" \/>\n<script type=\"application\/ld+json\" class=\"yoast-schema-graph\">{\"@context\":\"https:\/\/schema.org\",\"@graph\":[{\"@type\":\"Article\",\"@id\":\"https:\/\/newsslash.com\/n\/12858-iron-fist-trailer-zu-staffel-2-veroeffentlicht\/#article\",\"isPartOf\":{\"@id\":\"https:\/\/newsslash.com\/n\/12858-iron-fist-trailer-zu-staffel-2-veroeffentlicht\/\"},\"author\":{\"name\":\"Cindy D\",\"@id\":\"https:\/\/newsslash.com\/n\/#\/schema\/person\/522101af9b37501b768c7dfa5cf1edad\"},\"headline\":\"Iron Fist: Trailer zu Staffel 2 ver\u00c3\u00b6ffentlicht\",\"datePublished\":\"2018-08-17T14:48:00+00:00\",\"mainEntityOfPage\":{\"@id\":\"https:\/\/newsslash.com\/n\/12858-iron-fist-trailer-zu-staffel-2-veroeffentlicht\/\"},\"wordCount\":188,\"commentCount\":0,\"publisher\":{\"@id\":\"https:\/\/newsslash.com\/n\/#organization\"},\"image\":{\"@id\":\"https:\/\/newsslash.com\/n\/12858-iron-fist-trailer-zu-staffel-2-veroeffentlicht\/#primaryimage\"},\"thumbnailUrl\":\"https:\/\/newsslash.com\/n\/wp-content\/uploads\/2025\/04\/NewsSlash-Featured-Image.jpg\",\"articleSection\":[\"Blog\"],\"inLanguage\":\"en-US\",\"potentialAction\":[{\"@type\":\"CommentAction\",\"name\":\"Comment\",\"target\":[\"https:\/\/newsslash.com\/n\/12858-iron-fist-trailer-zu-staffel-2-veroeffentlicht\/#respond\"]}]},{\"@type\":\"WebPage\",\"@id\":\"https:\/\/newsslash.com\/n\/12858-iron-fist-trailer-zu-staffel-2-veroeffentlicht\/\",\"url\":\"https:\/\/newsslash.com\/n\/12858-iron-fist-trailer-zu-staffel-2-veroeffentlicht\/\",\"name\":\"Iron Fist: Trailer zu Staffel 2 ver\u00c3\u00b6ffentlicht - Newsslash\",\"isPartOf\":{\"@id\":\"https:\/\/newsslash.com\/n\/#website\"},\"primaryImageOfPage\":{\"@id\":\"https:\/\/newsslash.com\/n\/12858-iron-fist-trailer-zu-staffel-2-veroeffentlicht\/#primaryimage\"},\"image\":{\"@id\":\"https:\/\/newsslash.com\/n\/12858-iron-fist-trailer-zu-staffel-2-veroeffentlicht\/#primaryimage\"},\"thumbnailUrl\":\"https:\/\/newsslash.com\/n\/wp-content\/uploads\/2025\/04\/NewsSlash-Featured-Image.jpg\",\"datePublished\":\"2018-08-17T14:48:00+00:00\",\"breadcrumb\":{\"@id\":\"https:\/\/newsslash.com\/n\/12858-iron-fist-trailer-zu-staffel-2-veroeffentlicht\/#breadcrumb\"},\"inLanguage\":\"en-US\",\"potentialAction\":[{\"@type\":\"ReadAction\",\"target\":[\"https:\/\/newsslash.com\/n\/12858-iron-fist-trailer-zu-staffel-2-veroeffentlicht\/\"]}]},{\"@type\":\"ImageObject\",\"inLanguage\":\"en-US\",\"@id\":\"https:\/\/newsslash.com\/n\/12858-iron-fist-trailer-zu-staffel-2-veroeffentlicht\/#primaryimage\",\"url\":\"https:\/\/newsslash.com\/n\/wp-content\/uploads\/2025\/04\/NewsSlash-Featured-Image.jpg\",\"contentUrl\":\"https:\/\/newsslash.com\/n\/wp-content\/uploads\/2025\/04\/NewsSlash-Featured-Image.jpg\",\"width\":1280,\"height\":854},{\"@type\":\"BreadcrumbList\",\"@id\":\"https:\/\/newsslash.com\/n\/12858-iron-fist-trailer-zu-staffel-2-veroeffentlicht\/#breadcrumb\",\"itemListElement\":[{\"@type\":\"ListItem\",\"position\":1,\"name\":\"Home\",\"item\":\"https:\/\/newsslash.com\/n\/\"},{\"@type\":\"ListItem\",\"position\":2,\"name\":\"Iron Fist: Trailer zu Staffel 2 ver\u00c3\u00b6ffentlicht\"}]},{\"@type\":\"WebSite\",\"@id\":\"https:\/\/newsslash.com\/n\/#website\",\"url\":\"https:\/\/newsslash.com\/n\/\",\"name\":\"Newsslash\",\"description\":\"Trending News on Movies, Series, OTT, Gaming\",\"publisher\":{\"@id\":\"https:\/\/newsslash.com\/n\/#organization\"},\"potentialAction\":[{\"@type\":\"SearchAction\",\"target\":{\"@type\":\"EntryPoint\",\"urlTemplate\":\"https:\/\/newsslash.com\/n\/?s={search_term_string}\"},\"query-input\":{\"@type\":\"PropertyValueSpecification\",\"valueRequired\":true,\"valueName\":\"search_term_string\"}}],\"inLanguage\":\"en-US\"},{\"@type\":\"Organization\",\"@id\":\"https:\/\/newsslash.com\/n\/#organization\",\"name\":\"Newsslash\",\"url\":\"https:\/\/newsslash.com\/n\/\",\"logo\":{\"@type\":\"ImageObject\",\"inLanguage\":\"en-US\",\"@id\":\"https:\/\/newsslash.com\/n\/#\/schema\/logo\/image\/\",\"url\":\"https:\/\/newsslash.com\/n\/wp-content\/uploads\/2025\/04\/cropped-Newsslash-logo-Fevicon.png\",\"contentUrl\":\"https:\/\/newsslash.com\/n\/wp-content\/uploads\/2025\/04\/cropped-Newsslash-logo-Fevicon.png\",\"width\":512,\"height\":512,\"caption\":\"Newsslash\"},\"image\":{\"@id\":\"https:\/\/newsslash.com\/n\/#\/schema\/logo\/image\/\"}},{\"@type\":\"Person\",\"@id\":\"https:\/\/newsslash.com\/n\/#\/schema\/person\/522101af9b37501b768c7dfa5cf1edad\",\"name\":\"Cindy D\",\"sameAs\":[\"http:\/\/newsslash.com\"],\"url\":\"https:\/\/newsslash.com\/n\/author\/cindy_d\/\"}]}<\/script>\n<!-- \/ Yoast SEO plugin. -->","yoast_head_json":{"title":"Iron Fist: Trailer zu Staffel 2 ver\u00c3\u00b6ffentlicht - Newsslash","robots":{"index":"noindex","follow":"follow"},"og_locale":"en_US","og_type":"article","og_title":"Iron Fist: Trailer zu Staffel 2 ver\u00c3\u00b6ffentlicht - Newsslash","og_description":"In nicht einmal drei Wochen geht die 2. Staffel von Iron Fist bei Netflix an den Start. Jetzt hat der VoD-Anbieter einen offiziellen... Mehr auf Newsslash.com!","og_url":"https:\/\/newsslash.com\/n\/12858-iron-fist-trailer-zu-staffel-2-veroeffentlicht\/","og_site_name":"Newsslash","article_published_time":"2018-08-17T14:48:00+00:00","og_image":[{"width":1280,"height":854,"url":"https:\/\/newsslash.com\/n\/wp-content\/uploads\/2025\/04\/NewsSlash-Featured-Image.jpg","type":"image\/jpeg"}],"author":"Cindy D","twitter_card":"summary_large_image","twitter_misc":{"Written by":"Cindy D","Est. reading time":"1 minute"},"schema":{"@context":"https:\/\/schema.org","@graph":[{"@type":"Article","@id":"https:\/\/newsslash.com\/n\/12858-iron-fist-trailer-zu-staffel-2-veroeffentlicht\/#article","isPartOf":{"@id":"https:\/\/newsslash.com\/n\/12858-iron-fist-trailer-zu-staffel-2-veroeffentlicht\/"},"author":{"name":"Cindy D","@id":"https:\/\/newsslash.com\/n\/#\/schema\/person\/522101af9b37501b768c7dfa5cf1edad"},"headline":"Iron Fist: Trailer zu Staffel 2 ver\u00c3\u00b6ffentlicht","datePublished":"2018-08-17T14:48:00+00:00","mainEntityOfPage":{"@id":"https:\/\/newsslash.com\/n\/12858-iron-fist-trailer-zu-staffel-2-veroeffentlicht\/"},"wordCount":188,"commentCount":0,"publisher":{"@id":"https:\/\/newsslash.com\/n\/#organization"},"image":{"@id":"https:\/\/newsslash.com\/n\/12858-iron-fist-trailer-zu-staffel-2-veroeffentlicht\/#primaryimage"},"thumbnailUrl":"https:\/\/newsslash.com\/n\/wp-content\/uploads\/2025\/04\/NewsSlash-Featured-Image.jpg","articleSection":["Blog"],"inLanguage":"en-US","potentialAction":[{"@type":"CommentAction","name":"Comment","target":["https:\/\/newsslash.com\/n\/12858-iron-fist-trailer-zu-staffel-2-veroeffentlicht\/#respond"]}]},{"@type":"WebPage","@id":"https:\/\/newsslash.com\/n\/12858-iron-fist-trailer-zu-staffel-2-veroeffentlicht\/","url":"https:\/\/newsslash.com\/n\/12858-iron-fist-trailer-zu-staffel-2-veroeffentlicht\/","name":"Iron Fist: Trailer zu Staffel 2 ver\u00c3\u00b6ffentlicht - Newsslash","isPartOf":{"@id":"https:\/\/newsslash.com\/n\/#website"},"primaryImageOfPage":{"@id":"https:\/\/newsslash.com\/n\/12858-iron-fist-trailer-zu-staffel-2-veroeffentlicht\/#primaryimage"},"image":{"@id":"https:\/\/newsslash.com\/n\/12858-iron-fist-trailer-zu-staffel-2-veroeffentlicht\/#primaryimage"},"thumbnailUrl":"https:\/\/newsslash.com\/n\/wp-content\/uploads\/2025\/04\/NewsSlash-Featured-Image.jpg","datePublished":"2018-08-17T14:48:00+00:00","breadcrumb":{"@id":"https:\/\/newsslash.com\/n\/12858-iron-fist-trailer-zu-staffel-2-veroeffentlicht\/#breadcrumb"},"inLanguage":"en-US","potentialAction":[{"@type":"ReadAction","target":["https:\/\/newsslash.com\/n\/12858-iron-fist-trailer-zu-staffel-2-veroeffentlicht\/"]}]},{"@type":"ImageObject","inLanguage":"en-US","@id":"https:\/\/newsslash.com\/n\/12858-iron-fist-trailer-zu-staffel-2-veroeffentlicht\/#primaryimage","url":"https:\/\/newsslash.com\/n\/wp-content\/uploads\/2025\/04\/NewsSlash-Featured-Image.jpg","contentUrl":"https:\/\/newsslash.com\/n\/wp-content\/uploads\/2025\/04\/NewsSlash-Featured-Image.jpg","width":1280,"height":854},{"@type":"BreadcrumbList","@id":"https:\/\/newsslash.com\/n\/12858-iron-fist-trailer-zu-staffel-2-veroeffentlicht\/#breadcrumb","itemListElement":[{"@type":"ListItem","position":1,"name":"Home","item":"https:\/\/newsslash.com\/n\/"},{"@type":"ListItem","position":2,"name":"Iron Fist: Trailer zu Staffel 2 ver\u00c3\u00b6ffentlicht"}]},{"@type":"WebSite","@id":"https:\/\/newsslash.com\/n\/#website","url":"https:\/\/newsslash.com\/n\/","name":"Newsslash","description":"Trending News on Movies, Series, OTT, Gaming","publisher":{"@id":"https:\/\/newsslash.com\/n\/#organization"},"potentialAction":[{"@type":"SearchAction","target":{"@type":"EntryPoint","urlTemplate":"https:\/\/newsslash.com\/n\/?s={search_term_string}"},"query-input":{"@type":"PropertyValueSpecification","valueRequired":true,"valueName":"search_term_string"}}],"inLanguage":"en-US"},{"@type":"Organization","@id":"https:\/\/newsslash.com\/n\/#organization","name":"Newsslash","url":"https:\/\/newsslash.com\/n\/","logo":{"@type":"ImageObject","inLanguage":"en-US","@id":"https:\/\/newsslash.com\/n\/#\/schema\/logo\/image\/","url":"https:\/\/newsslash.com\/n\/wp-content\/uploads\/2025\/04\/cropped-Newsslash-logo-Fevicon.png","contentUrl":"https:\/\/newsslash.com\/n\/wp-content\/uploads\/2025\/04\/cropped-Newsslash-logo-Fevicon.png","width":512,"height":512,"caption":"Newsslash"},"image":{"@id":"https:\/\/newsslash.com\/n\/#\/schema\/logo\/image\/"}},{"@type":"Person","@id":"https:\/\/newsslash.com\/n\/#\/schema\/person\/522101af9b37501b768c7dfa5cf1edad","name":"Cindy D","sameAs":["http:\/\/newsslash.com"],"url":"https:\/\/newsslash.com\/n\/author\/cindy_d\/"}]}},"_links":{"self":[{"href":"https:\/\/newsslash.com\/n\/wp-json\/wp\/v2\/posts\/16558","targetHints":{"allow":["GET"]}}],"collection":[{"href":"https:\/\/newsslash.com\/n\/wp-json\/wp\/v2\/posts"}],"about":[{"href":"https:\/\/newsslash.com\/n\/wp-json\/wp\/v2\/types\/post"}],"author":[{"embeddable":true,"href":"https:\/\/newsslash.com\/n\/wp-json\/wp\/v2\/users\/8"}],"replies":[{"embeddable":true,"href":"https:\/\/newsslash.com\/n\/wp-json\/wp\/v2\/comments?post=16558"}],"version-history":[{"count":0,"href":"https:\/\/newsslash.com\/n\/wp-json\/wp\/v2\/posts\/16558\/revisions"}],"wp:featuredmedia":[{"embeddable":true,"href":"https:\/\/newsslash.com\/n\/wp-json\/wp\/v2\/media\/21974"}],"wp:attachment":[{"href":"https:\/\/newsslash.com\/n\/wp-json\/wp\/v2\/media?parent=16558"}],"curies":[{"name":"wp","href":"https:\/\/api.w.org\/{rel}","templated":true}]}}