{"id":16605,"date":"2018-09-13T18:00:00","date_gmt":"2018-09-13T18:00:00","guid":{"rendered":"https:\/\/newsslash.com\/n\/12903-wann-kommt-hubert-und-staller-staffel-7-auf-amazon-prime-video\/"},"modified":"2018-09-13T18:00:00","modified_gmt":"2018-09-13T18:00:00","slug":"12903-wann-kommt-hubert-und-staller-staffel-7-auf-amazon-prime-video","status":"publish","type":"post","link":"https:\/\/newsslash.com\/n\/12903-wann-kommt-hubert-und-staller-staffel-7-auf-amazon-prime-video\/","title":{"rendered":"Wann kommt Hubert und Staller Staffel 7 auf Amazon Prime &#8230;"},"content":{"rendered":"<p>Franz Hubert (Christian Tramitz) und Johannes Staller (Helmfried von L\u00c3\u00bcttichau) ermitteln wieder! Seit kurzem sind die beiden mit 16 neuen Episoden zur\u00c3\u00bcck und werden direkt von Polizeirat Reimund Girwidz (Michael Brandner) mit einer neuen Ermittlung beauftragt. Die beiden sollen den ehemaligen H\u00c3\u00a4ftling Bernd Winter, der nach seiner Entlassung nach Wolfratshausen zur\u00c3\u00bcckgekehrt ist, beschatten. Hubert und Staller sind von der Anweisung jedoch nur wenig begeistert \u00e2\u20ac\u201c sie f\u00c3\u00bcrchten, dass Winter sich an ihnen r\u00c3\u00a4chen will, weil sie ihn einst selbst hinter Gitter gebracht haben. Doch f\u00c3\u00bchrt Winter noch etwas ganz anderes im Schilde? Und wann kommt Hubert und Staller Staffel 7 auf Amazon Prime Video? Gute Nachrichten! Hubert und Staller Staffel 7 wurde schon ausgestrahlt. Die erste Folge der besagten Staffel lief bereits am 29. November 2017 bei ARD. Also wann kommt Hubert und Staller Staffel 7 auf Amazon Prime Video? Hierbei d\u00c3\u00bcrfte es sich nur um eine Frage der Zeit handeln. Zwischen der Premiere der 6. Staffel bei ARD und deren Ver\u00c3\u00b6ffentlichung bei Amazon Prime Video ist mehr als ein Jahr vergangen. Wir gehen somit davon aus, dass Hubert und Staller Staffel 7 allerfr\u00c3\u00bchestens Anfang-Mitte 2019 auf Amazon Prime Video kommt. Nat\u00c3\u00bcrlich wird Newsslash am Ball bleiben und umgehend berichten, sobald es Neuigkeiten diesbez\u00c3\u00bcglich gibt. <b>Tipp:<\/b> Wer es allerdings nicht abwarten kann, bis Hubert und Staller Staffel 7 auf Amazon Prime Video kommt, der k\u00c3\u00b6nnte sich die 7. Staffel bereits jetzt kostenpflichtig auf <a href=\"https:\/\/www.amazon.de\/Der-R%C3%A4ucherschorsch-dreht-durch\/dp\/B07BKP741P\/ref=sr_1_1?ie=UTF8&amp;tag=newsslash-21\" target=\"_blank\">Amazon<\/a> anschauen. <ins data-ad-client=\"ca-pub-3647021458695789\" data-ad-format=\"link\" data-ad-slot=\"7996975644\" style=\"display:block\"><\/ins> <b>Darum geht es in Hubert und Staller:<\/b> Im Zentrum der Serie stehen die beiden titelgebenden Polizisten Franz Hubert und Johannes Staller, die ihrem Dienst im bayerischen Wolfratshausen nachgehen. Regelm\u00c3\u00a4\u00c3\u0178ig werden die beiden zu F\u00c3\u00a4llen hinzugezogen, die ihren eigentlichen Kompetenzbereich \u00c3\u00bcbersteigen. Unterst\u00c3\u00bctzung erh\u00c3\u00a4lt das Duo regelm\u00c3\u00a4\u00c3\u0178ig von der Reporterin Barbara Hansen (Monika Gruber). In weiteren Rollen sind unter anderem Karin Thaler, die in die Rolle der Pathologin Dr. Anja Licht schl\u00c3\u00bcpft, und Carin C. Tietze, die die B\u00c3\u00a4ckereiinhaberin Sabrina Rattlinger verk\u00c3\u00b6rpert, zu sehen. Bei Hubert und Staller handelt es sich um eine deutsche Vorabend-Krimiserie, die ihre Premiere im November 2011 bei ARD feierte. Insgesamt sind bislang, die 7. Staffel eingeschlossen, 116 Episoden von Hubert und Staller erschienen. Die 6. Staffel endet mit der 100. Episode \u00e2\u20ac\u201c in der Jubil\u00c3\u00a4umsfolge m\u00c3\u00bcssen die beiden Polizeiobermeister den Mord am Wolfratshausener B\u00c3\u00bcrgermeister aufkl\u00c3\u00a4ren. Dabei ger\u00c3\u00a4t Hubert selbst in Lebensgefahr. Was wird uns in Hubert und Staller Staffel 7 erwarten? <b>Wusstet ihr schon?<\/b> Zwar konnten wir euch die Frage, wann kommt Hubert und Staller Staffel 7 auf Amazon Prime Video, nicht pr\u00c3\u00a4zise beantworten. Daf\u00c3\u00bcr haben wir abschlie\u00c3\u0178end aber noch eine gute Nachricht f\u00c3\u00bcr euch! Hubert und Staller wurde bereits um eine 8. Staffel verl\u00c3\u00a4ngert, die ab Januar 2019 ausgestrahlt wird \u00e2\u20ac\u201c die Serie wird ihren Sendeplatz am Mittwoch um 18.50 Uhr behalten. Staller wird jedoch nicht mehr mit von der Partie sein. Er hat die Serie auf eigenen Wunsch nach der 7. Staffel verlassen. <iframe loading=\"lazy\" allowfullscreen=\"\" frameborder=\"0\" height=\"315\" src=\"https:\/\/www.youtube-nocookie.com\/embed\/blqYKbGdtkM\" width=\"100%\"><\/iframe><\/p><div class=\"newss-content\" id=\"newss-2468150631\"><script async src=\"\/\/pagead2.googlesyndication.com\/pagead\/js\/adsbygoogle.js?client=ca-pub-7733425960004873\" crossorigin=\"anonymous\"><\/script><ins class=\"adsbygoogle\" style=\"display:block;\" data-ad-client=\"ca-pub-7733425960004873\" \ndata-ad-slot=\"2582020599\" \ndata-ad-format=\"auto\"><\/ins>\n<script> \n(adsbygoogle = window.adsbygoogle || []).push({}); \n<\/script>\n<\/div><div class=\"newss-article-1\" id=\"newss-1211421945\"><script async src=\"https:\/\/pagead2.googlesyndication.com\/pagead\/js\/adsbygoogle.js?client=ca-pub-7733425960004873\"\r\n     crossorigin=\"anonymous\"><\/script>\r\n<!-- Homepage2 -->\r\n<ins class=\"adsbygoogle\"\r\n     style=\"display:block\"\r\n     data-ad-client=\"ca-pub-7733425960004873\"\r\n     data-ad-slot=\"2582020599\"\r\n     data-ad-format=\"auto\"\r\n     data-full-width-responsive=\"true\"><\/ins>\r\n<script>\r\n     (adsbygoogle = window.adsbygoogle || []).push({});\r\n<\/script><\/div>\n","protected":false},"excerpt":{"rendered":"<p>Franz Hubert und Johannes Staller ermitteln wieder in Wolfratshausen. In der ersten der neuen 16 Episoden m\u00c3\u00bcssen die beiden direkt&#8230; Mehr auf Newsslash.com!<\/p>\n","protected":false},"author":8,"featured_media":21974,"comment_status":"open","ping_status":"open","sticky":false,"template":"","format":"standard","meta":{"_et_pb_use_builder":"","_et_pb_old_content":"","_et_gb_content_width":"","footnotes":""},"class_list":["post-16605","post","type-post","status-publish","format-standard","has-post-thumbnail","hentry","category-blog"],"yoast_head":"<!-- This site is optimized with the Yoast SEO plugin v24.8.1 - https:\/\/yoast.com\/wordpress\/plugins\/seo\/ -->\n<title>Wann kommt Hubert und Staller Staffel 7 auf Amazon Prime ... - Newsslash<\/title>\n<meta name=\"robots\" content=\"noindex, follow\" \/>\n<meta property=\"og:locale\" content=\"en_US\" \/>\n<meta property=\"og:type\" content=\"article\" \/>\n<meta property=\"og:title\" content=\"Wann kommt Hubert und Staller Staffel 7 auf Amazon Prime ... - Newsslash\" \/>\n<meta property=\"og:description\" content=\"Franz Hubert und Johannes Staller ermitteln wieder in Wolfratshausen. In der ersten der neuen 16 Episoden m\u00c3\u00bcssen die beiden direkt... Mehr auf Newsslash.com!\" \/>\n<meta property=\"og:url\" content=\"https:\/\/newsslash.com\/n\/12903-wann-kommt-hubert-und-staller-staffel-7-auf-amazon-prime-video\/\" \/>\n<meta property=\"og:site_name\" content=\"Newsslash\" \/>\n<meta property=\"article:published_time\" content=\"2018-09-13T18:00:00+00:00\" \/>\n<meta property=\"og:image\" content=\"https:\/\/newsslash.com\/n\/wp-content\/uploads\/2025\/04\/NewsSlash-Featured-Image.jpg\" \/>\n\t<meta property=\"og:image:width\" content=\"1280\" \/>\n\t<meta property=\"og:image:height\" content=\"854\" \/>\n\t<meta property=\"og:image:type\" content=\"image\/jpeg\" \/>\n<meta name=\"author\" content=\"Cindy D\" \/>\n<meta name=\"twitter:card\" content=\"summary_large_image\" \/>\n<meta name=\"twitter:label1\" content=\"Written by\" \/>\n\t<meta name=\"twitter:data1\" content=\"Cindy D\" \/>\n\t<meta name=\"twitter:label2\" content=\"Est. reading time\" \/>\n\t<meta name=\"twitter:data2\" content=\"2 minutes\" \/>\n<script type=\"application\/ld+json\" class=\"yoast-schema-graph\">{\"@context\":\"https:\/\/schema.org\",\"@graph\":[{\"@type\":\"Article\",\"@id\":\"https:\/\/newsslash.com\/n\/12903-wann-kommt-hubert-und-staller-staffel-7-auf-amazon-prime-video\/#article\",\"isPartOf\":{\"@id\":\"https:\/\/newsslash.com\/n\/12903-wann-kommt-hubert-und-staller-staffel-7-auf-amazon-prime-video\/\"},\"author\":{\"name\":\"Cindy D\",\"@id\":\"https:\/\/newsslash.com\/n\/#\/schema\/person\/522101af9b37501b768c7dfa5cf1edad\"},\"headline\":\"Wann kommt Hubert und Staller Staffel 7 auf Amazon Prime &#8230;\",\"datePublished\":\"2018-09-13T18:00:00+00:00\",\"mainEntityOfPage\":{\"@id\":\"https:\/\/newsslash.com\/n\/12903-wann-kommt-hubert-und-staller-staffel-7-auf-amazon-prime-video\/\"},\"wordCount\":488,\"commentCount\":0,\"publisher\":{\"@id\":\"https:\/\/newsslash.com\/n\/#organization\"},\"image\":{\"@id\":\"https:\/\/newsslash.com\/n\/12903-wann-kommt-hubert-und-staller-staffel-7-auf-amazon-prime-video\/#primaryimage\"},\"thumbnailUrl\":\"https:\/\/newsslash.com\/n\/wp-content\/uploads\/2025\/04\/NewsSlash-Featured-Image.jpg\",\"articleSection\":[\"Blog\"],\"inLanguage\":\"en-US\",\"potentialAction\":[{\"@type\":\"CommentAction\",\"name\":\"Comment\",\"target\":[\"https:\/\/newsslash.com\/n\/12903-wann-kommt-hubert-und-staller-staffel-7-auf-amazon-prime-video\/#respond\"]}]},{\"@type\":\"WebPage\",\"@id\":\"https:\/\/newsslash.com\/n\/12903-wann-kommt-hubert-und-staller-staffel-7-auf-amazon-prime-video\/\",\"url\":\"https:\/\/newsslash.com\/n\/12903-wann-kommt-hubert-und-staller-staffel-7-auf-amazon-prime-video\/\",\"name\":\"Wann kommt Hubert und Staller Staffel 7 auf Amazon Prime ... - Newsslash\",\"isPartOf\":{\"@id\":\"https:\/\/newsslash.com\/n\/#website\"},\"primaryImageOfPage\":{\"@id\":\"https:\/\/newsslash.com\/n\/12903-wann-kommt-hubert-und-staller-staffel-7-auf-amazon-prime-video\/#primaryimage\"},\"image\":{\"@id\":\"https:\/\/newsslash.com\/n\/12903-wann-kommt-hubert-und-staller-staffel-7-auf-amazon-prime-video\/#primaryimage\"},\"thumbnailUrl\":\"https:\/\/newsslash.com\/n\/wp-content\/uploads\/2025\/04\/NewsSlash-Featured-Image.jpg\",\"datePublished\":\"2018-09-13T18:00:00+00:00\",\"breadcrumb\":{\"@id\":\"https:\/\/newsslash.com\/n\/12903-wann-kommt-hubert-und-staller-staffel-7-auf-amazon-prime-video\/#breadcrumb\"},\"inLanguage\":\"en-US\",\"potentialAction\":[{\"@type\":\"ReadAction\",\"target\":[\"https:\/\/newsslash.com\/n\/12903-wann-kommt-hubert-und-staller-staffel-7-auf-amazon-prime-video\/\"]}]},{\"@type\":\"ImageObject\",\"inLanguage\":\"en-US\",\"@id\":\"https:\/\/newsslash.com\/n\/12903-wann-kommt-hubert-und-staller-staffel-7-auf-amazon-prime-video\/#primaryimage\",\"url\":\"https:\/\/newsslash.com\/n\/wp-content\/uploads\/2025\/04\/NewsSlash-Featured-Image.jpg\",\"contentUrl\":\"https:\/\/newsslash.com\/n\/wp-content\/uploads\/2025\/04\/NewsSlash-Featured-Image.jpg\",\"width\":1280,\"height\":854},{\"@type\":\"BreadcrumbList\",\"@id\":\"https:\/\/newsslash.com\/n\/12903-wann-kommt-hubert-und-staller-staffel-7-auf-amazon-prime-video\/#breadcrumb\",\"itemListElement\":[{\"@type\":\"ListItem\",\"position\":1,\"name\":\"Home\",\"item\":\"https:\/\/newsslash.com\/n\/\"},{\"@type\":\"ListItem\",\"position\":2,\"name\":\"Wann kommt Hubert und Staller Staffel 7 auf Amazon Prime &#8230;\"}]},{\"@type\":\"WebSite\",\"@id\":\"https:\/\/newsslash.com\/n\/#website\",\"url\":\"https:\/\/newsslash.com\/n\/\",\"name\":\"Newsslash\",\"description\":\"Trending News on Movies, Series, OTT, Gaming\",\"publisher\":{\"@id\":\"https:\/\/newsslash.com\/n\/#organization\"},\"potentialAction\":[{\"@type\":\"SearchAction\",\"target\":{\"@type\":\"EntryPoint\",\"urlTemplate\":\"https:\/\/newsslash.com\/n\/?s={search_term_string}\"},\"query-input\":{\"@type\":\"PropertyValueSpecification\",\"valueRequired\":true,\"valueName\":\"search_term_string\"}}],\"inLanguage\":\"en-US\"},{\"@type\":\"Organization\",\"@id\":\"https:\/\/newsslash.com\/n\/#organization\",\"name\":\"Newsslash\",\"url\":\"https:\/\/newsslash.com\/n\/\",\"logo\":{\"@type\":\"ImageObject\",\"inLanguage\":\"en-US\",\"@id\":\"https:\/\/newsslash.com\/n\/#\/schema\/logo\/image\/\",\"url\":\"https:\/\/newsslash.com\/n\/wp-content\/uploads\/2025\/04\/cropped-Newsslash-logo-Fevicon.png\",\"contentUrl\":\"https:\/\/newsslash.com\/n\/wp-content\/uploads\/2025\/04\/cropped-Newsslash-logo-Fevicon.png\",\"width\":512,\"height\":512,\"caption\":\"Newsslash\"},\"image\":{\"@id\":\"https:\/\/newsslash.com\/n\/#\/schema\/logo\/image\/\"}},{\"@type\":\"Person\",\"@id\":\"https:\/\/newsslash.com\/n\/#\/schema\/person\/522101af9b37501b768c7dfa5cf1edad\",\"name\":\"Cindy D\",\"sameAs\":[\"http:\/\/newsslash.com\"],\"url\":\"https:\/\/newsslash.com\/n\/author\/cindy_d\/\"}]}<\/script>\n<!-- \/ Yoast SEO plugin. -->","yoast_head_json":{"title":"Wann kommt Hubert und Staller Staffel 7 auf Amazon Prime ... - Newsslash","robots":{"index":"noindex","follow":"follow"},"og_locale":"en_US","og_type":"article","og_title":"Wann kommt Hubert und Staller Staffel 7 auf Amazon Prime ... - Newsslash","og_description":"Franz Hubert und Johannes Staller ermitteln wieder in Wolfratshausen. In der ersten der neuen 16 Episoden m\u00c3\u00bcssen die beiden direkt... Mehr auf Newsslash.com!","og_url":"https:\/\/newsslash.com\/n\/12903-wann-kommt-hubert-und-staller-staffel-7-auf-amazon-prime-video\/","og_site_name":"Newsslash","article_published_time":"2018-09-13T18:00:00+00:00","og_image":[{"width":1280,"height":854,"url":"https:\/\/newsslash.com\/n\/wp-content\/uploads\/2025\/04\/NewsSlash-Featured-Image.jpg","type":"image\/jpeg"}],"author":"Cindy D","twitter_card":"summary_large_image","twitter_misc":{"Written by":"Cindy D","Est. reading time":"2 minutes"},"schema":{"@context":"https:\/\/schema.org","@graph":[{"@type":"Article","@id":"https:\/\/newsslash.com\/n\/12903-wann-kommt-hubert-und-staller-staffel-7-auf-amazon-prime-video\/#article","isPartOf":{"@id":"https:\/\/newsslash.com\/n\/12903-wann-kommt-hubert-und-staller-staffel-7-auf-amazon-prime-video\/"},"author":{"name":"Cindy D","@id":"https:\/\/newsslash.com\/n\/#\/schema\/person\/522101af9b37501b768c7dfa5cf1edad"},"headline":"Wann kommt Hubert und Staller Staffel 7 auf Amazon Prime &#8230;","datePublished":"2018-09-13T18:00:00+00:00","mainEntityOfPage":{"@id":"https:\/\/newsslash.com\/n\/12903-wann-kommt-hubert-und-staller-staffel-7-auf-amazon-prime-video\/"},"wordCount":488,"commentCount":0,"publisher":{"@id":"https:\/\/newsslash.com\/n\/#organization"},"image":{"@id":"https:\/\/newsslash.com\/n\/12903-wann-kommt-hubert-und-staller-staffel-7-auf-amazon-prime-video\/#primaryimage"},"thumbnailUrl":"https:\/\/newsslash.com\/n\/wp-content\/uploads\/2025\/04\/NewsSlash-Featured-Image.jpg","articleSection":["Blog"],"inLanguage":"en-US","potentialAction":[{"@type":"CommentAction","name":"Comment","target":["https:\/\/newsslash.com\/n\/12903-wann-kommt-hubert-und-staller-staffel-7-auf-amazon-prime-video\/#respond"]}]},{"@type":"WebPage","@id":"https:\/\/newsslash.com\/n\/12903-wann-kommt-hubert-und-staller-staffel-7-auf-amazon-prime-video\/","url":"https:\/\/newsslash.com\/n\/12903-wann-kommt-hubert-und-staller-staffel-7-auf-amazon-prime-video\/","name":"Wann kommt Hubert und Staller Staffel 7 auf Amazon Prime ... - Newsslash","isPartOf":{"@id":"https:\/\/newsslash.com\/n\/#website"},"primaryImageOfPage":{"@id":"https:\/\/newsslash.com\/n\/12903-wann-kommt-hubert-und-staller-staffel-7-auf-amazon-prime-video\/#primaryimage"},"image":{"@id":"https:\/\/newsslash.com\/n\/12903-wann-kommt-hubert-und-staller-staffel-7-auf-amazon-prime-video\/#primaryimage"},"thumbnailUrl":"https:\/\/newsslash.com\/n\/wp-content\/uploads\/2025\/04\/NewsSlash-Featured-Image.jpg","datePublished":"2018-09-13T18:00:00+00:00","breadcrumb":{"@id":"https:\/\/newsslash.com\/n\/12903-wann-kommt-hubert-und-staller-staffel-7-auf-amazon-prime-video\/#breadcrumb"},"inLanguage":"en-US","potentialAction":[{"@type":"ReadAction","target":["https:\/\/newsslash.com\/n\/12903-wann-kommt-hubert-und-staller-staffel-7-auf-amazon-prime-video\/"]}]},{"@type":"ImageObject","inLanguage":"en-US","@id":"https:\/\/newsslash.com\/n\/12903-wann-kommt-hubert-und-staller-staffel-7-auf-amazon-prime-video\/#primaryimage","url":"https:\/\/newsslash.com\/n\/wp-content\/uploads\/2025\/04\/NewsSlash-Featured-Image.jpg","contentUrl":"https:\/\/newsslash.com\/n\/wp-content\/uploads\/2025\/04\/NewsSlash-Featured-Image.jpg","width":1280,"height":854},{"@type":"BreadcrumbList","@id":"https:\/\/newsslash.com\/n\/12903-wann-kommt-hubert-und-staller-staffel-7-auf-amazon-prime-video\/#breadcrumb","itemListElement":[{"@type":"ListItem","position":1,"name":"Home","item":"https:\/\/newsslash.com\/n\/"},{"@type":"ListItem","position":2,"name":"Wann kommt Hubert und Staller Staffel 7 auf Amazon Prime &#8230;"}]},{"@type":"WebSite","@id":"https:\/\/newsslash.com\/n\/#website","url":"https:\/\/newsslash.com\/n\/","name":"Newsslash","description":"Trending News on Movies, Series, OTT, Gaming","publisher":{"@id":"https:\/\/newsslash.com\/n\/#organization"},"potentialAction":[{"@type":"SearchAction","target":{"@type":"EntryPoint","urlTemplate":"https:\/\/newsslash.com\/n\/?s={search_term_string}"},"query-input":{"@type":"PropertyValueSpecification","valueRequired":true,"valueName":"search_term_string"}}],"inLanguage":"en-US"},{"@type":"Organization","@id":"https:\/\/newsslash.com\/n\/#organization","name":"Newsslash","url":"https:\/\/newsslash.com\/n\/","logo":{"@type":"ImageObject","inLanguage":"en-US","@id":"https:\/\/newsslash.com\/n\/#\/schema\/logo\/image\/","url":"https:\/\/newsslash.com\/n\/wp-content\/uploads\/2025\/04\/cropped-Newsslash-logo-Fevicon.png","contentUrl":"https:\/\/newsslash.com\/n\/wp-content\/uploads\/2025\/04\/cropped-Newsslash-logo-Fevicon.png","width":512,"height":512,"caption":"Newsslash"},"image":{"@id":"https:\/\/newsslash.com\/n\/#\/schema\/logo\/image\/"}},{"@type":"Person","@id":"https:\/\/newsslash.com\/n\/#\/schema\/person\/522101af9b37501b768c7dfa5cf1edad","name":"Cindy D","sameAs":["http:\/\/newsslash.com"],"url":"https:\/\/newsslash.com\/n\/author\/cindy_d\/"}]}},"_links":{"self":[{"href":"https:\/\/newsslash.com\/n\/wp-json\/wp\/v2\/posts\/16605","targetHints":{"allow":["GET"]}}],"collection":[{"href":"https:\/\/newsslash.com\/n\/wp-json\/wp\/v2\/posts"}],"about":[{"href":"https:\/\/newsslash.com\/n\/wp-json\/wp\/v2\/types\/post"}],"author":[{"embeddable":true,"href":"https:\/\/newsslash.com\/n\/wp-json\/wp\/v2\/users\/8"}],"replies":[{"embeddable":true,"href":"https:\/\/newsslash.com\/n\/wp-json\/wp\/v2\/comments?post=16605"}],"version-history":[{"count":0,"href":"https:\/\/newsslash.com\/n\/wp-json\/wp\/v2\/posts\/16605\/revisions"}],"wp:featuredmedia":[{"embeddable":true,"href":"https:\/\/newsslash.com\/n\/wp-json\/wp\/v2\/media\/21974"}],"wp:attachment":[{"href":"https:\/\/newsslash.com\/n\/wp-json\/wp\/v2\/media?parent=16605"}],"curies":[{"name":"wp","href":"https:\/\/api.w.org\/{rel}","templated":true}]}}