{"id":16606,"date":"2018-08-29T11:29:00","date_gmt":"2018-08-29T11:29:00","guid":{"rendered":"https:\/\/newsslash.com\/n\/12904-wann-kommt-take-two-staffel-2-auf-vox\/"},"modified":"2018-08-29T11:29:00","modified_gmt":"2018-08-29T11:29:00","slug":"12904-wann-kommt-take-two-staffel-2-auf-vox","status":"publish","type":"post","link":"https:\/\/newsslash.com\/n\/12904-wann-kommt-take-two-staffel-2-auf-vox\/","title":{"rendered":"Wann kommt Take Two Staffel 2 auf Vox?"},"content":{"rendered":"<p>Take Two ist eine US-amerikanische Krimiserie, die in Kooperation des US-amerikanischen Senders ABC, des deutschen Senders Vox und des franz\u00c3\u00b6sischen Senders France 2 produziert wird. Im Zentrum stehen die Schauspielerin Samantha &#8220;Sam&#8221; Swift (Rachel Bilson) und der Privatdetektiv Eddie Valetik (Eddie Cibrian). Wie kreuzen sich die Wege der beiden? Und wann kommt Take Two Staffel 2 auf Vox? Bislang wurde Take Two noch nicht in die n\u00c3\u00a4chste Runde geschickt, eingestellt wurde die Dramedyserie aber auch noch nicht. Also wann kommt Take Two Staffel 2 auf Vox? Im Moment l\u00c3\u00a4sst sich diese Frage noch nicht beantworten. Im Fall einer Verl\u00c3\u00a4ngerung ist es allerdings anzunehmen, dass Take Two Staffel 2 knapp zwei Monate nach der Premiere auf ABC auf Vox kommen wird. Vermutlich w\u00c3\u00bcrde eine zweite Staffel der Krimiserie wieder ungef\u00c3\u00a4hr 13 Episoden umfassen. <ins data-ad-client=\"ca-pub-3647021458695789\" data-ad-format=\"link\" data-ad-slot=\"7996975644\" style=\"display:block\"><\/ins> <b>Darum geht es in Take Two:<\/b> Als die erfolgreiche Cop-Serie, in der Sam 200 Episoden lang als Star mitgespielt hat, eingestellt wird, ist die Schauspielerin von heute auf morgen arbeitslos. Als ob sie nicht schon genug Probleme hat, muss sie schlie\u00c3\u0178lich auch noch einen Alkoholentzug machen. Doch dann er\u00c3\u00b6ffnet sich die Gelegenheit auf eine neue Rolle in einer anderen Sendung. Sam m\u00c3\u00b6chte alles tun, um die Rolle zu bekommen. Deshalb bittet sie den Privatdetektiven Eddie darum, ihn bei seiner Arbeit begleiten zu d\u00c3\u00bcrfen. Nach und nach erg\u00c3\u00a4nzen sich die beiden immer besser, denn Sams Schauspieltalent hilft Eddie bei seinen Ermittlungen mehr, als dieser sich zun\u00c3\u00a4chst eingestehen m\u00c3\u00b6chte. Wird Sam wieder in ihren alten Beruf zur\u00c3\u00bcckkehren oder weiterhin an Eddies Seite Verbrechen aufkl\u00c3\u00a4ren? Und welche F\u00c3\u00a4lle w\u00c3\u00bcrde Take Two Staffel 2 auf Vox f\u00c3\u00bcr uns bereithalten? <b>Wusstet ihr schon?<\/b> Nachdem wir euch die Frage, wann kommt Take Two Staffel 2 auf Vox, vorerst nicht genau beantworten k\u00c3\u00b6nnen, haben wir nun abschlie\u00c3\u0178end noch einen Tipp f\u00c3\u00bcr euch. Wer sich gerne Serien mit Privatdetektiven ansieht, k\u00c3\u00b6nnte sich auch Jessica Jones auf Netflix ansehen. Einen ausf\u00c3\u00bchrlichen Artikel zur Serie findet ihr <a href=\"https:\/\/www.lightsteelblue-llama-768814.hostingersite.comn\/n\/11676-wann-kommt-jessica-jones-staffel-3-auf-netflix\" target=\"_blank\">hier<\/a>. <iframe loading=\"lazy\" allowfullscreen=\"\" frameborder=\"0\" height=\"315\" src=\"https:\/\/www.youtube-nocookie.com\/embed\/tAdx_JADWF8\" width=\"100%\"><\/iframe><\/p><div class=\"newss-content\" id=\"newss-3217495603\"><script async src=\"\/\/pagead2.googlesyndication.com\/pagead\/js\/adsbygoogle.js?client=ca-pub-7733425960004873\" crossorigin=\"anonymous\"><\/script><ins class=\"adsbygoogle\" style=\"display:block;\" data-ad-client=\"ca-pub-7733425960004873\" \ndata-ad-slot=\"2582020599\" \ndata-ad-format=\"auto\"><\/ins>\n<script> \n(adsbygoogle = window.adsbygoogle || []).push({}); \n<\/script>\n<\/div><div class=\"newss-article-1\" id=\"newss-1572113274\"><script async src=\"https:\/\/pagead2.googlesyndication.com\/pagead\/js\/adsbygoogle.js?client=ca-pub-7733425960004873\"\r\n     crossorigin=\"anonymous\"><\/script>\r\n<!-- Homepage2 -->\r\n<ins class=\"adsbygoogle\"\r\n     style=\"display:block\"\r\n     data-ad-client=\"ca-pub-7733425960004873\"\r\n     data-ad-slot=\"2582020599\"\r\n     data-ad-format=\"auto\"\r\n     data-full-width-responsive=\"true\"><\/ins>\r\n<script>\r\n     (adsbygoogle = window.adsbygoogle || []).push({});\r\n<\/script><\/div>\n","protected":false},"excerpt":{"rendered":"<p>Knapp zwei Monate nach der Premiere in Amerika l\u00c3\u00a4uft die Dramedyserie Take Two nun auch auf Vox. Im Zentrum der Serie stehen die&#8230; Mehr auf Newsslash.com!<\/p>\n","protected":false},"author":8,"featured_media":21974,"comment_status":"open","ping_status":"open","sticky":false,"template":"","format":"standard","meta":{"_et_pb_use_builder":"","_et_pb_old_content":"","_et_gb_content_width":"","footnotes":""},"class_list":["post-16606","post","type-post","status-publish","format-standard","has-post-thumbnail","hentry","category-blog"],"yoast_head":"<!-- This site is optimized with the Yoast SEO plugin v24.8.1 - https:\/\/yoast.com\/wordpress\/plugins\/seo\/ -->\n<title>Wann kommt Take Two Staffel 2 auf Vox? - Newsslash<\/title>\n<meta name=\"robots\" content=\"noindex, follow\" \/>\n<meta property=\"og:locale\" content=\"en_US\" \/>\n<meta property=\"og:type\" content=\"article\" \/>\n<meta property=\"og:title\" content=\"Wann kommt Take Two Staffel 2 auf Vox? - Newsslash\" \/>\n<meta property=\"og:description\" content=\"Knapp zwei Monate nach der Premiere in Amerika l\u00c3\u00a4uft die Dramedyserie Take Two nun auch auf Vox. Im Zentrum der Serie stehen die... Mehr auf Newsslash.com!\" \/>\n<meta property=\"og:url\" content=\"https:\/\/newsslash.com\/n\/12904-wann-kommt-take-two-staffel-2-auf-vox\/\" \/>\n<meta property=\"og:site_name\" content=\"Newsslash\" \/>\n<meta property=\"article:published_time\" content=\"2018-08-29T11:29:00+00:00\" \/>\n<meta property=\"og:image\" content=\"https:\/\/newsslash.com\/n\/wp-content\/uploads\/2025\/04\/NewsSlash-Featured-Image.jpg\" \/>\n\t<meta property=\"og:image:width\" content=\"1280\" \/>\n\t<meta property=\"og:image:height\" content=\"854\" \/>\n\t<meta property=\"og:image:type\" content=\"image\/jpeg\" \/>\n<meta name=\"author\" content=\"Cindy D\" \/>\n<meta name=\"twitter:card\" content=\"summary_large_image\" \/>\n<meta name=\"twitter:label1\" content=\"Written by\" \/>\n\t<meta name=\"twitter:data1\" content=\"Cindy D\" \/>\n\t<meta name=\"twitter:label2\" content=\"Est. reading time\" \/>\n\t<meta name=\"twitter:data2\" content=\"2 minutes\" \/>\n<script type=\"application\/ld+json\" class=\"yoast-schema-graph\">{\"@context\":\"https:\/\/schema.org\",\"@graph\":[{\"@type\":\"Article\",\"@id\":\"https:\/\/newsslash.com\/n\/12904-wann-kommt-take-two-staffel-2-auf-vox\/#article\",\"isPartOf\":{\"@id\":\"https:\/\/newsslash.com\/n\/12904-wann-kommt-take-two-staffel-2-auf-vox\/\"},\"author\":{\"name\":\"Cindy D\",\"@id\":\"https:\/\/newsslash.com\/n\/#\/schema\/person\/522101af9b37501b768c7dfa5cf1edad\"},\"headline\":\"Wann kommt Take Two Staffel 2 auf Vox?\",\"datePublished\":\"2018-08-29T11:29:00+00:00\",\"mainEntityOfPage\":{\"@id\":\"https:\/\/newsslash.com\/n\/12904-wann-kommt-take-two-staffel-2-auf-vox\/\"},\"wordCount\":342,\"commentCount\":0,\"publisher\":{\"@id\":\"https:\/\/newsslash.com\/n\/#organization\"},\"image\":{\"@id\":\"https:\/\/newsslash.com\/n\/12904-wann-kommt-take-two-staffel-2-auf-vox\/#primaryimage\"},\"thumbnailUrl\":\"https:\/\/newsslash.com\/n\/wp-content\/uploads\/2025\/04\/NewsSlash-Featured-Image.jpg\",\"articleSection\":[\"Blog\"],\"inLanguage\":\"en-US\",\"potentialAction\":[{\"@type\":\"CommentAction\",\"name\":\"Comment\",\"target\":[\"https:\/\/newsslash.com\/n\/12904-wann-kommt-take-two-staffel-2-auf-vox\/#respond\"]}]},{\"@type\":\"WebPage\",\"@id\":\"https:\/\/newsslash.com\/n\/12904-wann-kommt-take-two-staffel-2-auf-vox\/\",\"url\":\"https:\/\/newsslash.com\/n\/12904-wann-kommt-take-two-staffel-2-auf-vox\/\",\"name\":\"Wann kommt Take Two Staffel 2 auf Vox? - Newsslash\",\"isPartOf\":{\"@id\":\"https:\/\/newsslash.com\/n\/#website\"},\"primaryImageOfPage\":{\"@id\":\"https:\/\/newsslash.com\/n\/12904-wann-kommt-take-two-staffel-2-auf-vox\/#primaryimage\"},\"image\":{\"@id\":\"https:\/\/newsslash.com\/n\/12904-wann-kommt-take-two-staffel-2-auf-vox\/#primaryimage\"},\"thumbnailUrl\":\"https:\/\/newsslash.com\/n\/wp-content\/uploads\/2025\/04\/NewsSlash-Featured-Image.jpg\",\"datePublished\":\"2018-08-29T11:29:00+00:00\",\"breadcrumb\":{\"@id\":\"https:\/\/newsslash.com\/n\/12904-wann-kommt-take-two-staffel-2-auf-vox\/#breadcrumb\"},\"inLanguage\":\"en-US\",\"potentialAction\":[{\"@type\":\"ReadAction\",\"target\":[\"https:\/\/newsslash.com\/n\/12904-wann-kommt-take-two-staffel-2-auf-vox\/\"]}]},{\"@type\":\"ImageObject\",\"inLanguage\":\"en-US\",\"@id\":\"https:\/\/newsslash.com\/n\/12904-wann-kommt-take-two-staffel-2-auf-vox\/#primaryimage\",\"url\":\"https:\/\/newsslash.com\/n\/wp-content\/uploads\/2025\/04\/NewsSlash-Featured-Image.jpg\",\"contentUrl\":\"https:\/\/newsslash.com\/n\/wp-content\/uploads\/2025\/04\/NewsSlash-Featured-Image.jpg\",\"width\":1280,\"height\":854},{\"@type\":\"BreadcrumbList\",\"@id\":\"https:\/\/newsslash.com\/n\/12904-wann-kommt-take-two-staffel-2-auf-vox\/#breadcrumb\",\"itemListElement\":[{\"@type\":\"ListItem\",\"position\":1,\"name\":\"Home\",\"item\":\"https:\/\/newsslash.com\/n\/\"},{\"@type\":\"ListItem\",\"position\":2,\"name\":\"Wann kommt Take Two Staffel 2 auf Vox?\"}]},{\"@type\":\"WebSite\",\"@id\":\"https:\/\/newsslash.com\/n\/#website\",\"url\":\"https:\/\/newsslash.com\/n\/\",\"name\":\"Newsslash\",\"description\":\"Trending News on Movies, Series, OTT, Gaming\",\"publisher\":{\"@id\":\"https:\/\/newsslash.com\/n\/#organization\"},\"potentialAction\":[{\"@type\":\"SearchAction\",\"target\":{\"@type\":\"EntryPoint\",\"urlTemplate\":\"https:\/\/newsslash.com\/n\/?s={search_term_string}\"},\"query-input\":{\"@type\":\"PropertyValueSpecification\",\"valueRequired\":true,\"valueName\":\"search_term_string\"}}],\"inLanguage\":\"en-US\"},{\"@type\":\"Organization\",\"@id\":\"https:\/\/newsslash.com\/n\/#organization\",\"name\":\"Newsslash\",\"url\":\"https:\/\/newsslash.com\/n\/\",\"logo\":{\"@type\":\"ImageObject\",\"inLanguage\":\"en-US\",\"@id\":\"https:\/\/newsslash.com\/n\/#\/schema\/logo\/image\/\",\"url\":\"https:\/\/newsslash.com\/n\/wp-content\/uploads\/2025\/04\/cropped-Newsslash-logo-Fevicon.png\",\"contentUrl\":\"https:\/\/newsslash.com\/n\/wp-content\/uploads\/2025\/04\/cropped-Newsslash-logo-Fevicon.png\",\"width\":512,\"height\":512,\"caption\":\"Newsslash\"},\"image\":{\"@id\":\"https:\/\/newsslash.com\/n\/#\/schema\/logo\/image\/\"}},{\"@type\":\"Person\",\"@id\":\"https:\/\/newsslash.com\/n\/#\/schema\/person\/522101af9b37501b768c7dfa5cf1edad\",\"name\":\"Cindy D\",\"sameAs\":[\"http:\/\/newsslash.com\"],\"url\":\"https:\/\/newsslash.com\/n\/author\/cindy_d\/\"}]}<\/script>\n<!-- \/ Yoast SEO plugin. -->","yoast_head_json":{"title":"Wann kommt Take Two Staffel 2 auf Vox? - Newsslash","robots":{"index":"noindex","follow":"follow"},"og_locale":"en_US","og_type":"article","og_title":"Wann kommt Take Two Staffel 2 auf Vox? - Newsslash","og_description":"Knapp zwei Monate nach der Premiere in Amerika l\u00c3\u00a4uft die Dramedyserie Take Two nun auch auf Vox. Im Zentrum der Serie stehen die... Mehr auf Newsslash.com!","og_url":"https:\/\/newsslash.com\/n\/12904-wann-kommt-take-two-staffel-2-auf-vox\/","og_site_name":"Newsslash","article_published_time":"2018-08-29T11:29:00+00:00","og_image":[{"width":1280,"height":854,"url":"https:\/\/newsslash.com\/n\/wp-content\/uploads\/2025\/04\/NewsSlash-Featured-Image.jpg","type":"image\/jpeg"}],"author":"Cindy D","twitter_card":"summary_large_image","twitter_misc":{"Written by":"Cindy D","Est. reading time":"2 minutes"},"schema":{"@context":"https:\/\/schema.org","@graph":[{"@type":"Article","@id":"https:\/\/newsslash.com\/n\/12904-wann-kommt-take-two-staffel-2-auf-vox\/#article","isPartOf":{"@id":"https:\/\/newsslash.com\/n\/12904-wann-kommt-take-two-staffel-2-auf-vox\/"},"author":{"name":"Cindy D","@id":"https:\/\/newsslash.com\/n\/#\/schema\/person\/522101af9b37501b768c7dfa5cf1edad"},"headline":"Wann kommt Take Two Staffel 2 auf Vox?","datePublished":"2018-08-29T11:29:00+00:00","mainEntityOfPage":{"@id":"https:\/\/newsslash.com\/n\/12904-wann-kommt-take-two-staffel-2-auf-vox\/"},"wordCount":342,"commentCount":0,"publisher":{"@id":"https:\/\/newsslash.com\/n\/#organization"},"image":{"@id":"https:\/\/newsslash.com\/n\/12904-wann-kommt-take-two-staffel-2-auf-vox\/#primaryimage"},"thumbnailUrl":"https:\/\/newsslash.com\/n\/wp-content\/uploads\/2025\/04\/NewsSlash-Featured-Image.jpg","articleSection":["Blog"],"inLanguage":"en-US","potentialAction":[{"@type":"CommentAction","name":"Comment","target":["https:\/\/newsslash.com\/n\/12904-wann-kommt-take-two-staffel-2-auf-vox\/#respond"]}]},{"@type":"WebPage","@id":"https:\/\/newsslash.com\/n\/12904-wann-kommt-take-two-staffel-2-auf-vox\/","url":"https:\/\/newsslash.com\/n\/12904-wann-kommt-take-two-staffel-2-auf-vox\/","name":"Wann kommt Take Two Staffel 2 auf Vox? - Newsslash","isPartOf":{"@id":"https:\/\/newsslash.com\/n\/#website"},"primaryImageOfPage":{"@id":"https:\/\/newsslash.com\/n\/12904-wann-kommt-take-two-staffel-2-auf-vox\/#primaryimage"},"image":{"@id":"https:\/\/newsslash.com\/n\/12904-wann-kommt-take-two-staffel-2-auf-vox\/#primaryimage"},"thumbnailUrl":"https:\/\/newsslash.com\/n\/wp-content\/uploads\/2025\/04\/NewsSlash-Featured-Image.jpg","datePublished":"2018-08-29T11:29:00+00:00","breadcrumb":{"@id":"https:\/\/newsslash.com\/n\/12904-wann-kommt-take-two-staffel-2-auf-vox\/#breadcrumb"},"inLanguage":"en-US","potentialAction":[{"@type":"ReadAction","target":["https:\/\/newsslash.com\/n\/12904-wann-kommt-take-two-staffel-2-auf-vox\/"]}]},{"@type":"ImageObject","inLanguage":"en-US","@id":"https:\/\/newsslash.com\/n\/12904-wann-kommt-take-two-staffel-2-auf-vox\/#primaryimage","url":"https:\/\/newsslash.com\/n\/wp-content\/uploads\/2025\/04\/NewsSlash-Featured-Image.jpg","contentUrl":"https:\/\/newsslash.com\/n\/wp-content\/uploads\/2025\/04\/NewsSlash-Featured-Image.jpg","width":1280,"height":854},{"@type":"BreadcrumbList","@id":"https:\/\/newsslash.com\/n\/12904-wann-kommt-take-two-staffel-2-auf-vox\/#breadcrumb","itemListElement":[{"@type":"ListItem","position":1,"name":"Home","item":"https:\/\/newsslash.com\/n\/"},{"@type":"ListItem","position":2,"name":"Wann kommt Take Two Staffel 2 auf Vox?"}]},{"@type":"WebSite","@id":"https:\/\/newsslash.com\/n\/#website","url":"https:\/\/newsslash.com\/n\/","name":"Newsslash","description":"Trending News on Movies, Series, OTT, Gaming","publisher":{"@id":"https:\/\/newsslash.com\/n\/#organization"},"potentialAction":[{"@type":"SearchAction","target":{"@type":"EntryPoint","urlTemplate":"https:\/\/newsslash.com\/n\/?s={search_term_string}"},"query-input":{"@type":"PropertyValueSpecification","valueRequired":true,"valueName":"search_term_string"}}],"inLanguage":"en-US"},{"@type":"Organization","@id":"https:\/\/newsslash.com\/n\/#organization","name":"Newsslash","url":"https:\/\/newsslash.com\/n\/","logo":{"@type":"ImageObject","inLanguage":"en-US","@id":"https:\/\/newsslash.com\/n\/#\/schema\/logo\/image\/","url":"https:\/\/newsslash.com\/n\/wp-content\/uploads\/2025\/04\/cropped-Newsslash-logo-Fevicon.png","contentUrl":"https:\/\/newsslash.com\/n\/wp-content\/uploads\/2025\/04\/cropped-Newsslash-logo-Fevicon.png","width":512,"height":512,"caption":"Newsslash"},"image":{"@id":"https:\/\/newsslash.com\/n\/#\/schema\/logo\/image\/"}},{"@type":"Person","@id":"https:\/\/newsslash.com\/n\/#\/schema\/person\/522101af9b37501b768c7dfa5cf1edad","name":"Cindy D","sameAs":["http:\/\/newsslash.com"],"url":"https:\/\/newsslash.com\/n\/author\/cindy_d\/"}]}},"_links":{"self":[{"href":"https:\/\/newsslash.com\/n\/wp-json\/wp\/v2\/posts\/16606","targetHints":{"allow":["GET"]}}],"collection":[{"href":"https:\/\/newsslash.com\/n\/wp-json\/wp\/v2\/posts"}],"about":[{"href":"https:\/\/newsslash.com\/n\/wp-json\/wp\/v2\/types\/post"}],"author":[{"embeddable":true,"href":"https:\/\/newsslash.com\/n\/wp-json\/wp\/v2\/users\/8"}],"replies":[{"embeddable":true,"href":"https:\/\/newsslash.com\/n\/wp-json\/wp\/v2\/comments?post=16606"}],"version-history":[{"count":0,"href":"https:\/\/newsslash.com\/n\/wp-json\/wp\/v2\/posts\/16606\/revisions"}],"wp:featuredmedia":[{"embeddable":true,"href":"https:\/\/newsslash.com\/n\/wp-json\/wp\/v2\/media\/21974"}],"wp:attachment":[{"href":"https:\/\/newsslash.com\/n\/wp-json\/wp\/v2\/media?parent=16606"}],"curies":[{"name":"wp","href":"https:\/\/api.w.org\/{rel}","templated":true}]}}