{"id":16614,"date":"2018-09-13T17:52:00","date_gmt":"2018-09-13T17:52:00","guid":{"rendered":"https:\/\/newsslash.com\/n\/12912-wann-kommt-die-haertesten-gefaengnisse-der-welt-staffel-3-auf-netflix\/"},"modified":"2018-09-13T17:52:00","modified_gmt":"2018-09-13T17:52:00","slug":"12912-wann-kommt-die-haertesten-gefaengnisse-der-welt-staffel-3-auf-netflix","status":"publish","type":"post","link":"https:\/\/newsslash.com\/n\/12912-wann-kommt-die-haertesten-gefaengnisse-der-welt-staffel-3-auf-netflix\/","title":{"rendered":"Wann kommt Die h\u00c3\u00a4rtesten Gef\u00c3\u00a4ngnisse der Welt Staffel 3&#8230;"},"content":{"rendered":"<p>In der Doku-Serie Die h\u00c3\u00a4rtesten Gef\u00c3\u00a4ngnisse der Welt lassen sich die Enth\u00c3\u00bcllungsjournalisten Paul Connolly und Raphael Rowe freiwillig inhaftieren. Sie dokumentieren, wie es hinter den T\u00c3\u00bcren der titelgebenden h\u00c3\u00a4rtesten Gef\u00c3\u00a4ngnisse der Welt zugeht. Im Zentrum stehen unter anderem Gef\u00c3\u00a4ngnisse in Brasilien, Honduras, Papua-Neuguinea und Mexiko. Aber wann kommt Die h\u00c3\u00a4rtesten Gef\u00c3\u00a4ngnisse der Welt Staffel 3 auf Netflix? Bislang wurde die Gef\u00c3\u00a4ngnis-Doku noch nicht in die n\u00c3\u00a4chste Runde geschickt. Also wann kommt Die h\u00c3\u00a4rtesten Gef\u00c3\u00a4ngnisse der Welt Staffel 3 auf Netflix? Diese Frage l\u00c3\u00a4sst sich im Moment noch nicht beantworten. W\u00c3\u00a4hrend die 1. Staffel ihre Premiere beim US-amerikanischen Sender Channel 5 feierte und erst acht Monate sp\u00c3\u00a4ter in Deutschland bei N24 lief, wurde die 2. Staffel weltweit am 6. Juli des laufenden Jahres auf Netflix ver\u00c3\u00b6ffentlicht. <ins data-ad-client=\"ca-pub-3647021458695789\" data-ad-format=\"link\" data-ad-slot=\"7996975644\" style=\"display:block\"><\/ins> Der Zeitraum zwischen der Ver\u00c3\u00b6ffentlichung der einzelnen Staffeln eines Netflix Originals betr\u00c3\u00a4gt in der Regel etwa ein Jahr. Da Netflix seit der 2. Staffel die Produktion der Dokumentation \u00c3\u00bcbernommen hat, w\u00c3\u00a4re es somit naheliegend, dass Die h\u00c3\u00a4rtesten Gef\u00c3\u00a4ngnisse der Welt Staffel 3 auf Netflix ungef\u00c3\u00a4hr im Juli 2019 kommen k\u00c3\u00b6nnte \u00e2\u20ac\u201c nat\u00c3\u00bcrlich unter der Voraussetzung, dass die Serie in die n\u00c3\u00a4chste Runde geht. Falls es tats\u00c3\u00a4chlich eine 3. Staffel von Die h\u00c3\u00a4rtesten Gef\u00c3\u00a4ngnisse der Welt gibt, gehen wir davon aus, dass diese wie die Staffeln 1 und 2 vier Episoden umfassen wird. Nat\u00c3\u00bcrlich werden wir euch auf Newsslash auf dem Laufenden halten. <b>Darum geht es in Die h\u00c3\u00a4rtesten Gef\u00c3\u00a4ngnisse der Welt:<\/b> In der 1. Staffel von der Doku hat Paul Connolly unter anderem ein Gef\u00c3\u00a4ngnis in Honduras besucht. Die toughesten Insassen sind hier bewaffnet und nehmen die Position der v\u00c3\u00b6llig \u00c3\u00bcberarbeiteten Gef\u00c3\u00a4ngnisw\u00c3\u00a4rter ein. Der Enth\u00c3\u00bcllungsjournalist war au\u00c3\u0178erdem in einem polnischen Gef\u00c3\u00a4ngnis, in dem die Insassen 23 Stunden pro Tag in ihrer Zelle verbringen m\u00c3\u00bcssen. Die Reise f\u00c3\u00bchrte ihn au\u00c3\u0178erdem nach Mexiko und auf die Philippinen. In der neuen Staffel verbringt Raphael Rowe unter anderem einige Tage in einem brasilianischen Gef\u00c3\u00a4ngnis, das von Gangs beherrscht wird. Hier ist er ein paar Tage als H\u00c3\u00a4ftling und ein paar Tage als Gefangener vor Ort. Danach geht es f\u00c3\u00bcr ihn noch in die Ukraine, nach Papua-Neuguinea und nach Belize, wo eine Resozialisierung der Gefangenen nur durch Gott m\u00c3\u00b6glich ist. Welche Gef\u00c3\u00a4ngnisse w\u00c3\u00bcrden die Journalisten wohl in Die h\u00c3\u00a4rtesten Gef\u00c3\u00a4ngnisse der Welt Staffel 3 besuchen? <b>Tipp:<\/b> Da es derzeit noch keine Antwort auf die Frage, wann kommt Die h\u00c3\u00a4rtesten Gef\u00c3\u00a4ngnisse der Welt Staffel 3 auf Netflix gibt, haben wir noch eine Serienempfehlung f\u00c3\u00bcr euch. Auf Netflix gibt es noch eine \u00c3\u00a4hnliche Doku-Serie namens I am a Killer. Das Netflix Original umfasst derzeit eine Staffel und l\u00c3\u00a4sst bereits zum Tode verurteilte M\u00c3\u00b6rder von ihren Verbrechen erz\u00c3\u00a4hlen. <iframe loading=\"lazy\" allowfullscreen=\"\" frameborder=\"0\" height=\"315\" src=\"https:\/\/www.youtube-nocookie.com\/embed\/6H0CgRuMArs\" width=\"100%\"><\/iframe><\/p><div class=\"newss-content\" id=\"newss-3002119591\"><script async src=\"\/\/pagead2.googlesyndication.com\/pagead\/js\/adsbygoogle.js?client=ca-pub-7733425960004873\" crossorigin=\"anonymous\"><\/script><ins class=\"adsbygoogle\" style=\"display:block;\" data-ad-client=\"ca-pub-7733425960004873\" \ndata-ad-slot=\"2582020599\" \ndata-ad-format=\"auto\"><\/ins>\n<script> \n(adsbygoogle = window.adsbygoogle || []).push({}); \n<\/script>\n<\/div><div class=\"newss-article-1\" id=\"newss-1458073151\"><script async src=\"https:\/\/pagead2.googlesyndication.com\/pagead\/js\/adsbygoogle.js?client=ca-pub-7733425960004873\"\r\n     crossorigin=\"anonymous\"><\/script>\r\n<!-- Homepage2 -->\r\n<ins class=\"adsbygoogle\"\r\n     style=\"display:block\"\r\n     data-ad-client=\"ca-pub-7733425960004873\"\r\n     data-ad-slot=\"2582020599\"\r\n     data-ad-format=\"auto\"\r\n     data-full-width-responsive=\"true\"><\/ins>\r\n<script>\r\n     (adsbygoogle = window.adsbygoogle || []).push({});\r\n<\/script><\/div>\n","protected":false},"excerpt":{"rendered":"<p>Zwei Enth\u00c3\u00bcllungsjournalisten lassen sich in die h\u00c3\u00a4rtesten Gef\u00c3\u00a4ngnisse der Welt einsperren \u00e2\u20ac\u201c Gewalt steht hier an der&#8230; Mehr auf Newsslash.com!<\/p>\n","protected":false},"author":8,"featured_media":21974,"comment_status":"open","ping_status":"open","sticky":false,"template":"","format":"standard","meta":{"_et_pb_use_builder":"","_et_pb_old_content":"","_et_gb_content_width":"","footnotes":""},"class_list":["post-16614","post","type-post","status-publish","format-standard","has-post-thumbnail","hentry","category-blog"],"yoast_head":"<!-- This site is optimized with the Yoast SEO plugin v24.8.1 - https:\/\/yoast.com\/wordpress\/plugins\/seo\/ -->\n<title>Wann kommt Die h\u00c3\u00a4rtesten Gef\u00c3\u00a4ngnisse der Welt Staffel 3... - Newsslash<\/title>\n<meta name=\"robots\" content=\"noindex, follow\" \/>\n<meta property=\"og:locale\" content=\"en_US\" \/>\n<meta property=\"og:type\" content=\"article\" \/>\n<meta property=\"og:title\" content=\"Wann kommt Die h\u00c3\u00a4rtesten Gef\u00c3\u00a4ngnisse der Welt Staffel 3... - Newsslash\" \/>\n<meta property=\"og:description\" content=\"Zwei Enth\u00c3\u00bcllungsjournalisten lassen sich in die h\u00c3\u00a4rtesten Gef\u00c3\u00a4ngnisse der Welt einsperren \u00e2\u20ac\u201c Gewalt steht hier an der... Mehr auf Newsslash.com!\" \/>\n<meta property=\"og:url\" content=\"https:\/\/newsslash.com\/n\/12912-wann-kommt-die-haertesten-gefaengnisse-der-welt-staffel-3-auf-netflix\/\" \/>\n<meta property=\"og:site_name\" content=\"Newsslash\" \/>\n<meta property=\"article:published_time\" content=\"2018-09-13T17:52:00+00:00\" \/>\n<meta property=\"og:image\" content=\"https:\/\/newsslash.com\/n\/wp-content\/uploads\/2025\/04\/NewsSlash-Featured-Image.jpg\" \/>\n\t<meta property=\"og:image:width\" content=\"1280\" \/>\n\t<meta property=\"og:image:height\" content=\"854\" \/>\n\t<meta property=\"og:image:type\" content=\"image\/jpeg\" \/>\n<meta name=\"author\" content=\"Cindy D\" \/>\n<meta name=\"twitter:card\" content=\"summary_large_image\" \/>\n<meta name=\"twitter:label1\" content=\"Written by\" \/>\n\t<meta name=\"twitter:data1\" content=\"Cindy D\" \/>\n\t<meta name=\"twitter:label2\" content=\"Est. reading time\" \/>\n\t<meta name=\"twitter:data2\" content=\"2 minutes\" \/>\n<script type=\"application\/ld+json\" class=\"yoast-schema-graph\">{\"@context\":\"https:\/\/schema.org\",\"@graph\":[{\"@type\":\"Article\",\"@id\":\"https:\/\/newsslash.com\/n\/12912-wann-kommt-die-haertesten-gefaengnisse-der-welt-staffel-3-auf-netflix\/#article\",\"isPartOf\":{\"@id\":\"https:\/\/newsslash.com\/n\/12912-wann-kommt-die-haertesten-gefaengnisse-der-welt-staffel-3-auf-netflix\/\"},\"author\":{\"name\":\"Cindy D\",\"@id\":\"https:\/\/newsslash.com\/n\/#\/schema\/person\/522101af9b37501b768c7dfa5cf1edad\"},\"headline\":\"Wann kommt Die h\u00c3\u00a4rtesten Gef\u00c3\u00a4ngnisse der Welt Staffel 3&#8230;\",\"datePublished\":\"2018-09-13T17:52:00+00:00\",\"mainEntityOfPage\":{\"@id\":\"https:\/\/newsslash.com\/n\/12912-wann-kommt-die-haertesten-gefaengnisse-der-welt-staffel-3-auf-netflix\/\"},\"wordCount\":484,\"commentCount\":0,\"publisher\":{\"@id\":\"https:\/\/newsslash.com\/n\/#organization\"},\"image\":{\"@id\":\"https:\/\/newsslash.com\/n\/12912-wann-kommt-die-haertesten-gefaengnisse-der-welt-staffel-3-auf-netflix\/#primaryimage\"},\"thumbnailUrl\":\"https:\/\/newsslash.com\/n\/wp-content\/uploads\/2025\/04\/NewsSlash-Featured-Image.jpg\",\"articleSection\":[\"Blog\"],\"inLanguage\":\"en-US\",\"potentialAction\":[{\"@type\":\"CommentAction\",\"name\":\"Comment\",\"target\":[\"https:\/\/newsslash.com\/n\/12912-wann-kommt-die-haertesten-gefaengnisse-der-welt-staffel-3-auf-netflix\/#respond\"]}]},{\"@type\":\"WebPage\",\"@id\":\"https:\/\/newsslash.com\/n\/12912-wann-kommt-die-haertesten-gefaengnisse-der-welt-staffel-3-auf-netflix\/\",\"url\":\"https:\/\/newsslash.com\/n\/12912-wann-kommt-die-haertesten-gefaengnisse-der-welt-staffel-3-auf-netflix\/\",\"name\":\"Wann kommt Die h\u00c3\u00a4rtesten Gef\u00c3\u00a4ngnisse der Welt Staffel 3... - Newsslash\",\"isPartOf\":{\"@id\":\"https:\/\/newsslash.com\/n\/#website\"},\"primaryImageOfPage\":{\"@id\":\"https:\/\/newsslash.com\/n\/12912-wann-kommt-die-haertesten-gefaengnisse-der-welt-staffel-3-auf-netflix\/#primaryimage\"},\"image\":{\"@id\":\"https:\/\/newsslash.com\/n\/12912-wann-kommt-die-haertesten-gefaengnisse-der-welt-staffel-3-auf-netflix\/#primaryimage\"},\"thumbnailUrl\":\"https:\/\/newsslash.com\/n\/wp-content\/uploads\/2025\/04\/NewsSlash-Featured-Image.jpg\",\"datePublished\":\"2018-09-13T17:52:00+00:00\",\"breadcrumb\":{\"@id\":\"https:\/\/newsslash.com\/n\/12912-wann-kommt-die-haertesten-gefaengnisse-der-welt-staffel-3-auf-netflix\/#breadcrumb\"},\"inLanguage\":\"en-US\",\"potentialAction\":[{\"@type\":\"ReadAction\",\"target\":[\"https:\/\/newsslash.com\/n\/12912-wann-kommt-die-haertesten-gefaengnisse-der-welt-staffel-3-auf-netflix\/\"]}]},{\"@type\":\"ImageObject\",\"inLanguage\":\"en-US\",\"@id\":\"https:\/\/newsslash.com\/n\/12912-wann-kommt-die-haertesten-gefaengnisse-der-welt-staffel-3-auf-netflix\/#primaryimage\",\"url\":\"https:\/\/newsslash.com\/n\/wp-content\/uploads\/2025\/04\/NewsSlash-Featured-Image.jpg\",\"contentUrl\":\"https:\/\/newsslash.com\/n\/wp-content\/uploads\/2025\/04\/NewsSlash-Featured-Image.jpg\",\"width\":1280,\"height\":854},{\"@type\":\"BreadcrumbList\",\"@id\":\"https:\/\/newsslash.com\/n\/12912-wann-kommt-die-haertesten-gefaengnisse-der-welt-staffel-3-auf-netflix\/#breadcrumb\",\"itemListElement\":[{\"@type\":\"ListItem\",\"position\":1,\"name\":\"Home\",\"item\":\"https:\/\/newsslash.com\/n\/\"},{\"@type\":\"ListItem\",\"position\":2,\"name\":\"Wann kommt Die h\u00c3\u00a4rtesten Gef\u00c3\u00a4ngnisse der Welt Staffel 3&#8230;\"}]},{\"@type\":\"WebSite\",\"@id\":\"https:\/\/newsslash.com\/n\/#website\",\"url\":\"https:\/\/newsslash.com\/n\/\",\"name\":\"Newsslash\",\"description\":\"Trending News on Movies, Series, OTT, Gaming\",\"publisher\":{\"@id\":\"https:\/\/newsslash.com\/n\/#organization\"},\"potentialAction\":[{\"@type\":\"SearchAction\",\"target\":{\"@type\":\"EntryPoint\",\"urlTemplate\":\"https:\/\/newsslash.com\/n\/?s={search_term_string}\"},\"query-input\":{\"@type\":\"PropertyValueSpecification\",\"valueRequired\":true,\"valueName\":\"search_term_string\"}}],\"inLanguage\":\"en-US\"},{\"@type\":\"Organization\",\"@id\":\"https:\/\/newsslash.com\/n\/#organization\",\"name\":\"Newsslash\",\"url\":\"https:\/\/newsslash.com\/n\/\",\"logo\":{\"@type\":\"ImageObject\",\"inLanguage\":\"en-US\",\"@id\":\"https:\/\/newsslash.com\/n\/#\/schema\/logo\/image\/\",\"url\":\"https:\/\/newsslash.com\/n\/wp-content\/uploads\/2025\/04\/cropped-Newsslash-logo-Fevicon.png\",\"contentUrl\":\"https:\/\/newsslash.com\/n\/wp-content\/uploads\/2025\/04\/cropped-Newsslash-logo-Fevicon.png\",\"width\":512,\"height\":512,\"caption\":\"Newsslash\"},\"image\":{\"@id\":\"https:\/\/newsslash.com\/n\/#\/schema\/logo\/image\/\"}},{\"@type\":\"Person\",\"@id\":\"https:\/\/newsslash.com\/n\/#\/schema\/person\/522101af9b37501b768c7dfa5cf1edad\",\"name\":\"Cindy D\",\"sameAs\":[\"http:\/\/newsslash.com\"],\"url\":\"https:\/\/newsslash.com\/n\/author\/cindy_d\/\"}]}<\/script>\n<!-- \/ Yoast SEO plugin. -->","yoast_head_json":{"title":"Wann kommt Die h\u00c3\u00a4rtesten Gef\u00c3\u00a4ngnisse der Welt Staffel 3... - Newsslash","robots":{"index":"noindex","follow":"follow"},"og_locale":"en_US","og_type":"article","og_title":"Wann kommt Die h\u00c3\u00a4rtesten Gef\u00c3\u00a4ngnisse der Welt Staffel 3... - Newsslash","og_description":"Zwei Enth\u00c3\u00bcllungsjournalisten lassen sich in die h\u00c3\u00a4rtesten Gef\u00c3\u00a4ngnisse der Welt einsperren \u00e2\u20ac\u201c Gewalt steht hier an der... Mehr auf Newsslash.com!","og_url":"https:\/\/newsslash.com\/n\/12912-wann-kommt-die-haertesten-gefaengnisse-der-welt-staffel-3-auf-netflix\/","og_site_name":"Newsslash","article_published_time":"2018-09-13T17:52:00+00:00","og_image":[{"width":1280,"height":854,"url":"https:\/\/newsslash.com\/n\/wp-content\/uploads\/2025\/04\/NewsSlash-Featured-Image.jpg","type":"image\/jpeg"}],"author":"Cindy D","twitter_card":"summary_large_image","twitter_misc":{"Written by":"Cindy D","Est. reading time":"2 minutes"},"schema":{"@context":"https:\/\/schema.org","@graph":[{"@type":"Article","@id":"https:\/\/newsslash.com\/n\/12912-wann-kommt-die-haertesten-gefaengnisse-der-welt-staffel-3-auf-netflix\/#article","isPartOf":{"@id":"https:\/\/newsslash.com\/n\/12912-wann-kommt-die-haertesten-gefaengnisse-der-welt-staffel-3-auf-netflix\/"},"author":{"name":"Cindy D","@id":"https:\/\/newsslash.com\/n\/#\/schema\/person\/522101af9b37501b768c7dfa5cf1edad"},"headline":"Wann kommt Die h\u00c3\u00a4rtesten Gef\u00c3\u00a4ngnisse der Welt Staffel 3&#8230;","datePublished":"2018-09-13T17:52:00+00:00","mainEntityOfPage":{"@id":"https:\/\/newsslash.com\/n\/12912-wann-kommt-die-haertesten-gefaengnisse-der-welt-staffel-3-auf-netflix\/"},"wordCount":484,"commentCount":0,"publisher":{"@id":"https:\/\/newsslash.com\/n\/#organization"},"image":{"@id":"https:\/\/newsslash.com\/n\/12912-wann-kommt-die-haertesten-gefaengnisse-der-welt-staffel-3-auf-netflix\/#primaryimage"},"thumbnailUrl":"https:\/\/newsslash.com\/n\/wp-content\/uploads\/2025\/04\/NewsSlash-Featured-Image.jpg","articleSection":["Blog"],"inLanguage":"en-US","potentialAction":[{"@type":"CommentAction","name":"Comment","target":["https:\/\/newsslash.com\/n\/12912-wann-kommt-die-haertesten-gefaengnisse-der-welt-staffel-3-auf-netflix\/#respond"]}]},{"@type":"WebPage","@id":"https:\/\/newsslash.com\/n\/12912-wann-kommt-die-haertesten-gefaengnisse-der-welt-staffel-3-auf-netflix\/","url":"https:\/\/newsslash.com\/n\/12912-wann-kommt-die-haertesten-gefaengnisse-der-welt-staffel-3-auf-netflix\/","name":"Wann kommt Die h\u00c3\u00a4rtesten Gef\u00c3\u00a4ngnisse der Welt Staffel 3... - Newsslash","isPartOf":{"@id":"https:\/\/newsslash.com\/n\/#website"},"primaryImageOfPage":{"@id":"https:\/\/newsslash.com\/n\/12912-wann-kommt-die-haertesten-gefaengnisse-der-welt-staffel-3-auf-netflix\/#primaryimage"},"image":{"@id":"https:\/\/newsslash.com\/n\/12912-wann-kommt-die-haertesten-gefaengnisse-der-welt-staffel-3-auf-netflix\/#primaryimage"},"thumbnailUrl":"https:\/\/newsslash.com\/n\/wp-content\/uploads\/2025\/04\/NewsSlash-Featured-Image.jpg","datePublished":"2018-09-13T17:52:00+00:00","breadcrumb":{"@id":"https:\/\/newsslash.com\/n\/12912-wann-kommt-die-haertesten-gefaengnisse-der-welt-staffel-3-auf-netflix\/#breadcrumb"},"inLanguage":"en-US","potentialAction":[{"@type":"ReadAction","target":["https:\/\/newsslash.com\/n\/12912-wann-kommt-die-haertesten-gefaengnisse-der-welt-staffel-3-auf-netflix\/"]}]},{"@type":"ImageObject","inLanguage":"en-US","@id":"https:\/\/newsslash.com\/n\/12912-wann-kommt-die-haertesten-gefaengnisse-der-welt-staffel-3-auf-netflix\/#primaryimage","url":"https:\/\/newsslash.com\/n\/wp-content\/uploads\/2025\/04\/NewsSlash-Featured-Image.jpg","contentUrl":"https:\/\/newsslash.com\/n\/wp-content\/uploads\/2025\/04\/NewsSlash-Featured-Image.jpg","width":1280,"height":854},{"@type":"BreadcrumbList","@id":"https:\/\/newsslash.com\/n\/12912-wann-kommt-die-haertesten-gefaengnisse-der-welt-staffel-3-auf-netflix\/#breadcrumb","itemListElement":[{"@type":"ListItem","position":1,"name":"Home","item":"https:\/\/newsslash.com\/n\/"},{"@type":"ListItem","position":2,"name":"Wann kommt Die h\u00c3\u00a4rtesten Gef\u00c3\u00a4ngnisse der Welt Staffel 3&#8230;"}]},{"@type":"WebSite","@id":"https:\/\/newsslash.com\/n\/#website","url":"https:\/\/newsslash.com\/n\/","name":"Newsslash","description":"Trending News on Movies, Series, OTT, Gaming","publisher":{"@id":"https:\/\/newsslash.com\/n\/#organization"},"potentialAction":[{"@type":"SearchAction","target":{"@type":"EntryPoint","urlTemplate":"https:\/\/newsslash.com\/n\/?s={search_term_string}"},"query-input":{"@type":"PropertyValueSpecification","valueRequired":true,"valueName":"search_term_string"}}],"inLanguage":"en-US"},{"@type":"Organization","@id":"https:\/\/newsslash.com\/n\/#organization","name":"Newsslash","url":"https:\/\/newsslash.com\/n\/","logo":{"@type":"ImageObject","inLanguage":"en-US","@id":"https:\/\/newsslash.com\/n\/#\/schema\/logo\/image\/","url":"https:\/\/newsslash.com\/n\/wp-content\/uploads\/2025\/04\/cropped-Newsslash-logo-Fevicon.png","contentUrl":"https:\/\/newsslash.com\/n\/wp-content\/uploads\/2025\/04\/cropped-Newsslash-logo-Fevicon.png","width":512,"height":512,"caption":"Newsslash"},"image":{"@id":"https:\/\/newsslash.com\/n\/#\/schema\/logo\/image\/"}},{"@type":"Person","@id":"https:\/\/newsslash.com\/n\/#\/schema\/person\/522101af9b37501b768c7dfa5cf1edad","name":"Cindy D","sameAs":["http:\/\/newsslash.com"],"url":"https:\/\/newsslash.com\/n\/author\/cindy_d\/"}]}},"_links":{"self":[{"href":"https:\/\/newsslash.com\/n\/wp-json\/wp\/v2\/posts\/16614","targetHints":{"allow":["GET"]}}],"collection":[{"href":"https:\/\/newsslash.com\/n\/wp-json\/wp\/v2\/posts"}],"about":[{"href":"https:\/\/newsslash.com\/n\/wp-json\/wp\/v2\/types\/post"}],"author":[{"embeddable":true,"href":"https:\/\/newsslash.com\/n\/wp-json\/wp\/v2\/users\/8"}],"replies":[{"embeddable":true,"href":"https:\/\/newsslash.com\/n\/wp-json\/wp\/v2\/comments?post=16614"}],"version-history":[{"count":0,"href":"https:\/\/newsslash.com\/n\/wp-json\/wp\/v2\/posts\/16614\/revisions"}],"wp:featuredmedia":[{"embeddable":true,"href":"https:\/\/newsslash.com\/n\/wp-json\/wp\/v2\/media\/21974"}],"wp:attachment":[{"href":"https:\/\/newsslash.com\/n\/wp-json\/wp\/v2\/media?parent=16614"}],"curies":[{"name":"wp","href":"https:\/\/api.w.org\/{rel}","templated":true}]}}