{"id":16690,"date":"2018-09-05T15:52:00","date_gmt":"2018-09-05T15:52:00","guid":{"rendered":"https:\/\/newsslash.com\/n\/12982-wann-kommt-supernatural-staffel-13-auf-amazon-prime-video\/"},"modified":"2018-09-05T15:52:00","modified_gmt":"2018-09-05T15:52:00","slug":"12982-wann-kommt-supernatural-staffel-13-auf-amazon-prime-video","status":"publish","type":"post","link":"https:\/\/newsslash.com\/n\/12982-wann-kommt-supernatural-staffel-13-auf-amazon-prime-video\/","title":{"rendered":"Wann kommt Supernatural Staffel 13 auf Amazon Prime Video?"},"content":{"rendered":"<p>Seit wenigen Tagen ist Supernatural mit einer 12. Staffel, bestehend aus insgesamt 23 neuen Episoden, auf Amazon Prime Video zur\u00c3\u00bcck. F\u00c3\u00bcr Sam Winchester (Jared Padalecki) stehen harte Zeiten bevor, denn er wird von Lady Bevell (Elizabeth Blackmore) entf\u00c3\u00bchrt und gefoltert. So m\u00c3\u00b6chte sie an s\u00c3\u00a4mtliche Informationen zu den amerikanischen J\u00c3\u00a4gern kommen. Kann Dean Winchester (Jensen Ackles) seinen Bruder Sam rechtzeitig finden? Und wann kommt Supernatural Staffel 13 auf Amazon Prime Video? Gute Nachrichten! Es gibt bereits eine 13. Staffel von Supernatural, die in den USA im Zeitraum von Oktober 2017 bis Mai 2018 ausgestrahlt wurde. Also wann kommt Supernatural Staffel 13 auf Amazon Prime Video? Hierbei sollte es sich lediglich um eine Frage der Zeit handeln. Die 12. Staffel wurde knapp sieben Monate nach der deutschen Erstausstrahlung im Januar 2018 auf Amazon Prime Video zur Verf\u00c3\u00bcgung gestellt. Der Beginn der Ausstrahlung der 13 Staffel in Deutschland ist f\u00c3\u00bcr den 23. September des laufenden Jahres auf Sky angesetzt. <ins data-ad-client=\"ca-pub-3647021458695789\" data-ad-format=\"link\" data-ad-slot=\"7996975644\" style=\"display:block\"><\/ins> Also wann kommt Supernatural Staffel 13 nun auf Amazon Prime Video? Wir gehen davon aus, dass Supernatural Staffel 13 etwa sieben Monate nach der vollst\u00c3\u00a4ndigen Erstausstrahlung in Deutschland auf Amazon Prime Video kommen k\u00c3\u00b6nnte. Die deutsche Erstausstrahlung dauerte in Deutschland bei den bisherigen Staffeln immer etwa zwei Monate. Somit k\u00c3\u00b6nnte es sein, dass Supernatural Staffel 13 im Sommer 2019 auf Amazon Prime Video kommt. Nat\u00c3\u00bcrlich werden wir euch auf Newsslash auf dem Laufenden halten und umgehend berichten, sobald es Neuigkeiten diesbez\u00c3\u00bcglich gibt. <b>Darum geht es in Supernatural:<\/b> Die Mysteryserie wird in Vancouver, Kanada, gedreht und handelt von den Br\u00c3\u00bcdern Sam und Dean. Nachdem ihre Mutter von einem D\u00c3\u00a4mon get\u00c3\u00b6tet wurde, hat ihr Vater die Geschwister zu J\u00c3\u00a4gern gegen das \u00c3\u0153bernat\u00c3\u00bcrliche erzogen. Sam und Dean sind in der ganzen USA unterwegs, um die unterschiedlichsten dunklen Kreaturen zu bek\u00c3\u00a4mpfen und so Menschenleben zu retten. In der aktuellen Staffel m\u00c3\u00bcssen es die Br\u00c3\u00bcder mit Lady Bevell aufnehmen, die Sam entf\u00c3\u00bchrt hat. Sie hoff, durch Folter Informationen \u00c3\u00bcber die amerikanischen J\u00c3\u00a4ger von ihm zu bekommen. Mit wem oder was m\u00c3\u00bcssen es die Br\u00c3\u00bcder wohl in Supernatural Staffel 13 aufnehmen? <b>Wusstet ihr schon?<\/b> Bis Supernatural Staffel 13 auf Amazon Prime Video kommt, m\u00c3\u00bcssen wir uns noch lange gedulden \u00e2\u20ac\u201c daf\u00c3\u00bcr haben noch eine gute Nachricht zu vermelden. Supernatural wurde bereits im April um eine 14. Staffel verl\u00c3\u00a4ngert, deren Premiere in den USA f\u00c3\u00bcr den 11. Oktober angesetzt ist. Hier findet ihr den Trailer zu Supernatural Staffel 13: <iframe loading=\"lazy\" allowfullscreen=\"\" frameborder=\"0\" height=\"315\" src=\"https:\/\/www.youtube-nocookie.com\/embed\/XNhvzLXGwRI\" width=\"100%\"><\/iframe><\/p><div class=\"newss-content\" id=\"newss-4153582571\"><script async src=\"\/\/pagead2.googlesyndication.com\/pagead\/js\/adsbygoogle.js?client=ca-pub-7733425960004873\" crossorigin=\"anonymous\"><\/script><ins class=\"adsbygoogle\" style=\"display:block;\" data-ad-client=\"ca-pub-7733425960004873\" \ndata-ad-slot=\"2582020599\" \ndata-ad-format=\"auto\"><\/ins>\n<script> \n(adsbygoogle = window.adsbygoogle || []).push({}); \n<\/script>\n<\/div><div class=\"newss-article-1\" id=\"newss-3064897600\"><script async src=\"https:\/\/pagead2.googlesyndication.com\/pagead\/js\/adsbygoogle.js?client=ca-pub-7733425960004873\"\r\n     crossorigin=\"anonymous\"><\/script>\r\n<!-- Homepage2 -->\r\n<ins class=\"adsbygoogle\"\r\n     style=\"display:block\"\r\n     data-ad-client=\"ca-pub-7733425960004873\"\r\n     data-ad-slot=\"2582020599\"\r\n     data-ad-format=\"auto\"\r\n     data-full-width-responsive=\"true\"><\/ins>\r\n<script>\r\n     (adsbygoogle = window.adsbygoogle || []).push({});\r\n<\/script><\/div>\n","protected":false},"excerpt":{"rendered":"<p>In der 12. Staffel von Supernatural muss Sam so einiges durchmachen. Er wird von Lady Bevell entf\u00c3\u00bchrt und gefoltert. Kann Dean ihn&#8230; Mehr auf Newsslash.com!<\/p>\n","protected":false},"author":8,"featured_media":21974,"comment_status":"open","ping_status":"open","sticky":false,"template":"","format":"standard","meta":{"_et_pb_use_builder":"","_et_pb_old_content":"","_et_gb_content_width":"","footnotes":""},"class_list":["post-16690","post","type-post","status-publish","format-standard","has-post-thumbnail","hentry","category-blog"],"yoast_head":"<!-- This site is optimized with the Yoast SEO plugin v24.8.1 - https:\/\/yoast.com\/wordpress\/plugins\/seo\/ -->\n<title>Wann kommt Supernatural Staffel 13 auf Amazon Prime Video? - Newsslash<\/title>\n<meta name=\"robots\" content=\"noindex, follow\" \/>\n<meta property=\"og:locale\" content=\"en_US\" \/>\n<meta property=\"og:type\" content=\"article\" \/>\n<meta property=\"og:title\" content=\"Wann kommt Supernatural Staffel 13 auf Amazon Prime Video? - Newsslash\" \/>\n<meta property=\"og:description\" content=\"In der 12. Staffel von Supernatural muss Sam so einiges durchmachen. Er wird von Lady Bevell entf\u00c3\u00bchrt und gefoltert. Kann Dean ihn... Mehr auf Newsslash.com!\" \/>\n<meta property=\"og:url\" content=\"https:\/\/newsslash.com\/n\/12982-wann-kommt-supernatural-staffel-13-auf-amazon-prime-video\/\" \/>\n<meta property=\"og:site_name\" content=\"Newsslash\" \/>\n<meta property=\"article:published_time\" content=\"2018-09-05T15:52:00+00:00\" \/>\n<meta property=\"og:image\" content=\"https:\/\/newsslash.com\/n\/wp-content\/uploads\/2025\/04\/NewsSlash-Featured-Image.jpg\" \/>\n\t<meta property=\"og:image:width\" content=\"1280\" \/>\n\t<meta property=\"og:image:height\" content=\"854\" \/>\n\t<meta property=\"og:image:type\" content=\"image\/jpeg\" \/>\n<meta name=\"author\" content=\"Cindy D\" \/>\n<meta name=\"twitter:card\" content=\"summary_large_image\" \/>\n<meta name=\"twitter:label1\" content=\"Written by\" \/>\n\t<meta name=\"twitter:data1\" content=\"Cindy D\" \/>\n\t<meta name=\"twitter:label2\" content=\"Est. reading time\" \/>\n\t<meta name=\"twitter:data2\" content=\"2 minutes\" \/>\n<script type=\"application\/ld+json\" class=\"yoast-schema-graph\">{\"@context\":\"https:\/\/schema.org\",\"@graph\":[{\"@type\":\"Article\",\"@id\":\"https:\/\/newsslash.com\/n\/12982-wann-kommt-supernatural-staffel-13-auf-amazon-prime-video\/#article\",\"isPartOf\":{\"@id\":\"https:\/\/newsslash.com\/n\/12982-wann-kommt-supernatural-staffel-13-auf-amazon-prime-video\/\"},\"author\":{\"name\":\"Cindy D\",\"@id\":\"https:\/\/newsslash.com\/n\/#\/schema\/person\/522101af9b37501b768c7dfa5cf1edad\"},\"headline\":\"Wann kommt Supernatural Staffel 13 auf Amazon Prime Video?\",\"datePublished\":\"2018-09-05T15:52:00+00:00\",\"mainEntityOfPage\":{\"@id\":\"https:\/\/newsslash.com\/n\/12982-wann-kommt-supernatural-staffel-13-auf-amazon-prime-video\/\"},\"wordCount\":415,\"commentCount\":0,\"publisher\":{\"@id\":\"https:\/\/newsslash.com\/n\/#organization\"},\"image\":{\"@id\":\"https:\/\/newsslash.com\/n\/12982-wann-kommt-supernatural-staffel-13-auf-amazon-prime-video\/#primaryimage\"},\"thumbnailUrl\":\"https:\/\/newsslash.com\/n\/wp-content\/uploads\/2025\/04\/NewsSlash-Featured-Image.jpg\",\"articleSection\":[\"Blog\"],\"inLanguage\":\"en-US\",\"potentialAction\":[{\"@type\":\"CommentAction\",\"name\":\"Comment\",\"target\":[\"https:\/\/newsslash.com\/n\/12982-wann-kommt-supernatural-staffel-13-auf-amazon-prime-video\/#respond\"]}]},{\"@type\":\"WebPage\",\"@id\":\"https:\/\/newsslash.com\/n\/12982-wann-kommt-supernatural-staffel-13-auf-amazon-prime-video\/\",\"url\":\"https:\/\/newsslash.com\/n\/12982-wann-kommt-supernatural-staffel-13-auf-amazon-prime-video\/\",\"name\":\"Wann kommt Supernatural Staffel 13 auf Amazon Prime Video? - Newsslash\",\"isPartOf\":{\"@id\":\"https:\/\/newsslash.com\/n\/#website\"},\"primaryImageOfPage\":{\"@id\":\"https:\/\/newsslash.com\/n\/12982-wann-kommt-supernatural-staffel-13-auf-amazon-prime-video\/#primaryimage\"},\"image\":{\"@id\":\"https:\/\/newsslash.com\/n\/12982-wann-kommt-supernatural-staffel-13-auf-amazon-prime-video\/#primaryimage\"},\"thumbnailUrl\":\"https:\/\/newsslash.com\/n\/wp-content\/uploads\/2025\/04\/NewsSlash-Featured-Image.jpg\",\"datePublished\":\"2018-09-05T15:52:00+00:00\",\"breadcrumb\":{\"@id\":\"https:\/\/newsslash.com\/n\/12982-wann-kommt-supernatural-staffel-13-auf-amazon-prime-video\/#breadcrumb\"},\"inLanguage\":\"en-US\",\"potentialAction\":[{\"@type\":\"ReadAction\",\"target\":[\"https:\/\/newsslash.com\/n\/12982-wann-kommt-supernatural-staffel-13-auf-amazon-prime-video\/\"]}]},{\"@type\":\"ImageObject\",\"inLanguage\":\"en-US\",\"@id\":\"https:\/\/newsslash.com\/n\/12982-wann-kommt-supernatural-staffel-13-auf-amazon-prime-video\/#primaryimage\",\"url\":\"https:\/\/newsslash.com\/n\/wp-content\/uploads\/2025\/04\/NewsSlash-Featured-Image.jpg\",\"contentUrl\":\"https:\/\/newsslash.com\/n\/wp-content\/uploads\/2025\/04\/NewsSlash-Featured-Image.jpg\",\"width\":1280,\"height\":854},{\"@type\":\"BreadcrumbList\",\"@id\":\"https:\/\/newsslash.com\/n\/12982-wann-kommt-supernatural-staffel-13-auf-amazon-prime-video\/#breadcrumb\",\"itemListElement\":[{\"@type\":\"ListItem\",\"position\":1,\"name\":\"Home\",\"item\":\"https:\/\/newsslash.com\/n\/\"},{\"@type\":\"ListItem\",\"position\":2,\"name\":\"Wann kommt Supernatural Staffel 13 auf Amazon Prime Video?\"}]},{\"@type\":\"WebSite\",\"@id\":\"https:\/\/newsslash.com\/n\/#website\",\"url\":\"https:\/\/newsslash.com\/n\/\",\"name\":\"Newsslash\",\"description\":\"Trending News on Movies, Series, OTT, Gaming\",\"publisher\":{\"@id\":\"https:\/\/newsslash.com\/n\/#organization\"},\"potentialAction\":[{\"@type\":\"SearchAction\",\"target\":{\"@type\":\"EntryPoint\",\"urlTemplate\":\"https:\/\/newsslash.com\/n\/?s={search_term_string}\"},\"query-input\":{\"@type\":\"PropertyValueSpecification\",\"valueRequired\":true,\"valueName\":\"search_term_string\"}}],\"inLanguage\":\"en-US\"},{\"@type\":\"Organization\",\"@id\":\"https:\/\/newsslash.com\/n\/#organization\",\"name\":\"Newsslash\",\"url\":\"https:\/\/newsslash.com\/n\/\",\"logo\":{\"@type\":\"ImageObject\",\"inLanguage\":\"en-US\",\"@id\":\"https:\/\/newsslash.com\/n\/#\/schema\/logo\/image\/\",\"url\":\"https:\/\/newsslash.com\/n\/wp-content\/uploads\/2025\/04\/cropped-Newsslash-logo-Fevicon.png\",\"contentUrl\":\"https:\/\/newsslash.com\/n\/wp-content\/uploads\/2025\/04\/cropped-Newsslash-logo-Fevicon.png\",\"width\":512,\"height\":512,\"caption\":\"Newsslash\"},\"image\":{\"@id\":\"https:\/\/newsslash.com\/n\/#\/schema\/logo\/image\/\"}},{\"@type\":\"Person\",\"@id\":\"https:\/\/newsslash.com\/n\/#\/schema\/person\/522101af9b37501b768c7dfa5cf1edad\",\"name\":\"Cindy D\",\"sameAs\":[\"http:\/\/newsslash.com\"],\"url\":\"https:\/\/newsslash.com\/n\/author\/cindy_d\/\"}]}<\/script>\n<!-- \/ Yoast SEO plugin. -->","yoast_head_json":{"title":"Wann kommt Supernatural Staffel 13 auf Amazon Prime Video? - Newsslash","robots":{"index":"noindex","follow":"follow"},"og_locale":"en_US","og_type":"article","og_title":"Wann kommt Supernatural Staffel 13 auf Amazon Prime Video? - Newsslash","og_description":"In der 12. Staffel von Supernatural muss Sam so einiges durchmachen. Er wird von Lady Bevell entf\u00c3\u00bchrt und gefoltert. Kann Dean ihn... Mehr auf Newsslash.com!","og_url":"https:\/\/newsslash.com\/n\/12982-wann-kommt-supernatural-staffel-13-auf-amazon-prime-video\/","og_site_name":"Newsslash","article_published_time":"2018-09-05T15:52:00+00:00","og_image":[{"width":1280,"height":854,"url":"https:\/\/newsslash.com\/n\/wp-content\/uploads\/2025\/04\/NewsSlash-Featured-Image.jpg","type":"image\/jpeg"}],"author":"Cindy D","twitter_card":"summary_large_image","twitter_misc":{"Written by":"Cindy D","Est. reading time":"2 minutes"},"schema":{"@context":"https:\/\/schema.org","@graph":[{"@type":"Article","@id":"https:\/\/newsslash.com\/n\/12982-wann-kommt-supernatural-staffel-13-auf-amazon-prime-video\/#article","isPartOf":{"@id":"https:\/\/newsslash.com\/n\/12982-wann-kommt-supernatural-staffel-13-auf-amazon-prime-video\/"},"author":{"name":"Cindy D","@id":"https:\/\/newsslash.com\/n\/#\/schema\/person\/522101af9b37501b768c7dfa5cf1edad"},"headline":"Wann kommt Supernatural Staffel 13 auf Amazon Prime Video?","datePublished":"2018-09-05T15:52:00+00:00","mainEntityOfPage":{"@id":"https:\/\/newsslash.com\/n\/12982-wann-kommt-supernatural-staffel-13-auf-amazon-prime-video\/"},"wordCount":415,"commentCount":0,"publisher":{"@id":"https:\/\/newsslash.com\/n\/#organization"},"image":{"@id":"https:\/\/newsslash.com\/n\/12982-wann-kommt-supernatural-staffel-13-auf-amazon-prime-video\/#primaryimage"},"thumbnailUrl":"https:\/\/newsslash.com\/n\/wp-content\/uploads\/2025\/04\/NewsSlash-Featured-Image.jpg","articleSection":["Blog"],"inLanguage":"en-US","potentialAction":[{"@type":"CommentAction","name":"Comment","target":["https:\/\/newsslash.com\/n\/12982-wann-kommt-supernatural-staffel-13-auf-amazon-prime-video\/#respond"]}]},{"@type":"WebPage","@id":"https:\/\/newsslash.com\/n\/12982-wann-kommt-supernatural-staffel-13-auf-amazon-prime-video\/","url":"https:\/\/newsslash.com\/n\/12982-wann-kommt-supernatural-staffel-13-auf-amazon-prime-video\/","name":"Wann kommt Supernatural Staffel 13 auf Amazon Prime Video? - Newsslash","isPartOf":{"@id":"https:\/\/newsslash.com\/n\/#website"},"primaryImageOfPage":{"@id":"https:\/\/newsslash.com\/n\/12982-wann-kommt-supernatural-staffel-13-auf-amazon-prime-video\/#primaryimage"},"image":{"@id":"https:\/\/newsslash.com\/n\/12982-wann-kommt-supernatural-staffel-13-auf-amazon-prime-video\/#primaryimage"},"thumbnailUrl":"https:\/\/newsslash.com\/n\/wp-content\/uploads\/2025\/04\/NewsSlash-Featured-Image.jpg","datePublished":"2018-09-05T15:52:00+00:00","breadcrumb":{"@id":"https:\/\/newsslash.com\/n\/12982-wann-kommt-supernatural-staffel-13-auf-amazon-prime-video\/#breadcrumb"},"inLanguage":"en-US","potentialAction":[{"@type":"ReadAction","target":["https:\/\/newsslash.com\/n\/12982-wann-kommt-supernatural-staffel-13-auf-amazon-prime-video\/"]}]},{"@type":"ImageObject","inLanguage":"en-US","@id":"https:\/\/newsslash.com\/n\/12982-wann-kommt-supernatural-staffel-13-auf-amazon-prime-video\/#primaryimage","url":"https:\/\/newsslash.com\/n\/wp-content\/uploads\/2025\/04\/NewsSlash-Featured-Image.jpg","contentUrl":"https:\/\/newsslash.com\/n\/wp-content\/uploads\/2025\/04\/NewsSlash-Featured-Image.jpg","width":1280,"height":854},{"@type":"BreadcrumbList","@id":"https:\/\/newsslash.com\/n\/12982-wann-kommt-supernatural-staffel-13-auf-amazon-prime-video\/#breadcrumb","itemListElement":[{"@type":"ListItem","position":1,"name":"Home","item":"https:\/\/newsslash.com\/n\/"},{"@type":"ListItem","position":2,"name":"Wann kommt Supernatural Staffel 13 auf Amazon Prime Video?"}]},{"@type":"WebSite","@id":"https:\/\/newsslash.com\/n\/#website","url":"https:\/\/newsslash.com\/n\/","name":"Newsslash","description":"Trending News on Movies, Series, OTT, Gaming","publisher":{"@id":"https:\/\/newsslash.com\/n\/#organization"},"potentialAction":[{"@type":"SearchAction","target":{"@type":"EntryPoint","urlTemplate":"https:\/\/newsslash.com\/n\/?s={search_term_string}"},"query-input":{"@type":"PropertyValueSpecification","valueRequired":true,"valueName":"search_term_string"}}],"inLanguage":"en-US"},{"@type":"Organization","@id":"https:\/\/newsslash.com\/n\/#organization","name":"Newsslash","url":"https:\/\/newsslash.com\/n\/","logo":{"@type":"ImageObject","inLanguage":"en-US","@id":"https:\/\/newsslash.com\/n\/#\/schema\/logo\/image\/","url":"https:\/\/newsslash.com\/n\/wp-content\/uploads\/2025\/04\/cropped-Newsslash-logo-Fevicon.png","contentUrl":"https:\/\/newsslash.com\/n\/wp-content\/uploads\/2025\/04\/cropped-Newsslash-logo-Fevicon.png","width":512,"height":512,"caption":"Newsslash"},"image":{"@id":"https:\/\/newsslash.com\/n\/#\/schema\/logo\/image\/"}},{"@type":"Person","@id":"https:\/\/newsslash.com\/n\/#\/schema\/person\/522101af9b37501b768c7dfa5cf1edad","name":"Cindy D","sameAs":["http:\/\/newsslash.com"],"url":"https:\/\/newsslash.com\/n\/author\/cindy_d\/"}]}},"_links":{"self":[{"href":"https:\/\/newsslash.com\/n\/wp-json\/wp\/v2\/posts\/16690","targetHints":{"allow":["GET"]}}],"collection":[{"href":"https:\/\/newsslash.com\/n\/wp-json\/wp\/v2\/posts"}],"about":[{"href":"https:\/\/newsslash.com\/n\/wp-json\/wp\/v2\/types\/post"}],"author":[{"embeddable":true,"href":"https:\/\/newsslash.com\/n\/wp-json\/wp\/v2\/users\/8"}],"replies":[{"embeddable":true,"href":"https:\/\/newsslash.com\/n\/wp-json\/wp\/v2\/comments?post=16690"}],"version-history":[{"count":0,"href":"https:\/\/newsslash.com\/n\/wp-json\/wp\/v2\/posts\/16690\/revisions"}],"wp:featuredmedia":[{"embeddable":true,"href":"https:\/\/newsslash.com\/n\/wp-json\/wp\/v2\/media\/21974"}],"wp:attachment":[{"href":"https:\/\/newsslash.com\/n\/wp-json\/wp\/v2\/media?parent=16690"}],"curies":[{"name":"wp","href":"https:\/\/api.w.org\/{rel}","templated":true}]}}