{"id":16697,"date":"2018-09-06T15:04:00","date_gmt":"2018-09-06T15:04:00","guid":{"rendered":"https:\/\/newsslash.com\/n\/12989-trailer-zu-american-horror-story-staffel-8-veroeffentlicht\/"},"modified":"2018-09-06T15:04:00","modified_gmt":"2018-09-06T15:04:00","slug":"12989-trailer-zu-american-horror-story-staffel-8-veroeffentlicht","status":"publish","type":"post","link":"https:\/\/newsslash.com\/n\/12989-trailer-zu-american-horror-story-staffel-8-veroeffentlicht\/","title":{"rendered":"Trailer zu American Horror Story Staffel 8 ver\u00c3\u00b6ffentlicht"},"content":{"rendered":"<p>Am 12. September startet die 8. Staffel von American Horror Story, die den Titel Apokalypse tr\u00c3\u00a4gt, beim US-amerikanischen Sender FX. Bis es in Deutschland soweit ist, m\u00c3\u00bcssen wir uns allerdings noch ein wenig gedulden \u00e2\u20ac\u201c hier ist der Start erst f\u00c3\u00bcr den 15. November bei FOX Channel angesetzt. Um die Wartezeit bis zur Premiere der neuen Staffel zu verk\u00c3\u00bcrzen, wurde nun ein Trailer ver\u00c3\u00b6ffentlicht, den ihr unter dieser News findet. Bei American Horror Story handelt es sich um eine US-amerikanische Horrorserie, die erstmals im November 2011 ausgestrahlt wurde. Jede einzelne Staffel erz\u00c3\u00a4hlt eine abgeschlossene Handlung, die Staffeln h\u00c3\u00a4ngen dabei nicht zusammen. Der Gro\u00c3\u0178teil des Casts, ist wiederkehrend. Die Schauspieler schl\u00c3\u00bcpfen allerdings mit jeder neuen Staffel \u00e2\u20ac\u201c mit wenigen Ausnahmen \u00e2\u20ac\u201c in eine komplett neue Rolle. Bei der neuen Staffel Apokalypse handelt es sich um ein Crossover der Staffeln 1 (Murder House) und 3 (Coven). Somit treten auch einige bereits bekannte Figuren wieder auf. Zum Cast geh\u00c3\u00b6ren unter anderem Sarah Paulson, die in gleich drei Rollen zu sehen ist, und Taissa Farmiga, die zwei Charaktere verk\u00c3\u00b6rpert. Au\u00c3\u0178erdem sind auch Evan Peters, Dylan McDermott, Lily Rabe, Emma Roberts, Connie Britton, Billie Lourd, Gaboury Sidibe und Stevie Knicks mit von der Partie. Hier findet ihr den Trailer zu American Horror Story Staffel 8: <iframe loading=\"lazy\" allowfullscreen=\"\" frameborder=\"0\" height=\"315\" src=\"https:\/\/www.youtube-nocookie.com\/embed\/o5ckLmoneLM\" width=\"100%\"><\/iframe><\/p><div class=\"newss-content\" id=\"newss-218771885\"><script async src=\"\/\/pagead2.googlesyndication.com\/pagead\/js\/adsbygoogle.js?client=ca-pub-7733425960004873\" crossorigin=\"anonymous\"><\/script><ins class=\"adsbygoogle\" style=\"display:block;\" data-ad-client=\"ca-pub-7733425960004873\" \ndata-ad-slot=\"2582020599\" \ndata-ad-format=\"auto\"><\/ins>\n<script> \n(adsbygoogle = window.adsbygoogle || []).push({}); \n<\/script>\n<\/div><div class=\"newss-article-1\" id=\"newss-2660240612\"><script async src=\"https:\/\/pagead2.googlesyndication.com\/pagead\/js\/adsbygoogle.js?client=ca-pub-7733425960004873\"\r\n     crossorigin=\"anonymous\"><\/script>\r\n<!-- Homepage2 -->\r\n<ins class=\"adsbygoogle\"\r\n     style=\"display:block\"\r\n     data-ad-client=\"ca-pub-7733425960004873\"\r\n     data-ad-slot=\"2582020599\"\r\n     data-ad-format=\"auto\"\r\n     data-full-width-responsive=\"true\"><\/ins>\r\n<script>\r\n     (adsbygoogle = window.adsbygoogle || []).push({});\r\n<\/script><\/div>\n","protected":false},"excerpt":{"rendered":"<p>Knapp eine Woche vor der Premiere der 8. Staffel von American Horror Story \u00e2\u20ac\u201c Apokalypse bei FX wurde nun ein Trailer zu den neuen&#8230; Mehr auf Newsslash.com!<\/p>\n","protected":false},"author":8,"featured_media":21974,"comment_status":"open","ping_status":"open","sticky":false,"template":"","format":"standard","meta":{"_et_pb_use_builder":"","_et_pb_old_content":"","_et_gb_content_width":"","footnotes":""},"class_list":["post-16697","post","type-post","status-publish","format-standard","has-post-thumbnail","hentry","category-blog"],"yoast_head":"<!-- This site is optimized with the Yoast SEO plugin v24.8.1 - https:\/\/yoast.com\/wordpress\/plugins\/seo\/ -->\n<title>Trailer zu American Horror Story Staffel 8 ver\u00c3\u00b6ffentlicht - Newsslash<\/title>\n<meta name=\"robots\" content=\"noindex, follow\" \/>\n<meta property=\"og:locale\" content=\"en_US\" \/>\n<meta property=\"og:type\" content=\"article\" \/>\n<meta property=\"og:title\" content=\"Trailer zu American Horror Story Staffel 8 ver\u00c3\u00b6ffentlicht - Newsslash\" \/>\n<meta property=\"og:description\" content=\"Knapp eine Woche vor der Premiere der 8. Staffel von American Horror Story \u00e2\u20ac\u201c Apokalypse bei FX wurde nun ein Trailer zu den neuen... Mehr auf Newsslash.com!\" \/>\n<meta property=\"og:url\" content=\"https:\/\/newsslash.com\/n\/12989-trailer-zu-american-horror-story-staffel-8-veroeffentlicht\/\" \/>\n<meta property=\"og:site_name\" content=\"Newsslash\" \/>\n<meta property=\"article:published_time\" content=\"2018-09-06T15:04:00+00:00\" \/>\n<meta property=\"og:image\" content=\"https:\/\/newsslash.com\/n\/wp-content\/uploads\/2025\/04\/NewsSlash-Featured-Image.jpg\" \/>\n\t<meta property=\"og:image:width\" content=\"1280\" \/>\n\t<meta property=\"og:image:height\" content=\"854\" \/>\n\t<meta property=\"og:image:type\" content=\"image\/jpeg\" \/>\n<meta name=\"author\" content=\"Cindy D\" \/>\n<meta name=\"twitter:card\" content=\"summary_large_image\" \/>\n<meta name=\"twitter:label1\" content=\"Written by\" \/>\n\t<meta name=\"twitter:data1\" content=\"Cindy D\" \/>\n\t<meta name=\"twitter:label2\" content=\"Est. reading time\" \/>\n\t<meta name=\"twitter:data2\" content=\"1 minute\" \/>\n<script type=\"application\/ld+json\" class=\"yoast-schema-graph\">{\"@context\":\"https:\/\/schema.org\",\"@graph\":[{\"@type\":\"Article\",\"@id\":\"https:\/\/newsslash.com\/n\/12989-trailer-zu-american-horror-story-staffel-8-veroeffentlicht\/#article\",\"isPartOf\":{\"@id\":\"https:\/\/newsslash.com\/n\/12989-trailer-zu-american-horror-story-staffel-8-veroeffentlicht\/\"},\"author\":{\"name\":\"Cindy D\",\"@id\":\"https:\/\/newsslash.com\/n\/#\/schema\/person\/522101af9b37501b768c7dfa5cf1edad\"},\"headline\":\"Trailer zu American Horror Story Staffel 8 ver\u00c3\u00b6ffentlicht\",\"datePublished\":\"2018-09-06T15:04:00+00:00\",\"mainEntityOfPage\":{\"@id\":\"https:\/\/newsslash.com\/n\/12989-trailer-zu-american-horror-story-staffel-8-veroeffentlicht\/\"},\"wordCount\":220,\"commentCount\":0,\"publisher\":{\"@id\":\"https:\/\/newsslash.com\/n\/#organization\"},\"image\":{\"@id\":\"https:\/\/newsslash.com\/n\/12989-trailer-zu-american-horror-story-staffel-8-veroeffentlicht\/#primaryimage\"},\"thumbnailUrl\":\"https:\/\/newsslash.com\/n\/wp-content\/uploads\/2025\/04\/NewsSlash-Featured-Image.jpg\",\"articleSection\":[\"Blog\"],\"inLanguage\":\"en-US\",\"potentialAction\":[{\"@type\":\"CommentAction\",\"name\":\"Comment\",\"target\":[\"https:\/\/newsslash.com\/n\/12989-trailer-zu-american-horror-story-staffel-8-veroeffentlicht\/#respond\"]}]},{\"@type\":\"WebPage\",\"@id\":\"https:\/\/newsslash.com\/n\/12989-trailer-zu-american-horror-story-staffel-8-veroeffentlicht\/\",\"url\":\"https:\/\/newsslash.com\/n\/12989-trailer-zu-american-horror-story-staffel-8-veroeffentlicht\/\",\"name\":\"Trailer zu American Horror Story Staffel 8 ver\u00c3\u00b6ffentlicht - Newsslash\",\"isPartOf\":{\"@id\":\"https:\/\/newsslash.com\/n\/#website\"},\"primaryImageOfPage\":{\"@id\":\"https:\/\/newsslash.com\/n\/12989-trailer-zu-american-horror-story-staffel-8-veroeffentlicht\/#primaryimage\"},\"image\":{\"@id\":\"https:\/\/newsslash.com\/n\/12989-trailer-zu-american-horror-story-staffel-8-veroeffentlicht\/#primaryimage\"},\"thumbnailUrl\":\"https:\/\/newsslash.com\/n\/wp-content\/uploads\/2025\/04\/NewsSlash-Featured-Image.jpg\",\"datePublished\":\"2018-09-06T15:04:00+00:00\",\"breadcrumb\":{\"@id\":\"https:\/\/newsslash.com\/n\/12989-trailer-zu-american-horror-story-staffel-8-veroeffentlicht\/#breadcrumb\"},\"inLanguage\":\"en-US\",\"potentialAction\":[{\"@type\":\"ReadAction\",\"target\":[\"https:\/\/newsslash.com\/n\/12989-trailer-zu-american-horror-story-staffel-8-veroeffentlicht\/\"]}]},{\"@type\":\"ImageObject\",\"inLanguage\":\"en-US\",\"@id\":\"https:\/\/newsslash.com\/n\/12989-trailer-zu-american-horror-story-staffel-8-veroeffentlicht\/#primaryimage\",\"url\":\"https:\/\/newsslash.com\/n\/wp-content\/uploads\/2025\/04\/NewsSlash-Featured-Image.jpg\",\"contentUrl\":\"https:\/\/newsslash.com\/n\/wp-content\/uploads\/2025\/04\/NewsSlash-Featured-Image.jpg\",\"width\":1280,\"height\":854},{\"@type\":\"BreadcrumbList\",\"@id\":\"https:\/\/newsslash.com\/n\/12989-trailer-zu-american-horror-story-staffel-8-veroeffentlicht\/#breadcrumb\",\"itemListElement\":[{\"@type\":\"ListItem\",\"position\":1,\"name\":\"Home\",\"item\":\"https:\/\/newsslash.com\/n\/\"},{\"@type\":\"ListItem\",\"position\":2,\"name\":\"Trailer zu American Horror Story Staffel 8 ver\u00c3\u00b6ffentlicht\"}]},{\"@type\":\"WebSite\",\"@id\":\"https:\/\/newsslash.com\/n\/#website\",\"url\":\"https:\/\/newsslash.com\/n\/\",\"name\":\"Newsslash\",\"description\":\"Trending News on Movies, Series, OTT, Gaming\",\"publisher\":{\"@id\":\"https:\/\/newsslash.com\/n\/#organization\"},\"potentialAction\":[{\"@type\":\"SearchAction\",\"target\":{\"@type\":\"EntryPoint\",\"urlTemplate\":\"https:\/\/newsslash.com\/n\/?s={search_term_string}\"},\"query-input\":{\"@type\":\"PropertyValueSpecification\",\"valueRequired\":true,\"valueName\":\"search_term_string\"}}],\"inLanguage\":\"en-US\"},{\"@type\":\"Organization\",\"@id\":\"https:\/\/newsslash.com\/n\/#organization\",\"name\":\"Newsslash\",\"url\":\"https:\/\/newsslash.com\/n\/\",\"logo\":{\"@type\":\"ImageObject\",\"inLanguage\":\"en-US\",\"@id\":\"https:\/\/newsslash.com\/n\/#\/schema\/logo\/image\/\",\"url\":\"https:\/\/newsslash.com\/n\/wp-content\/uploads\/2025\/04\/cropped-Newsslash-logo-Fevicon.png\",\"contentUrl\":\"https:\/\/newsslash.com\/n\/wp-content\/uploads\/2025\/04\/cropped-Newsslash-logo-Fevicon.png\",\"width\":512,\"height\":512,\"caption\":\"Newsslash\"},\"image\":{\"@id\":\"https:\/\/newsslash.com\/n\/#\/schema\/logo\/image\/\"}},{\"@type\":\"Person\",\"@id\":\"https:\/\/newsslash.com\/n\/#\/schema\/person\/522101af9b37501b768c7dfa5cf1edad\",\"name\":\"Cindy D\",\"sameAs\":[\"http:\/\/newsslash.com\"],\"url\":\"https:\/\/newsslash.com\/n\/author\/cindy_d\/\"}]}<\/script>\n<!-- \/ Yoast SEO plugin. -->","yoast_head_json":{"title":"Trailer zu American Horror Story Staffel 8 ver\u00c3\u00b6ffentlicht - Newsslash","robots":{"index":"noindex","follow":"follow"},"og_locale":"en_US","og_type":"article","og_title":"Trailer zu American Horror Story Staffel 8 ver\u00c3\u00b6ffentlicht - Newsslash","og_description":"Knapp eine Woche vor der Premiere der 8. Staffel von American Horror Story \u00e2\u20ac\u201c Apokalypse bei FX wurde nun ein Trailer zu den neuen... Mehr auf Newsslash.com!","og_url":"https:\/\/newsslash.com\/n\/12989-trailer-zu-american-horror-story-staffel-8-veroeffentlicht\/","og_site_name":"Newsslash","article_published_time":"2018-09-06T15:04:00+00:00","og_image":[{"width":1280,"height":854,"url":"https:\/\/newsslash.com\/n\/wp-content\/uploads\/2025\/04\/NewsSlash-Featured-Image.jpg","type":"image\/jpeg"}],"author":"Cindy D","twitter_card":"summary_large_image","twitter_misc":{"Written by":"Cindy D","Est. reading time":"1 minute"},"schema":{"@context":"https:\/\/schema.org","@graph":[{"@type":"Article","@id":"https:\/\/newsslash.com\/n\/12989-trailer-zu-american-horror-story-staffel-8-veroeffentlicht\/#article","isPartOf":{"@id":"https:\/\/newsslash.com\/n\/12989-trailer-zu-american-horror-story-staffel-8-veroeffentlicht\/"},"author":{"name":"Cindy D","@id":"https:\/\/newsslash.com\/n\/#\/schema\/person\/522101af9b37501b768c7dfa5cf1edad"},"headline":"Trailer zu American Horror Story Staffel 8 ver\u00c3\u00b6ffentlicht","datePublished":"2018-09-06T15:04:00+00:00","mainEntityOfPage":{"@id":"https:\/\/newsslash.com\/n\/12989-trailer-zu-american-horror-story-staffel-8-veroeffentlicht\/"},"wordCount":220,"commentCount":0,"publisher":{"@id":"https:\/\/newsslash.com\/n\/#organization"},"image":{"@id":"https:\/\/newsslash.com\/n\/12989-trailer-zu-american-horror-story-staffel-8-veroeffentlicht\/#primaryimage"},"thumbnailUrl":"https:\/\/newsslash.com\/n\/wp-content\/uploads\/2025\/04\/NewsSlash-Featured-Image.jpg","articleSection":["Blog"],"inLanguage":"en-US","potentialAction":[{"@type":"CommentAction","name":"Comment","target":["https:\/\/newsslash.com\/n\/12989-trailer-zu-american-horror-story-staffel-8-veroeffentlicht\/#respond"]}]},{"@type":"WebPage","@id":"https:\/\/newsslash.com\/n\/12989-trailer-zu-american-horror-story-staffel-8-veroeffentlicht\/","url":"https:\/\/newsslash.com\/n\/12989-trailer-zu-american-horror-story-staffel-8-veroeffentlicht\/","name":"Trailer zu American Horror Story Staffel 8 ver\u00c3\u00b6ffentlicht - Newsslash","isPartOf":{"@id":"https:\/\/newsslash.com\/n\/#website"},"primaryImageOfPage":{"@id":"https:\/\/newsslash.com\/n\/12989-trailer-zu-american-horror-story-staffel-8-veroeffentlicht\/#primaryimage"},"image":{"@id":"https:\/\/newsslash.com\/n\/12989-trailer-zu-american-horror-story-staffel-8-veroeffentlicht\/#primaryimage"},"thumbnailUrl":"https:\/\/newsslash.com\/n\/wp-content\/uploads\/2025\/04\/NewsSlash-Featured-Image.jpg","datePublished":"2018-09-06T15:04:00+00:00","breadcrumb":{"@id":"https:\/\/newsslash.com\/n\/12989-trailer-zu-american-horror-story-staffel-8-veroeffentlicht\/#breadcrumb"},"inLanguage":"en-US","potentialAction":[{"@type":"ReadAction","target":["https:\/\/newsslash.com\/n\/12989-trailer-zu-american-horror-story-staffel-8-veroeffentlicht\/"]}]},{"@type":"ImageObject","inLanguage":"en-US","@id":"https:\/\/newsslash.com\/n\/12989-trailer-zu-american-horror-story-staffel-8-veroeffentlicht\/#primaryimage","url":"https:\/\/newsslash.com\/n\/wp-content\/uploads\/2025\/04\/NewsSlash-Featured-Image.jpg","contentUrl":"https:\/\/newsslash.com\/n\/wp-content\/uploads\/2025\/04\/NewsSlash-Featured-Image.jpg","width":1280,"height":854},{"@type":"BreadcrumbList","@id":"https:\/\/newsslash.com\/n\/12989-trailer-zu-american-horror-story-staffel-8-veroeffentlicht\/#breadcrumb","itemListElement":[{"@type":"ListItem","position":1,"name":"Home","item":"https:\/\/newsslash.com\/n\/"},{"@type":"ListItem","position":2,"name":"Trailer zu American Horror Story Staffel 8 ver\u00c3\u00b6ffentlicht"}]},{"@type":"WebSite","@id":"https:\/\/newsslash.com\/n\/#website","url":"https:\/\/newsslash.com\/n\/","name":"Newsslash","description":"Trending News on Movies, Series, OTT, Gaming","publisher":{"@id":"https:\/\/newsslash.com\/n\/#organization"},"potentialAction":[{"@type":"SearchAction","target":{"@type":"EntryPoint","urlTemplate":"https:\/\/newsslash.com\/n\/?s={search_term_string}"},"query-input":{"@type":"PropertyValueSpecification","valueRequired":true,"valueName":"search_term_string"}}],"inLanguage":"en-US"},{"@type":"Organization","@id":"https:\/\/newsslash.com\/n\/#organization","name":"Newsslash","url":"https:\/\/newsslash.com\/n\/","logo":{"@type":"ImageObject","inLanguage":"en-US","@id":"https:\/\/newsslash.com\/n\/#\/schema\/logo\/image\/","url":"https:\/\/newsslash.com\/n\/wp-content\/uploads\/2025\/04\/cropped-Newsslash-logo-Fevicon.png","contentUrl":"https:\/\/newsslash.com\/n\/wp-content\/uploads\/2025\/04\/cropped-Newsslash-logo-Fevicon.png","width":512,"height":512,"caption":"Newsslash"},"image":{"@id":"https:\/\/newsslash.com\/n\/#\/schema\/logo\/image\/"}},{"@type":"Person","@id":"https:\/\/newsslash.com\/n\/#\/schema\/person\/522101af9b37501b768c7dfa5cf1edad","name":"Cindy D","sameAs":["http:\/\/newsslash.com"],"url":"https:\/\/newsslash.com\/n\/author\/cindy_d\/"}]}},"_links":{"self":[{"href":"https:\/\/newsslash.com\/n\/wp-json\/wp\/v2\/posts\/16697","targetHints":{"allow":["GET"]}}],"collection":[{"href":"https:\/\/newsslash.com\/n\/wp-json\/wp\/v2\/posts"}],"about":[{"href":"https:\/\/newsslash.com\/n\/wp-json\/wp\/v2\/types\/post"}],"author":[{"embeddable":true,"href":"https:\/\/newsslash.com\/n\/wp-json\/wp\/v2\/users\/8"}],"replies":[{"embeddable":true,"href":"https:\/\/newsslash.com\/n\/wp-json\/wp\/v2\/comments?post=16697"}],"version-history":[{"count":0,"href":"https:\/\/newsslash.com\/n\/wp-json\/wp\/v2\/posts\/16697\/revisions"}],"wp:featuredmedia":[{"embeddable":true,"href":"https:\/\/newsslash.com\/n\/wp-json\/wp\/v2\/media\/21974"}],"wp:attachment":[{"href":"https:\/\/newsslash.com\/n\/wp-json\/wp\/v2\/media?parent=16697"}],"curies":[{"name":"wp","href":"https:\/\/api.w.org\/{rel}","templated":true}]}}