{"id":16706,"date":"2018-09-07T16:02:00","date_gmt":"2018-09-07T16:02:00","guid":{"rendered":"https:\/\/newsslash.com\/n\/12990-wann-kommt-pistorius-staffel-2-auf-amazon-prime-video\/"},"modified":"2018-09-07T16:02:00","modified_gmt":"2018-09-07T16:02:00","slug":"12990-wann-kommt-pistorius-staffel-2-auf-amazon-prime-video","status":"publish","type":"post","link":"https:\/\/newsslash.com\/n\/12990-wann-kommt-pistorius-staffel-2-auf-amazon-prime-video\/","title":{"rendered":"Wann kommt Pistorius Staffel 2 auf Amazon Prime Video?"},"content":{"rendered":"<p>Seit der Paralympics- und Olympia-Sprinter Oscar Pistorius seine Freundin ermordet hat, sind mittlerweile f\u00c3\u00bcnf Jahre vergangen. Seit wenigen Tagen ist nun die Dokuserie Pistorius, die sich dem spektakul\u00c3\u00a4ren Mordfall widmet, auf Amazon Prime Video verf\u00c3\u00bcgbar. Aber wann kommt Pistorius Staffel 2 auf Amazon Prime Video? Bislang wurde Pistorius noch nicht in die n\u00c3\u00a4chste Runde geschickt. Also wann kommt Pistorius Staffel 2 auf Amazon Prime Video? Diese Frage l\u00c3\u00a4sst sich zum jetzigen Zeitpunkt noch nicht beantworten. In der Regel ver\u00c3\u00b6ffentlicht Amazon die einzelnen Staffeln seiner eigenproduzierten Serien im Abstand von etwa einem Jahr. Im Fall, dass Pistorius Staffel 2 auf Amazon Prime Video kommt, gehen wir davon aus, dass die neuen Episoden im Sp\u00c3\u00a4tsommer 2019 starten k\u00c3\u00b6nnten. Vermutlich w\u00c3\u00bcrde Pistorius Staffel 2, wie bereits Staffel 1, ungef\u00c3\u00a4hr vier Episoden umfassen. <ins data-ad-client=\"ca-pub-3647021458695789\" data-ad-format=\"link\" data-ad-slot=\"7996975644\" style=\"display:block\"><\/ins> <b>Darum geht es in Pistorius:<\/b> Die Dokuserie Pistorius thematisiert nicht nur den Mord Oscar Pistorius an seiner Freundin Reeva Steenkamp, sondern auch dessen Leben. Im Laufe der einzelnen Folgen kommen unter anderem Pistorius Schwester und weitere Angeh\u00c3\u00b6rige des Paralympics-Sprinters zu Wort. Ins Zentrum der Serie von Vaughan Sivell r\u00c3\u00bccken auch die Spannungen der Gesellschaft S\u00c3\u00bcdafrikas, wo Pistorius zuhause ist. Wer w\u00c3\u00bcrde uns seine Sichtweise in Pistorius Staffel 2 schildern? Im vergangenen Jahr hat das s\u00c3\u00bcdafrikanische Fernsehen bereits einen Film \u00c3\u00bcber den spektakul\u00c3\u00a4ren Mordfall gedreht. Der Film tr\u00c3\u00a4gt den Titel \u00e2\u20ac\u017eOscar Pistorius: Blade Runner Killer\u00e2\u20ac\u0153 und hat regelrecht einen Skandal nach sich gezogen. Vor der Produktion waren weder die Angeh\u00c3\u00b6rigen Steenkamps noch die Angeh\u00c3\u00b6rigen ihres M\u00c3\u00b6rders nach einer Erlaubnis gefragt worden. <b>Wusstet ihr schon?<\/b> Zwar konnten wir die Frage, wann kommt Pistorius Staffel 2 auf Amazon Prime Video, in dieser News nicht beantworten, daf\u00c3\u00bcr haben wir aber abschlie\u00c3\u0178end noch eine Serienempfehlung f\u00c3\u00bcr euch. Wer sich gerne Dokumentationen ansieht, k\u00c3\u00b6nnte sich auch This Is Me ansehen &#8211; hier geht es um das Thema Transgender. <iframe loading=\"lazy\" allowfullscreen=\"\" frameborder=\"0\" height=\"315\" src=\"https:\/\/www.youtube-nocookie.com\/embed\/B4R7udhAxos\" width=\"100%\"><\/iframe><\/p><div class=\"newss-content\" id=\"newss-2756779531\"><script async src=\"\/\/pagead2.googlesyndication.com\/pagead\/js\/adsbygoogle.js?client=ca-pub-7733425960004873\" crossorigin=\"anonymous\"><\/script><ins class=\"adsbygoogle\" style=\"display:block;\" data-ad-client=\"ca-pub-7733425960004873\" \ndata-ad-slot=\"2582020599\" \ndata-ad-format=\"auto\"><\/ins>\n<script> \n(adsbygoogle = window.adsbygoogle || []).push({}); \n<\/script>\n<\/div><div class=\"newss-article-1\" id=\"newss-4203813058\"><script async src=\"https:\/\/pagead2.googlesyndication.com\/pagead\/js\/adsbygoogle.js?client=ca-pub-7733425960004873\"\r\n     crossorigin=\"anonymous\"><\/script>\r\n<!-- Homepage2 -->\r\n<ins class=\"adsbygoogle\"\r\n     style=\"display:block\"\r\n     data-ad-client=\"ca-pub-7733425960004873\"\r\n     data-ad-slot=\"2582020599\"\r\n     data-ad-format=\"auto\"\r\n     data-full-width-responsive=\"true\"><\/ins>\r\n<script>\r\n     (adsbygoogle = window.adsbygoogle || []).push({});\r\n<\/script><\/div>\n","protected":false},"excerpt":{"rendered":"<p>Seit wenigen Tagen ist die Dokuserie Pistorius auf Amazon verf\u00c3\u00bcgbar. Thematisiert wird der Mord des Paralympics- und&#8230; Mehr auf Newsslash.com!<\/p>\n","protected":false},"author":8,"featured_media":21974,"comment_status":"open","ping_status":"open","sticky":false,"template":"","format":"standard","meta":{"_et_pb_use_builder":"","_et_pb_old_content":"","_et_gb_content_width":"","footnotes":""},"class_list":["post-16706","post","type-post","status-publish","format-standard","has-post-thumbnail","hentry","category-blog"],"yoast_head":"<!-- This site is optimized with the Yoast SEO plugin v24.8.1 - https:\/\/yoast.com\/wordpress\/plugins\/seo\/ -->\n<title>Wann kommt Pistorius Staffel 2 auf Amazon Prime Video? - Newsslash<\/title>\n<meta name=\"robots\" content=\"noindex, follow\" \/>\n<meta property=\"og:locale\" content=\"en_US\" \/>\n<meta property=\"og:type\" content=\"article\" \/>\n<meta property=\"og:title\" content=\"Wann kommt Pistorius Staffel 2 auf Amazon Prime Video? - Newsslash\" \/>\n<meta property=\"og:description\" content=\"Seit wenigen Tagen ist die Dokuserie Pistorius auf Amazon verf\u00c3\u00bcgbar. Thematisiert wird der Mord des Paralympics- und... Mehr auf Newsslash.com!\" \/>\n<meta property=\"og:url\" content=\"https:\/\/newsslash.com\/n\/12990-wann-kommt-pistorius-staffel-2-auf-amazon-prime-video\/\" \/>\n<meta property=\"og:site_name\" content=\"Newsslash\" \/>\n<meta property=\"article:published_time\" content=\"2018-09-07T16:02:00+00:00\" \/>\n<meta property=\"og:image\" content=\"https:\/\/newsslash.com\/n\/wp-content\/uploads\/2025\/04\/NewsSlash-Featured-Image.jpg\" \/>\n\t<meta property=\"og:image:width\" content=\"1280\" \/>\n\t<meta property=\"og:image:height\" content=\"854\" \/>\n\t<meta property=\"og:image:type\" content=\"image\/jpeg\" \/>\n<meta name=\"author\" content=\"Cindy D\" \/>\n<meta name=\"twitter:card\" content=\"summary_large_image\" \/>\n<meta name=\"twitter:label1\" content=\"Written by\" \/>\n\t<meta name=\"twitter:data1\" content=\"Cindy D\" \/>\n\t<meta name=\"twitter:label2\" content=\"Est. reading time\" \/>\n\t<meta name=\"twitter:data2\" content=\"2 minutes\" \/>\n<script type=\"application\/ld+json\" class=\"yoast-schema-graph\">{\"@context\":\"https:\/\/schema.org\",\"@graph\":[{\"@type\":\"Article\",\"@id\":\"https:\/\/newsslash.com\/n\/12990-wann-kommt-pistorius-staffel-2-auf-amazon-prime-video\/#article\",\"isPartOf\":{\"@id\":\"https:\/\/newsslash.com\/n\/12990-wann-kommt-pistorius-staffel-2-auf-amazon-prime-video\/\"},\"author\":{\"name\":\"Cindy D\",\"@id\":\"https:\/\/newsslash.com\/n\/#\/schema\/person\/522101af9b37501b768c7dfa5cf1edad\"},\"headline\":\"Wann kommt Pistorius Staffel 2 auf Amazon Prime Video?\",\"datePublished\":\"2018-09-07T16:02:00+00:00\",\"mainEntityOfPage\":{\"@id\":\"https:\/\/newsslash.com\/n\/12990-wann-kommt-pistorius-staffel-2-auf-amazon-prime-video\/\"},\"wordCount\":325,\"commentCount\":0,\"publisher\":{\"@id\":\"https:\/\/newsslash.com\/n\/#organization\"},\"image\":{\"@id\":\"https:\/\/newsslash.com\/n\/12990-wann-kommt-pistorius-staffel-2-auf-amazon-prime-video\/#primaryimage\"},\"thumbnailUrl\":\"https:\/\/newsslash.com\/n\/wp-content\/uploads\/2025\/04\/NewsSlash-Featured-Image.jpg\",\"articleSection\":[\"Blog\"],\"inLanguage\":\"en-US\",\"potentialAction\":[{\"@type\":\"CommentAction\",\"name\":\"Comment\",\"target\":[\"https:\/\/newsslash.com\/n\/12990-wann-kommt-pistorius-staffel-2-auf-amazon-prime-video\/#respond\"]}]},{\"@type\":\"WebPage\",\"@id\":\"https:\/\/newsslash.com\/n\/12990-wann-kommt-pistorius-staffel-2-auf-amazon-prime-video\/\",\"url\":\"https:\/\/newsslash.com\/n\/12990-wann-kommt-pistorius-staffel-2-auf-amazon-prime-video\/\",\"name\":\"Wann kommt Pistorius Staffel 2 auf Amazon Prime Video? - Newsslash\",\"isPartOf\":{\"@id\":\"https:\/\/newsslash.com\/n\/#website\"},\"primaryImageOfPage\":{\"@id\":\"https:\/\/newsslash.com\/n\/12990-wann-kommt-pistorius-staffel-2-auf-amazon-prime-video\/#primaryimage\"},\"image\":{\"@id\":\"https:\/\/newsslash.com\/n\/12990-wann-kommt-pistorius-staffel-2-auf-amazon-prime-video\/#primaryimage\"},\"thumbnailUrl\":\"https:\/\/newsslash.com\/n\/wp-content\/uploads\/2025\/04\/NewsSlash-Featured-Image.jpg\",\"datePublished\":\"2018-09-07T16:02:00+00:00\",\"breadcrumb\":{\"@id\":\"https:\/\/newsslash.com\/n\/12990-wann-kommt-pistorius-staffel-2-auf-amazon-prime-video\/#breadcrumb\"},\"inLanguage\":\"en-US\",\"potentialAction\":[{\"@type\":\"ReadAction\",\"target\":[\"https:\/\/newsslash.com\/n\/12990-wann-kommt-pistorius-staffel-2-auf-amazon-prime-video\/\"]}]},{\"@type\":\"ImageObject\",\"inLanguage\":\"en-US\",\"@id\":\"https:\/\/newsslash.com\/n\/12990-wann-kommt-pistorius-staffel-2-auf-amazon-prime-video\/#primaryimage\",\"url\":\"https:\/\/newsslash.com\/n\/wp-content\/uploads\/2025\/04\/NewsSlash-Featured-Image.jpg\",\"contentUrl\":\"https:\/\/newsslash.com\/n\/wp-content\/uploads\/2025\/04\/NewsSlash-Featured-Image.jpg\",\"width\":1280,\"height\":854},{\"@type\":\"BreadcrumbList\",\"@id\":\"https:\/\/newsslash.com\/n\/12990-wann-kommt-pistorius-staffel-2-auf-amazon-prime-video\/#breadcrumb\",\"itemListElement\":[{\"@type\":\"ListItem\",\"position\":1,\"name\":\"Home\",\"item\":\"https:\/\/newsslash.com\/n\/\"},{\"@type\":\"ListItem\",\"position\":2,\"name\":\"Wann kommt Pistorius Staffel 2 auf Amazon Prime Video?\"}]},{\"@type\":\"WebSite\",\"@id\":\"https:\/\/newsslash.com\/n\/#website\",\"url\":\"https:\/\/newsslash.com\/n\/\",\"name\":\"Newsslash\",\"description\":\"Trending News on Movies, Series, OTT, Gaming\",\"publisher\":{\"@id\":\"https:\/\/newsslash.com\/n\/#organization\"},\"potentialAction\":[{\"@type\":\"SearchAction\",\"target\":{\"@type\":\"EntryPoint\",\"urlTemplate\":\"https:\/\/newsslash.com\/n\/?s={search_term_string}\"},\"query-input\":{\"@type\":\"PropertyValueSpecification\",\"valueRequired\":true,\"valueName\":\"search_term_string\"}}],\"inLanguage\":\"en-US\"},{\"@type\":\"Organization\",\"@id\":\"https:\/\/newsslash.com\/n\/#organization\",\"name\":\"Newsslash\",\"url\":\"https:\/\/newsslash.com\/n\/\",\"logo\":{\"@type\":\"ImageObject\",\"inLanguage\":\"en-US\",\"@id\":\"https:\/\/newsslash.com\/n\/#\/schema\/logo\/image\/\",\"url\":\"https:\/\/newsslash.com\/n\/wp-content\/uploads\/2025\/04\/cropped-Newsslash-logo-Fevicon.png\",\"contentUrl\":\"https:\/\/newsslash.com\/n\/wp-content\/uploads\/2025\/04\/cropped-Newsslash-logo-Fevicon.png\",\"width\":512,\"height\":512,\"caption\":\"Newsslash\"},\"image\":{\"@id\":\"https:\/\/newsslash.com\/n\/#\/schema\/logo\/image\/\"}},{\"@type\":\"Person\",\"@id\":\"https:\/\/newsslash.com\/n\/#\/schema\/person\/522101af9b37501b768c7dfa5cf1edad\",\"name\":\"Cindy D\",\"sameAs\":[\"http:\/\/newsslash.com\"],\"url\":\"https:\/\/newsslash.com\/n\/author\/cindy_d\/\"}]}<\/script>\n<!-- \/ Yoast SEO plugin. -->","yoast_head_json":{"title":"Wann kommt Pistorius Staffel 2 auf Amazon Prime Video? - Newsslash","robots":{"index":"noindex","follow":"follow"},"og_locale":"en_US","og_type":"article","og_title":"Wann kommt Pistorius Staffel 2 auf Amazon Prime Video? - Newsslash","og_description":"Seit wenigen Tagen ist die Dokuserie Pistorius auf Amazon verf\u00c3\u00bcgbar. Thematisiert wird der Mord des Paralympics- und... Mehr auf Newsslash.com!","og_url":"https:\/\/newsslash.com\/n\/12990-wann-kommt-pistorius-staffel-2-auf-amazon-prime-video\/","og_site_name":"Newsslash","article_published_time":"2018-09-07T16:02:00+00:00","og_image":[{"width":1280,"height":854,"url":"https:\/\/newsslash.com\/n\/wp-content\/uploads\/2025\/04\/NewsSlash-Featured-Image.jpg","type":"image\/jpeg"}],"author":"Cindy D","twitter_card":"summary_large_image","twitter_misc":{"Written by":"Cindy D","Est. reading time":"2 minutes"},"schema":{"@context":"https:\/\/schema.org","@graph":[{"@type":"Article","@id":"https:\/\/newsslash.com\/n\/12990-wann-kommt-pistorius-staffel-2-auf-amazon-prime-video\/#article","isPartOf":{"@id":"https:\/\/newsslash.com\/n\/12990-wann-kommt-pistorius-staffel-2-auf-amazon-prime-video\/"},"author":{"name":"Cindy D","@id":"https:\/\/newsslash.com\/n\/#\/schema\/person\/522101af9b37501b768c7dfa5cf1edad"},"headline":"Wann kommt Pistorius Staffel 2 auf Amazon Prime Video?","datePublished":"2018-09-07T16:02:00+00:00","mainEntityOfPage":{"@id":"https:\/\/newsslash.com\/n\/12990-wann-kommt-pistorius-staffel-2-auf-amazon-prime-video\/"},"wordCount":325,"commentCount":0,"publisher":{"@id":"https:\/\/newsslash.com\/n\/#organization"},"image":{"@id":"https:\/\/newsslash.com\/n\/12990-wann-kommt-pistorius-staffel-2-auf-amazon-prime-video\/#primaryimage"},"thumbnailUrl":"https:\/\/newsslash.com\/n\/wp-content\/uploads\/2025\/04\/NewsSlash-Featured-Image.jpg","articleSection":["Blog"],"inLanguage":"en-US","potentialAction":[{"@type":"CommentAction","name":"Comment","target":["https:\/\/newsslash.com\/n\/12990-wann-kommt-pistorius-staffel-2-auf-amazon-prime-video\/#respond"]}]},{"@type":"WebPage","@id":"https:\/\/newsslash.com\/n\/12990-wann-kommt-pistorius-staffel-2-auf-amazon-prime-video\/","url":"https:\/\/newsslash.com\/n\/12990-wann-kommt-pistorius-staffel-2-auf-amazon-prime-video\/","name":"Wann kommt Pistorius Staffel 2 auf Amazon Prime Video? - Newsslash","isPartOf":{"@id":"https:\/\/newsslash.com\/n\/#website"},"primaryImageOfPage":{"@id":"https:\/\/newsslash.com\/n\/12990-wann-kommt-pistorius-staffel-2-auf-amazon-prime-video\/#primaryimage"},"image":{"@id":"https:\/\/newsslash.com\/n\/12990-wann-kommt-pistorius-staffel-2-auf-amazon-prime-video\/#primaryimage"},"thumbnailUrl":"https:\/\/newsslash.com\/n\/wp-content\/uploads\/2025\/04\/NewsSlash-Featured-Image.jpg","datePublished":"2018-09-07T16:02:00+00:00","breadcrumb":{"@id":"https:\/\/newsslash.com\/n\/12990-wann-kommt-pistorius-staffel-2-auf-amazon-prime-video\/#breadcrumb"},"inLanguage":"en-US","potentialAction":[{"@type":"ReadAction","target":["https:\/\/newsslash.com\/n\/12990-wann-kommt-pistorius-staffel-2-auf-amazon-prime-video\/"]}]},{"@type":"ImageObject","inLanguage":"en-US","@id":"https:\/\/newsslash.com\/n\/12990-wann-kommt-pistorius-staffel-2-auf-amazon-prime-video\/#primaryimage","url":"https:\/\/newsslash.com\/n\/wp-content\/uploads\/2025\/04\/NewsSlash-Featured-Image.jpg","contentUrl":"https:\/\/newsslash.com\/n\/wp-content\/uploads\/2025\/04\/NewsSlash-Featured-Image.jpg","width":1280,"height":854},{"@type":"BreadcrumbList","@id":"https:\/\/newsslash.com\/n\/12990-wann-kommt-pistorius-staffel-2-auf-amazon-prime-video\/#breadcrumb","itemListElement":[{"@type":"ListItem","position":1,"name":"Home","item":"https:\/\/newsslash.com\/n\/"},{"@type":"ListItem","position":2,"name":"Wann kommt Pistorius Staffel 2 auf Amazon Prime Video?"}]},{"@type":"WebSite","@id":"https:\/\/newsslash.com\/n\/#website","url":"https:\/\/newsslash.com\/n\/","name":"Newsslash","description":"Trending News on Movies, Series, OTT, Gaming","publisher":{"@id":"https:\/\/newsslash.com\/n\/#organization"},"potentialAction":[{"@type":"SearchAction","target":{"@type":"EntryPoint","urlTemplate":"https:\/\/newsslash.com\/n\/?s={search_term_string}"},"query-input":{"@type":"PropertyValueSpecification","valueRequired":true,"valueName":"search_term_string"}}],"inLanguage":"en-US"},{"@type":"Organization","@id":"https:\/\/newsslash.com\/n\/#organization","name":"Newsslash","url":"https:\/\/newsslash.com\/n\/","logo":{"@type":"ImageObject","inLanguage":"en-US","@id":"https:\/\/newsslash.com\/n\/#\/schema\/logo\/image\/","url":"https:\/\/newsslash.com\/n\/wp-content\/uploads\/2025\/04\/cropped-Newsslash-logo-Fevicon.png","contentUrl":"https:\/\/newsslash.com\/n\/wp-content\/uploads\/2025\/04\/cropped-Newsslash-logo-Fevicon.png","width":512,"height":512,"caption":"Newsslash"},"image":{"@id":"https:\/\/newsslash.com\/n\/#\/schema\/logo\/image\/"}},{"@type":"Person","@id":"https:\/\/newsslash.com\/n\/#\/schema\/person\/522101af9b37501b768c7dfa5cf1edad","name":"Cindy D","sameAs":["http:\/\/newsslash.com"],"url":"https:\/\/newsslash.com\/n\/author\/cindy_d\/"}]}},"_links":{"self":[{"href":"https:\/\/newsslash.com\/n\/wp-json\/wp\/v2\/posts\/16706","targetHints":{"allow":["GET"]}}],"collection":[{"href":"https:\/\/newsslash.com\/n\/wp-json\/wp\/v2\/posts"}],"about":[{"href":"https:\/\/newsslash.com\/n\/wp-json\/wp\/v2\/types\/post"}],"author":[{"embeddable":true,"href":"https:\/\/newsslash.com\/n\/wp-json\/wp\/v2\/users\/8"}],"replies":[{"embeddable":true,"href":"https:\/\/newsslash.com\/n\/wp-json\/wp\/v2\/comments?post=16706"}],"version-history":[{"count":0,"href":"https:\/\/newsslash.com\/n\/wp-json\/wp\/v2\/posts\/16706\/revisions"}],"wp:featuredmedia":[{"embeddable":true,"href":"https:\/\/newsslash.com\/n\/wp-json\/wp\/v2\/media\/21974"}],"wp:attachment":[{"href":"https:\/\/newsslash.com\/n\/wp-json\/wp\/v2\/media?parent=16706"}],"curies":[{"name":"wp","href":"https:\/\/api.w.org\/{rel}","templated":true}]}}