{"id":16707,"date":"2018-09-07T16:04:00","date_gmt":"2018-09-07T16:04:00","guid":{"rendered":"https:\/\/newsslash.com\/n\/12991-wann-kommt-six-dreams-staffel-2-auf-amazon-prime-video\/"},"modified":"2018-09-07T16:04:00","modified_gmt":"2018-09-07T16:04:00","slug":"12991-wann-kommt-six-dreams-staffel-2-auf-amazon-prime-video","status":"publish","type":"post","link":"https:\/\/newsslash.com\/n\/12991-wann-kommt-six-dreams-staffel-2-auf-amazon-prime-video\/","title":{"rendered":"Wann kommt Six Dreams Staffel 2 auf Amazon Prime Video?"},"content":{"rendered":"<p>Mit Six Dreams hat Amazon seine erste Spanische Dokuserie ver\u00c3\u00b6ffentlicht. Im Zentrum der 1. Staffel, die insgesamt sechs Episoden umfasst, stehen sechs Akteure der spanischen Fu\u00c3\u0178balliga La Liga. Hierbei handelt es sich um drei Spieler, einen Vereinspr\u00c3\u00a4sidenten, einen Trainer und einen Sportdirektor, die in der Saison 2017\/2018 in ihrem Arbeitsalltag begleitet wurden. Aber wann kommt Six Dreams Staffel 2 auf Amazon Prime Video? Bislang wurde die Fu\u00c3\u0178ball-Dokumentation noch nicht in die n\u00c3\u00a4chste Runde geschickt. Also wann kommt Six Dreams Staffel 2 auf Amazon Prime Video? Diese Frage l\u00c3\u00a4sst sich derzeit noch nicht pr\u00c3\u00a4zise beantworten. In der Regel ver\u00c3\u00b6ffentlicht Amazon die einzelnen Staffeln seiner eigenproduzierten Serien im Abstand von etwa einem Jahr \u00e2\u20ac\u201c somit k\u00c3\u00b6nnte es sein, dass Six Dreams Staffel 2 im Sp\u00c3\u00a4tsommer 2019 auf Amazon Prime Video kommt. Nat\u00c3\u00bcrlich nur im Fall einer Verl\u00c3\u00a4ngerung. <ins data-ad-client=\"ca-pub-3647021458695789\" data-ad-format=\"link\" data-ad-slot=\"7996975644\" style=\"display:block\"><\/ins> Falls es eine weitere Staffel der Dokumentation gibt, ist anzunehmen, dass diese im Zeitraum der Fu\u00c3\u0178ballsaison 2018\/2019 gedreht wird und einen \u00c3\u00a4hnlichen Umfang wie die aktuelle 1. Staffel haben wird. Nat\u00c3\u00bcrlich wird Newsslash am Ball bleiben und umgehend berichten, sobald es Neues dazu gibt, wann Six Dreams Staffel 2 auf Amazon Prime Video kommt. <b>Darum geht es in Six Dreams:<\/b> Die Fu\u00c3\u0178ball-Dokumentation begleitet die Spieler Andr\u00c3\u00a9s Iniesta Luj\u00c3\u00a1n (FC Barcelona), Sa\u00c3\u00bal \u00c3\u2018\u00c3\u00adguez Esclapez (Atl\u00c3\u00a9tico Madrid) und I\u00c3\u00b1aki Williams (Athletico Bilbao). Doch nicht nur Fu\u00c3\u0178baller stehen im Zentrum der Serie \u00e2\u20ac\u201c auch der argentinische Trainer Eduard Berizzo (FC Sevilla), der Sportdirektor Quique S\u00c3\u00a1nchez Flores und die Vereinspr\u00c3\u00a4sidentin Amaia Gorostiza werden in der Amazon-Serie durch die Saison 2017\/2018 begleitet. <b>Wusstet ihr schon?<\/b> Da wir die Frage, wann kommt Six Dreams Staffel 2 auf Amazon Prime Video, nicht endg\u00c3\u00bcltig beantworten konnten, haben wir noch eine Empfehlung f\u00c3\u00bcr euch. Bis eventuell weitere Episoden von Six Dreams erscheinen, k\u00c3\u00b6nntet ihr euch auch die Doku \u00e2\u20ac\u017eFeld der Stars\u00e2\u20ac\u0153 ansehen. Hier geht es um das Leben der Spieler von Real Madrid, auf Amazon Prime Video sind bereits zwei Staffeln verf\u00c3\u00bcgbar. <iframe loading=\"lazy\" allowfullscreen=\"\" frameborder=\"0\" height=\"315\" src=\"https:\/\/www.youtube-nocookie.com\/embed\/8D-alqJhGGU\" width=\"100%\"><\/iframe><\/p><div class=\"newss-content\" id=\"newss-2182365853\"><script async src=\"\/\/pagead2.googlesyndication.com\/pagead\/js\/adsbygoogle.js?client=ca-pub-7733425960004873\" crossorigin=\"anonymous\"><\/script><ins class=\"adsbygoogle\" style=\"display:block;\" data-ad-client=\"ca-pub-7733425960004873\" \ndata-ad-slot=\"2582020599\" \ndata-ad-format=\"auto\"><\/ins>\n<script> \n(adsbygoogle = window.adsbygoogle || []).push({}); \n<\/script>\n<\/div><div class=\"newss-article-1\" id=\"newss-1671433169\"><script async src=\"https:\/\/pagead2.googlesyndication.com\/pagead\/js\/adsbygoogle.js?client=ca-pub-7733425960004873\"\r\n     crossorigin=\"anonymous\"><\/script>\r\n<!-- Homepage2 -->\r\n<ins class=\"adsbygoogle\"\r\n     style=\"display:block\"\r\n     data-ad-client=\"ca-pub-7733425960004873\"\r\n     data-ad-slot=\"2582020599\"\r\n     data-ad-format=\"auto\"\r\n     data-full-width-responsive=\"true\"><\/ins>\r\n<script>\r\n     (adsbygoogle = window.adsbygoogle || []).push({});\r\n<\/script><\/div>\n","protected":false},"excerpt":{"rendered":"<p>Six Dreams ist die erste spanische Dokuserie von Amazon Prime Video. Im Zentrum stehen drei Spieler, ein Trainer, ein&#8230; Mehr auf Newsslash.com!<\/p>\n","protected":false},"author":8,"featured_media":21974,"comment_status":"open","ping_status":"open","sticky":false,"template":"","format":"standard","meta":{"_et_pb_use_builder":"","_et_pb_old_content":"","_et_gb_content_width":"","footnotes":""},"class_list":["post-16707","post","type-post","status-publish","format-standard","has-post-thumbnail","hentry","category-blog"],"yoast_head":"<!-- This site is optimized with the Yoast SEO plugin v24.8.1 - https:\/\/yoast.com\/wordpress\/plugins\/seo\/ -->\n<title>Wann kommt Six Dreams Staffel 2 auf Amazon Prime Video? - Newsslash<\/title>\n<meta name=\"robots\" content=\"noindex, follow\" \/>\n<meta property=\"og:locale\" content=\"en_US\" \/>\n<meta property=\"og:type\" content=\"article\" \/>\n<meta property=\"og:title\" content=\"Wann kommt Six Dreams Staffel 2 auf Amazon Prime Video? - Newsslash\" \/>\n<meta property=\"og:description\" content=\"Six Dreams ist die erste spanische Dokuserie von Amazon Prime Video. Im Zentrum stehen drei Spieler, ein Trainer, ein... Mehr auf Newsslash.com!\" \/>\n<meta property=\"og:url\" content=\"https:\/\/newsslash.com\/n\/12991-wann-kommt-six-dreams-staffel-2-auf-amazon-prime-video\/\" \/>\n<meta property=\"og:site_name\" content=\"Newsslash\" \/>\n<meta property=\"article:published_time\" content=\"2018-09-07T16:04:00+00:00\" \/>\n<meta property=\"og:image\" content=\"https:\/\/newsslash.com\/n\/wp-content\/uploads\/2025\/04\/NewsSlash-Featured-Image.jpg\" \/>\n\t<meta property=\"og:image:width\" content=\"1280\" \/>\n\t<meta property=\"og:image:height\" content=\"854\" \/>\n\t<meta property=\"og:image:type\" content=\"image\/jpeg\" \/>\n<meta name=\"author\" content=\"Cindy D\" \/>\n<meta name=\"twitter:card\" content=\"summary_large_image\" \/>\n<meta name=\"twitter:label1\" content=\"Written by\" \/>\n\t<meta name=\"twitter:data1\" content=\"Cindy D\" \/>\n\t<meta name=\"twitter:label2\" content=\"Est. reading time\" \/>\n\t<meta name=\"twitter:data2\" content=\"2 minutes\" \/>\n<script type=\"application\/ld+json\" class=\"yoast-schema-graph\">{\"@context\":\"https:\/\/schema.org\",\"@graph\":[{\"@type\":\"Article\",\"@id\":\"https:\/\/newsslash.com\/n\/12991-wann-kommt-six-dreams-staffel-2-auf-amazon-prime-video\/#article\",\"isPartOf\":{\"@id\":\"https:\/\/newsslash.com\/n\/12991-wann-kommt-six-dreams-staffel-2-auf-amazon-prime-video\/\"},\"author\":{\"name\":\"Cindy D\",\"@id\":\"https:\/\/newsslash.com\/n\/#\/schema\/person\/522101af9b37501b768c7dfa5cf1edad\"},\"headline\":\"Wann kommt Six Dreams Staffel 2 auf Amazon Prime Video?\",\"datePublished\":\"2018-09-07T16:04:00+00:00\",\"mainEntityOfPage\":{\"@id\":\"https:\/\/newsslash.com\/n\/12991-wann-kommt-six-dreams-staffel-2-auf-amazon-prime-video\/\"},\"wordCount\":341,\"commentCount\":0,\"publisher\":{\"@id\":\"https:\/\/newsslash.com\/n\/#organization\"},\"image\":{\"@id\":\"https:\/\/newsslash.com\/n\/12991-wann-kommt-six-dreams-staffel-2-auf-amazon-prime-video\/#primaryimage\"},\"thumbnailUrl\":\"https:\/\/newsslash.com\/n\/wp-content\/uploads\/2025\/04\/NewsSlash-Featured-Image.jpg\",\"articleSection\":[\"Blog\"],\"inLanguage\":\"en-US\",\"potentialAction\":[{\"@type\":\"CommentAction\",\"name\":\"Comment\",\"target\":[\"https:\/\/newsslash.com\/n\/12991-wann-kommt-six-dreams-staffel-2-auf-amazon-prime-video\/#respond\"]}]},{\"@type\":\"WebPage\",\"@id\":\"https:\/\/newsslash.com\/n\/12991-wann-kommt-six-dreams-staffel-2-auf-amazon-prime-video\/\",\"url\":\"https:\/\/newsslash.com\/n\/12991-wann-kommt-six-dreams-staffel-2-auf-amazon-prime-video\/\",\"name\":\"Wann kommt Six Dreams Staffel 2 auf Amazon Prime Video? - Newsslash\",\"isPartOf\":{\"@id\":\"https:\/\/newsslash.com\/n\/#website\"},\"primaryImageOfPage\":{\"@id\":\"https:\/\/newsslash.com\/n\/12991-wann-kommt-six-dreams-staffel-2-auf-amazon-prime-video\/#primaryimage\"},\"image\":{\"@id\":\"https:\/\/newsslash.com\/n\/12991-wann-kommt-six-dreams-staffel-2-auf-amazon-prime-video\/#primaryimage\"},\"thumbnailUrl\":\"https:\/\/newsslash.com\/n\/wp-content\/uploads\/2025\/04\/NewsSlash-Featured-Image.jpg\",\"datePublished\":\"2018-09-07T16:04:00+00:00\",\"breadcrumb\":{\"@id\":\"https:\/\/newsslash.com\/n\/12991-wann-kommt-six-dreams-staffel-2-auf-amazon-prime-video\/#breadcrumb\"},\"inLanguage\":\"en-US\",\"potentialAction\":[{\"@type\":\"ReadAction\",\"target\":[\"https:\/\/newsslash.com\/n\/12991-wann-kommt-six-dreams-staffel-2-auf-amazon-prime-video\/\"]}]},{\"@type\":\"ImageObject\",\"inLanguage\":\"en-US\",\"@id\":\"https:\/\/newsslash.com\/n\/12991-wann-kommt-six-dreams-staffel-2-auf-amazon-prime-video\/#primaryimage\",\"url\":\"https:\/\/newsslash.com\/n\/wp-content\/uploads\/2025\/04\/NewsSlash-Featured-Image.jpg\",\"contentUrl\":\"https:\/\/newsslash.com\/n\/wp-content\/uploads\/2025\/04\/NewsSlash-Featured-Image.jpg\",\"width\":1280,\"height\":854},{\"@type\":\"BreadcrumbList\",\"@id\":\"https:\/\/newsslash.com\/n\/12991-wann-kommt-six-dreams-staffel-2-auf-amazon-prime-video\/#breadcrumb\",\"itemListElement\":[{\"@type\":\"ListItem\",\"position\":1,\"name\":\"Home\",\"item\":\"https:\/\/newsslash.com\/n\/\"},{\"@type\":\"ListItem\",\"position\":2,\"name\":\"Wann kommt Six Dreams Staffel 2 auf Amazon Prime Video?\"}]},{\"@type\":\"WebSite\",\"@id\":\"https:\/\/newsslash.com\/n\/#website\",\"url\":\"https:\/\/newsslash.com\/n\/\",\"name\":\"Newsslash\",\"description\":\"Trending News on Movies, Series, OTT, Gaming\",\"publisher\":{\"@id\":\"https:\/\/newsslash.com\/n\/#organization\"},\"potentialAction\":[{\"@type\":\"SearchAction\",\"target\":{\"@type\":\"EntryPoint\",\"urlTemplate\":\"https:\/\/newsslash.com\/n\/?s={search_term_string}\"},\"query-input\":{\"@type\":\"PropertyValueSpecification\",\"valueRequired\":true,\"valueName\":\"search_term_string\"}}],\"inLanguage\":\"en-US\"},{\"@type\":\"Organization\",\"@id\":\"https:\/\/newsslash.com\/n\/#organization\",\"name\":\"Newsslash\",\"url\":\"https:\/\/newsslash.com\/n\/\",\"logo\":{\"@type\":\"ImageObject\",\"inLanguage\":\"en-US\",\"@id\":\"https:\/\/newsslash.com\/n\/#\/schema\/logo\/image\/\",\"url\":\"https:\/\/newsslash.com\/n\/wp-content\/uploads\/2025\/04\/cropped-Newsslash-logo-Fevicon.png\",\"contentUrl\":\"https:\/\/newsslash.com\/n\/wp-content\/uploads\/2025\/04\/cropped-Newsslash-logo-Fevicon.png\",\"width\":512,\"height\":512,\"caption\":\"Newsslash\"},\"image\":{\"@id\":\"https:\/\/newsslash.com\/n\/#\/schema\/logo\/image\/\"}},{\"@type\":\"Person\",\"@id\":\"https:\/\/newsslash.com\/n\/#\/schema\/person\/522101af9b37501b768c7dfa5cf1edad\",\"name\":\"Cindy D\",\"sameAs\":[\"http:\/\/newsslash.com\"],\"url\":\"https:\/\/newsslash.com\/n\/author\/cindy_d\/\"}]}<\/script>\n<!-- \/ Yoast SEO plugin. -->","yoast_head_json":{"title":"Wann kommt Six Dreams Staffel 2 auf Amazon Prime Video? - Newsslash","robots":{"index":"noindex","follow":"follow"},"og_locale":"en_US","og_type":"article","og_title":"Wann kommt Six Dreams Staffel 2 auf Amazon Prime Video? - Newsslash","og_description":"Six Dreams ist die erste spanische Dokuserie von Amazon Prime Video. Im Zentrum stehen drei Spieler, ein Trainer, ein... Mehr auf Newsslash.com!","og_url":"https:\/\/newsslash.com\/n\/12991-wann-kommt-six-dreams-staffel-2-auf-amazon-prime-video\/","og_site_name":"Newsslash","article_published_time":"2018-09-07T16:04:00+00:00","og_image":[{"width":1280,"height":854,"url":"https:\/\/newsslash.com\/n\/wp-content\/uploads\/2025\/04\/NewsSlash-Featured-Image.jpg","type":"image\/jpeg"}],"author":"Cindy D","twitter_card":"summary_large_image","twitter_misc":{"Written by":"Cindy D","Est. reading time":"2 minutes"},"schema":{"@context":"https:\/\/schema.org","@graph":[{"@type":"Article","@id":"https:\/\/newsslash.com\/n\/12991-wann-kommt-six-dreams-staffel-2-auf-amazon-prime-video\/#article","isPartOf":{"@id":"https:\/\/newsslash.com\/n\/12991-wann-kommt-six-dreams-staffel-2-auf-amazon-prime-video\/"},"author":{"name":"Cindy D","@id":"https:\/\/newsslash.com\/n\/#\/schema\/person\/522101af9b37501b768c7dfa5cf1edad"},"headline":"Wann kommt Six Dreams Staffel 2 auf Amazon Prime Video?","datePublished":"2018-09-07T16:04:00+00:00","mainEntityOfPage":{"@id":"https:\/\/newsslash.com\/n\/12991-wann-kommt-six-dreams-staffel-2-auf-amazon-prime-video\/"},"wordCount":341,"commentCount":0,"publisher":{"@id":"https:\/\/newsslash.com\/n\/#organization"},"image":{"@id":"https:\/\/newsslash.com\/n\/12991-wann-kommt-six-dreams-staffel-2-auf-amazon-prime-video\/#primaryimage"},"thumbnailUrl":"https:\/\/newsslash.com\/n\/wp-content\/uploads\/2025\/04\/NewsSlash-Featured-Image.jpg","articleSection":["Blog"],"inLanguage":"en-US","potentialAction":[{"@type":"CommentAction","name":"Comment","target":["https:\/\/newsslash.com\/n\/12991-wann-kommt-six-dreams-staffel-2-auf-amazon-prime-video\/#respond"]}]},{"@type":"WebPage","@id":"https:\/\/newsslash.com\/n\/12991-wann-kommt-six-dreams-staffel-2-auf-amazon-prime-video\/","url":"https:\/\/newsslash.com\/n\/12991-wann-kommt-six-dreams-staffel-2-auf-amazon-prime-video\/","name":"Wann kommt Six Dreams Staffel 2 auf Amazon Prime Video? - Newsslash","isPartOf":{"@id":"https:\/\/newsslash.com\/n\/#website"},"primaryImageOfPage":{"@id":"https:\/\/newsslash.com\/n\/12991-wann-kommt-six-dreams-staffel-2-auf-amazon-prime-video\/#primaryimage"},"image":{"@id":"https:\/\/newsslash.com\/n\/12991-wann-kommt-six-dreams-staffel-2-auf-amazon-prime-video\/#primaryimage"},"thumbnailUrl":"https:\/\/newsslash.com\/n\/wp-content\/uploads\/2025\/04\/NewsSlash-Featured-Image.jpg","datePublished":"2018-09-07T16:04:00+00:00","breadcrumb":{"@id":"https:\/\/newsslash.com\/n\/12991-wann-kommt-six-dreams-staffel-2-auf-amazon-prime-video\/#breadcrumb"},"inLanguage":"en-US","potentialAction":[{"@type":"ReadAction","target":["https:\/\/newsslash.com\/n\/12991-wann-kommt-six-dreams-staffel-2-auf-amazon-prime-video\/"]}]},{"@type":"ImageObject","inLanguage":"en-US","@id":"https:\/\/newsslash.com\/n\/12991-wann-kommt-six-dreams-staffel-2-auf-amazon-prime-video\/#primaryimage","url":"https:\/\/newsslash.com\/n\/wp-content\/uploads\/2025\/04\/NewsSlash-Featured-Image.jpg","contentUrl":"https:\/\/newsslash.com\/n\/wp-content\/uploads\/2025\/04\/NewsSlash-Featured-Image.jpg","width":1280,"height":854},{"@type":"BreadcrumbList","@id":"https:\/\/newsslash.com\/n\/12991-wann-kommt-six-dreams-staffel-2-auf-amazon-prime-video\/#breadcrumb","itemListElement":[{"@type":"ListItem","position":1,"name":"Home","item":"https:\/\/newsslash.com\/n\/"},{"@type":"ListItem","position":2,"name":"Wann kommt Six Dreams Staffel 2 auf Amazon Prime Video?"}]},{"@type":"WebSite","@id":"https:\/\/newsslash.com\/n\/#website","url":"https:\/\/newsslash.com\/n\/","name":"Newsslash","description":"Trending News on Movies, Series, OTT, Gaming","publisher":{"@id":"https:\/\/newsslash.com\/n\/#organization"},"potentialAction":[{"@type":"SearchAction","target":{"@type":"EntryPoint","urlTemplate":"https:\/\/newsslash.com\/n\/?s={search_term_string}"},"query-input":{"@type":"PropertyValueSpecification","valueRequired":true,"valueName":"search_term_string"}}],"inLanguage":"en-US"},{"@type":"Organization","@id":"https:\/\/newsslash.com\/n\/#organization","name":"Newsslash","url":"https:\/\/newsslash.com\/n\/","logo":{"@type":"ImageObject","inLanguage":"en-US","@id":"https:\/\/newsslash.com\/n\/#\/schema\/logo\/image\/","url":"https:\/\/newsslash.com\/n\/wp-content\/uploads\/2025\/04\/cropped-Newsslash-logo-Fevicon.png","contentUrl":"https:\/\/newsslash.com\/n\/wp-content\/uploads\/2025\/04\/cropped-Newsslash-logo-Fevicon.png","width":512,"height":512,"caption":"Newsslash"},"image":{"@id":"https:\/\/newsslash.com\/n\/#\/schema\/logo\/image\/"}},{"@type":"Person","@id":"https:\/\/newsslash.com\/n\/#\/schema\/person\/522101af9b37501b768c7dfa5cf1edad","name":"Cindy D","sameAs":["http:\/\/newsslash.com"],"url":"https:\/\/newsslash.com\/n\/author\/cindy_d\/"}]}},"_links":{"self":[{"href":"https:\/\/newsslash.com\/n\/wp-json\/wp\/v2\/posts\/16707","targetHints":{"allow":["GET"]}}],"collection":[{"href":"https:\/\/newsslash.com\/n\/wp-json\/wp\/v2\/posts"}],"about":[{"href":"https:\/\/newsslash.com\/n\/wp-json\/wp\/v2\/types\/post"}],"author":[{"embeddable":true,"href":"https:\/\/newsslash.com\/n\/wp-json\/wp\/v2\/users\/8"}],"replies":[{"embeddable":true,"href":"https:\/\/newsslash.com\/n\/wp-json\/wp\/v2\/comments?post=16707"}],"version-history":[{"count":0,"href":"https:\/\/newsslash.com\/n\/wp-json\/wp\/v2\/posts\/16707\/revisions"}],"wp:featuredmedia":[{"embeddable":true,"href":"https:\/\/newsslash.com\/n\/wp-json\/wp\/v2\/media\/21974"}],"wp:attachment":[{"href":"https:\/\/newsslash.com\/n\/wp-json\/wp\/v2\/media?parent=16707"}],"curies":[{"name":"wp","href":"https:\/\/api.w.org\/{rel}","templated":true}]}}