{"id":16726,"date":"2018-09-19T10:30:00","date_gmt":"2018-09-19T10:30:00","guid":{"rendered":"https:\/\/newsslash.com\/n\/13010-wann-kommt-the-bold-type-staffel-3-auf-amazon-prime-video\/"},"modified":"2018-09-19T10:30:00","modified_gmt":"2018-09-19T10:30:00","slug":"13010-wann-kommt-the-bold-type-staffel-3-auf-amazon-prime-video","status":"publish","type":"post","link":"https:\/\/newsslash.com\/n\/13010-wann-kommt-the-bold-type-staffel-3-auf-amazon-prime-video\/","title":{"rendered":"Wann kommt The Bold Type Staffel 3 auf Amazon Prime Video?"},"content":{"rendered":"<p>The Bold Type \u00e2\u20ac\u201c Der Weg nach oben ist mit zehn neuen Episoden auf Amazon Prime Video zur\u00c3\u00bcck. Die Freeform-Serie basiert auf dem Leben der ehemaligen Cosmopolitan-Chefredakteurin Joanna Coles. Im Zentrum stehen drei junge Frauen, die f\u00c3\u00bcr die Zeitschrift Scarlet arbeiten. Die Dramedyserie dreht sich sowohl um das Berufsleben, als auch um das Liebesleben der Protagonistinnen. Aber wann kommt The Bold Type Staffel 3 auf Amazon Prime Video? Bislange wurde The Bold Type \u00e2\u20ac\u201c Der Weg nach oben noch nicht in die n\u00c3\u00a4chste Runde geschickt. Also wann kommt The Bold Type Staffel 3 auf Amazon Prime Video? \u00c3\u0153ber diese Frage l\u00c3\u00a4sst sich derzeit nur spekulieren. Die Verl\u00c3\u00a4ngerung um eine 2. Staffel erfolgte im Oktober, also knapp einen Monat nach der Ausstrahlung von Staffel 1. Wenn Freeform seinem Rhythmus treu bleibt, m\u00c3\u00bcsste The Bold Type also zeitnah verl\u00c3\u00a4ngert werden. Sobald es Neuigkeiten zu einer Verl\u00c3\u00a4ngerung der Serie gibt, werdet ihr umgehend auf Newsslash informiert. <ins data-ad-client=\"ca-pub-3647021458695789\" data-ad-format=\"link\" data-ad-slot=\"7996975644\" style=\"display:block\"><\/ins> Aber zur\u00c3\u00bcck zur Frage: Wann kommt The Bold Type Staffel 3 auf Amazon Prime Video? Die erste Staffel lief im Zeitraum von Ende Juni bis Anfang September 2017, Staffel 2 wurde von Mitte Juni bis Anfang August 2018 erstmals ausgestrahlt. Im Fall, dass Freeform seine Serie verl\u00c3\u00a4ngert ist davon auszugehen, dass die Premiere ungef\u00c3\u00a4hr im Juni 2019 sein k\u00c3\u00b6nnte und The Bold Type Staffel 3 in etwa einem Jahr auf Amazon Prime Video kommt. Wir werden euch diesbez\u00c3\u00bcglich nat\u00c3\u00bcrlich auf dem Laufenden halten. <b>Darum geht es in The Bold Type:<\/b> Die Freundinnen Jane Sloan (Katie Stevens), Kat Edison (Aisha Dee) und Sutton Brady (Meghann Fahy) arbeiten f\u00c3\u00bcr das internationale Frauenmagazin Scarlet. Jane wurde nach drei Jahren als Assistentin endlich zur Redakteurin bef\u00c3\u00b6rdert, Sutton arbeitet als Assistentin einer Redakteurin und Kat ist Leiterin der Social Media Abteilung. Um sich gegen die einsch\u00c3\u00bcchternden Vorgesetzten zu behaupten, unterst\u00c3\u00bctzen sich die Freundinnen gegenseitig. Gemeinsam meistern sie so die eine oder andere Herausforderung. Wir sind gespannt, was dem Trio in The Bold Type Staffel 3 bevorstehen w\u00c3\u00bcrde. <b>Tipp:<\/b> Da wir euch die Frage, wann kommt The Bold Type \u00e2\u20ac\u201c Der Weg nach oben Staffel 3 auf Amazon Prime Video nicht genau beantworten konnten, haben wir abschlie\u00c3\u0178end noch eine Serienempfehlung f\u00c3\u00bcr euch. Um die Wartezeit zu \u00c3\u00bcberbr\u00c3\u00bccken, bis eventuell The Bold Type Staffel 3 auf Amazon Prime Video kommt, k\u00c3\u00b6nntet ihr euch auch Good Girls Revolt ansehen. Hier geht es um eine Rechercheurin, die beim Magazin News oft the Week in New York arbeitet. <iframe loading=\"lazy\" allowfullscreen=\"\" frameborder=\"0\" height=\"315\" src=\"https:\/\/www.youtube-nocookie.com\/embed\/ZjllSXyZ__8\" width=\"100%\"><\/iframe><\/p><div class=\"newss-content\" id=\"newss-2470936483\"><script async src=\"\/\/pagead2.googlesyndication.com\/pagead\/js\/adsbygoogle.js?client=ca-pub-7733425960004873\" crossorigin=\"anonymous\"><\/script><ins class=\"adsbygoogle\" style=\"display:block;\" data-ad-client=\"ca-pub-7733425960004873\" \ndata-ad-slot=\"2582020599\" \ndata-ad-format=\"auto\"><\/ins>\n<script> \n(adsbygoogle = window.adsbygoogle || []).push({}); \n<\/script>\n<\/div><div class=\"newss-article-1\" id=\"newss-2816577377\"><script async src=\"https:\/\/pagead2.googlesyndication.com\/pagead\/js\/adsbygoogle.js?client=ca-pub-7733425960004873\"\r\n     crossorigin=\"anonymous\"><\/script>\r\n<!-- Homepage2 -->\r\n<ins class=\"adsbygoogle\"\r\n     style=\"display:block\"\r\n     data-ad-client=\"ca-pub-7733425960004873\"\r\n     data-ad-slot=\"2582020599\"\r\n     data-ad-format=\"auto\"\r\n     data-full-width-responsive=\"true\"><\/ins>\r\n<script>\r\n     (adsbygoogle = window.adsbygoogle || []).push({});\r\n<\/script><\/div>\n","protected":false},"excerpt":{"rendered":"<p>Kat, Sutton und Jane arbeiten f\u00c3\u00bcr das internationale Frauenmagazin Scarlet. Neben ihrer Karriere m\u00c3\u00bcssen die drei auch ihr&#8230; Mehr auf Newsslash.com!<\/p>\n","protected":false},"author":8,"featured_media":21974,"comment_status":"open","ping_status":"open","sticky":false,"template":"","format":"standard","meta":{"_et_pb_use_builder":"","_et_pb_old_content":"","_et_gb_content_width":"","footnotes":""},"class_list":["post-16726","post","type-post","status-publish","format-standard","has-post-thumbnail","hentry","category-blog"],"yoast_head":"<!-- This site is optimized with the Yoast SEO plugin v24.8.1 - https:\/\/yoast.com\/wordpress\/plugins\/seo\/ -->\n<title>Wann kommt The Bold Type Staffel 3 auf Amazon Prime Video? - Newsslash<\/title>\n<meta name=\"robots\" content=\"noindex, follow\" \/>\n<meta property=\"og:locale\" content=\"en_US\" \/>\n<meta property=\"og:type\" content=\"article\" \/>\n<meta property=\"og:title\" content=\"Wann kommt The Bold Type Staffel 3 auf Amazon Prime Video? - Newsslash\" \/>\n<meta property=\"og:description\" content=\"Kat, Sutton und Jane arbeiten f\u00c3\u00bcr das internationale Frauenmagazin Scarlet. Neben ihrer Karriere m\u00c3\u00bcssen die drei auch ihr... Mehr auf Newsslash.com!\" \/>\n<meta property=\"og:url\" content=\"https:\/\/newsslash.com\/n\/13010-wann-kommt-the-bold-type-staffel-3-auf-amazon-prime-video\/\" \/>\n<meta property=\"og:site_name\" content=\"Newsslash\" \/>\n<meta property=\"article:published_time\" content=\"2018-09-19T10:30:00+00:00\" \/>\n<meta property=\"og:image\" content=\"https:\/\/newsslash.com\/n\/wp-content\/uploads\/2025\/04\/NewsSlash-Featured-Image.jpg\" \/>\n\t<meta property=\"og:image:width\" content=\"1280\" \/>\n\t<meta property=\"og:image:height\" content=\"854\" \/>\n\t<meta property=\"og:image:type\" content=\"image\/jpeg\" \/>\n<meta name=\"author\" content=\"Cindy D\" \/>\n<meta name=\"twitter:card\" content=\"summary_large_image\" \/>\n<meta name=\"twitter:label1\" content=\"Written by\" \/>\n\t<meta name=\"twitter:data1\" content=\"Cindy D\" \/>\n\t<meta name=\"twitter:label2\" content=\"Est. reading time\" \/>\n\t<meta name=\"twitter:data2\" content=\"2 minutes\" \/>\n<script type=\"application\/ld+json\" class=\"yoast-schema-graph\">{\"@context\":\"https:\/\/schema.org\",\"@graph\":[{\"@type\":\"Article\",\"@id\":\"https:\/\/newsslash.com\/n\/13010-wann-kommt-the-bold-type-staffel-3-auf-amazon-prime-video\/#article\",\"isPartOf\":{\"@id\":\"https:\/\/newsslash.com\/n\/13010-wann-kommt-the-bold-type-staffel-3-auf-amazon-prime-video\/\"},\"author\":{\"name\":\"Cindy D\",\"@id\":\"https:\/\/newsslash.com\/n\/#\/schema\/person\/522101af9b37501b768c7dfa5cf1edad\"},\"headline\":\"Wann kommt The Bold Type Staffel 3 auf Amazon Prime Video?\",\"datePublished\":\"2018-09-19T10:30:00+00:00\",\"mainEntityOfPage\":{\"@id\":\"https:\/\/newsslash.com\/n\/13010-wann-kommt-the-bold-type-staffel-3-auf-amazon-prime-video\/\"},\"wordCount\":418,\"commentCount\":0,\"publisher\":{\"@id\":\"https:\/\/newsslash.com\/n\/#organization\"},\"image\":{\"@id\":\"https:\/\/newsslash.com\/n\/13010-wann-kommt-the-bold-type-staffel-3-auf-amazon-prime-video\/#primaryimage\"},\"thumbnailUrl\":\"https:\/\/newsslash.com\/n\/wp-content\/uploads\/2025\/04\/NewsSlash-Featured-Image.jpg\",\"articleSection\":[\"Blog\"],\"inLanguage\":\"en-US\",\"potentialAction\":[{\"@type\":\"CommentAction\",\"name\":\"Comment\",\"target\":[\"https:\/\/newsslash.com\/n\/13010-wann-kommt-the-bold-type-staffel-3-auf-amazon-prime-video\/#respond\"]}]},{\"@type\":\"WebPage\",\"@id\":\"https:\/\/newsslash.com\/n\/13010-wann-kommt-the-bold-type-staffel-3-auf-amazon-prime-video\/\",\"url\":\"https:\/\/newsslash.com\/n\/13010-wann-kommt-the-bold-type-staffel-3-auf-amazon-prime-video\/\",\"name\":\"Wann kommt The Bold Type Staffel 3 auf Amazon Prime Video? - Newsslash\",\"isPartOf\":{\"@id\":\"https:\/\/newsslash.com\/n\/#website\"},\"primaryImageOfPage\":{\"@id\":\"https:\/\/newsslash.com\/n\/13010-wann-kommt-the-bold-type-staffel-3-auf-amazon-prime-video\/#primaryimage\"},\"image\":{\"@id\":\"https:\/\/newsslash.com\/n\/13010-wann-kommt-the-bold-type-staffel-3-auf-amazon-prime-video\/#primaryimage\"},\"thumbnailUrl\":\"https:\/\/newsslash.com\/n\/wp-content\/uploads\/2025\/04\/NewsSlash-Featured-Image.jpg\",\"datePublished\":\"2018-09-19T10:30:00+00:00\",\"breadcrumb\":{\"@id\":\"https:\/\/newsslash.com\/n\/13010-wann-kommt-the-bold-type-staffel-3-auf-amazon-prime-video\/#breadcrumb\"},\"inLanguage\":\"en-US\",\"potentialAction\":[{\"@type\":\"ReadAction\",\"target\":[\"https:\/\/newsslash.com\/n\/13010-wann-kommt-the-bold-type-staffel-3-auf-amazon-prime-video\/\"]}]},{\"@type\":\"ImageObject\",\"inLanguage\":\"en-US\",\"@id\":\"https:\/\/newsslash.com\/n\/13010-wann-kommt-the-bold-type-staffel-3-auf-amazon-prime-video\/#primaryimage\",\"url\":\"https:\/\/newsslash.com\/n\/wp-content\/uploads\/2025\/04\/NewsSlash-Featured-Image.jpg\",\"contentUrl\":\"https:\/\/newsslash.com\/n\/wp-content\/uploads\/2025\/04\/NewsSlash-Featured-Image.jpg\",\"width\":1280,\"height\":854},{\"@type\":\"BreadcrumbList\",\"@id\":\"https:\/\/newsslash.com\/n\/13010-wann-kommt-the-bold-type-staffel-3-auf-amazon-prime-video\/#breadcrumb\",\"itemListElement\":[{\"@type\":\"ListItem\",\"position\":1,\"name\":\"Home\",\"item\":\"https:\/\/newsslash.com\/n\/\"},{\"@type\":\"ListItem\",\"position\":2,\"name\":\"Wann kommt The Bold Type Staffel 3 auf Amazon Prime Video?\"}]},{\"@type\":\"WebSite\",\"@id\":\"https:\/\/newsslash.com\/n\/#website\",\"url\":\"https:\/\/newsslash.com\/n\/\",\"name\":\"Newsslash\",\"description\":\"Trending News on Movies, Series, OTT, Gaming\",\"publisher\":{\"@id\":\"https:\/\/newsslash.com\/n\/#organization\"},\"potentialAction\":[{\"@type\":\"SearchAction\",\"target\":{\"@type\":\"EntryPoint\",\"urlTemplate\":\"https:\/\/newsslash.com\/n\/?s={search_term_string}\"},\"query-input\":{\"@type\":\"PropertyValueSpecification\",\"valueRequired\":true,\"valueName\":\"search_term_string\"}}],\"inLanguage\":\"en-US\"},{\"@type\":\"Organization\",\"@id\":\"https:\/\/newsslash.com\/n\/#organization\",\"name\":\"Newsslash\",\"url\":\"https:\/\/newsslash.com\/n\/\",\"logo\":{\"@type\":\"ImageObject\",\"inLanguage\":\"en-US\",\"@id\":\"https:\/\/newsslash.com\/n\/#\/schema\/logo\/image\/\",\"url\":\"https:\/\/newsslash.com\/n\/wp-content\/uploads\/2025\/04\/cropped-Newsslash-logo-Fevicon.png\",\"contentUrl\":\"https:\/\/newsslash.com\/n\/wp-content\/uploads\/2025\/04\/cropped-Newsslash-logo-Fevicon.png\",\"width\":512,\"height\":512,\"caption\":\"Newsslash\"},\"image\":{\"@id\":\"https:\/\/newsslash.com\/n\/#\/schema\/logo\/image\/\"}},{\"@type\":\"Person\",\"@id\":\"https:\/\/newsslash.com\/n\/#\/schema\/person\/522101af9b37501b768c7dfa5cf1edad\",\"name\":\"Cindy D\",\"sameAs\":[\"http:\/\/newsslash.com\"],\"url\":\"https:\/\/newsslash.com\/n\/author\/cindy_d\/\"}]}<\/script>\n<!-- \/ Yoast SEO plugin. -->","yoast_head_json":{"title":"Wann kommt The Bold Type Staffel 3 auf Amazon Prime Video? - Newsslash","robots":{"index":"noindex","follow":"follow"},"og_locale":"en_US","og_type":"article","og_title":"Wann kommt The Bold Type Staffel 3 auf Amazon Prime Video? - Newsslash","og_description":"Kat, Sutton und Jane arbeiten f\u00c3\u00bcr das internationale Frauenmagazin Scarlet. Neben ihrer Karriere m\u00c3\u00bcssen die drei auch ihr... Mehr auf Newsslash.com!","og_url":"https:\/\/newsslash.com\/n\/13010-wann-kommt-the-bold-type-staffel-3-auf-amazon-prime-video\/","og_site_name":"Newsslash","article_published_time":"2018-09-19T10:30:00+00:00","og_image":[{"width":1280,"height":854,"url":"https:\/\/newsslash.com\/n\/wp-content\/uploads\/2025\/04\/NewsSlash-Featured-Image.jpg","type":"image\/jpeg"}],"author":"Cindy D","twitter_card":"summary_large_image","twitter_misc":{"Written by":"Cindy D","Est. reading time":"2 minutes"},"schema":{"@context":"https:\/\/schema.org","@graph":[{"@type":"Article","@id":"https:\/\/newsslash.com\/n\/13010-wann-kommt-the-bold-type-staffel-3-auf-amazon-prime-video\/#article","isPartOf":{"@id":"https:\/\/newsslash.com\/n\/13010-wann-kommt-the-bold-type-staffel-3-auf-amazon-prime-video\/"},"author":{"name":"Cindy D","@id":"https:\/\/newsslash.com\/n\/#\/schema\/person\/522101af9b37501b768c7dfa5cf1edad"},"headline":"Wann kommt The Bold Type Staffel 3 auf Amazon Prime Video?","datePublished":"2018-09-19T10:30:00+00:00","mainEntityOfPage":{"@id":"https:\/\/newsslash.com\/n\/13010-wann-kommt-the-bold-type-staffel-3-auf-amazon-prime-video\/"},"wordCount":418,"commentCount":0,"publisher":{"@id":"https:\/\/newsslash.com\/n\/#organization"},"image":{"@id":"https:\/\/newsslash.com\/n\/13010-wann-kommt-the-bold-type-staffel-3-auf-amazon-prime-video\/#primaryimage"},"thumbnailUrl":"https:\/\/newsslash.com\/n\/wp-content\/uploads\/2025\/04\/NewsSlash-Featured-Image.jpg","articleSection":["Blog"],"inLanguage":"en-US","potentialAction":[{"@type":"CommentAction","name":"Comment","target":["https:\/\/newsslash.com\/n\/13010-wann-kommt-the-bold-type-staffel-3-auf-amazon-prime-video\/#respond"]}]},{"@type":"WebPage","@id":"https:\/\/newsslash.com\/n\/13010-wann-kommt-the-bold-type-staffel-3-auf-amazon-prime-video\/","url":"https:\/\/newsslash.com\/n\/13010-wann-kommt-the-bold-type-staffel-3-auf-amazon-prime-video\/","name":"Wann kommt The Bold Type Staffel 3 auf Amazon Prime Video? - Newsslash","isPartOf":{"@id":"https:\/\/newsslash.com\/n\/#website"},"primaryImageOfPage":{"@id":"https:\/\/newsslash.com\/n\/13010-wann-kommt-the-bold-type-staffel-3-auf-amazon-prime-video\/#primaryimage"},"image":{"@id":"https:\/\/newsslash.com\/n\/13010-wann-kommt-the-bold-type-staffel-3-auf-amazon-prime-video\/#primaryimage"},"thumbnailUrl":"https:\/\/newsslash.com\/n\/wp-content\/uploads\/2025\/04\/NewsSlash-Featured-Image.jpg","datePublished":"2018-09-19T10:30:00+00:00","breadcrumb":{"@id":"https:\/\/newsslash.com\/n\/13010-wann-kommt-the-bold-type-staffel-3-auf-amazon-prime-video\/#breadcrumb"},"inLanguage":"en-US","potentialAction":[{"@type":"ReadAction","target":["https:\/\/newsslash.com\/n\/13010-wann-kommt-the-bold-type-staffel-3-auf-amazon-prime-video\/"]}]},{"@type":"ImageObject","inLanguage":"en-US","@id":"https:\/\/newsslash.com\/n\/13010-wann-kommt-the-bold-type-staffel-3-auf-amazon-prime-video\/#primaryimage","url":"https:\/\/newsslash.com\/n\/wp-content\/uploads\/2025\/04\/NewsSlash-Featured-Image.jpg","contentUrl":"https:\/\/newsslash.com\/n\/wp-content\/uploads\/2025\/04\/NewsSlash-Featured-Image.jpg","width":1280,"height":854},{"@type":"BreadcrumbList","@id":"https:\/\/newsslash.com\/n\/13010-wann-kommt-the-bold-type-staffel-3-auf-amazon-prime-video\/#breadcrumb","itemListElement":[{"@type":"ListItem","position":1,"name":"Home","item":"https:\/\/newsslash.com\/n\/"},{"@type":"ListItem","position":2,"name":"Wann kommt The Bold Type Staffel 3 auf Amazon Prime Video?"}]},{"@type":"WebSite","@id":"https:\/\/newsslash.com\/n\/#website","url":"https:\/\/newsslash.com\/n\/","name":"Newsslash","description":"Trending News on Movies, Series, OTT, Gaming","publisher":{"@id":"https:\/\/newsslash.com\/n\/#organization"},"potentialAction":[{"@type":"SearchAction","target":{"@type":"EntryPoint","urlTemplate":"https:\/\/newsslash.com\/n\/?s={search_term_string}"},"query-input":{"@type":"PropertyValueSpecification","valueRequired":true,"valueName":"search_term_string"}}],"inLanguage":"en-US"},{"@type":"Organization","@id":"https:\/\/newsslash.com\/n\/#organization","name":"Newsslash","url":"https:\/\/newsslash.com\/n\/","logo":{"@type":"ImageObject","inLanguage":"en-US","@id":"https:\/\/newsslash.com\/n\/#\/schema\/logo\/image\/","url":"https:\/\/newsslash.com\/n\/wp-content\/uploads\/2025\/04\/cropped-Newsslash-logo-Fevicon.png","contentUrl":"https:\/\/newsslash.com\/n\/wp-content\/uploads\/2025\/04\/cropped-Newsslash-logo-Fevicon.png","width":512,"height":512,"caption":"Newsslash"},"image":{"@id":"https:\/\/newsslash.com\/n\/#\/schema\/logo\/image\/"}},{"@type":"Person","@id":"https:\/\/newsslash.com\/n\/#\/schema\/person\/522101af9b37501b768c7dfa5cf1edad","name":"Cindy D","sameAs":["http:\/\/newsslash.com"],"url":"https:\/\/newsslash.com\/n\/author\/cindy_d\/"}]}},"_links":{"self":[{"href":"https:\/\/newsslash.com\/n\/wp-json\/wp\/v2\/posts\/16726","targetHints":{"allow":["GET"]}}],"collection":[{"href":"https:\/\/newsslash.com\/n\/wp-json\/wp\/v2\/posts"}],"about":[{"href":"https:\/\/newsslash.com\/n\/wp-json\/wp\/v2\/types\/post"}],"author":[{"embeddable":true,"href":"https:\/\/newsslash.com\/n\/wp-json\/wp\/v2\/users\/8"}],"replies":[{"embeddable":true,"href":"https:\/\/newsslash.com\/n\/wp-json\/wp\/v2\/comments?post=16726"}],"version-history":[{"count":0,"href":"https:\/\/newsslash.com\/n\/wp-json\/wp\/v2\/posts\/16726\/revisions"}],"wp:featuredmedia":[{"embeddable":true,"href":"https:\/\/newsslash.com\/n\/wp-json\/wp\/v2\/media\/21974"}],"wp:attachment":[{"href":"https:\/\/newsslash.com\/n\/wp-json\/wp\/v2\/media?parent=16726"}],"curies":[{"name":"wp","href":"https:\/\/api.w.org\/{rel}","templated":true}]}}