{"id":16728,"date":"2018-09-11T17:18:00","date_gmt":"2018-09-11T17:18:00","guid":{"rendered":"https:\/\/newsslash.com\/n\/13012-outlander-trailer-zu-staffel-4-veroeffentlicht\/"},"modified":"2018-09-11T17:18:00","modified_gmt":"2018-09-11T17:18:00","slug":"13012-outlander-trailer-zu-staffel-4-veroeffentlicht","status":"publish","type":"post","link":"https:\/\/newsslash.com\/n\/13012-outlander-trailer-zu-staffel-4-veroeffentlicht\/","title":{"rendered":"Outlander: Trailer zu Staffel 4 ver\u00c3\u00b6ffentlicht"},"content":{"rendered":"<p>Bereits am 4. November startet die mittlerweile 4. Staffel des Historiendramas Outlander mit insgesamt 13 neuen Episoden beim Kabelsender Starz. Nun wurde ein erster offizieller Trailer zu der neuen Staffel ver\u00c3\u00b6ffentlicht, den ihr am Ende dieser News findet. Wie aus dem Trailer deutlich wird, wird es in den neuen Folgen gr\u00c3\u00b6\u00c3\u0178ere Ver\u00c3\u00a4nderungen geben, denn diese spielen in Amerika. Um die Zukunft der Historienserie m\u00c3\u00bcssen sich die Fans vorerst keine Sorgen machen, denn Outlander wurde bereits im Mai um eine 5. und 6. Staffel verl\u00c3\u00a4ngert. Der Chef des Kabelsenders Starz, Chris Albrecht, betonte au\u00c3\u0178erdem, dass es durchaus noch mehr als die bisher angek\u00c3\u00bcndigten sechs Staffeln von Outlander geben k\u00c3\u00b6nnte. Auch hier\u00c3\u00bcber wurde auf <a href=\"https:\/\/www.lightsteelblue-llama-768814.hostingersite.comn\/n\/12212-starz-bestellt-staffeln-5-und-6-der-serie-outlander\" target=\"_blank\">Newsslash<\/a> ausf\u00c3\u00bchrlich berichtet. <b>Achtung, Spoiler!<\/b> Die 4. Staffel f\u00c3\u00bchrt Jamie (Sam Heughan) nach North Carolina \u00e2\u20ac\u201c dort m\u00c3\u00b6chte er gemeinsam mit Claire (Catitriona Balfe) neu anfangen. In North Carolina angekommen treffen die beiden Tante Jocasta (Maria Doyle Kennedy) und ihren Sklaven Ulysses (Colin McFarlane). Im Laufe der Staffel macht Claire au\u00c3\u0178erdem eine r\u00c3\u00a4tselhafte Entdeckung, sie findet einen Sch\u00c3\u00a4del mit Zahnf\u00c3\u00bcllung, den es eigentlich zu dieser Zeit noch gar nicht geben d\u00c3\u00bcrfte. Handelt es sich um eine Warnung? Hier geht es zum Trailer von Outlander Staffel 4: <iframe loading=\"lazy\" allowfullscreen=\"\" frameborder=\"0\" height=\"315\" src=\"https:\/\/www.youtube-nocookie.com\/embed\/qcy2V4gIyGo\" width=\"100%\"><\/iframe><\/p><div class=\"newss-content\" id=\"newss-3222583940\"><script async src=\"\/\/pagead2.googlesyndication.com\/pagead\/js\/adsbygoogle.js?client=ca-pub-7733425960004873\" crossorigin=\"anonymous\"><\/script><ins class=\"adsbygoogle\" style=\"display:block;\" data-ad-client=\"ca-pub-7733425960004873\" \ndata-ad-slot=\"2582020599\" \ndata-ad-format=\"auto\"><\/ins>\n<script> \n(adsbygoogle = window.adsbygoogle || []).push({}); \n<\/script>\n<\/div><div class=\"newss-article-1\" id=\"newss-1245978804\"><script async src=\"https:\/\/pagead2.googlesyndication.com\/pagead\/js\/adsbygoogle.js?client=ca-pub-7733425960004873\"\r\n     crossorigin=\"anonymous\"><\/script>\r\n<!-- Homepage2 -->\r\n<ins class=\"adsbygoogle\"\r\n     style=\"display:block\"\r\n     data-ad-client=\"ca-pub-7733425960004873\"\r\n     data-ad-slot=\"2582020599\"\r\n     data-ad-format=\"auto\"\r\n     data-full-width-responsive=\"true\"><\/ins>\r\n<script>\r\n     (adsbygoogle = window.adsbygoogle || []).push({});\r\n<\/script><\/div>\n","protected":false},"excerpt":{"rendered":"<p>Um die Wartezeit bis zum Start der mittlerweile 4. Staffel von Outlander zu verk\u00c3\u00bcrzen, hat der Kabelsender Starz nun einen ersten&#8230; Mehr auf Newsslash.com!<\/p>\n","protected":false},"author":8,"featured_media":21974,"comment_status":"open","ping_status":"open","sticky":false,"template":"","format":"standard","meta":{"_et_pb_use_builder":"","_et_pb_old_content":"","_et_gb_content_width":"","footnotes":""},"class_list":["post-16728","post","type-post","status-publish","format-standard","has-post-thumbnail","hentry","category-blog"],"yoast_head":"<!-- This site is optimized with the Yoast SEO plugin v24.8.1 - https:\/\/yoast.com\/wordpress\/plugins\/seo\/ -->\n<title>Outlander: Trailer zu Staffel 4 ver\u00c3\u00b6ffentlicht - Newsslash<\/title>\n<meta name=\"robots\" content=\"noindex, follow\" \/>\n<meta property=\"og:locale\" content=\"en_US\" \/>\n<meta property=\"og:type\" content=\"article\" \/>\n<meta property=\"og:title\" content=\"Outlander: Trailer zu Staffel 4 ver\u00c3\u00b6ffentlicht - Newsslash\" \/>\n<meta property=\"og:description\" content=\"Um die Wartezeit bis zum Start der mittlerweile 4. Staffel von Outlander zu verk\u00c3\u00bcrzen, hat der Kabelsender Starz nun einen ersten... Mehr auf Newsslash.com!\" \/>\n<meta property=\"og:url\" content=\"https:\/\/newsslash.com\/n\/13012-outlander-trailer-zu-staffel-4-veroeffentlicht\/\" \/>\n<meta property=\"og:site_name\" content=\"Newsslash\" \/>\n<meta property=\"article:published_time\" content=\"2018-09-11T17:18:00+00:00\" \/>\n<meta property=\"og:image\" content=\"https:\/\/newsslash.com\/n\/wp-content\/uploads\/2025\/04\/NewsSlash-Featured-Image.jpg\" \/>\n\t<meta property=\"og:image:width\" content=\"1280\" \/>\n\t<meta property=\"og:image:height\" content=\"854\" \/>\n\t<meta property=\"og:image:type\" content=\"image\/jpeg\" \/>\n<meta name=\"author\" content=\"Cindy D\" \/>\n<meta name=\"twitter:card\" content=\"summary_large_image\" \/>\n<meta name=\"twitter:label1\" content=\"Written by\" \/>\n\t<meta name=\"twitter:data1\" content=\"Cindy D\" \/>\n\t<meta name=\"twitter:label2\" content=\"Est. reading time\" \/>\n\t<meta name=\"twitter:data2\" content=\"1 minute\" \/>\n<script type=\"application\/ld+json\" class=\"yoast-schema-graph\">{\"@context\":\"https:\/\/schema.org\",\"@graph\":[{\"@type\":\"Article\",\"@id\":\"https:\/\/newsslash.com\/n\/13012-outlander-trailer-zu-staffel-4-veroeffentlicht\/#article\",\"isPartOf\":{\"@id\":\"https:\/\/newsslash.com\/n\/13012-outlander-trailer-zu-staffel-4-veroeffentlicht\/\"},\"author\":{\"name\":\"Cindy D\",\"@id\":\"https:\/\/newsslash.com\/n\/#\/schema\/person\/522101af9b37501b768c7dfa5cf1edad\"},\"headline\":\"Outlander: Trailer zu Staffel 4 ver\u00c3\u00b6ffentlicht\",\"datePublished\":\"2018-09-11T17:18:00+00:00\",\"mainEntityOfPage\":{\"@id\":\"https:\/\/newsslash.com\/n\/13012-outlander-trailer-zu-staffel-4-veroeffentlicht\/\"},\"wordCount\":213,\"commentCount\":0,\"publisher\":{\"@id\":\"https:\/\/newsslash.com\/n\/#organization\"},\"image\":{\"@id\":\"https:\/\/newsslash.com\/n\/13012-outlander-trailer-zu-staffel-4-veroeffentlicht\/#primaryimage\"},\"thumbnailUrl\":\"https:\/\/newsslash.com\/n\/wp-content\/uploads\/2025\/04\/NewsSlash-Featured-Image.jpg\",\"articleSection\":[\"Blog\"],\"inLanguage\":\"en-US\",\"potentialAction\":[{\"@type\":\"CommentAction\",\"name\":\"Comment\",\"target\":[\"https:\/\/newsslash.com\/n\/13012-outlander-trailer-zu-staffel-4-veroeffentlicht\/#respond\"]}]},{\"@type\":\"WebPage\",\"@id\":\"https:\/\/newsslash.com\/n\/13012-outlander-trailer-zu-staffel-4-veroeffentlicht\/\",\"url\":\"https:\/\/newsslash.com\/n\/13012-outlander-trailer-zu-staffel-4-veroeffentlicht\/\",\"name\":\"Outlander: Trailer zu Staffel 4 ver\u00c3\u00b6ffentlicht - Newsslash\",\"isPartOf\":{\"@id\":\"https:\/\/newsslash.com\/n\/#website\"},\"primaryImageOfPage\":{\"@id\":\"https:\/\/newsslash.com\/n\/13012-outlander-trailer-zu-staffel-4-veroeffentlicht\/#primaryimage\"},\"image\":{\"@id\":\"https:\/\/newsslash.com\/n\/13012-outlander-trailer-zu-staffel-4-veroeffentlicht\/#primaryimage\"},\"thumbnailUrl\":\"https:\/\/newsslash.com\/n\/wp-content\/uploads\/2025\/04\/NewsSlash-Featured-Image.jpg\",\"datePublished\":\"2018-09-11T17:18:00+00:00\",\"breadcrumb\":{\"@id\":\"https:\/\/newsslash.com\/n\/13012-outlander-trailer-zu-staffel-4-veroeffentlicht\/#breadcrumb\"},\"inLanguage\":\"en-US\",\"potentialAction\":[{\"@type\":\"ReadAction\",\"target\":[\"https:\/\/newsslash.com\/n\/13012-outlander-trailer-zu-staffel-4-veroeffentlicht\/\"]}]},{\"@type\":\"ImageObject\",\"inLanguage\":\"en-US\",\"@id\":\"https:\/\/newsslash.com\/n\/13012-outlander-trailer-zu-staffel-4-veroeffentlicht\/#primaryimage\",\"url\":\"https:\/\/newsslash.com\/n\/wp-content\/uploads\/2025\/04\/NewsSlash-Featured-Image.jpg\",\"contentUrl\":\"https:\/\/newsslash.com\/n\/wp-content\/uploads\/2025\/04\/NewsSlash-Featured-Image.jpg\",\"width\":1280,\"height\":854},{\"@type\":\"BreadcrumbList\",\"@id\":\"https:\/\/newsslash.com\/n\/13012-outlander-trailer-zu-staffel-4-veroeffentlicht\/#breadcrumb\",\"itemListElement\":[{\"@type\":\"ListItem\",\"position\":1,\"name\":\"Home\",\"item\":\"https:\/\/newsslash.com\/n\/\"},{\"@type\":\"ListItem\",\"position\":2,\"name\":\"Outlander: Trailer zu Staffel 4 ver\u00c3\u00b6ffentlicht\"}]},{\"@type\":\"WebSite\",\"@id\":\"https:\/\/newsslash.com\/n\/#website\",\"url\":\"https:\/\/newsslash.com\/n\/\",\"name\":\"Newsslash\",\"description\":\"Trending News on Movies, Series, OTT, Gaming\",\"publisher\":{\"@id\":\"https:\/\/newsslash.com\/n\/#organization\"},\"potentialAction\":[{\"@type\":\"SearchAction\",\"target\":{\"@type\":\"EntryPoint\",\"urlTemplate\":\"https:\/\/newsslash.com\/n\/?s={search_term_string}\"},\"query-input\":{\"@type\":\"PropertyValueSpecification\",\"valueRequired\":true,\"valueName\":\"search_term_string\"}}],\"inLanguage\":\"en-US\"},{\"@type\":\"Organization\",\"@id\":\"https:\/\/newsslash.com\/n\/#organization\",\"name\":\"Newsslash\",\"url\":\"https:\/\/newsslash.com\/n\/\",\"logo\":{\"@type\":\"ImageObject\",\"inLanguage\":\"en-US\",\"@id\":\"https:\/\/newsslash.com\/n\/#\/schema\/logo\/image\/\",\"url\":\"https:\/\/newsslash.com\/n\/wp-content\/uploads\/2025\/04\/cropped-Newsslash-logo-Fevicon.png\",\"contentUrl\":\"https:\/\/newsslash.com\/n\/wp-content\/uploads\/2025\/04\/cropped-Newsslash-logo-Fevicon.png\",\"width\":512,\"height\":512,\"caption\":\"Newsslash\"},\"image\":{\"@id\":\"https:\/\/newsslash.com\/n\/#\/schema\/logo\/image\/\"}},{\"@type\":\"Person\",\"@id\":\"https:\/\/newsslash.com\/n\/#\/schema\/person\/522101af9b37501b768c7dfa5cf1edad\",\"name\":\"Cindy D\",\"sameAs\":[\"http:\/\/newsslash.com\"],\"url\":\"https:\/\/newsslash.com\/n\/author\/cindy_d\/\"}]}<\/script>\n<!-- \/ Yoast SEO plugin. -->","yoast_head_json":{"title":"Outlander: Trailer zu Staffel 4 ver\u00c3\u00b6ffentlicht - Newsslash","robots":{"index":"noindex","follow":"follow"},"og_locale":"en_US","og_type":"article","og_title":"Outlander: Trailer zu Staffel 4 ver\u00c3\u00b6ffentlicht - Newsslash","og_description":"Um die Wartezeit bis zum Start der mittlerweile 4. Staffel von Outlander zu verk\u00c3\u00bcrzen, hat der Kabelsender Starz nun einen ersten... Mehr auf Newsslash.com!","og_url":"https:\/\/newsslash.com\/n\/13012-outlander-trailer-zu-staffel-4-veroeffentlicht\/","og_site_name":"Newsslash","article_published_time":"2018-09-11T17:18:00+00:00","og_image":[{"width":1280,"height":854,"url":"https:\/\/newsslash.com\/n\/wp-content\/uploads\/2025\/04\/NewsSlash-Featured-Image.jpg","type":"image\/jpeg"}],"author":"Cindy D","twitter_card":"summary_large_image","twitter_misc":{"Written by":"Cindy D","Est. reading time":"1 minute"},"schema":{"@context":"https:\/\/schema.org","@graph":[{"@type":"Article","@id":"https:\/\/newsslash.com\/n\/13012-outlander-trailer-zu-staffel-4-veroeffentlicht\/#article","isPartOf":{"@id":"https:\/\/newsslash.com\/n\/13012-outlander-trailer-zu-staffel-4-veroeffentlicht\/"},"author":{"name":"Cindy D","@id":"https:\/\/newsslash.com\/n\/#\/schema\/person\/522101af9b37501b768c7dfa5cf1edad"},"headline":"Outlander: Trailer zu Staffel 4 ver\u00c3\u00b6ffentlicht","datePublished":"2018-09-11T17:18:00+00:00","mainEntityOfPage":{"@id":"https:\/\/newsslash.com\/n\/13012-outlander-trailer-zu-staffel-4-veroeffentlicht\/"},"wordCount":213,"commentCount":0,"publisher":{"@id":"https:\/\/newsslash.com\/n\/#organization"},"image":{"@id":"https:\/\/newsslash.com\/n\/13012-outlander-trailer-zu-staffel-4-veroeffentlicht\/#primaryimage"},"thumbnailUrl":"https:\/\/newsslash.com\/n\/wp-content\/uploads\/2025\/04\/NewsSlash-Featured-Image.jpg","articleSection":["Blog"],"inLanguage":"en-US","potentialAction":[{"@type":"CommentAction","name":"Comment","target":["https:\/\/newsslash.com\/n\/13012-outlander-trailer-zu-staffel-4-veroeffentlicht\/#respond"]}]},{"@type":"WebPage","@id":"https:\/\/newsslash.com\/n\/13012-outlander-trailer-zu-staffel-4-veroeffentlicht\/","url":"https:\/\/newsslash.com\/n\/13012-outlander-trailer-zu-staffel-4-veroeffentlicht\/","name":"Outlander: Trailer zu Staffel 4 ver\u00c3\u00b6ffentlicht - Newsslash","isPartOf":{"@id":"https:\/\/newsslash.com\/n\/#website"},"primaryImageOfPage":{"@id":"https:\/\/newsslash.com\/n\/13012-outlander-trailer-zu-staffel-4-veroeffentlicht\/#primaryimage"},"image":{"@id":"https:\/\/newsslash.com\/n\/13012-outlander-trailer-zu-staffel-4-veroeffentlicht\/#primaryimage"},"thumbnailUrl":"https:\/\/newsslash.com\/n\/wp-content\/uploads\/2025\/04\/NewsSlash-Featured-Image.jpg","datePublished":"2018-09-11T17:18:00+00:00","breadcrumb":{"@id":"https:\/\/newsslash.com\/n\/13012-outlander-trailer-zu-staffel-4-veroeffentlicht\/#breadcrumb"},"inLanguage":"en-US","potentialAction":[{"@type":"ReadAction","target":["https:\/\/newsslash.com\/n\/13012-outlander-trailer-zu-staffel-4-veroeffentlicht\/"]}]},{"@type":"ImageObject","inLanguage":"en-US","@id":"https:\/\/newsslash.com\/n\/13012-outlander-trailer-zu-staffel-4-veroeffentlicht\/#primaryimage","url":"https:\/\/newsslash.com\/n\/wp-content\/uploads\/2025\/04\/NewsSlash-Featured-Image.jpg","contentUrl":"https:\/\/newsslash.com\/n\/wp-content\/uploads\/2025\/04\/NewsSlash-Featured-Image.jpg","width":1280,"height":854},{"@type":"BreadcrumbList","@id":"https:\/\/newsslash.com\/n\/13012-outlander-trailer-zu-staffel-4-veroeffentlicht\/#breadcrumb","itemListElement":[{"@type":"ListItem","position":1,"name":"Home","item":"https:\/\/newsslash.com\/n\/"},{"@type":"ListItem","position":2,"name":"Outlander: Trailer zu Staffel 4 ver\u00c3\u00b6ffentlicht"}]},{"@type":"WebSite","@id":"https:\/\/newsslash.com\/n\/#website","url":"https:\/\/newsslash.com\/n\/","name":"Newsslash","description":"Trending News on Movies, Series, OTT, Gaming","publisher":{"@id":"https:\/\/newsslash.com\/n\/#organization"},"potentialAction":[{"@type":"SearchAction","target":{"@type":"EntryPoint","urlTemplate":"https:\/\/newsslash.com\/n\/?s={search_term_string}"},"query-input":{"@type":"PropertyValueSpecification","valueRequired":true,"valueName":"search_term_string"}}],"inLanguage":"en-US"},{"@type":"Organization","@id":"https:\/\/newsslash.com\/n\/#organization","name":"Newsslash","url":"https:\/\/newsslash.com\/n\/","logo":{"@type":"ImageObject","inLanguage":"en-US","@id":"https:\/\/newsslash.com\/n\/#\/schema\/logo\/image\/","url":"https:\/\/newsslash.com\/n\/wp-content\/uploads\/2025\/04\/cropped-Newsslash-logo-Fevicon.png","contentUrl":"https:\/\/newsslash.com\/n\/wp-content\/uploads\/2025\/04\/cropped-Newsslash-logo-Fevicon.png","width":512,"height":512,"caption":"Newsslash"},"image":{"@id":"https:\/\/newsslash.com\/n\/#\/schema\/logo\/image\/"}},{"@type":"Person","@id":"https:\/\/newsslash.com\/n\/#\/schema\/person\/522101af9b37501b768c7dfa5cf1edad","name":"Cindy D","sameAs":["http:\/\/newsslash.com"],"url":"https:\/\/newsslash.com\/n\/author\/cindy_d\/"}]}},"_links":{"self":[{"href":"https:\/\/newsslash.com\/n\/wp-json\/wp\/v2\/posts\/16728","targetHints":{"allow":["GET"]}}],"collection":[{"href":"https:\/\/newsslash.com\/n\/wp-json\/wp\/v2\/posts"}],"about":[{"href":"https:\/\/newsslash.com\/n\/wp-json\/wp\/v2\/types\/post"}],"author":[{"embeddable":true,"href":"https:\/\/newsslash.com\/n\/wp-json\/wp\/v2\/users\/8"}],"replies":[{"embeddable":true,"href":"https:\/\/newsslash.com\/n\/wp-json\/wp\/v2\/comments?post=16728"}],"version-history":[{"count":0,"href":"https:\/\/newsslash.com\/n\/wp-json\/wp\/v2\/posts\/16728\/revisions"}],"wp:featuredmedia":[{"embeddable":true,"href":"https:\/\/newsslash.com\/n\/wp-json\/wp\/v2\/media\/21974"}],"wp:attachment":[{"href":"https:\/\/newsslash.com\/n\/wp-json\/wp\/v2\/media?parent=16728"}],"curies":[{"name":"wp","href":"https:\/\/api.w.org\/{rel}","templated":true}]}}