{"id":16789,"date":"2018-09-20T18:36:00","date_gmt":"2018-09-20T18:36:00","guid":{"rendered":"https:\/\/newsslash.com\/n\/13067-the-marvelous-mrs-maisel-staffel-2-startet-noch-2018\/"},"modified":"2018-09-20T18:36:00","modified_gmt":"2018-09-20T18:36:00","slug":"13067-the-marvelous-mrs-maisel-staffel-2-startet-noch-2018","status":"publish","type":"post","link":"https:\/\/newsslash.com\/n\/13067-the-marvelous-mrs-maisel-staffel-2-startet-noch-2018\/","title":{"rendered":"The Marvelous Mrs. Maisel: Staffel 2 startet noch 2018"},"content":{"rendered":"<p>Wie unter anderem Deadline berichtet, hat Amy Sherman Palladino, Autorin der Dramaserie The Marvelous Mrs. Maisel, hinter den Kulissen der gestrigen Emmy-Verleihung in Los Angeles verraten, dass die 2. Staffel der Amazon-Serie noch in diesem Jahr an den Start gehen soll. Ein genaues Datum durfte die Autorin jedoch nicht preisgeben. Auch um die weitere Zukunft der Serie m\u00c3\u00bcssen sich die Fans des Dramas aus den 50er Jahren keine Gedanken machen, wie bereits auf <a href=\"https:\/\/www.lightsteelblue-llama-768814.hostingersite.comn\/n\/12272-the-marvelous-mrs-maisel-geht-in-die-3-runde\" target=\"_blank\">Newsslash<\/a> berichtet wurde, hat Amazon The Marvelous Mrs. Maisel bereits im Mai in die 3. Runde geschickt. Bei dem Erfolg der Serie ist das auch nicht weiter verwunderlich denn The Marvelous Mrs. Maisel konnte bei der gestrigen Preisverleihung mehrere Emmy Awards f\u00c3\u00bcr sich entscheiden: Amy Sherman-Palladino erhielt den Emmy f\u00c3\u00bcr die beste Regie und das beste Drehbuch einer Comedyserie, Rachel Brosnahan wurde als beste Hauptdarstellerin und Alex Borstein als beste Nebendarstellerin ausgezeichnet. The Marvelous Mrs. Maisel hat au\u00c3\u0178erdem den Emmy in der Kategorie beste Comedyserie gewonnen. Deadline zufolge ist die gesamte Comedy-\u00c3\u201era der 50er Jahre \u00e2\u20ac\u017eOz\u00e2\u20ac\u0153 f\u00c3\u00bcr Sherman Palladino. Sie betonte wie froh sie sei, dass Midge ein Charakter ist, der immer noch mitschwingt. Durch die Serie k\u00c3\u00b6nne man ins Jahr 1959 zur\u00c3\u00bcckblicken und sehen, dass Frauen zwar keine Korsetts mehr tragen aber die damaligen Probleme immer noch bestehen w\u00c3\u00bcrden. Hier findet ihr den Teaser zu The Marvelous Mrs. Maisel Staffel 2: <iframe loading=\"lazy\" allowfullscreen=\"\" frameborder=\"0\" height=\"315\" src=\"https:\/\/www.youtube-nocookie.com\/embed\/GCd29Yq4HXU\" width=\"100%\"><\/iframe><\/p><div class=\"newss-content\" id=\"newss-389057107\"><script async src=\"\/\/pagead2.googlesyndication.com\/pagead\/js\/adsbygoogle.js?client=ca-pub-7733425960004873\" crossorigin=\"anonymous\"><\/script><ins class=\"adsbygoogle\" style=\"display:block;\" data-ad-client=\"ca-pub-7733425960004873\" \ndata-ad-slot=\"2582020599\" \ndata-ad-format=\"auto\"><\/ins>\n<script> \n(adsbygoogle = window.adsbygoogle || []).push({}); \n<\/script>\n<\/div><div class=\"newss-article-1\" id=\"newss-2100557207\"><script async src=\"https:\/\/pagead2.googlesyndication.com\/pagead\/js\/adsbygoogle.js?client=ca-pub-7733425960004873\"\r\n     crossorigin=\"anonymous\"><\/script>\r\n<!-- Homepage2 -->\r\n<ins class=\"adsbygoogle\"\r\n     style=\"display:block\"\r\n     data-ad-client=\"ca-pub-7733425960004873\"\r\n     data-ad-slot=\"2582020599\"\r\n     data-ad-format=\"auto\"\r\n     data-full-width-responsive=\"true\"><\/ins>\r\n<script>\r\n     (adsbygoogle = window.adsbygoogle || []).push({});\r\n<\/script><\/div>\n","protected":false},"excerpt":{"rendered":"<p>Im Rahmen der Emmy-Verleihung in Los Angeles hat die Autorin Amy Sherman Palladino verraten, dass The Marvelous Mrs. Maisel Staffel&#8230; Mehr auf Newsslash.com!<\/p>\n","protected":false},"author":8,"featured_media":21974,"comment_status":"open","ping_status":"open","sticky":false,"template":"","format":"standard","meta":{"_et_pb_use_builder":"","_et_pb_old_content":"","_et_gb_content_width":"","footnotes":""},"class_list":["post-16789","post","type-post","status-publish","format-standard","has-post-thumbnail","hentry","category-blog"],"yoast_head":"<!-- This site is optimized with the Yoast SEO plugin v24.8.1 - https:\/\/yoast.com\/wordpress\/plugins\/seo\/ -->\n<title>The Marvelous Mrs. Maisel: Staffel 2 startet noch 2018 - Newsslash<\/title>\n<meta name=\"robots\" content=\"noindex, follow\" \/>\n<meta property=\"og:locale\" content=\"en_US\" \/>\n<meta property=\"og:type\" content=\"article\" \/>\n<meta property=\"og:title\" content=\"The Marvelous Mrs. Maisel: Staffel 2 startet noch 2018 - Newsslash\" \/>\n<meta property=\"og:description\" content=\"Im Rahmen der Emmy-Verleihung in Los Angeles hat die Autorin Amy Sherman Palladino verraten, dass The Marvelous Mrs. Maisel Staffel... Mehr auf Newsslash.com!\" \/>\n<meta property=\"og:url\" content=\"https:\/\/newsslash.com\/n\/13067-the-marvelous-mrs-maisel-staffel-2-startet-noch-2018\/\" \/>\n<meta property=\"og:site_name\" content=\"Newsslash\" \/>\n<meta property=\"article:published_time\" content=\"2018-09-20T18:36:00+00:00\" \/>\n<meta property=\"og:image\" content=\"https:\/\/newsslash.com\/n\/wp-content\/uploads\/2025\/04\/NewsSlash-Featured-Image.jpg\" \/>\n\t<meta property=\"og:image:width\" content=\"1280\" \/>\n\t<meta property=\"og:image:height\" content=\"854\" \/>\n\t<meta property=\"og:image:type\" content=\"image\/jpeg\" \/>\n<meta name=\"author\" content=\"Cindy D\" \/>\n<meta name=\"twitter:card\" content=\"summary_large_image\" \/>\n<meta name=\"twitter:label1\" content=\"Written by\" \/>\n\t<meta name=\"twitter:data1\" content=\"Cindy D\" \/>\n\t<meta name=\"twitter:label2\" content=\"Est. reading time\" \/>\n\t<meta name=\"twitter:data2\" content=\"1 minute\" \/>\n<script type=\"application\/ld+json\" class=\"yoast-schema-graph\">{\"@context\":\"https:\/\/schema.org\",\"@graph\":[{\"@type\":\"Article\",\"@id\":\"https:\/\/newsslash.com\/n\/13067-the-marvelous-mrs-maisel-staffel-2-startet-noch-2018\/#article\",\"isPartOf\":{\"@id\":\"https:\/\/newsslash.com\/n\/13067-the-marvelous-mrs-maisel-staffel-2-startet-noch-2018\/\"},\"author\":{\"name\":\"Cindy D\",\"@id\":\"https:\/\/newsslash.com\/n\/#\/schema\/person\/522101af9b37501b768c7dfa5cf1edad\"},\"headline\":\"The Marvelous Mrs. Maisel: Staffel 2 startet noch 2018\",\"datePublished\":\"2018-09-20T18:36:00+00:00\",\"mainEntityOfPage\":{\"@id\":\"https:\/\/newsslash.com\/n\/13067-the-marvelous-mrs-maisel-staffel-2-startet-noch-2018\/\"},\"wordCount\":237,\"commentCount\":0,\"publisher\":{\"@id\":\"https:\/\/newsslash.com\/n\/#organization\"},\"image\":{\"@id\":\"https:\/\/newsslash.com\/n\/13067-the-marvelous-mrs-maisel-staffel-2-startet-noch-2018\/#primaryimage\"},\"thumbnailUrl\":\"https:\/\/newsslash.com\/n\/wp-content\/uploads\/2025\/04\/NewsSlash-Featured-Image.jpg\",\"articleSection\":[\"Blog\"],\"inLanguage\":\"en-US\",\"potentialAction\":[{\"@type\":\"CommentAction\",\"name\":\"Comment\",\"target\":[\"https:\/\/newsslash.com\/n\/13067-the-marvelous-mrs-maisel-staffel-2-startet-noch-2018\/#respond\"]}]},{\"@type\":\"WebPage\",\"@id\":\"https:\/\/newsslash.com\/n\/13067-the-marvelous-mrs-maisel-staffel-2-startet-noch-2018\/\",\"url\":\"https:\/\/newsslash.com\/n\/13067-the-marvelous-mrs-maisel-staffel-2-startet-noch-2018\/\",\"name\":\"The Marvelous Mrs. Maisel: Staffel 2 startet noch 2018 - Newsslash\",\"isPartOf\":{\"@id\":\"https:\/\/newsslash.com\/n\/#website\"},\"primaryImageOfPage\":{\"@id\":\"https:\/\/newsslash.com\/n\/13067-the-marvelous-mrs-maisel-staffel-2-startet-noch-2018\/#primaryimage\"},\"image\":{\"@id\":\"https:\/\/newsslash.com\/n\/13067-the-marvelous-mrs-maisel-staffel-2-startet-noch-2018\/#primaryimage\"},\"thumbnailUrl\":\"https:\/\/newsslash.com\/n\/wp-content\/uploads\/2025\/04\/NewsSlash-Featured-Image.jpg\",\"datePublished\":\"2018-09-20T18:36:00+00:00\",\"breadcrumb\":{\"@id\":\"https:\/\/newsslash.com\/n\/13067-the-marvelous-mrs-maisel-staffel-2-startet-noch-2018\/#breadcrumb\"},\"inLanguage\":\"en-US\",\"potentialAction\":[{\"@type\":\"ReadAction\",\"target\":[\"https:\/\/newsslash.com\/n\/13067-the-marvelous-mrs-maisel-staffel-2-startet-noch-2018\/\"]}]},{\"@type\":\"ImageObject\",\"inLanguage\":\"en-US\",\"@id\":\"https:\/\/newsslash.com\/n\/13067-the-marvelous-mrs-maisel-staffel-2-startet-noch-2018\/#primaryimage\",\"url\":\"https:\/\/newsslash.com\/n\/wp-content\/uploads\/2025\/04\/NewsSlash-Featured-Image.jpg\",\"contentUrl\":\"https:\/\/newsslash.com\/n\/wp-content\/uploads\/2025\/04\/NewsSlash-Featured-Image.jpg\",\"width\":1280,\"height\":854},{\"@type\":\"BreadcrumbList\",\"@id\":\"https:\/\/newsslash.com\/n\/13067-the-marvelous-mrs-maisel-staffel-2-startet-noch-2018\/#breadcrumb\",\"itemListElement\":[{\"@type\":\"ListItem\",\"position\":1,\"name\":\"Home\",\"item\":\"https:\/\/newsslash.com\/n\/\"},{\"@type\":\"ListItem\",\"position\":2,\"name\":\"The Marvelous Mrs. Maisel: Staffel 2 startet noch 2018\"}]},{\"@type\":\"WebSite\",\"@id\":\"https:\/\/newsslash.com\/n\/#website\",\"url\":\"https:\/\/newsslash.com\/n\/\",\"name\":\"Newsslash\",\"description\":\"Trending News on Movies, Series, OTT, Gaming\",\"publisher\":{\"@id\":\"https:\/\/newsslash.com\/n\/#organization\"},\"potentialAction\":[{\"@type\":\"SearchAction\",\"target\":{\"@type\":\"EntryPoint\",\"urlTemplate\":\"https:\/\/newsslash.com\/n\/?s={search_term_string}\"},\"query-input\":{\"@type\":\"PropertyValueSpecification\",\"valueRequired\":true,\"valueName\":\"search_term_string\"}}],\"inLanguage\":\"en-US\"},{\"@type\":\"Organization\",\"@id\":\"https:\/\/newsslash.com\/n\/#organization\",\"name\":\"Newsslash\",\"url\":\"https:\/\/newsslash.com\/n\/\",\"logo\":{\"@type\":\"ImageObject\",\"inLanguage\":\"en-US\",\"@id\":\"https:\/\/newsslash.com\/n\/#\/schema\/logo\/image\/\",\"url\":\"https:\/\/newsslash.com\/n\/wp-content\/uploads\/2025\/04\/cropped-Newsslash-logo-Fevicon.png\",\"contentUrl\":\"https:\/\/newsslash.com\/n\/wp-content\/uploads\/2025\/04\/cropped-Newsslash-logo-Fevicon.png\",\"width\":512,\"height\":512,\"caption\":\"Newsslash\"},\"image\":{\"@id\":\"https:\/\/newsslash.com\/n\/#\/schema\/logo\/image\/\"}},{\"@type\":\"Person\",\"@id\":\"https:\/\/newsslash.com\/n\/#\/schema\/person\/522101af9b37501b768c7dfa5cf1edad\",\"name\":\"Cindy D\",\"sameAs\":[\"http:\/\/newsslash.com\"],\"url\":\"https:\/\/newsslash.com\/n\/author\/cindy_d\/\"}]}<\/script>\n<!-- \/ Yoast SEO plugin. -->","yoast_head_json":{"title":"The Marvelous Mrs. Maisel: Staffel 2 startet noch 2018 - Newsslash","robots":{"index":"noindex","follow":"follow"},"og_locale":"en_US","og_type":"article","og_title":"The Marvelous Mrs. Maisel: Staffel 2 startet noch 2018 - Newsslash","og_description":"Im Rahmen der Emmy-Verleihung in Los Angeles hat die Autorin Amy Sherman Palladino verraten, dass The Marvelous Mrs. Maisel Staffel... Mehr auf Newsslash.com!","og_url":"https:\/\/newsslash.com\/n\/13067-the-marvelous-mrs-maisel-staffel-2-startet-noch-2018\/","og_site_name":"Newsslash","article_published_time":"2018-09-20T18:36:00+00:00","og_image":[{"width":1280,"height":854,"url":"https:\/\/newsslash.com\/n\/wp-content\/uploads\/2025\/04\/NewsSlash-Featured-Image.jpg","type":"image\/jpeg"}],"author":"Cindy D","twitter_card":"summary_large_image","twitter_misc":{"Written by":"Cindy D","Est. reading time":"1 minute"},"schema":{"@context":"https:\/\/schema.org","@graph":[{"@type":"Article","@id":"https:\/\/newsslash.com\/n\/13067-the-marvelous-mrs-maisel-staffel-2-startet-noch-2018\/#article","isPartOf":{"@id":"https:\/\/newsslash.com\/n\/13067-the-marvelous-mrs-maisel-staffel-2-startet-noch-2018\/"},"author":{"name":"Cindy D","@id":"https:\/\/newsslash.com\/n\/#\/schema\/person\/522101af9b37501b768c7dfa5cf1edad"},"headline":"The Marvelous Mrs. Maisel: Staffel 2 startet noch 2018","datePublished":"2018-09-20T18:36:00+00:00","mainEntityOfPage":{"@id":"https:\/\/newsslash.com\/n\/13067-the-marvelous-mrs-maisel-staffel-2-startet-noch-2018\/"},"wordCount":237,"commentCount":0,"publisher":{"@id":"https:\/\/newsslash.com\/n\/#organization"},"image":{"@id":"https:\/\/newsslash.com\/n\/13067-the-marvelous-mrs-maisel-staffel-2-startet-noch-2018\/#primaryimage"},"thumbnailUrl":"https:\/\/newsslash.com\/n\/wp-content\/uploads\/2025\/04\/NewsSlash-Featured-Image.jpg","articleSection":["Blog"],"inLanguage":"en-US","potentialAction":[{"@type":"CommentAction","name":"Comment","target":["https:\/\/newsslash.com\/n\/13067-the-marvelous-mrs-maisel-staffel-2-startet-noch-2018\/#respond"]}]},{"@type":"WebPage","@id":"https:\/\/newsslash.com\/n\/13067-the-marvelous-mrs-maisel-staffel-2-startet-noch-2018\/","url":"https:\/\/newsslash.com\/n\/13067-the-marvelous-mrs-maisel-staffel-2-startet-noch-2018\/","name":"The Marvelous Mrs. Maisel: Staffel 2 startet noch 2018 - Newsslash","isPartOf":{"@id":"https:\/\/newsslash.com\/n\/#website"},"primaryImageOfPage":{"@id":"https:\/\/newsslash.com\/n\/13067-the-marvelous-mrs-maisel-staffel-2-startet-noch-2018\/#primaryimage"},"image":{"@id":"https:\/\/newsslash.com\/n\/13067-the-marvelous-mrs-maisel-staffel-2-startet-noch-2018\/#primaryimage"},"thumbnailUrl":"https:\/\/newsslash.com\/n\/wp-content\/uploads\/2025\/04\/NewsSlash-Featured-Image.jpg","datePublished":"2018-09-20T18:36:00+00:00","breadcrumb":{"@id":"https:\/\/newsslash.com\/n\/13067-the-marvelous-mrs-maisel-staffel-2-startet-noch-2018\/#breadcrumb"},"inLanguage":"en-US","potentialAction":[{"@type":"ReadAction","target":["https:\/\/newsslash.com\/n\/13067-the-marvelous-mrs-maisel-staffel-2-startet-noch-2018\/"]}]},{"@type":"ImageObject","inLanguage":"en-US","@id":"https:\/\/newsslash.com\/n\/13067-the-marvelous-mrs-maisel-staffel-2-startet-noch-2018\/#primaryimage","url":"https:\/\/newsslash.com\/n\/wp-content\/uploads\/2025\/04\/NewsSlash-Featured-Image.jpg","contentUrl":"https:\/\/newsslash.com\/n\/wp-content\/uploads\/2025\/04\/NewsSlash-Featured-Image.jpg","width":1280,"height":854},{"@type":"BreadcrumbList","@id":"https:\/\/newsslash.com\/n\/13067-the-marvelous-mrs-maisel-staffel-2-startet-noch-2018\/#breadcrumb","itemListElement":[{"@type":"ListItem","position":1,"name":"Home","item":"https:\/\/newsslash.com\/n\/"},{"@type":"ListItem","position":2,"name":"The Marvelous Mrs. Maisel: Staffel 2 startet noch 2018"}]},{"@type":"WebSite","@id":"https:\/\/newsslash.com\/n\/#website","url":"https:\/\/newsslash.com\/n\/","name":"Newsslash","description":"Trending News on Movies, Series, OTT, Gaming","publisher":{"@id":"https:\/\/newsslash.com\/n\/#organization"},"potentialAction":[{"@type":"SearchAction","target":{"@type":"EntryPoint","urlTemplate":"https:\/\/newsslash.com\/n\/?s={search_term_string}"},"query-input":{"@type":"PropertyValueSpecification","valueRequired":true,"valueName":"search_term_string"}}],"inLanguage":"en-US"},{"@type":"Organization","@id":"https:\/\/newsslash.com\/n\/#organization","name":"Newsslash","url":"https:\/\/newsslash.com\/n\/","logo":{"@type":"ImageObject","inLanguage":"en-US","@id":"https:\/\/newsslash.com\/n\/#\/schema\/logo\/image\/","url":"https:\/\/newsslash.com\/n\/wp-content\/uploads\/2025\/04\/cropped-Newsslash-logo-Fevicon.png","contentUrl":"https:\/\/newsslash.com\/n\/wp-content\/uploads\/2025\/04\/cropped-Newsslash-logo-Fevicon.png","width":512,"height":512,"caption":"Newsslash"},"image":{"@id":"https:\/\/newsslash.com\/n\/#\/schema\/logo\/image\/"}},{"@type":"Person","@id":"https:\/\/newsslash.com\/n\/#\/schema\/person\/522101af9b37501b768c7dfa5cf1edad","name":"Cindy D","sameAs":["http:\/\/newsslash.com"],"url":"https:\/\/newsslash.com\/n\/author\/cindy_d\/"}]}},"_links":{"self":[{"href":"https:\/\/newsslash.com\/n\/wp-json\/wp\/v2\/posts\/16789","targetHints":{"allow":["GET"]}}],"collection":[{"href":"https:\/\/newsslash.com\/n\/wp-json\/wp\/v2\/posts"}],"about":[{"href":"https:\/\/newsslash.com\/n\/wp-json\/wp\/v2\/types\/post"}],"author":[{"embeddable":true,"href":"https:\/\/newsslash.com\/n\/wp-json\/wp\/v2\/users\/8"}],"replies":[{"embeddable":true,"href":"https:\/\/newsslash.com\/n\/wp-json\/wp\/v2\/comments?post=16789"}],"version-history":[{"count":0,"href":"https:\/\/newsslash.com\/n\/wp-json\/wp\/v2\/posts\/16789\/revisions"}],"wp:featuredmedia":[{"embeddable":true,"href":"https:\/\/newsslash.com\/n\/wp-json\/wp\/v2\/media\/21974"}],"wp:attachment":[{"href":"https:\/\/newsslash.com\/n\/wp-json\/wp\/v2\/media?parent=16789"}],"curies":[{"name":"wp","href":"https:\/\/api.w.org\/{rel}","templated":true}]}}