{"id":16792,"date":"2018-09-21T18:16:00","date_gmt":"2018-09-21T18:16:00","guid":{"rendered":"https:\/\/newsslash.com\/n\/13070-netflix-kuendigt-realfilm-zur-serie-avatar-the-last-airbender-an\/"},"modified":"2018-09-21T18:16:00","modified_gmt":"2018-09-21T18:16:00","slug":"13070-netflix-kuendigt-realfilm-zur-serie-avatar-the-last-airbender-an","status":"publish","type":"post","link":"https:\/\/newsslash.com\/n\/13070-netflix-kuendigt-realfilm-zur-serie-avatar-the-last-airbender-an\/","title":{"rendered":"Netflix k\u00c3\u00bcndigt Realfilm zur Serie Avatar: The Last Airb&#8230;"},"content":{"rendered":"<p>Wie unter anderem The Verge berichtet, hat Netflix einen neuen Realfilm in Auftrag gegeben. Dieser basiert auf der Animationsserie Avatar: The Last Airbender, der Start der Produktion ist f\u00c3\u00bcr das kommende Jahr angesetzt. Urspr\u00c3\u00bcnglich wurde die Serie im Zeitraum von 2005 bis 2008 auf Nickelodeon ausgestrahlt, der Sender wird sich auch an der Produktion der Serie beteiligen. Als Executive Producer werden Michael DiMartino und Bryan Konietzko fungieren. Im Zentrum von Avatar: The Last Airbender steht der kleine Junge Aang. Er hat die F\u00c3\u00a4higkeit, die vier Elemente zu kontrollieren. Diese Gabe muss er auch zeitnah einsetzen, denn im Kampf gegen einen tyrannischen B\u00c3\u00b6sewicht gilt es, die vier Nationen von Elementarkriegern zu vereinen. Laut The Verge seien DiMartino und Konietzko begeistert von der M\u00c3\u00b6glichkeit eine Live-Action-Adaption von Avatar: The Last Airbender zu produzieren. Die beiden k\u00c3\u00b6nnen es kaum erwarten, Aangs Welt so zu realisieren, wie sie es sich immer vorgestellt haben. Die Verfilmung sei eine einmalige Chance auf die gro\u00c3\u0178artige Arbeit an der urspr\u00c3\u00bcnglichen Zeichentrickserie aufzubauen und einen noch tieferen Einblick in die Geschichte, die Charaktere und die Action zu bekommen.<\/p><div class=\"newss-content\" id=\"newss-3955738610\"><script async src=\"\/\/pagead2.googlesyndication.com\/pagead\/js\/adsbygoogle.js?client=ca-pub-7733425960004873\" crossorigin=\"anonymous\"><\/script><ins class=\"adsbygoogle\" style=\"display:block;\" data-ad-client=\"ca-pub-7733425960004873\" \ndata-ad-slot=\"2582020599\" \ndata-ad-format=\"auto\"><\/ins>\n<script> \n(adsbygoogle = window.adsbygoogle || []).push({}); \n<\/script>\n<\/div><div class=\"newss-article-1\" id=\"newss-1602318123\"><script async src=\"https:\/\/pagead2.googlesyndication.com\/pagead\/js\/adsbygoogle.js?client=ca-pub-7733425960004873\"\r\n     crossorigin=\"anonymous\"><\/script>\r\n<!-- Homepage2 -->\r\n<ins class=\"adsbygoogle\"\r\n     style=\"display:block\"\r\n     data-ad-client=\"ca-pub-7733425960004873\"\r\n     data-ad-slot=\"2582020599\"\r\n     data-ad-format=\"auto\"\r\n     data-full-width-responsive=\"true\"><\/ins>\r\n<script>\r\n     (adsbygoogle = window.adsbygoogle || []).push({});\r\n<\/script><\/div>\n","protected":false},"excerpt":{"rendered":"<p>Der VoD-Anbieter hat einen Realfilm zu der Animationsserie Avatar: The Last Airbender angek\u00c3\u00bcndigt. Das Projekt soll gemeinsam mit&#8230; Mehr auf Newsslash.com!<\/p>\n","protected":false},"author":8,"featured_media":16760,"comment_status":"open","ping_status":"open","sticky":false,"template":"","format":"standard","meta":{"_et_pb_use_builder":"","_et_pb_old_content":"","_et_gb_content_width":"","footnotes":""},"class_list":["post-16792","post","type-post","status-publish","format-standard","has-post-thumbnail","hentry","category-blog"],"yoast_head":"<!-- This site is optimized with the Yoast SEO plugin v24.8.1 - https:\/\/yoast.com\/wordpress\/plugins\/seo\/ -->\n<title>Netflix k\u00c3\u00bcndigt Realfilm zur Serie Avatar: The Last Airb... - Newsslash<\/title>\n<meta name=\"robots\" content=\"noindex, follow\" \/>\n<meta property=\"og:locale\" content=\"en_US\" \/>\n<meta property=\"og:type\" content=\"article\" \/>\n<meta property=\"og:title\" content=\"Netflix k\u00c3\u00bcndigt Realfilm zur Serie Avatar: The Last Airb... - Newsslash\" \/>\n<meta property=\"og:description\" content=\"Der VoD-Anbieter hat einen Realfilm zu der Animationsserie Avatar: The Last Airbender angek\u00c3\u00bcndigt. Das Projekt soll gemeinsam mit... Mehr auf Newsslash.com!\" \/>\n<meta property=\"og:url\" content=\"https:\/\/newsslash.com\/n\/13070-netflix-kuendigt-realfilm-zur-serie-avatar-the-last-airbender-an\/\" \/>\n<meta property=\"og:site_name\" content=\"Newsslash\" \/>\n<meta property=\"article:published_time\" content=\"2018-09-21T18:16:00+00:00\" \/>\n<meta property=\"og:image\" content=\"https:\/\/newsslash.com\/n\/wp-content\/uploads\/2025\/04\/teaser_img_13070.jpg\" \/>\n\t<meta property=\"og:image:width\" content=\"617\" \/>\n\t<meta property=\"og:image:height\" content=\"349\" \/>\n\t<meta property=\"og:image:type\" content=\"image\/jpeg\" \/>\n<meta name=\"author\" content=\"Cindy D\" \/>\n<meta name=\"twitter:card\" content=\"summary_large_image\" \/>\n<meta name=\"twitter:label1\" content=\"Written by\" \/>\n\t<meta name=\"twitter:data1\" content=\"Cindy D\" \/>\n\t<meta name=\"twitter:label2\" content=\"Est. reading time\" \/>\n\t<meta name=\"twitter:data2\" content=\"1 minute\" \/>\n<script type=\"application\/ld+json\" class=\"yoast-schema-graph\">{\"@context\":\"https:\/\/schema.org\",\"@graph\":[{\"@type\":\"Article\",\"@id\":\"https:\/\/newsslash.com\/n\/13070-netflix-kuendigt-realfilm-zur-serie-avatar-the-last-airbender-an\/#article\",\"isPartOf\":{\"@id\":\"https:\/\/newsslash.com\/n\/13070-netflix-kuendigt-realfilm-zur-serie-avatar-the-last-airbender-an\/\"},\"author\":{\"name\":\"Cindy D\",\"@id\":\"https:\/\/newsslash.com\/n\/#\/schema\/person\/522101af9b37501b768c7dfa5cf1edad\"},\"headline\":\"Netflix k\u00c3\u00bcndigt Realfilm zur Serie Avatar: The Last Airb&#8230;\",\"datePublished\":\"2018-09-21T18:16:00+00:00\",\"mainEntityOfPage\":{\"@id\":\"https:\/\/newsslash.com\/n\/13070-netflix-kuendigt-realfilm-zur-serie-avatar-the-last-airbender-an\/\"},\"wordCount\":195,\"commentCount\":0,\"publisher\":{\"@id\":\"https:\/\/newsslash.com\/n\/#organization\"},\"image\":{\"@id\":\"https:\/\/newsslash.com\/n\/13070-netflix-kuendigt-realfilm-zur-serie-avatar-the-last-airbender-an\/#primaryimage\"},\"thumbnailUrl\":\"https:\/\/newsslash.com\/n\/wp-content\/uploads\/2025\/04\/teaser_img_13070.jpg\",\"articleSection\":[\"Blog\"],\"inLanguage\":\"en-US\",\"potentialAction\":[{\"@type\":\"CommentAction\",\"name\":\"Comment\",\"target\":[\"https:\/\/newsslash.com\/n\/13070-netflix-kuendigt-realfilm-zur-serie-avatar-the-last-airbender-an\/#respond\"]}]},{\"@type\":\"WebPage\",\"@id\":\"https:\/\/newsslash.com\/n\/13070-netflix-kuendigt-realfilm-zur-serie-avatar-the-last-airbender-an\/\",\"url\":\"https:\/\/newsslash.com\/n\/13070-netflix-kuendigt-realfilm-zur-serie-avatar-the-last-airbender-an\/\",\"name\":\"Netflix k\u00c3\u00bcndigt Realfilm zur Serie Avatar: The Last Airb... - Newsslash\",\"isPartOf\":{\"@id\":\"https:\/\/newsslash.com\/n\/#website\"},\"primaryImageOfPage\":{\"@id\":\"https:\/\/newsslash.com\/n\/13070-netflix-kuendigt-realfilm-zur-serie-avatar-the-last-airbender-an\/#primaryimage\"},\"image\":{\"@id\":\"https:\/\/newsslash.com\/n\/13070-netflix-kuendigt-realfilm-zur-serie-avatar-the-last-airbender-an\/#primaryimage\"},\"thumbnailUrl\":\"https:\/\/newsslash.com\/n\/wp-content\/uploads\/2025\/04\/teaser_img_13070.jpg\",\"datePublished\":\"2018-09-21T18:16:00+00:00\",\"breadcrumb\":{\"@id\":\"https:\/\/newsslash.com\/n\/13070-netflix-kuendigt-realfilm-zur-serie-avatar-the-last-airbender-an\/#breadcrumb\"},\"inLanguage\":\"en-US\",\"potentialAction\":[{\"@type\":\"ReadAction\",\"target\":[\"https:\/\/newsslash.com\/n\/13070-netflix-kuendigt-realfilm-zur-serie-avatar-the-last-airbender-an\/\"]}]},{\"@type\":\"ImageObject\",\"inLanguage\":\"en-US\",\"@id\":\"https:\/\/newsslash.com\/n\/13070-netflix-kuendigt-realfilm-zur-serie-avatar-the-last-airbender-an\/#primaryimage\",\"url\":\"https:\/\/newsslash.com\/n\/wp-content\/uploads\/2025\/04\/teaser_img_13070.jpg\",\"contentUrl\":\"https:\/\/newsslash.com\/n\/wp-content\/uploads\/2025\/04\/teaser_img_13070.jpg\",\"width\":617,\"height\":349},{\"@type\":\"BreadcrumbList\",\"@id\":\"https:\/\/newsslash.com\/n\/13070-netflix-kuendigt-realfilm-zur-serie-avatar-the-last-airbender-an\/#breadcrumb\",\"itemListElement\":[{\"@type\":\"ListItem\",\"position\":1,\"name\":\"Home\",\"item\":\"https:\/\/newsslash.com\/n\/\"},{\"@type\":\"ListItem\",\"position\":2,\"name\":\"Netflix k\u00c3\u00bcndigt Realfilm zur Serie Avatar: The Last Airb&#8230;\"}]},{\"@type\":\"WebSite\",\"@id\":\"https:\/\/newsslash.com\/n\/#website\",\"url\":\"https:\/\/newsslash.com\/n\/\",\"name\":\"Newsslash\",\"description\":\"Trending News on Movies, Series, OTT, Gaming\",\"publisher\":{\"@id\":\"https:\/\/newsslash.com\/n\/#organization\"},\"potentialAction\":[{\"@type\":\"SearchAction\",\"target\":{\"@type\":\"EntryPoint\",\"urlTemplate\":\"https:\/\/newsslash.com\/n\/?s={search_term_string}\"},\"query-input\":{\"@type\":\"PropertyValueSpecification\",\"valueRequired\":true,\"valueName\":\"search_term_string\"}}],\"inLanguage\":\"en-US\"},{\"@type\":\"Organization\",\"@id\":\"https:\/\/newsslash.com\/n\/#organization\",\"name\":\"Newsslash\",\"url\":\"https:\/\/newsslash.com\/n\/\",\"logo\":{\"@type\":\"ImageObject\",\"inLanguage\":\"en-US\",\"@id\":\"https:\/\/newsslash.com\/n\/#\/schema\/logo\/image\/\",\"url\":\"https:\/\/newsslash.com\/n\/wp-content\/uploads\/2025\/04\/cropped-Newsslash-logo-Fevicon.png\",\"contentUrl\":\"https:\/\/newsslash.com\/n\/wp-content\/uploads\/2025\/04\/cropped-Newsslash-logo-Fevicon.png\",\"width\":512,\"height\":512,\"caption\":\"Newsslash\"},\"image\":{\"@id\":\"https:\/\/newsslash.com\/n\/#\/schema\/logo\/image\/\"}},{\"@type\":\"Person\",\"@id\":\"https:\/\/newsslash.com\/n\/#\/schema\/person\/522101af9b37501b768c7dfa5cf1edad\",\"name\":\"Cindy D\",\"sameAs\":[\"http:\/\/newsslash.com\"],\"url\":\"https:\/\/newsslash.com\/n\/author\/cindy_d\/\"}]}<\/script>\n<!-- \/ Yoast SEO plugin. -->","yoast_head_json":{"title":"Netflix k\u00c3\u00bcndigt Realfilm zur Serie Avatar: The Last Airb... - Newsslash","robots":{"index":"noindex","follow":"follow"},"og_locale":"en_US","og_type":"article","og_title":"Netflix k\u00c3\u00bcndigt Realfilm zur Serie Avatar: The Last Airb... - Newsslash","og_description":"Der VoD-Anbieter hat einen Realfilm zu der Animationsserie Avatar: The Last Airbender angek\u00c3\u00bcndigt. Das Projekt soll gemeinsam mit... Mehr auf Newsslash.com!","og_url":"https:\/\/newsslash.com\/n\/13070-netflix-kuendigt-realfilm-zur-serie-avatar-the-last-airbender-an\/","og_site_name":"Newsslash","article_published_time":"2018-09-21T18:16:00+00:00","og_image":[{"width":617,"height":349,"url":"https:\/\/newsslash.com\/n\/wp-content\/uploads\/2025\/04\/teaser_img_13070.jpg","type":"image\/jpeg"}],"author":"Cindy D","twitter_card":"summary_large_image","twitter_misc":{"Written by":"Cindy D","Est. reading time":"1 minute"},"schema":{"@context":"https:\/\/schema.org","@graph":[{"@type":"Article","@id":"https:\/\/newsslash.com\/n\/13070-netflix-kuendigt-realfilm-zur-serie-avatar-the-last-airbender-an\/#article","isPartOf":{"@id":"https:\/\/newsslash.com\/n\/13070-netflix-kuendigt-realfilm-zur-serie-avatar-the-last-airbender-an\/"},"author":{"name":"Cindy D","@id":"https:\/\/newsslash.com\/n\/#\/schema\/person\/522101af9b37501b768c7dfa5cf1edad"},"headline":"Netflix k\u00c3\u00bcndigt Realfilm zur Serie Avatar: The Last Airb&#8230;","datePublished":"2018-09-21T18:16:00+00:00","mainEntityOfPage":{"@id":"https:\/\/newsslash.com\/n\/13070-netflix-kuendigt-realfilm-zur-serie-avatar-the-last-airbender-an\/"},"wordCount":195,"commentCount":0,"publisher":{"@id":"https:\/\/newsslash.com\/n\/#organization"},"image":{"@id":"https:\/\/newsslash.com\/n\/13070-netflix-kuendigt-realfilm-zur-serie-avatar-the-last-airbender-an\/#primaryimage"},"thumbnailUrl":"https:\/\/newsslash.com\/n\/wp-content\/uploads\/2025\/04\/teaser_img_13070.jpg","articleSection":["Blog"],"inLanguage":"en-US","potentialAction":[{"@type":"CommentAction","name":"Comment","target":["https:\/\/newsslash.com\/n\/13070-netflix-kuendigt-realfilm-zur-serie-avatar-the-last-airbender-an\/#respond"]}]},{"@type":"WebPage","@id":"https:\/\/newsslash.com\/n\/13070-netflix-kuendigt-realfilm-zur-serie-avatar-the-last-airbender-an\/","url":"https:\/\/newsslash.com\/n\/13070-netflix-kuendigt-realfilm-zur-serie-avatar-the-last-airbender-an\/","name":"Netflix k\u00c3\u00bcndigt Realfilm zur Serie Avatar: The Last Airb... - Newsslash","isPartOf":{"@id":"https:\/\/newsslash.com\/n\/#website"},"primaryImageOfPage":{"@id":"https:\/\/newsslash.com\/n\/13070-netflix-kuendigt-realfilm-zur-serie-avatar-the-last-airbender-an\/#primaryimage"},"image":{"@id":"https:\/\/newsslash.com\/n\/13070-netflix-kuendigt-realfilm-zur-serie-avatar-the-last-airbender-an\/#primaryimage"},"thumbnailUrl":"https:\/\/newsslash.com\/n\/wp-content\/uploads\/2025\/04\/teaser_img_13070.jpg","datePublished":"2018-09-21T18:16:00+00:00","breadcrumb":{"@id":"https:\/\/newsslash.com\/n\/13070-netflix-kuendigt-realfilm-zur-serie-avatar-the-last-airbender-an\/#breadcrumb"},"inLanguage":"en-US","potentialAction":[{"@type":"ReadAction","target":["https:\/\/newsslash.com\/n\/13070-netflix-kuendigt-realfilm-zur-serie-avatar-the-last-airbender-an\/"]}]},{"@type":"ImageObject","inLanguage":"en-US","@id":"https:\/\/newsslash.com\/n\/13070-netflix-kuendigt-realfilm-zur-serie-avatar-the-last-airbender-an\/#primaryimage","url":"https:\/\/newsslash.com\/n\/wp-content\/uploads\/2025\/04\/teaser_img_13070.jpg","contentUrl":"https:\/\/newsslash.com\/n\/wp-content\/uploads\/2025\/04\/teaser_img_13070.jpg","width":617,"height":349},{"@type":"BreadcrumbList","@id":"https:\/\/newsslash.com\/n\/13070-netflix-kuendigt-realfilm-zur-serie-avatar-the-last-airbender-an\/#breadcrumb","itemListElement":[{"@type":"ListItem","position":1,"name":"Home","item":"https:\/\/newsslash.com\/n\/"},{"@type":"ListItem","position":2,"name":"Netflix k\u00c3\u00bcndigt Realfilm zur Serie Avatar: The Last Airb&#8230;"}]},{"@type":"WebSite","@id":"https:\/\/newsslash.com\/n\/#website","url":"https:\/\/newsslash.com\/n\/","name":"Newsslash","description":"Trending News on Movies, Series, OTT, Gaming","publisher":{"@id":"https:\/\/newsslash.com\/n\/#organization"},"potentialAction":[{"@type":"SearchAction","target":{"@type":"EntryPoint","urlTemplate":"https:\/\/newsslash.com\/n\/?s={search_term_string}"},"query-input":{"@type":"PropertyValueSpecification","valueRequired":true,"valueName":"search_term_string"}}],"inLanguage":"en-US"},{"@type":"Organization","@id":"https:\/\/newsslash.com\/n\/#organization","name":"Newsslash","url":"https:\/\/newsslash.com\/n\/","logo":{"@type":"ImageObject","inLanguage":"en-US","@id":"https:\/\/newsslash.com\/n\/#\/schema\/logo\/image\/","url":"https:\/\/newsslash.com\/n\/wp-content\/uploads\/2025\/04\/cropped-Newsslash-logo-Fevicon.png","contentUrl":"https:\/\/newsslash.com\/n\/wp-content\/uploads\/2025\/04\/cropped-Newsslash-logo-Fevicon.png","width":512,"height":512,"caption":"Newsslash"},"image":{"@id":"https:\/\/newsslash.com\/n\/#\/schema\/logo\/image\/"}},{"@type":"Person","@id":"https:\/\/newsslash.com\/n\/#\/schema\/person\/522101af9b37501b768c7dfa5cf1edad","name":"Cindy D","sameAs":["http:\/\/newsslash.com"],"url":"https:\/\/newsslash.com\/n\/author\/cindy_d\/"}]}},"_links":{"self":[{"href":"https:\/\/newsslash.com\/n\/wp-json\/wp\/v2\/posts\/16792","targetHints":{"allow":["GET"]}}],"collection":[{"href":"https:\/\/newsslash.com\/n\/wp-json\/wp\/v2\/posts"}],"about":[{"href":"https:\/\/newsslash.com\/n\/wp-json\/wp\/v2\/types\/post"}],"author":[{"embeddable":true,"href":"https:\/\/newsslash.com\/n\/wp-json\/wp\/v2\/users\/8"}],"replies":[{"embeddable":true,"href":"https:\/\/newsslash.com\/n\/wp-json\/wp\/v2\/comments?post=16792"}],"version-history":[{"count":0,"href":"https:\/\/newsslash.com\/n\/wp-json\/wp\/v2\/posts\/16792\/revisions"}],"wp:featuredmedia":[{"embeddable":true,"href":"https:\/\/newsslash.com\/n\/wp-json\/wp\/v2\/media\/16760"}],"wp:attachment":[{"href":"https:\/\/newsslash.com\/n\/wp-json\/wp\/v2\/media?parent=16792"}],"curies":[{"name":"wp","href":"https:\/\/api.w.org\/{rel}","templated":true}]}}