{"id":16841,"date":"2018-10-01T16:30:00","date_gmt":"2018-10-01T16:30:00","guid":{"rendered":"https:\/\/newsslash.com\/n\/13115-whatsapp-mitgruender-spricht-ueber-verkauf-an-facebook\/"},"modified":"2018-10-01T16:30:00","modified_gmt":"2018-10-01T16:30:00","slug":"13115-whatsapp-mitgruender-spricht-ueber-verkauf-an-facebook","status":"publish","type":"post","link":"https:\/\/newsslash.com\/n\/13115-whatsapp-mitgruender-spricht-ueber-verkauf-an-facebook\/","title":{"rendered":"WhatsApp: Mitgr\u00c3\u00bcnder spricht \u00c3\u00bcber Verkauf an Facebook"},"content":{"rendered":"<p>Mehr als vier Jahre sind bereits vergangen seitdem WhatsApp f\u00c3\u00bcr 22 Milliarden US-Dollar an Facebook verkauft wurde. Nun hat sich Brian Acton, der die Messenger-App einst gemeinsam mit Jan Koum gegr\u00c3\u00bcndet hat, gegen\u00c3\u00bcber Forbes zu dem Millionendeal ge\u00c3\u00a4u\u00c3\u0178ert. Vor zehn Monaten hat Acton bei Facebook gek\u00c3\u00bcndigt, weil er sich einer gemeinn\u00c3\u00bctzigen Organisation widmen wollte. Als im M\u00c3\u00a4rz dann nach und nach Einzelheiten rund um den Skandal mit Cambridge Analytica bekannt wurden setzte er ein Tweet mit dem Inhalt \u00e2\u20ac\u017eEs ist Zeit. #deletefacebook\u00e2\u20ac\u0153 ab. Gegen\u00c3\u00bcber Forbes schilderte Acton nun, dass Mark Zuckerberg und Sheryl Sandberg von ihm verlangt hatten, WhatsApp zu monetarisieren. Dass dann auch noch die Verschl\u00c3\u00bcsselung seiner App in Frage gestellt wurde, um gezielt Werbung und kommerzielle Nachrichten zu verbreiten, war f\u00c3\u00bcr den Mitgr\u00c3\u00bcnder nicht ertr\u00c3\u00a4glich. Dies f\u00c3\u00bchrte letztendlich auch zu seiner Entscheidung, bei Facebook zu k\u00c3\u00bcndigen. Acton verzichtete somit auf die ihm zustehende letzte Tranche in der H\u00c3\u00b6he von 850 Millionen US-Dollar. F\u00c3\u00bcr Acton sei Facebooks Forderung etwas gewesen, dass er nicht tun will, so sei es f\u00c3\u00bcr ihn besser gewesen, dem ganzen aus dem Weg zu gehen. R\u00c3\u00bcckblickend ist sich Acton dar\u00c3\u00bcber bewusst, dass er mit dem Verkauf seiner Firma auch die Privatsph\u00c3\u00a4re der WhatsApp-User verkauft habe. Er habe eine Wahl und einen Kompromiss getroffen und m\u00c3\u00bcsse nun jeden Tag damit leben. F\u00c3\u00bcr Zuckerberg sei WhatApp, wie Instagram, lediglich eine Produktgruppe. Acton selbst k\u00c3\u00b6nne nicht viel \u00c3\u00bcber Zuckerberg erz\u00c3\u00a4hlen, er konnte nie eine Beziehung zu dem CEO von Facebook aufbauen.<\/p><div class=\"newss-content\" id=\"newss-408838176\"><script async src=\"\/\/pagead2.googlesyndication.com\/pagead\/js\/adsbygoogle.js?client=ca-pub-7733425960004873\" crossorigin=\"anonymous\"><\/script><ins class=\"adsbygoogle\" style=\"display:block;\" data-ad-client=\"ca-pub-7733425960004873\" \ndata-ad-slot=\"2582020599\" \ndata-ad-format=\"auto\"><\/ins>\n<script> \n(adsbygoogle = window.adsbygoogle || []).push({}); \n<\/script>\n<\/div><div class=\"newss-article-1\" id=\"newss-2591227227\"><script async src=\"https:\/\/pagead2.googlesyndication.com\/pagead\/js\/adsbygoogle.js?client=ca-pub-7733425960004873\"\r\n     crossorigin=\"anonymous\"><\/script>\r\n<!-- Homepage2 -->\r\n<ins class=\"adsbygoogle\"\r\n     style=\"display:block\"\r\n     data-ad-client=\"ca-pub-7733425960004873\"\r\n     data-ad-slot=\"2582020599\"\r\n     data-ad-format=\"auto\"\r\n     data-full-width-responsive=\"true\"><\/ins>\r\n<script>\r\n     (adsbygoogle = window.adsbygoogle || []).push({});\r\n<\/script><\/div>\n","protected":false},"excerpt":{"rendered":"<p>Mehr als vier Jahre nach dem Verkauf von WhatsApp an Facebook hat sich Brian Acton, Mitgr\u00c3\u00bcnder der App, noch einmal zu dem Deal&#8230; Mehr auf Newsslash.com!<\/p>\n","protected":false},"author":8,"featured_media":21974,"comment_status":"open","ping_status":"open","sticky":false,"template":"","format":"standard","meta":{"_et_pb_use_builder":"","_et_pb_old_content":"","_et_gb_content_width":"","footnotes":""},"class_list":["post-16841","post","type-post","status-publish","format-standard","has-post-thumbnail","hentry","category-blog"],"yoast_head":"<!-- This site is optimized with the Yoast SEO plugin v24.8.1 - https:\/\/yoast.com\/wordpress\/plugins\/seo\/ -->\n<title>WhatsApp: Mitgr\u00c3\u00bcnder spricht \u00c3\u00bcber Verkauf an Facebook - Newsslash<\/title>\n<meta name=\"robots\" content=\"noindex, follow\" \/>\n<meta property=\"og:locale\" content=\"en_US\" \/>\n<meta property=\"og:type\" content=\"article\" \/>\n<meta property=\"og:title\" content=\"WhatsApp: Mitgr\u00c3\u00bcnder spricht \u00c3\u00bcber Verkauf an Facebook - Newsslash\" \/>\n<meta property=\"og:description\" content=\"Mehr als vier Jahre nach dem Verkauf von WhatsApp an Facebook hat sich Brian Acton, Mitgr\u00c3\u00bcnder der App, noch einmal zu dem Deal... Mehr auf Newsslash.com!\" \/>\n<meta property=\"og:url\" content=\"https:\/\/newsslash.com\/n\/13115-whatsapp-mitgruender-spricht-ueber-verkauf-an-facebook\/\" \/>\n<meta property=\"og:site_name\" content=\"Newsslash\" \/>\n<meta property=\"article:published_time\" content=\"2018-10-01T16:30:00+00:00\" \/>\n<meta property=\"og:image\" content=\"https:\/\/newsslash.com\/n\/wp-content\/uploads\/2025\/04\/NewsSlash-Featured-Image.jpg\" \/>\n\t<meta property=\"og:image:width\" content=\"1280\" \/>\n\t<meta property=\"og:image:height\" content=\"854\" \/>\n\t<meta property=\"og:image:type\" content=\"image\/jpeg\" \/>\n<meta name=\"author\" content=\"Cindy D\" \/>\n<meta name=\"twitter:card\" content=\"summary_large_image\" \/>\n<meta name=\"twitter:label1\" content=\"Written by\" \/>\n\t<meta name=\"twitter:data1\" content=\"Cindy D\" \/>\n\t<meta name=\"twitter:label2\" content=\"Est. reading time\" \/>\n\t<meta name=\"twitter:data2\" content=\"1 minute\" \/>\n<script type=\"application\/ld+json\" class=\"yoast-schema-graph\">{\"@context\":\"https:\/\/schema.org\",\"@graph\":[{\"@type\":\"Article\",\"@id\":\"https:\/\/newsslash.com\/n\/13115-whatsapp-mitgruender-spricht-ueber-verkauf-an-facebook\/#article\",\"isPartOf\":{\"@id\":\"https:\/\/newsslash.com\/n\/13115-whatsapp-mitgruender-spricht-ueber-verkauf-an-facebook\/\"},\"author\":{\"name\":\"Cindy D\",\"@id\":\"https:\/\/newsslash.com\/n\/#\/schema\/person\/522101af9b37501b768c7dfa5cf1edad\"},\"headline\":\"WhatsApp: Mitgr\u00c3\u00bcnder spricht \u00c3\u00bcber Verkauf an Facebook\",\"datePublished\":\"2018-10-01T16:30:00+00:00\",\"mainEntityOfPage\":{\"@id\":\"https:\/\/newsslash.com\/n\/13115-whatsapp-mitgruender-spricht-ueber-verkauf-an-facebook\/\"},\"wordCount\":274,\"commentCount\":0,\"publisher\":{\"@id\":\"https:\/\/newsslash.com\/n\/#organization\"},\"image\":{\"@id\":\"https:\/\/newsslash.com\/n\/13115-whatsapp-mitgruender-spricht-ueber-verkauf-an-facebook\/#primaryimage\"},\"thumbnailUrl\":\"https:\/\/newsslash.com\/n\/wp-content\/uploads\/2025\/04\/NewsSlash-Featured-Image.jpg\",\"articleSection\":[\"Blog\"],\"inLanguage\":\"en-US\",\"potentialAction\":[{\"@type\":\"CommentAction\",\"name\":\"Comment\",\"target\":[\"https:\/\/newsslash.com\/n\/13115-whatsapp-mitgruender-spricht-ueber-verkauf-an-facebook\/#respond\"]}]},{\"@type\":\"WebPage\",\"@id\":\"https:\/\/newsslash.com\/n\/13115-whatsapp-mitgruender-spricht-ueber-verkauf-an-facebook\/\",\"url\":\"https:\/\/newsslash.com\/n\/13115-whatsapp-mitgruender-spricht-ueber-verkauf-an-facebook\/\",\"name\":\"WhatsApp: Mitgr\u00c3\u00bcnder spricht \u00c3\u00bcber Verkauf an Facebook - Newsslash\",\"isPartOf\":{\"@id\":\"https:\/\/newsslash.com\/n\/#website\"},\"primaryImageOfPage\":{\"@id\":\"https:\/\/newsslash.com\/n\/13115-whatsapp-mitgruender-spricht-ueber-verkauf-an-facebook\/#primaryimage\"},\"image\":{\"@id\":\"https:\/\/newsslash.com\/n\/13115-whatsapp-mitgruender-spricht-ueber-verkauf-an-facebook\/#primaryimage\"},\"thumbnailUrl\":\"https:\/\/newsslash.com\/n\/wp-content\/uploads\/2025\/04\/NewsSlash-Featured-Image.jpg\",\"datePublished\":\"2018-10-01T16:30:00+00:00\",\"breadcrumb\":{\"@id\":\"https:\/\/newsslash.com\/n\/13115-whatsapp-mitgruender-spricht-ueber-verkauf-an-facebook\/#breadcrumb\"},\"inLanguage\":\"en-US\",\"potentialAction\":[{\"@type\":\"ReadAction\",\"target\":[\"https:\/\/newsslash.com\/n\/13115-whatsapp-mitgruender-spricht-ueber-verkauf-an-facebook\/\"]}]},{\"@type\":\"ImageObject\",\"inLanguage\":\"en-US\",\"@id\":\"https:\/\/newsslash.com\/n\/13115-whatsapp-mitgruender-spricht-ueber-verkauf-an-facebook\/#primaryimage\",\"url\":\"https:\/\/newsslash.com\/n\/wp-content\/uploads\/2025\/04\/NewsSlash-Featured-Image.jpg\",\"contentUrl\":\"https:\/\/newsslash.com\/n\/wp-content\/uploads\/2025\/04\/NewsSlash-Featured-Image.jpg\",\"width\":1280,\"height\":854},{\"@type\":\"BreadcrumbList\",\"@id\":\"https:\/\/newsslash.com\/n\/13115-whatsapp-mitgruender-spricht-ueber-verkauf-an-facebook\/#breadcrumb\",\"itemListElement\":[{\"@type\":\"ListItem\",\"position\":1,\"name\":\"Home\",\"item\":\"https:\/\/newsslash.com\/n\/\"},{\"@type\":\"ListItem\",\"position\":2,\"name\":\"WhatsApp: Mitgr\u00c3\u00bcnder spricht \u00c3\u00bcber Verkauf an Facebook\"}]},{\"@type\":\"WebSite\",\"@id\":\"https:\/\/newsslash.com\/n\/#website\",\"url\":\"https:\/\/newsslash.com\/n\/\",\"name\":\"Newsslash\",\"description\":\"Trending News on Movies, Series, OTT, Gaming\",\"publisher\":{\"@id\":\"https:\/\/newsslash.com\/n\/#organization\"},\"potentialAction\":[{\"@type\":\"SearchAction\",\"target\":{\"@type\":\"EntryPoint\",\"urlTemplate\":\"https:\/\/newsslash.com\/n\/?s={search_term_string}\"},\"query-input\":{\"@type\":\"PropertyValueSpecification\",\"valueRequired\":true,\"valueName\":\"search_term_string\"}}],\"inLanguage\":\"en-US\"},{\"@type\":\"Organization\",\"@id\":\"https:\/\/newsslash.com\/n\/#organization\",\"name\":\"Newsslash\",\"url\":\"https:\/\/newsslash.com\/n\/\",\"logo\":{\"@type\":\"ImageObject\",\"inLanguage\":\"en-US\",\"@id\":\"https:\/\/newsslash.com\/n\/#\/schema\/logo\/image\/\",\"url\":\"https:\/\/newsslash.com\/n\/wp-content\/uploads\/2025\/04\/cropped-Newsslash-logo-Fevicon.png\",\"contentUrl\":\"https:\/\/newsslash.com\/n\/wp-content\/uploads\/2025\/04\/cropped-Newsslash-logo-Fevicon.png\",\"width\":512,\"height\":512,\"caption\":\"Newsslash\"},\"image\":{\"@id\":\"https:\/\/newsslash.com\/n\/#\/schema\/logo\/image\/\"}},{\"@type\":\"Person\",\"@id\":\"https:\/\/newsslash.com\/n\/#\/schema\/person\/522101af9b37501b768c7dfa5cf1edad\",\"name\":\"Cindy D\",\"sameAs\":[\"http:\/\/newsslash.com\"],\"url\":\"https:\/\/newsslash.com\/n\/author\/cindy_d\/\"}]}<\/script>\n<!-- \/ Yoast SEO plugin. -->","yoast_head_json":{"title":"WhatsApp: Mitgr\u00c3\u00bcnder spricht \u00c3\u00bcber Verkauf an Facebook - Newsslash","robots":{"index":"noindex","follow":"follow"},"og_locale":"en_US","og_type":"article","og_title":"WhatsApp: Mitgr\u00c3\u00bcnder spricht \u00c3\u00bcber Verkauf an Facebook - Newsslash","og_description":"Mehr als vier Jahre nach dem Verkauf von WhatsApp an Facebook hat sich Brian Acton, Mitgr\u00c3\u00bcnder der App, noch einmal zu dem Deal... Mehr auf Newsslash.com!","og_url":"https:\/\/newsslash.com\/n\/13115-whatsapp-mitgruender-spricht-ueber-verkauf-an-facebook\/","og_site_name":"Newsslash","article_published_time":"2018-10-01T16:30:00+00:00","og_image":[{"width":1280,"height":854,"url":"https:\/\/newsslash.com\/n\/wp-content\/uploads\/2025\/04\/NewsSlash-Featured-Image.jpg","type":"image\/jpeg"}],"author":"Cindy D","twitter_card":"summary_large_image","twitter_misc":{"Written by":"Cindy D","Est. reading time":"1 minute"},"schema":{"@context":"https:\/\/schema.org","@graph":[{"@type":"Article","@id":"https:\/\/newsslash.com\/n\/13115-whatsapp-mitgruender-spricht-ueber-verkauf-an-facebook\/#article","isPartOf":{"@id":"https:\/\/newsslash.com\/n\/13115-whatsapp-mitgruender-spricht-ueber-verkauf-an-facebook\/"},"author":{"name":"Cindy D","@id":"https:\/\/newsslash.com\/n\/#\/schema\/person\/522101af9b37501b768c7dfa5cf1edad"},"headline":"WhatsApp: Mitgr\u00c3\u00bcnder spricht \u00c3\u00bcber Verkauf an Facebook","datePublished":"2018-10-01T16:30:00+00:00","mainEntityOfPage":{"@id":"https:\/\/newsslash.com\/n\/13115-whatsapp-mitgruender-spricht-ueber-verkauf-an-facebook\/"},"wordCount":274,"commentCount":0,"publisher":{"@id":"https:\/\/newsslash.com\/n\/#organization"},"image":{"@id":"https:\/\/newsslash.com\/n\/13115-whatsapp-mitgruender-spricht-ueber-verkauf-an-facebook\/#primaryimage"},"thumbnailUrl":"https:\/\/newsslash.com\/n\/wp-content\/uploads\/2025\/04\/NewsSlash-Featured-Image.jpg","articleSection":["Blog"],"inLanguage":"en-US","potentialAction":[{"@type":"CommentAction","name":"Comment","target":["https:\/\/newsslash.com\/n\/13115-whatsapp-mitgruender-spricht-ueber-verkauf-an-facebook\/#respond"]}]},{"@type":"WebPage","@id":"https:\/\/newsslash.com\/n\/13115-whatsapp-mitgruender-spricht-ueber-verkauf-an-facebook\/","url":"https:\/\/newsslash.com\/n\/13115-whatsapp-mitgruender-spricht-ueber-verkauf-an-facebook\/","name":"WhatsApp: Mitgr\u00c3\u00bcnder spricht \u00c3\u00bcber Verkauf an Facebook - Newsslash","isPartOf":{"@id":"https:\/\/newsslash.com\/n\/#website"},"primaryImageOfPage":{"@id":"https:\/\/newsslash.com\/n\/13115-whatsapp-mitgruender-spricht-ueber-verkauf-an-facebook\/#primaryimage"},"image":{"@id":"https:\/\/newsslash.com\/n\/13115-whatsapp-mitgruender-spricht-ueber-verkauf-an-facebook\/#primaryimage"},"thumbnailUrl":"https:\/\/newsslash.com\/n\/wp-content\/uploads\/2025\/04\/NewsSlash-Featured-Image.jpg","datePublished":"2018-10-01T16:30:00+00:00","breadcrumb":{"@id":"https:\/\/newsslash.com\/n\/13115-whatsapp-mitgruender-spricht-ueber-verkauf-an-facebook\/#breadcrumb"},"inLanguage":"en-US","potentialAction":[{"@type":"ReadAction","target":["https:\/\/newsslash.com\/n\/13115-whatsapp-mitgruender-spricht-ueber-verkauf-an-facebook\/"]}]},{"@type":"ImageObject","inLanguage":"en-US","@id":"https:\/\/newsslash.com\/n\/13115-whatsapp-mitgruender-spricht-ueber-verkauf-an-facebook\/#primaryimage","url":"https:\/\/newsslash.com\/n\/wp-content\/uploads\/2025\/04\/NewsSlash-Featured-Image.jpg","contentUrl":"https:\/\/newsslash.com\/n\/wp-content\/uploads\/2025\/04\/NewsSlash-Featured-Image.jpg","width":1280,"height":854},{"@type":"BreadcrumbList","@id":"https:\/\/newsslash.com\/n\/13115-whatsapp-mitgruender-spricht-ueber-verkauf-an-facebook\/#breadcrumb","itemListElement":[{"@type":"ListItem","position":1,"name":"Home","item":"https:\/\/newsslash.com\/n\/"},{"@type":"ListItem","position":2,"name":"WhatsApp: Mitgr\u00c3\u00bcnder spricht \u00c3\u00bcber Verkauf an Facebook"}]},{"@type":"WebSite","@id":"https:\/\/newsslash.com\/n\/#website","url":"https:\/\/newsslash.com\/n\/","name":"Newsslash","description":"Trending News on Movies, Series, OTT, Gaming","publisher":{"@id":"https:\/\/newsslash.com\/n\/#organization"},"potentialAction":[{"@type":"SearchAction","target":{"@type":"EntryPoint","urlTemplate":"https:\/\/newsslash.com\/n\/?s={search_term_string}"},"query-input":{"@type":"PropertyValueSpecification","valueRequired":true,"valueName":"search_term_string"}}],"inLanguage":"en-US"},{"@type":"Organization","@id":"https:\/\/newsslash.com\/n\/#organization","name":"Newsslash","url":"https:\/\/newsslash.com\/n\/","logo":{"@type":"ImageObject","inLanguage":"en-US","@id":"https:\/\/newsslash.com\/n\/#\/schema\/logo\/image\/","url":"https:\/\/newsslash.com\/n\/wp-content\/uploads\/2025\/04\/cropped-Newsslash-logo-Fevicon.png","contentUrl":"https:\/\/newsslash.com\/n\/wp-content\/uploads\/2025\/04\/cropped-Newsslash-logo-Fevicon.png","width":512,"height":512,"caption":"Newsslash"},"image":{"@id":"https:\/\/newsslash.com\/n\/#\/schema\/logo\/image\/"}},{"@type":"Person","@id":"https:\/\/newsslash.com\/n\/#\/schema\/person\/522101af9b37501b768c7dfa5cf1edad","name":"Cindy D","sameAs":["http:\/\/newsslash.com"],"url":"https:\/\/newsslash.com\/n\/author\/cindy_d\/"}]}},"_links":{"self":[{"href":"https:\/\/newsslash.com\/n\/wp-json\/wp\/v2\/posts\/16841","targetHints":{"allow":["GET"]}}],"collection":[{"href":"https:\/\/newsslash.com\/n\/wp-json\/wp\/v2\/posts"}],"about":[{"href":"https:\/\/newsslash.com\/n\/wp-json\/wp\/v2\/types\/post"}],"author":[{"embeddable":true,"href":"https:\/\/newsslash.com\/n\/wp-json\/wp\/v2\/users\/8"}],"replies":[{"embeddable":true,"href":"https:\/\/newsslash.com\/n\/wp-json\/wp\/v2\/comments?post=16841"}],"version-history":[{"count":0,"href":"https:\/\/newsslash.com\/n\/wp-json\/wp\/v2\/posts\/16841\/revisions"}],"wp:featuredmedia":[{"embeddable":true,"href":"https:\/\/newsslash.com\/n\/wp-json\/wp\/v2\/media\/21974"}],"wp:attachment":[{"href":"https:\/\/newsslash.com\/n\/wp-json\/wp\/v2\/media?parent=16841"}],"curies":[{"name":"wp","href":"https:\/\/api.w.org\/{rel}","templated":true}]}}