{"id":16887,"date":"2018-10-13T10:46:00","date_gmt":"2018-10-13T10:46:00","guid":{"rendered":"https:\/\/newsslash.com\/n\/13157-wann-kommt-der-denver-clan-staffel-3-auf-netflix\/"},"modified":"2018-10-13T10:46:00","modified_gmt":"2018-10-13T10:46:00","slug":"13157-wann-kommt-der-denver-clan-staffel-3-auf-netflix","status":"publish","type":"post","link":"https:\/\/newsslash.com\/n\/13157-wann-kommt-der-denver-clan-staffel-3-auf-netflix\/","title":{"rendered":"Wann kommt Der Denver-Clan Staffel 3 auf Netflix?"},"content":{"rendered":"<p>Bei Der Denver-Clan handelt es sich um eine Produktion des US-amerikanischen Senders The CW, die im Oktober 2017 ihre Premiere feierte. Die Dramaserie, deren englischer Originaltitel \u00e2\u20ac\u017eDynasty\u00e2\u20ac\u0153 lautet, ist ein Reboot der gleichnamigen ABC-Serie, die in den 1980er-Jahren ausgestrahlt wurde. Seit kurzem gibt es wieder w\u00c3\u00b6chentlich eine neue Folge der 2. Staffel der Dramaserie \u00e2\u20ac\u201c aber wann kommt Der Denver-Clan Staffel 3 auf Netflix? Bislang hat The CW die Dramaserie noch nicht in die n\u00c3\u00a4chste Runde geschickt \u00e2\u20ac\u201c eingestellt wurde Der Denver-Clan aber auch noch nicht. Also wann kommt Der Denver-Clan Staffel 3 auf Netflix? Zwischen der Ver\u00c3\u00b6ffentlichung der 1. und der 2. Staffel ist fast auf den Tag genau ein Jahr vergangen. The CW strahlt die einzelnen Episoden im Abstand von einer Woche aus, einen Tag sp\u00c3\u00a4ter sind diese dann auch im Angebot von Netflix zu finden. <ins data-ad-client=\"ca-pub-3647021458695789\" data-ad-format=\"link\" data-ad-slot=\"7996975644\" style=\"display:block\"><\/ins> Was bedeutet das f\u00c3\u00bcr unsere Frage, wann kommt der Denver-Clan Staffel 3 auf Netflix? Im Fall einer Verl\u00c3\u00a4ngerung ist davon auszugehen, dass The CW seinem Turnus treu bleibt und Der Denver-Clan Staffel 3 in einem Jahr, also Oktober 2019, auf Netflix kommt. Wahrscheinlich wird Netflix die Episoden wieder einen Tag nach deren Premiere bei The CW ver\u00c3\u00b6ffentlichen. Da die Originalserie aus den 1980er-Jahren insgesamt neun Staffeln mit \u00c3\u00bcber 200 Episoden umfasst, sollten wir uns vorerst auch keine Sorgen um die Zukunft der Seifenoper machen m\u00c3\u00bcssen. <b>Darum geht es in Der Denver-Clan:<\/b> Im Mittelpunkt der Serie steht die Familie Carrington. Fallon Carrington (Elizabeth Gillies) ist alles andere als begeistert davon, dass ihr Vater Blake (Grant Show) seine Mitarbeiterin Cristal (Nathalie Kelley) heiraten m\u00c3\u00b6chte. Da s\u00c3\u00a4mtliche Versuche die Beziehung der beiden zu zerst\u00c3\u00b6ren gescheitert sind, verb\u00c3\u00bcndet sich Fallon schlie\u00c3\u0178lich mit Jeff Colby (Sam Adegoke), dem gr\u00c3\u00b6\u00c3\u0178ten Feind ihres Vaters. Wird sie die Beziehung mit seiner Hilfe beenden k\u00c3\u00b6nnen? F\u00c3\u00bcr Fallon steht viel auf dem Spiel. Ihr Vater hat in der Energiebranche jetzt schon Millionen verdient. Das Unternehmen und das restliche Erbe sollte eigentlich einst Fallon bekommen \u00e2\u20ac\u201c da Cristal durch eine Hochzeit allerdings zur rechtm\u00c3\u00a4\u00c3\u0178igen Erbin wird, muss Fallon nun um ihre Zukunft bangen. Wie unberechenbar wird Fallon unter Druck? Wir sind gespannt, welche Intrigen die Carringtons in Der Denver-Clan Staffel 3 aushecken w\u00c3\u00bcrden! <b>Tipp:<\/b> Wer es nicht erwarten kann, bis Der Denver-Clan Staffel 3 auf Netflix kommt, k\u00c3\u00b6nnte sich zwischenzeitlich auch die Originalserie ansehen. Auf <a href=\"https:\/\/www.amazon.de\/Denver-Clan-komplette-Deutsche-Originalware\/dp\/B00GBYUYXC\/ref=sr_1_2?ie=UTF8&amp;tag=newsslash-21\" target=\"_blank\">Amazon<\/a> sind alle neun Staffeln auf DVD erh\u00c3\u00a4ltlich. <iframe loading=\"lazy\" allowfullscreen=\"\" frameborder=\"0\" height=\"315\" src=\"https:\/\/www.youtube-nocookie.com\/embed\/WYabs1_VqLM\" width=\"100%\"><\/iframe><\/p><div class=\"newss-content\" id=\"newss-2877244328\"><script async src=\"\/\/pagead2.googlesyndication.com\/pagead\/js\/adsbygoogle.js?client=ca-pub-7733425960004873\" crossorigin=\"anonymous\"><\/script><ins class=\"adsbygoogle\" style=\"display:block;\" data-ad-client=\"ca-pub-7733425960004873\" \ndata-ad-slot=\"2582020599\" \ndata-ad-format=\"auto\"><\/ins>\n<script> \n(adsbygoogle = window.adsbygoogle || []).push({}); \n<\/script>\n<\/div><div class=\"newss-article-1\" id=\"newss-1839387755\"><script async src=\"https:\/\/pagead2.googlesyndication.com\/pagead\/js\/adsbygoogle.js?client=ca-pub-7733425960004873\"\r\n     crossorigin=\"anonymous\"><\/script>\r\n<!-- Homepage2 -->\r\n<ins class=\"adsbygoogle\"\r\n     style=\"display:block\"\r\n     data-ad-client=\"ca-pub-7733425960004873\"\r\n     data-ad-slot=\"2582020599\"\r\n     data-ad-format=\"auto\"\r\n     data-full-width-responsive=\"true\"><\/ins>\r\n<script>\r\n     (adsbygoogle = window.adsbygoogle || []).push({});\r\n<\/script><\/div>\n","protected":false},"excerpt":{"rendered":"<p>Der Denver-Clan ist mit einer 3. Staffel auf Netflix zur\u00c3\u00bcck, jede Woche gibt es nun wieder eine neue Folge der Dramaserie! In&#8230; Mehr auf Newsslash.com!<\/p>\n","protected":false},"author":8,"featured_media":21974,"comment_status":"open","ping_status":"open","sticky":false,"template":"","format":"standard","meta":{"_et_pb_use_builder":"","_et_pb_old_content":"","_et_gb_content_width":"","footnotes":""},"class_list":["post-16887","post","type-post","status-publish","format-standard","has-post-thumbnail","hentry","category-blog"],"yoast_head":"<!-- This site is optimized with the Yoast SEO plugin v24.8.1 - https:\/\/yoast.com\/wordpress\/plugins\/seo\/ -->\n<title>Wann kommt Der Denver-Clan Staffel 3 auf Netflix? - Newsslash<\/title>\n<meta name=\"robots\" content=\"noindex, follow\" \/>\n<meta property=\"og:locale\" content=\"en_US\" \/>\n<meta property=\"og:type\" content=\"article\" \/>\n<meta property=\"og:title\" content=\"Wann kommt Der Denver-Clan Staffel 3 auf Netflix? - Newsslash\" \/>\n<meta property=\"og:description\" content=\"Der Denver-Clan ist mit einer 3. Staffel auf Netflix zur\u00c3\u00bcck, jede Woche gibt es nun wieder eine neue Folge der Dramaserie! In... Mehr auf Newsslash.com!\" \/>\n<meta property=\"og:url\" content=\"https:\/\/newsslash.com\/n\/13157-wann-kommt-der-denver-clan-staffel-3-auf-netflix\/\" \/>\n<meta property=\"og:site_name\" content=\"Newsslash\" \/>\n<meta property=\"article:published_time\" content=\"2018-10-13T10:46:00+00:00\" \/>\n<meta property=\"og:image\" content=\"https:\/\/newsslash.com\/n\/wp-content\/uploads\/2025\/04\/NewsSlash-Featured-Image.jpg\" \/>\n\t<meta property=\"og:image:width\" content=\"1280\" \/>\n\t<meta property=\"og:image:height\" content=\"854\" \/>\n\t<meta property=\"og:image:type\" content=\"image\/jpeg\" \/>\n<meta name=\"author\" content=\"Cindy D\" \/>\n<meta name=\"twitter:card\" content=\"summary_large_image\" \/>\n<meta name=\"twitter:label1\" content=\"Written by\" \/>\n\t<meta name=\"twitter:data1\" content=\"Cindy D\" \/>\n\t<meta name=\"twitter:label2\" content=\"Est. reading time\" \/>\n\t<meta name=\"twitter:data2\" content=\"2 minutes\" \/>\n<script type=\"application\/ld+json\" class=\"yoast-schema-graph\">{\"@context\":\"https:\/\/schema.org\",\"@graph\":[{\"@type\":\"Article\",\"@id\":\"https:\/\/newsslash.com\/n\/13157-wann-kommt-der-denver-clan-staffel-3-auf-netflix\/#article\",\"isPartOf\":{\"@id\":\"https:\/\/newsslash.com\/n\/13157-wann-kommt-der-denver-clan-staffel-3-auf-netflix\/\"},\"author\":{\"name\":\"Cindy D\",\"@id\":\"https:\/\/newsslash.com\/n\/#\/schema\/person\/522101af9b37501b768c7dfa5cf1edad\"},\"headline\":\"Wann kommt Der Denver-Clan Staffel 3 auf Netflix?\",\"datePublished\":\"2018-10-13T10:46:00+00:00\",\"mainEntityOfPage\":{\"@id\":\"https:\/\/newsslash.com\/n\/13157-wann-kommt-der-denver-clan-staffel-3-auf-netflix\/\"},\"wordCount\":402,\"commentCount\":0,\"publisher\":{\"@id\":\"https:\/\/newsslash.com\/n\/#organization\"},\"image\":{\"@id\":\"https:\/\/newsslash.com\/n\/13157-wann-kommt-der-denver-clan-staffel-3-auf-netflix\/#primaryimage\"},\"thumbnailUrl\":\"https:\/\/newsslash.com\/n\/wp-content\/uploads\/2025\/04\/NewsSlash-Featured-Image.jpg\",\"articleSection\":[\"Blog\"],\"inLanguage\":\"en-US\",\"potentialAction\":[{\"@type\":\"CommentAction\",\"name\":\"Comment\",\"target\":[\"https:\/\/newsslash.com\/n\/13157-wann-kommt-der-denver-clan-staffel-3-auf-netflix\/#respond\"]}]},{\"@type\":\"WebPage\",\"@id\":\"https:\/\/newsslash.com\/n\/13157-wann-kommt-der-denver-clan-staffel-3-auf-netflix\/\",\"url\":\"https:\/\/newsslash.com\/n\/13157-wann-kommt-der-denver-clan-staffel-3-auf-netflix\/\",\"name\":\"Wann kommt Der Denver-Clan Staffel 3 auf Netflix? - Newsslash\",\"isPartOf\":{\"@id\":\"https:\/\/newsslash.com\/n\/#website\"},\"primaryImageOfPage\":{\"@id\":\"https:\/\/newsslash.com\/n\/13157-wann-kommt-der-denver-clan-staffel-3-auf-netflix\/#primaryimage\"},\"image\":{\"@id\":\"https:\/\/newsslash.com\/n\/13157-wann-kommt-der-denver-clan-staffel-3-auf-netflix\/#primaryimage\"},\"thumbnailUrl\":\"https:\/\/newsslash.com\/n\/wp-content\/uploads\/2025\/04\/NewsSlash-Featured-Image.jpg\",\"datePublished\":\"2018-10-13T10:46:00+00:00\",\"breadcrumb\":{\"@id\":\"https:\/\/newsslash.com\/n\/13157-wann-kommt-der-denver-clan-staffel-3-auf-netflix\/#breadcrumb\"},\"inLanguage\":\"en-US\",\"potentialAction\":[{\"@type\":\"ReadAction\",\"target\":[\"https:\/\/newsslash.com\/n\/13157-wann-kommt-der-denver-clan-staffel-3-auf-netflix\/\"]}]},{\"@type\":\"ImageObject\",\"inLanguage\":\"en-US\",\"@id\":\"https:\/\/newsslash.com\/n\/13157-wann-kommt-der-denver-clan-staffel-3-auf-netflix\/#primaryimage\",\"url\":\"https:\/\/newsslash.com\/n\/wp-content\/uploads\/2025\/04\/NewsSlash-Featured-Image.jpg\",\"contentUrl\":\"https:\/\/newsslash.com\/n\/wp-content\/uploads\/2025\/04\/NewsSlash-Featured-Image.jpg\",\"width\":1280,\"height\":854},{\"@type\":\"BreadcrumbList\",\"@id\":\"https:\/\/newsslash.com\/n\/13157-wann-kommt-der-denver-clan-staffel-3-auf-netflix\/#breadcrumb\",\"itemListElement\":[{\"@type\":\"ListItem\",\"position\":1,\"name\":\"Home\",\"item\":\"https:\/\/newsslash.com\/n\/\"},{\"@type\":\"ListItem\",\"position\":2,\"name\":\"Wann kommt Der Denver-Clan Staffel 3 auf Netflix?\"}]},{\"@type\":\"WebSite\",\"@id\":\"https:\/\/newsslash.com\/n\/#website\",\"url\":\"https:\/\/newsslash.com\/n\/\",\"name\":\"Newsslash\",\"description\":\"Trending News on Movies, Series, OTT, Gaming\",\"publisher\":{\"@id\":\"https:\/\/newsslash.com\/n\/#organization\"},\"potentialAction\":[{\"@type\":\"SearchAction\",\"target\":{\"@type\":\"EntryPoint\",\"urlTemplate\":\"https:\/\/newsslash.com\/n\/?s={search_term_string}\"},\"query-input\":{\"@type\":\"PropertyValueSpecification\",\"valueRequired\":true,\"valueName\":\"search_term_string\"}}],\"inLanguage\":\"en-US\"},{\"@type\":\"Organization\",\"@id\":\"https:\/\/newsslash.com\/n\/#organization\",\"name\":\"Newsslash\",\"url\":\"https:\/\/newsslash.com\/n\/\",\"logo\":{\"@type\":\"ImageObject\",\"inLanguage\":\"en-US\",\"@id\":\"https:\/\/newsslash.com\/n\/#\/schema\/logo\/image\/\",\"url\":\"https:\/\/newsslash.com\/n\/wp-content\/uploads\/2025\/04\/cropped-Newsslash-logo-Fevicon.png\",\"contentUrl\":\"https:\/\/newsslash.com\/n\/wp-content\/uploads\/2025\/04\/cropped-Newsslash-logo-Fevicon.png\",\"width\":512,\"height\":512,\"caption\":\"Newsslash\"},\"image\":{\"@id\":\"https:\/\/newsslash.com\/n\/#\/schema\/logo\/image\/\"}},{\"@type\":\"Person\",\"@id\":\"https:\/\/newsslash.com\/n\/#\/schema\/person\/522101af9b37501b768c7dfa5cf1edad\",\"name\":\"Cindy D\",\"sameAs\":[\"http:\/\/newsslash.com\"],\"url\":\"https:\/\/newsslash.com\/n\/author\/cindy_d\/\"}]}<\/script>\n<!-- \/ Yoast SEO plugin. -->","yoast_head_json":{"title":"Wann kommt Der Denver-Clan Staffel 3 auf Netflix? - Newsslash","robots":{"index":"noindex","follow":"follow"},"og_locale":"en_US","og_type":"article","og_title":"Wann kommt Der Denver-Clan Staffel 3 auf Netflix? - Newsslash","og_description":"Der Denver-Clan ist mit einer 3. Staffel auf Netflix zur\u00c3\u00bcck, jede Woche gibt es nun wieder eine neue Folge der Dramaserie! In... Mehr auf Newsslash.com!","og_url":"https:\/\/newsslash.com\/n\/13157-wann-kommt-der-denver-clan-staffel-3-auf-netflix\/","og_site_name":"Newsslash","article_published_time":"2018-10-13T10:46:00+00:00","og_image":[{"width":1280,"height":854,"url":"https:\/\/newsslash.com\/n\/wp-content\/uploads\/2025\/04\/NewsSlash-Featured-Image.jpg","type":"image\/jpeg"}],"author":"Cindy D","twitter_card":"summary_large_image","twitter_misc":{"Written by":"Cindy D","Est. reading time":"2 minutes"},"schema":{"@context":"https:\/\/schema.org","@graph":[{"@type":"Article","@id":"https:\/\/newsslash.com\/n\/13157-wann-kommt-der-denver-clan-staffel-3-auf-netflix\/#article","isPartOf":{"@id":"https:\/\/newsslash.com\/n\/13157-wann-kommt-der-denver-clan-staffel-3-auf-netflix\/"},"author":{"name":"Cindy D","@id":"https:\/\/newsslash.com\/n\/#\/schema\/person\/522101af9b37501b768c7dfa5cf1edad"},"headline":"Wann kommt Der Denver-Clan Staffel 3 auf Netflix?","datePublished":"2018-10-13T10:46:00+00:00","mainEntityOfPage":{"@id":"https:\/\/newsslash.com\/n\/13157-wann-kommt-der-denver-clan-staffel-3-auf-netflix\/"},"wordCount":402,"commentCount":0,"publisher":{"@id":"https:\/\/newsslash.com\/n\/#organization"},"image":{"@id":"https:\/\/newsslash.com\/n\/13157-wann-kommt-der-denver-clan-staffel-3-auf-netflix\/#primaryimage"},"thumbnailUrl":"https:\/\/newsslash.com\/n\/wp-content\/uploads\/2025\/04\/NewsSlash-Featured-Image.jpg","articleSection":["Blog"],"inLanguage":"en-US","potentialAction":[{"@type":"CommentAction","name":"Comment","target":["https:\/\/newsslash.com\/n\/13157-wann-kommt-der-denver-clan-staffel-3-auf-netflix\/#respond"]}]},{"@type":"WebPage","@id":"https:\/\/newsslash.com\/n\/13157-wann-kommt-der-denver-clan-staffel-3-auf-netflix\/","url":"https:\/\/newsslash.com\/n\/13157-wann-kommt-der-denver-clan-staffel-3-auf-netflix\/","name":"Wann kommt Der Denver-Clan Staffel 3 auf Netflix? - Newsslash","isPartOf":{"@id":"https:\/\/newsslash.com\/n\/#website"},"primaryImageOfPage":{"@id":"https:\/\/newsslash.com\/n\/13157-wann-kommt-der-denver-clan-staffel-3-auf-netflix\/#primaryimage"},"image":{"@id":"https:\/\/newsslash.com\/n\/13157-wann-kommt-der-denver-clan-staffel-3-auf-netflix\/#primaryimage"},"thumbnailUrl":"https:\/\/newsslash.com\/n\/wp-content\/uploads\/2025\/04\/NewsSlash-Featured-Image.jpg","datePublished":"2018-10-13T10:46:00+00:00","breadcrumb":{"@id":"https:\/\/newsslash.com\/n\/13157-wann-kommt-der-denver-clan-staffel-3-auf-netflix\/#breadcrumb"},"inLanguage":"en-US","potentialAction":[{"@type":"ReadAction","target":["https:\/\/newsslash.com\/n\/13157-wann-kommt-der-denver-clan-staffel-3-auf-netflix\/"]}]},{"@type":"ImageObject","inLanguage":"en-US","@id":"https:\/\/newsslash.com\/n\/13157-wann-kommt-der-denver-clan-staffel-3-auf-netflix\/#primaryimage","url":"https:\/\/newsslash.com\/n\/wp-content\/uploads\/2025\/04\/NewsSlash-Featured-Image.jpg","contentUrl":"https:\/\/newsslash.com\/n\/wp-content\/uploads\/2025\/04\/NewsSlash-Featured-Image.jpg","width":1280,"height":854},{"@type":"BreadcrumbList","@id":"https:\/\/newsslash.com\/n\/13157-wann-kommt-der-denver-clan-staffel-3-auf-netflix\/#breadcrumb","itemListElement":[{"@type":"ListItem","position":1,"name":"Home","item":"https:\/\/newsslash.com\/n\/"},{"@type":"ListItem","position":2,"name":"Wann kommt Der Denver-Clan Staffel 3 auf Netflix?"}]},{"@type":"WebSite","@id":"https:\/\/newsslash.com\/n\/#website","url":"https:\/\/newsslash.com\/n\/","name":"Newsslash","description":"Trending News on Movies, Series, OTT, Gaming","publisher":{"@id":"https:\/\/newsslash.com\/n\/#organization"},"potentialAction":[{"@type":"SearchAction","target":{"@type":"EntryPoint","urlTemplate":"https:\/\/newsslash.com\/n\/?s={search_term_string}"},"query-input":{"@type":"PropertyValueSpecification","valueRequired":true,"valueName":"search_term_string"}}],"inLanguage":"en-US"},{"@type":"Organization","@id":"https:\/\/newsslash.com\/n\/#organization","name":"Newsslash","url":"https:\/\/newsslash.com\/n\/","logo":{"@type":"ImageObject","inLanguage":"en-US","@id":"https:\/\/newsslash.com\/n\/#\/schema\/logo\/image\/","url":"https:\/\/newsslash.com\/n\/wp-content\/uploads\/2025\/04\/cropped-Newsslash-logo-Fevicon.png","contentUrl":"https:\/\/newsslash.com\/n\/wp-content\/uploads\/2025\/04\/cropped-Newsslash-logo-Fevicon.png","width":512,"height":512,"caption":"Newsslash"},"image":{"@id":"https:\/\/newsslash.com\/n\/#\/schema\/logo\/image\/"}},{"@type":"Person","@id":"https:\/\/newsslash.com\/n\/#\/schema\/person\/522101af9b37501b768c7dfa5cf1edad","name":"Cindy D","sameAs":["http:\/\/newsslash.com"],"url":"https:\/\/newsslash.com\/n\/author\/cindy_d\/"}]}},"_links":{"self":[{"href":"https:\/\/newsslash.com\/n\/wp-json\/wp\/v2\/posts\/16887","targetHints":{"allow":["GET"]}}],"collection":[{"href":"https:\/\/newsslash.com\/n\/wp-json\/wp\/v2\/posts"}],"about":[{"href":"https:\/\/newsslash.com\/n\/wp-json\/wp\/v2\/types\/post"}],"author":[{"embeddable":true,"href":"https:\/\/newsslash.com\/n\/wp-json\/wp\/v2\/users\/8"}],"replies":[{"embeddable":true,"href":"https:\/\/newsslash.com\/n\/wp-json\/wp\/v2\/comments?post=16887"}],"version-history":[{"count":0,"href":"https:\/\/newsslash.com\/n\/wp-json\/wp\/v2\/posts\/16887\/revisions"}],"wp:featuredmedia":[{"embeddable":true,"href":"https:\/\/newsslash.com\/n\/wp-json\/wp\/v2\/media\/21974"}],"wp:attachment":[{"href":"https:\/\/newsslash.com\/n\/wp-json\/wp\/v2\/media?parent=16887"}],"curies":[{"name":"wp","href":"https:\/\/api.w.org\/{rel}","templated":true}]}}