{"id":16894,"date":"2018-10-09T17:54:00","date_gmt":"2018-10-09T17:54:00","guid":{"rendered":"https:\/\/newsslash.com\/n\/13164-trailer-zu-gotham-staffel-5-veroeffentlicht\/"},"modified":"2018-10-09T17:54:00","modified_gmt":"2018-10-09T17:54:00","slug":"13164-trailer-zu-gotham-staffel-5-veroeffentlicht","status":"publish","type":"post","link":"https:\/\/newsslash.com\/n\/13164-trailer-zu-gotham-staffel-5-veroeffentlicht\/","title":{"rendered":"Trailer zu Gotham Staffel 5 ver\u00c3\u00b6ffentlicht"},"content":{"rendered":"<p>Obwohl die mittlerweile 5. Staffel von Gotham erst im M\u00c3\u00a4rz des kommenden Jahres an den Start geht, hat FOX im Rahmen der Comic Con in New York jetzt bereits einen ersten Trailer zu den neuen Episoden ver\u00c3\u00b6ffentlicht. Den Trailer findet ihr am Ende dieses Artikels. Wie unter anderem Deadline berichtet, werden in der neuen Staffel von Gotham einige B\u00c3\u00b6sewichte, unter anderem Zasaz, Mad Hatter, Sacrecrow und Hugo Strange zur\u00c3\u00bcckkehren. Gemeinsam mit Batman wollen sie gegen Dark Knight k\u00c3\u00a4mpfen. Zu den bereits bekannten B\u00c3\u00b6sewichten, werden sich Magpie und Bane neu dazugesellen. Dar\u00c3\u00bcber, wer den Bane spielen w\u00c3\u00bcrde, war in den vergangenen Wochen viel spekuliert worden. Auf der Comic Con wurde bekanntgegeben, das Shane West die Rolle ergattern konnte. Tom Hardy als Bane einst in The Dark Knight Rises im Jahr 2012 ber\u00c3\u00bchmt geworden. Im Rahmen der Comic Con wurde au\u00c3\u0178erdem angek\u00c3\u00bcndigt, dass es zu einer Wendung in der Geschichte um Banes Herkunft geben soll. In der neuen Staffel soll Bruce Wayne zum ersten Mal mit einem gro\u00c3\u0178en Schwarm von Flederm\u00c3\u00a4usen zu sehen sein. Im Serienfinale wird Batman pers\u00c3\u00b6nlich auftreten. Hier findet ihr den neuen Trailer: <iframe loading=\"lazy\" allowfullscreen=\"\" frameborder=\"0\" height=\"315\" src=\"https:\/\/www.youtube-nocookie.com\/embed\/l5ZaxngL6mc\" width=\"100%\"><\/iframe><\/p><div class=\"newss-content\" id=\"newss-4088003834\"><script async src=\"\/\/pagead2.googlesyndication.com\/pagead\/js\/adsbygoogle.js?client=ca-pub-7733425960004873\" crossorigin=\"anonymous\"><\/script><ins class=\"adsbygoogle\" style=\"display:block;\" data-ad-client=\"ca-pub-7733425960004873\" \ndata-ad-slot=\"2582020599\" \ndata-ad-format=\"auto\"><\/ins>\n<script> \n(adsbygoogle = window.adsbygoogle || []).push({}); \n<\/script>\n<\/div><div class=\"newss-article-1\" id=\"newss-3862833359\"><script async src=\"https:\/\/pagead2.googlesyndication.com\/pagead\/js\/adsbygoogle.js?client=ca-pub-7733425960004873\"\r\n     crossorigin=\"anonymous\"><\/script>\r\n<!-- Homepage2 -->\r\n<ins class=\"adsbygoogle\"\r\n     style=\"display:block\"\r\n     data-ad-client=\"ca-pub-7733425960004873\"\r\n     data-ad-slot=\"2582020599\"\r\n     data-ad-format=\"auto\"\r\n     data-full-width-responsive=\"true\"><\/ins>\r\n<script>\r\n     (adsbygoogle = window.adsbygoogle || []).push({});\r\n<\/script><\/div>\n","protected":false},"excerpt":{"rendered":"<p>Im Rahmen der Comic Con in New York hat FOX einen Trailer zu Gotham Staffel 5 ver\u00c3\u00b6ffentlicht. Dieser erm\u00c3\u00b6glicht einen ersten Blick&#8230; Mehr auf Newsslash.com!<\/p>\n","protected":false},"author":8,"featured_media":21974,"comment_status":"open","ping_status":"open","sticky":false,"template":"","format":"standard","meta":{"_et_pb_use_builder":"","_et_pb_old_content":"","_et_gb_content_width":"","footnotes":""},"class_list":["post-16894","post","type-post","status-publish","format-standard","has-post-thumbnail","hentry","category-blog"],"yoast_head":"<!-- This site is optimized with the Yoast SEO plugin v24.8.1 - https:\/\/yoast.com\/wordpress\/plugins\/seo\/ -->\n<title>Trailer zu Gotham Staffel 5 ver\u00c3\u00b6ffentlicht - Newsslash<\/title>\n<meta name=\"robots\" content=\"noindex, follow\" \/>\n<meta property=\"og:locale\" content=\"en_US\" \/>\n<meta property=\"og:type\" content=\"article\" \/>\n<meta property=\"og:title\" content=\"Trailer zu Gotham Staffel 5 ver\u00c3\u00b6ffentlicht - Newsslash\" \/>\n<meta property=\"og:description\" content=\"Im Rahmen der Comic Con in New York hat FOX einen Trailer zu Gotham Staffel 5 ver\u00c3\u00b6ffentlicht. Dieser erm\u00c3\u00b6glicht einen ersten Blick... Mehr auf Newsslash.com!\" \/>\n<meta property=\"og:url\" content=\"https:\/\/newsslash.com\/n\/13164-trailer-zu-gotham-staffel-5-veroeffentlicht\/\" \/>\n<meta property=\"og:site_name\" content=\"Newsslash\" \/>\n<meta property=\"article:published_time\" content=\"2018-10-09T17:54:00+00:00\" \/>\n<meta property=\"og:image\" content=\"https:\/\/newsslash.com\/n\/wp-content\/uploads\/2025\/04\/NewsSlash-Featured-Image.jpg\" \/>\n\t<meta property=\"og:image:width\" content=\"1280\" \/>\n\t<meta property=\"og:image:height\" content=\"854\" \/>\n\t<meta property=\"og:image:type\" content=\"image\/jpeg\" \/>\n<meta name=\"author\" content=\"Cindy D\" \/>\n<meta name=\"twitter:card\" content=\"summary_large_image\" \/>\n<meta name=\"twitter:label1\" content=\"Written by\" \/>\n\t<meta name=\"twitter:data1\" content=\"Cindy D\" \/>\n\t<meta name=\"twitter:label2\" content=\"Est. reading time\" \/>\n\t<meta name=\"twitter:data2\" content=\"1 minute\" \/>\n<script type=\"application\/ld+json\" class=\"yoast-schema-graph\">{\"@context\":\"https:\/\/schema.org\",\"@graph\":[{\"@type\":\"Article\",\"@id\":\"https:\/\/newsslash.com\/n\/13164-trailer-zu-gotham-staffel-5-veroeffentlicht\/#article\",\"isPartOf\":{\"@id\":\"https:\/\/newsslash.com\/n\/13164-trailer-zu-gotham-staffel-5-veroeffentlicht\/\"},\"author\":{\"name\":\"Cindy D\",\"@id\":\"https:\/\/newsslash.com\/n\/#\/schema\/person\/522101af9b37501b768c7dfa5cf1edad\"},\"headline\":\"Trailer zu Gotham Staffel 5 ver\u00c3\u00b6ffentlicht\",\"datePublished\":\"2018-10-09T17:54:00+00:00\",\"mainEntityOfPage\":{\"@id\":\"https:\/\/newsslash.com\/n\/13164-trailer-zu-gotham-staffel-5-veroeffentlicht\/\"},\"wordCount\":202,\"commentCount\":0,\"publisher\":{\"@id\":\"https:\/\/newsslash.com\/n\/#organization\"},\"image\":{\"@id\":\"https:\/\/newsslash.com\/n\/13164-trailer-zu-gotham-staffel-5-veroeffentlicht\/#primaryimage\"},\"thumbnailUrl\":\"https:\/\/newsslash.com\/n\/wp-content\/uploads\/2025\/04\/NewsSlash-Featured-Image.jpg\",\"articleSection\":[\"Blog\"],\"inLanguage\":\"en-US\",\"potentialAction\":[{\"@type\":\"CommentAction\",\"name\":\"Comment\",\"target\":[\"https:\/\/newsslash.com\/n\/13164-trailer-zu-gotham-staffel-5-veroeffentlicht\/#respond\"]}]},{\"@type\":\"WebPage\",\"@id\":\"https:\/\/newsslash.com\/n\/13164-trailer-zu-gotham-staffel-5-veroeffentlicht\/\",\"url\":\"https:\/\/newsslash.com\/n\/13164-trailer-zu-gotham-staffel-5-veroeffentlicht\/\",\"name\":\"Trailer zu Gotham Staffel 5 ver\u00c3\u00b6ffentlicht - Newsslash\",\"isPartOf\":{\"@id\":\"https:\/\/newsslash.com\/n\/#website\"},\"primaryImageOfPage\":{\"@id\":\"https:\/\/newsslash.com\/n\/13164-trailer-zu-gotham-staffel-5-veroeffentlicht\/#primaryimage\"},\"image\":{\"@id\":\"https:\/\/newsslash.com\/n\/13164-trailer-zu-gotham-staffel-5-veroeffentlicht\/#primaryimage\"},\"thumbnailUrl\":\"https:\/\/newsslash.com\/n\/wp-content\/uploads\/2025\/04\/NewsSlash-Featured-Image.jpg\",\"datePublished\":\"2018-10-09T17:54:00+00:00\",\"breadcrumb\":{\"@id\":\"https:\/\/newsslash.com\/n\/13164-trailer-zu-gotham-staffel-5-veroeffentlicht\/#breadcrumb\"},\"inLanguage\":\"en-US\",\"potentialAction\":[{\"@type\":\"ReadAction\",\"target\":[\"https:\/\/newsslash.com\/n\/13164-trailer-zu-gotham-staffel-5-veroeffentlicht\/\"]}]},{\"@type\":\"ImageObject\",\"inLanguage\":\"en-US\",\"@id\":\"https:\/\/newsslash.com\/n\/13164-trailer-zu-gotham-staffel-5-veroeffentlicht\/#primaryimage\",\"url\":\"https:\/\/newsslash.com\/n\/wp-content\/uploads\/2025\/04\/NewsSlash-Featured-Image.jpg\",\"contentUrl\":\"https:\/\/newsslash.com\/n\/wp-content\/uploads\/2025\/04\/NewsSlash-Featured-Image.jpg\",\"width\":1280,\"height\":854},{\"@type\":\"BreadcrumbList\",\"@id\":\"https:\/\/newsslash.com\/n\/13164-trailer-zu-gotham-staffel-5-veroeffentlicht\/#breadcrumb\",\"itemListElement\":[{\"@type\":\"ListItem\",\"position\":1,\"name\":\"Home\",\"item\":\"https:\/\/newsslash.com\/n\/\"},{\"@type\":\"ListItem\",\"position\":2,\"name\":\"Trailer zu Gotham Staffel 5 ver\u00c3\u00b6ffentlicht\"}]},{\"@type\":\"WebSite\",\"@id\":\"https:\/\/newsslash.com\/n\/#website\",\"url\":\"https:\/\/newsslash.com\/n\/\",\"name\":\"Newsslash\",\"description\":\"Trending News on Movies, Series, OTT, Gaming\",\"publisher\":{\"@id\":\"https:\/\/newsslash.com\/n\/#organization\"},\"potentialAction\":[{\"@type\":\"SearchAction\",\"target\":{\"@type\":\"EntryPoint\",\"urlTemplate\":\"https:\/\/newsslash.com\/n\/?s={search_term_string}\"},\"query-input\":{\"@type\":\"PropertyValueSpecification\",\"valueRequired\":true,\"valueName\":\"search_term_string\"}}],\"inLanguage\":\"en-US\"},{\"@type\":\"Organization\",\"@id\":\"https:\/\/newsslash.com\/n\/#organization\",\"name\":\"Newsslash\",\"url\":\"https:\/\/newsslash.com\/n\/\",\"logo\":{\"@type\":\"ImageObject\",\"inLanguage\":\"en-US\",\"@id\":\"https:\/\/newsslash.com\/n\/#\/schema\/logo\/image\/\",\"url\":\"https:\/\/newsslash.com\/n\/wp-content\/uploads\/2025\/04\/cropped-Newsslash-logo-Fevicon.png\",\"contentUrl\":\"https:\/\/newsslash.com\/n\/wp-content\/uploads\/2025\/04\/cropped-Newsslash-logo-Fevicon.png\",\"width\":512,\"height\":512,\"caption\":\"Newsslash\"},\"image\":{\"@id\":\"https:\/\/newsslash.com\/n\/#\/schema\/logo\/image\/\"}},{\"@type\":\"Person\",\"@id\":\"https:\/\/newsslash.com\/n\/#\/schema\/person\/522101af9b37501b768c7dfa5cf1edad\",\"name\":\"Cindy D\",\"sameAs\":[\"http:\/\/newsslash.com\"],\"url\":\"https:\/\/newsslash.com\/n\/author\/cindy_d\/\"}]}<\/script>\n<!-- \/ Yoast SEO plugin. -->","yoast_head_json":{"title":"Trailer zu Gotham Staffel 5 ver\u00c3\u00b6ffentlicht - Newsslash","robots":{"index":"noindex","follow":"follow"},"og_locale":"en_US","og_type":"article","og_title":"Trailer zu Gotham Staffel 5 ver\u00c3\u00b6ffentlicht - Newsslash","og_description":"Im Rahmen der Comic Con in New York hat FOX einen Trailer zu Gotham Staffel 5 ver\u00c3\u00b6ffentlicht. Dieser erm\u00c3\u00b6glicht einen ersten Blick... Mehr auf Newsslash.com!","og_url":"https:\/\/newsslash.com\/n\/13164-trailer-zu-gotham-staffel-5-veroeffentlicht\/","og_site_name":"Newsslash","article_published_time":"2018-10-09T17:54:00+00:00","og_image":[{"width":1280,"height":854,"url":"https:\/\/newsslash.com\/n\/wp-content\/uploads\/2025\/04\/NewsSlash-Featured-Image.jpg","type":"image\/jpeg"}],"author":"Cindy D","twitter_card":"summary_large_image","twitter_misc":{"Written by":"Cindy D","Est. reading time":"1 minute"},"schema":{"@context":"https:\/\/schema.org","@graph":[{"@type":"Article","@id":"https:\/\/newsslash.com\/n\/13164-trailer-zu-gotham-staffel-5-veroeffentlicht\/#article","isPartOf":{"@id":"https:\/\/newsslash.com\/n\/13164-trailer-zu-gotham-staffel-5-veroeffentlicht\/"},"author":{"name":"Cindy D","@id":"https:\/\/newsslash.com\/n\/#\/schema\/person\/522101af9b37501b768c7dfa5cf1edad"},"headline":"Trailer zu Gotham Staffel 5 ver\u00c3\u00b6ffentlicht","datePublished":"2018-10-09T17:54:00+00:00","mainEntityOfPage":{"@id":"https:\/\/newsslash.com\/n\/13164-trailer-zu-gotham-staffel-5-veroeffentlicht\/"},"wordCount":202,"commentCount":0,"publisher":{"@id":"https:\/\/newsslash.com\/n\/#organization"},"image":{"@id":"https:\/\/newsslash.com\/n\/13164-trailer-zu-gotham-staffel-5-veroeffentlicht\/#primaryimage"},"thumbnailUrl":"https:\/\/newsslash.com\/n\/wp-content\/uploads\/2025\/04\/NewsSlash-Featured-Image.jpg","articleSection":["Blog"],"inLanguage":"en-US","potentialAction":[{"@type":"CommentAction","name":"Comment","target":["https:\/\/newsslash.com\/n\/13164-trailer-zu-gotham-staffel-5-veroeffentlicht\/#respond"]}]},{"@type":"WebPage","@id":"https:\/\/newsslash.com\/n\/13164-trailer-zu-gotham-staffel-5-veroeffentlicht\/","url":"https:\/\/newsslash.com\/n\/13164-trailer-zu-gotham-staffel-5-veroeffentlicht\/","name":"Trailer zu Gotham Staffel 5 ver\u00c3\u00b6ffentlicht - Newsslash","isPartOf":{"@id":"https:\/\/newsslash.com\/n\/#website"},"primaryImageOfPage":{"@id":"https:\/\/newsslash.com\/n\/13164-trailer-zu-gotham-staffel-5-veroeffentlicht\/#primaryimage"},"image":{"@id":"https:\/\/newsslash.com\/n\/13164-trailer-zu-gotham-staffel-5-veroeffentlicht\/#primaryimage"},"thumbnailUrl":"https:\/\/newsslash.com\/n\/wp-content\/uploads\/2025\/04\/NewsSlash-Featured-Image.jpg","datePublished":"2018-10-09T17:54:00+00:00","breadcrumb":{"@id":"https:\/\/newsslash.com\/n\/13164-trailer-zu-gotham-staffel-5-veroeffentlicht\/#breadcrumb"},"inLanguage":"en-US","potentialAction":[{"@type":"ReadAction","target":["https:\/\/newsslash.com\/n\/13164-trailer-zu-gotham-staffel-5-veroeffentlicht\/"]}]},{"@type":"ImageObject","inLanguage":"en-US","@id":"https:\/\/newsslash.com\/n\/13164-trailer-zu-gotham-staffel-5-veroeffentlicht\/#primaryimage","url":"https:\/\/newsslash.com\/n\/wp-content\/uploads\/2025\/04\/NewsSlash-Featured-Image.jpg","contentUrl":"https:\/\/newsslash.com\/n\/wp-content\/uploads\/2025\/04\/NewsSlash-Featured-Image.jpg","width":1280,"height":854},{"@type":"BreadcrumbList","@id":"https:\/\/newsslash.com\/n\/13164-trailer-zu-gotham-staffel-5-veroeffentlicht\/#breadcrumb","itemListElement":[{"@type":"ListItem","position":1,"name":"Home","item":"https:\/\/newsslash.com\/n\/"},{"@type":"ListItem","position":2,"name":"Trailer zu Gotham Staffel 5 ver\u00c3\u00b6ffentlicht"}]},{"@type":"WebSite","@id":"https:\/\/newsslash.com\/n\/#website","url":"https:\/\/newsslash.com\/n\/","name":"Newsslash","description":"Trending News on Movies, Series, OTT, Gaming","publisher":{"@id":"https:\/\/newsslash.com\/n\/#organization"},"potentialAction":[{"@type":"SearchAction","target":{"@type":"EntryPoint","urlTemplate":"https:\/\/newsslash.com\/n\/?s={search_term_string}"},"query-input":{"@type":"PropertyValueSpecification","valueRequired":true,"valueName":"search_term_string"}}],"inLanguage":"en-US"},{"@type":"Organization","@id":"https:\/\/newsslash.com\/n\/#organization","name":"Newsslash","url":"https:\/\/newsslash.com\/n\/","logo":{"@type":"ImageObject","inLanguage":"en-US","@id":"https:\/\/newsslash.com\/n\/#\/schema\/logo\/image\/","url":"https:\/\/newsslash.com\/n\/wp-content\/uploads\/2025\/04\/cropped-Newsslash-logo-Fevicon.png","contentUrl":"https:\/\/newsslash.com\/n\/wp-content\/uploads\/2025\/04\/cropped-Newsslash-logo-Fevicon.png","width":512,"height":512,"caption":"Newsslash"},"image":{"@id":"https:\/\/newsslash.com\/n\/#\/schema\/logo\/image\/"}},{"@type":"Person","@id":"https:\/\/newsslash.com\/n\/#\/schema\/person\/522101af9b37501b768c7dfa5cf1edad","name":"Cindy D","sameAs":["http:\/\/newsslash.com"],"url":"https:\/\/newsslash.com\/n\/author\/cindy_d\/"}]}},"_links":{"self":[{"href":"https:\/\/newsslash.com\/n\/wp-json\/wp\/v2\/posts\/16894","targetHints":{"allow":["GET"]}}],"collection":[{"href":"https:\/\/newsslash.com\/n\/wp-json\/wp\/v2\/posts"}],"about":[{"href":"https:\/\/newsslash.com\/n\/wp-json\/wp\/v2\/types\/post"}],"author":[{"embeddable":true,"href":"https:\/\/newsslash.com\/n\/wp-json\/wp\/v2\/users\/8"}],"replies":[{"embeddable":true,"href":"https:\/\/newsslash.com\/n\/wp-json\/wp\/v2\/comments?post=16894"}],"version-history":[{"count":0,"href":"https:\/\/newsslash.com\/n\/wp-json\/wp\/v2\/posts\/16894\/revisions"}],"wp:featuredmedia":[{"embeddable":true,"href":"https:\/\/newsslash.com\/n\/wp-json\/wp\/v2\/media\/21974"}],"wp:attachment":[{"href":"https:\/\/newsslash.com\/n\/wp-json\/wp\/v2\/media?parent=16894"}],"curies":[{"name":"wp","href":"https:\/\/api.w.org\/{rel}","templated":true}]}}