{"id":17124,"date":"2018-11-19T18:52:00","date_gmt":"2018-11-19T18:52:00","guid":{"rendered":"https:\/\/newsslash.com\/n\/13378-netflix-bestellt-animationsserie-zum-zweiten-weltkrieg\/"},"modified":"2018-11-19T18:52:00","modified_gmt":"2018-11-19T18:52:00","slug":"13378-netflix-bestellt-animationsserie-zum-zweiten-weltkrieg","status":"publish","type":"post","link":"https:\/\/newsslash.com\/n\/13378-netflix-bestellt-animationsserie-zum-zweiten-weltkrieg\/","title":{"rendered":"Netflix bestellt Animationsserie zum Zweiten Weltkrieg"},"content":{"rendered":"<p>Wie unter anderem TVLine berichtet, hat Netflix mit The Liberator eine neue Animationsserie in Auftrag gegeben, die auf Ereignissen des Zweiten Weltkriegs basiert. Der offiziellen Beschreibung von Netflix zufolge soll The Liberator die faszinierende, wahre Geschichte des blutigsten und dramatischsten Marsch zum Sieg des Krieges erz\u00c3\u00a4hlen. Im Zentrum steht dabei die Schlachtfeld-Odyssee von Felix Sparks, einem Offizier der US-Armee, und seiner Infanterieeinheit. \u00c3\u0153ber 500 Tage lang hat er mit seinen Soldaten daf\u00c3\u00bcr gek\u00c3\u00a4mpft, Europa zu befreien. Die Infanterieeinheit setzt sich aus Cowboys, mexikanischen Amerikanern sowie amerikanischen Ureinwohnern zusammen. Die neue Animationsserie, die sich aus vier Teilen zusammensetzen soll, basiert auf Alex Kershaws Buch The Liberator: One World War II Soldier\u00e2\u20ac\u2122s 500-Day Odyssey from the Beaches of Sicily to the Gates of Dachau, das in Englisch bei <a href=\"https:\/\/www.amazon.de\/Liberator-Soldiers-500-Day-Odyssey-Beaches\/dp\/0099568799\/ref=sr_1_1?s=books-intl-de&amp;ie=UTF8&amp;tag=newsslash-21\" target=\"_blank\">Amazon<\/a> erh\u00c3\u00a4ltlich ist. Als Autor wird Seriensch\u00c3\u00b6pfer Jeb Stuart (The Fugitive) fungieren, Kershaw wurde als Co-Produzent engagiert.<\/p><div class=\"newss-content\" id=\"newss-1715553496\"><script async src=\"\/\/pagead2.googlesyndication.com\/pagead\/js\/adsbygoogle.js?client=ca-pub-7733425960004873\" crossorigin=\"anonymous\"><\/script><ins class=\"adsbygoogle\" style=\"display:block;\" data-ad-client=\"ca-pub-7733425960004873\" \ndata-ad-slot=\"2582020599\" \ndata-ad-format=\"auto\"><\/ins>\n<script> \n(adsbygoogle = window.adsbygoogle || []).push({}); \n<\/script>\n<\/div><div class=\"newss-article-1\" id=\"newss-105006906\"><script async src=\"https:\/\/pagead2.googlesyndication.com\/pagead\/js\/adsbygoogle.js?client=ca-pub-7733425960004873\"\r\n     crossorigin=\"anonymous\"><\/script>\r\n<!-- Homepage2 -->\r\n<ins class=\"adsbygoogle\"\r\n     style=\"display:block\"\r\n     data-ad-client=\"ca-pub-7733425960004873\"\r\n     data-ad-slot=\"2582020599\"\r\n     data-ad-format=\"auto\"\r\n     data-full-width-responsive=\"true\"><\/ins>\r\n<script>\r\n     (adsbygoogle = window.adsbygoogle || []).push({});\r\n<\/script><\/div>\n","protected":false},"excerpt":{"rendered":"<p>Mit The Liberator hat Netflix eine Animationsserie in Auftrag gegeben, die zur Zeit des Zweiten Weltkriegs spielt. Im Zentrum steht&#8230; Mehr auf Newsslash.com!<\/p>\n","protected":false},"author":8,"featured_media":21974,"comment_status":"open","ping_status":"open","sticky":false,"template":"","format":"standard","meta":{"_et_pb_use_builder":"","_et_pb_old_content":"","_et_gb_content_width":"","footnotes":""},"class_list":["post-17124","post","type-post","status-publish","format-standard","has-post-thumbnail","hentry","category-blog"],"yoast_head":"<!-- This site is optimized with the Yoast SEO plugin v24.8.1 - https:\/\/yoast.com\/wordpress\/plugins\/seo\/ -->\n<title>Netflix bestellt Animationsserie zum Zweiten Weltkrieg - Newsslash<\/title>\n<meta name=\"robots\" content=\"noindex, follow\" \/>\n<meta property=\"og:locale\" content=\"en_US\" \/>\n<meta property=\"og:type\" content=\"article\" \/>\n<meta property=\"og:title\" content=\"Netflix bestellt Animationsserie zum Zweiten Weltkrieg - Newsslash\" \/>\n<meta property=\"og:description\" content=\"Mit The Liberator hat Netflix eine Animationsserie in Auftrag gegeben, die zur Zeit des Zweiten Weltkriegs spielt. Im Zentrum steht... Mehr auf Newsslash.com!\" \/>\n<meta property=\"og:url\" content=\"https:\/\/newsslash.com\/n\/13378-netflix-bestellt-animationsserie-zum-zweiten-weltkrieg\/\" \/>\n<meta property=\"og:site_name\" content=\"Newsslash\" \/>\n<meta property=\"article:published_time\" content=\"2018-11-19T18:52:00+00:00\" \/>\n<meta property=\"og:image\" content=\"https:\/\/newsslash.com\/n\/wp-content\/uploads\/2025\/04\/NewsSlash-Featured-Image.jpg\" \/>\n\t<meta property=\"og:image:width\" content=\"1280\" \/>\n\t<meta property=\"og:image:height\" content=\"854\" \/>\n\t<meta property=\"og:image:type\" content=\"image\/jpeg\" \/>\n<meta name=\"author\" content=\"Cindy D\" \/>\n<meta name=\"twitter:card\" content=\"summary_large_image\" \/>\n<meta name=\"twitter:label1\" content=\"Written by\" \/>\n\t<meta name=\"twitter:data1\" content=\"Cindy D\" \/>\n\t<meta name=\"twitter:label2\" content=\"Est. reading time\" \/>\n\t<meta name=\"twitter:data2\" content=\"1 minute\" \/>\n<script type=\"application\/ld+json\" class=\"yoast-schema-graph\">{\"@context\":\"https:\/\/schema.org\",\"@graph\":[{\"@type\":\"Article\",\"@id\":\"https:\/\/newsslash.com\/n\/13378-netflix-bestellt-animationsserie-zum-zweiten-weltkrieg\/#article\",\"isPartOf\":{\"@id\":\"https:\/\/newsslash.com\/n\/13378-netflix-bestellt-animationsserie-zum-zweiten-weltkrieg\/\"},\"author\":{\"name\":\"Cindy D\",\"@id\":\"https:\/\/newsslash.com\/n\/#\/schema\/person\/522101af9b37501b768c7dfa5cf1edad\"},\"headline\":\"Netflix bestellt Animationsserie zum Zweiten Weltkrieg\",\"datePublished\":\"2018-11-19T18:52:00+00:00\",\"mainEntityOfPage\":{\"@id\":\"https:\/\/newsslash.com\/n\/13378-netflix-bestellt-animationsserie-zum-zweiten-weltkrieg\/\"},\"wordCount\":154,\"commentCount\":0,\"publisher\":{\"@id\":\"https:\/\/newsslash.com\/n\/#organization\"},\"image\":{\"@id\":\"https:\/\/newsslash.com\/n\/13378-netflix-bestellt-animationsserie-zum-zweiten-weltkrieg\/#primaryimage\"},\"thumbnailUrl\":\"https:\/\/newsslash.com\/n\/wp-content\/uploads\/2025\/04\/NewsSlash-Featured-Image.jpg\",\"articleSection\":[\"Blog\"],\"inLanguage\":\"en-US\",\"potentialAction\":[{\"@type\":\"CommentAction\",\"name\":\"Comment\",\"target\":[\"https:\/\/newsslash.com\/n\/13378-netflix-bestellt-animationsserie-zum-zweiten-weltkrieg\/#respond\"]}]},{\"@type\":\"WebPage\",\"@id\":\"https:\/\/newsslash.com\/n\/13378-netflix-bestellt-animationsserie-zum-zweiten-weltkrieg\/\",\"url\":\"https:\/\/newsslash.com\/n\/13378-netflix-bestellt-animationsserie-zum-zweiten-weltkrieg\/\",\"name\":\"Netflix bestellt Animationsserie zum Zweiten Weltkrieg - Newsslash\",\"isPartOf\":{\"@id\":\"https:\/\/newsslash.com\/n\/#website\"},\"primaryImageOfPage\":{\"@id\":\"https:\/\/newsslash.com\/n\/13378-netflix-bestellt-animationsserie-zum-zweiten-weltkrieg\/#primaryimage\"},\"image\":{\"@id\":\"https:\/\/newsslash.com\/n\/13378-netflix-bestellt-animationsserie-zum-zweiten-weltkrieg\/#primaryimage\"},\"thumbnailUrl\":\"https:\/\/newsslash.com\/n\/wp-content\/uploads\/2025\/04\/NewsSlash-Featured-Image.jpg\",\"datePublished\":\"2018-11-19T18:52:00+00:00\",\"breadcrumb\":{\"@id\":\"https:\/\/newsslash.com\/n\/13378-netflix-bestellt-animationsserie-zum-zweiten-weltkrieg\/#breadcrumb\"},\"inLanguage\":\"en-US\",\"potentialAction\":[{\"@type\":\"ReadAction\",\"target\":[\"https:\/\/newsslash.com\/n\/13378-netflix-bestellt-animationsserie-zum-zweiten-weltkrieg\/\"]}]},{\"@type\":\"ImageObject\",\"inLanguage\":\"en-US\",\"@id\":\"https:\/\/newsslash.com\/n\/13378-netflix-bestellt-animationsserie-zum-zweiten-weltkrieg\/#primaryimage\",\"url\":\"https:\/\/newsslash.com\/n\/wp-content\/uploads\/2025\/04\/NewsSlash-Featured-Image.jpg\",\"contentUrl\":\"https:\/\/newsslash.com\/n\/wp-content\/uploads\/2025\/04\/NewsSlash-Featured-Image.jpg\",\"width\":1280,\"height\":854},{\"@type\":\"BreadcrumbList\",\"@id\":\"https:\/\/newsslash.com\/n\/13378-netflix-bestellt-animationsserie-zum-zweiten-weltkrieg\/#breadcrumb\",\"itemListElement\":[{\"@type\":\"ListItem\",\"position\":1,\"name\":\"Home\",\"item\":\"https:\/\/newsslash.com\/n\/\"},{\"@type\":\"ListItem\",\"position\":2,\"name\":\"Netflix bestellt Animationsserie zum Zweiten Weltkrieg\"}]},{\"@type\":\"WebSite\",\"@id\":\"https:\/\/newsslash.com\/n\/#website\",\"url\":\"https:\/\/newsslash.com\/n\/\",\"name\":\"Newsslash\",\"description\":\"Trending News on Movies, Series, OTT, Gaming\",\"publisher\":{\"@id\":\"https:\/\/newsslash.com\/n\/#organization\"},\"potentialAction\":[{\"@type\":\"SearchAction\",\"target\":{\"@type\":\"EntryPoint\",\"urlTemplate\":\"https:\/\/newsslash.com\/n\/?s={search_term_string}\"},\"query-input\":{\"@type\":\"PropertyValueSpecification\",\"valueRequired\":true,\"valueName\":\"search_term_string\"}}],\"inLanguage\":\"en-US\"},{\"@type\":\"Organization\",\"@id\":\"https:\/\/newsslash.com\/n\/#organization\",\"name\":\"Newsslash\",\"url\":\"https:\/\/newsslash.com\/n\/\",\"logo\":{\"@type\":\"ImageObject\",\"inLanguage\":\"en-US\",\"@id\":\"https:\/\/newsslash.com\/n\/#\/schema\/logo\/image\/\",\"url\":\"https:\/\/newsslash.com\/n\/wp-content\/uploads\/2025\/04\/cropped-Newsslash-logo-Fevicon.png\",\"contentUrl\":\"https:\/\/newsslash.com\/n\/wp-content\/uploads\/2025\/04\/cropped-Newsslash-logo-Fevicon.png\",\"width\":512,\"height\":512,\"caption\":\"Newsslash\"},\"image\":{\"@id\":\"https:\/\/newsslash.com\/n\/#\/schema\/logo\/image\/\"}},{\"@type\":\"Person\",\"@id\":\"https:\/\/newsslash.com\/n\/#\/schema\/person\/522101af9b37501b768c7dfa5cf1edad\",\"name\":\"Cindy D\",\"sameAs\":[\"http:\/\/newsslash.com\"],\"url\":\"https:\/\/newsslash.com\/n\/author\/cindy_d\/\"}]}<\/script>\n<!-- \/ Yoast SEO plugin. -->","yoast_head_json":{"title":"Netflix bestellt Animationsserie zum Zweiten Weltkrieg - Newsslash","robots":{"index":"noindex","follow":"follow"},"og_locale":"en_US","og_type":"article","og_title":"Netflix bestellt Animationsserie zum Zweiten Weltkrieg - Newsslash","og_description":"Mit The Liberator hat Netflix eine Animationsserie in Auftrag gegeben, die zur Zeit des Zweiten Weltkriegs spielt. Im Zentrum steht... Mehr auf Newsslash.com!","og_url":"https:\/\/newsslash.com\/n\/13378-netflix-bestellt-animationsserie-zum-zweiten-weltkrieg\/","og_site_name":"Newsslash","article_published_time":"2018-11-19T18:52:00+00:00","og_image":[{"width":1280,"height":854,"url":"https:\/\/newsslash.com\/n\/wp-content\/uploads\/2025\/04\/NewsSlash-Featured-Image.jpg","type":"image\/jpeg"}],"author":"Cindy D","twitter_card":"summary_large_image","twitter_misc":{"Written by":"Cindy D","Est. reading time":"1 minute"},"schema":{"@context":"https:\/\/schema.org","@graph":[{"@type":"Article","@id":"https:\/\/newsslash.com\/n\/13378-netflix-bestellt-animationsserie-zum-zweiten-weltkrieg\/#article","isPartOf":{"@id":"https:\/\/newsslash.com\/n\/13378-netflix-bestellt-animationsserie-zum-zweiten-weltkrieg\/"},"author":{"name":"Cindy D","@id":"https:\/\/newsslash.com\/n\/#\/schema\/person\/522101af9b37501b768c7dfa5cf1edad"},"headline":"Netflix bestellt Animationsserie zum Zweiten Weltkrieg","datePublished":"2018-11-19T18:52:00+00:00","mainEntityOfPage":{"@id":"https:\/\/newsslash.com\/n\/13378-netflix-bestellt-animationsserie-zum-zweiten-weltkrieg\/"},"wordCount":154,"commentCount":0,"publisher":{"@id":"https:\/\/newsslash.com\/n\/#organization"},"image":{"@id":"https:\/\/newsslash.com\/n\/13378-netflix-bestellt-animationsserie-zum-zweiten-weltkrieg\/#primaryimage"},"thumbnailUrl":"https:\/\/newsslash.com\/n\/wp-content\/uploads\/2025\/04\/NewsSlash-Featured-Image.jpg","articleSection":["Blog"],"inLanguage":"en-US","potentialAction":[{"@type":"CommentAction","name":"Comment","target":["https:\/\/newsslash.com\/n\/13378-netflix-bestellt-animationsserie-zum-zweiten-weltkrieg\/#respond"]}]},{"@type":"WebPage","@id":"https:\/\/newsslash.com\/n\/13378-netflix-bestellt-animationsserie-zum-zweiten-weltkrieg\/","url":"https:\/\/newsslash.com\/n\/13378-netflix-bestellt-animationsserie-zum-zweiten-weltkrieg\/","name":"Netflix bestellt Animationsserie zum Zweiten Weltkrieg - Newsslash","isPartOf":{"@id":"https:\/\/newsslash.com\/n\/#website"},"primaryImageOfPage":{"@id":"https:\/\/newsslash.com\/n\/13378-netflix-bestellt-animationsserie-zum-zweiten-weltkrieg\/#primaryimage"},"image":{"@id":"https:\/\/newsslash.com\/n\/13378-netflix-bestellt-animationsserie-zum-zweiten-weltkrieg\/#primaryimage"},"thumbnailUrl":"https:\/\/newsslash.com\/n\/wp-content\/uploads\/2025\/04\/NewsSlash-Featured-Image.jpg","datePublished":"2018-11-19T18:52:00+00:00","breadcrumb":{"@id":"https:\/\/newsslash.com\/n\/13378-netflix-bestellt-animationsserie-zum-zweiten-weltkrieg\/#breadcrumb"},"inLanguage":"en-US","potentialAction":[{"@type":"ReadAction","target":["https:\/\/newsslash.com\/n\/13378-netflix-bestellt-animationsserie-zum-zweiten-weltkrieg\/"]}]},{"@type":"ImageObject","inLanguage":"en-US","@id":"https:\/\/newsslash.com\/n\/13378-netflix-bestellt-animationsserie-zum-zweiten-weltkrieg\/#primaryimage","url":"https:\/\/newsslash.com\/n\/wp-content\/uploads\/2025\/04\/NewsSlash-Featured-Image.jpg","contentUrl":"https:\/\/newsslash.com\/n\/wp-content\/uploads\/2025\/04\/NewsSlash-Featured-Image.jpg","width":1280,"height":854},{"@type":"BreadcrumbList","@id":"https:\/\/newsslash.com\/n\/13378-netflix-bestellt-animationsserie-zum-zweiten-weltkrieg\/#breadcrumb","itemListElement":[{"@type":"ListItem","position":1,"name":"Home","item":"https:\/\/newsslash.com\/n\/"},{"@type":"ListItem","position":2,"name":"Netflix bestellt Animationsserie zum Zweiten Weltkrieg"}]},{"@type":"WebSite","@id":"https:\/\/newsslash.com\/n\/#website","url":"https:\/\/newsslash.com\/n\/","name":"Newsslash","description":"Trending News on Movies, Series, OTT, Gaming","publisher":{"@id":"https:\/\/newsslash.com\/n\/#organization"},"potentialAction":[{"@type":"SearchAction","target":{"@type":"EntryPoint","urlTemplate":"https:\/\/newsslash.com\/n\/?s={search_term_string}"},"query-input":{"@type":"PropertyValueSpecification","valueRequired":true,"valueName":"search_term_string"}}],"inLanguage":"en-US"},{"@type":"Organization","@id":"https:\/\/newsslash.com\/n\/#organization","name":"Newsslash","url":"https:\/\/newsslash.com\/n\/","logo":{"@type":"ImageObject","inLanguage":"en-US","@id":"https:\/\/newsslash.com\/n\/#\/schema\/logo\/image\/","url":"https:\/\/newsslash.com\/n\/wp-content\/uploads\/2025\/04\/cropped-Newsslash-logo-Fevicon.png","contentUrl":"https:\/\/newsslash.com\/n\/wp-content\/uploads\/2025\/04\/cropped-Newsslash-logo-Fevicon.png","width":512,"height":512,"caption":"Newsslash"},"image":{"@id":"https:\/\/newsslash.com\/n\/#\/schema\/logo\/image\/"}},{"@type":"Person","@id":"https:\/\/newsslash.com\/n\/#\/schema\/person\/522101af9b37501b768c7dfa5cf1edad","name":"Cindy D","sameAs":["http:\/\/newsslash.com"],"url":"https:\/\/newsslash.com\/n\/author\/cindy_d\/"}]}},"_links":{"self":[{"href":"https:\/\/newsslash.com\/n\/wp-json\/wp\/v2\/posts\/17124","targetHints":{"allow":["GET"]}}],"collection":[{"href":"https:\/\/newsslash.com\/n\/wp-json\/wp\/v2\/posts"}],"about":[{"href":"https:\/\/newsslash.com\/n\/wp-json\/wp\/v2\/types\/post"}],"author":[{"embeddable":true,"href":"https:\/\/newsslash.com\/n\/wp-json\/wp\/v2\/users\/8"}],"replies":[{"embeddable":true,"href":"https:\/\/newsslash.com\/n\/wp-json\/wp\/v2\/comments?post=17124"}],"version-history":[{"count":0,"href":"https:\/\/newsslash.com\/n\/wp-json\/wp\/v2\/posts\/17124\/revisions"}],"wp:featuredmedia":[{"embeddable":true,"href":"https:\/\/newsslash.com\/n\/wp-json\/wp\/v2\/media\/21974"}],"wp:attachment":[{"href":"https:\/\/newsslash.com\/n\/wp-json\/wp\/v2\/media?parent=17124"}],"curies":[{"name":"wp","href":"https:\/\/api.w.org\/{rel}","templated":true}]}}