{"id":17174,"date":"2018-11-27T13:38:00","date_gmt":"2018-11-27T13:38:00","guid":{"rendered":"https:\/\/newsslash.com\/n\/13425-facebook-tritt-zuckerberg-als-vorstandsvorsitzender-zurueck\/"},"modified":"2018-11-27T13:38:00","modified_gmt":"2018-11-27T13:38:00","slug":"13425-facebook-tritt-zuckerberg-als-vorstandsvorsitzender-zurueck","status":"publish","type":"post","link":"https:\/\/newsslash.com\/n\/13425-facebook-tritt-zuckerberg-als-vorstandsvorsitzender-zurueck\/","title":{"rendered":"Facebook: Tritt Zuckerberg als Vorstandsvorsitzender zur\u00c3&#8230;"},"content":{"rendered":"<p>Einem Bericht von CNBC zufolge ger\u00c3\u00a4t Mark Zuckerberg zunehmend unter Druck. Nachdem die Aktien von Facebook seit Ende Juli um mittlerweile fast 40 Prozent gefallen sind, fordern immer mehr Investoren, dass der CEO seine Position als Vorstandsvorsitzender aufgibt. F\u00c3\u00bcr die n\u00c3\u00a4chste Aktion\u00c3\u00a4rsversammlung ist eine Abstimmung bez\u00c3\u00bcglich der Schaffung einer Stelle f\u00c3\u00bcr einen unabh\u00c3\u00a4ngigen Vorstandsvorsitzenden geplant. Obwohl sich der Aktienkurs von Facebook am Montag leicht erholt hat, wurde das Unternehmen mit einer Vielzahl von Angriffen konfrontiert. Facebook wurde unter anderem zahlreicher Arten der Manipulation zur Verbreitung falscher Informationen beschuldigt. Ein Teil des Marktwerts in der H\u00c3\u00b6he von fast 200 Milliarden US-Dollar, der seit dem H\u00c3\u00b6chststand der Aktie verloren gegangen ist, ist auf den Abverkauf von Technologieaktien zur\u00c3\u00bcckzuf\u00c3\u00bchren, die seit August ebenfalls gesunken sind. Der Grund hierf\u00c3\u00bcr liegt in der Verlangsamung des globalen Wirtschaftswachstums. Ein grundlegendes Problem f\u00c3\u00bcr das soziale Netzwerk besteht darin, dass Facebook sich auf ein Gesch\u00c3\u00a4ftsmodell st\u00c3\u00bctzt, f\u00c3\u00bcr das immer mehr Nutzer ben\u00c3\u00b6tigt werden, die dann auch Werbetreibende anziehen. Da das Vertrauen in Facebook nach und nach sinkt, wird das Modell langsam wackelig. Da Zuckerberg allerdings den Gro\u00c3\u0178teil des Unternehmens besitzt und somit auch die meiste Kontrolle hat, k\u00c3\u00b6nnen der Verwaltungsrat und die Aktion\u00c3\u00a4re nur wenig unternehmen.<\/p><div class=\"newss-content\" id=\"newss-2370479231\"><script async src=\"\/\/pagead2.googlesyndication.com\/pagead\/js\/adsbygoogle.js?client=ca-pub-7733425960004873\" crossorigin=\"anonymous\"><\/script><ins class=\"adsbygoogle\" style=\"display:block;\" data-ad-client=\"ca-pub-7733425960004873\" \ndata-ad-slot=\"2582020599\" \ndata-ad-format=\"auto\"><\/ins>\n<script> \n(adsbygoogle = window.adsbygoogle || []).push({}); \n<\/script>\n<\/div><div class=\"newss-article-1\" id=\"newss-132237918\"><script async src=\"https:\/\/pagead2.googlesyndication.com\/pagead\/js\/adsbygoogle.js?client=ca-pub-7733425960004873\"\r\n     crossorigin=\"anonymous\"><\/script>\r\n<!-- Homepage2 -->\r\n<ins class=\"adsbygoogle\"\r\n     style=\"display:block\"\r\n     data-ad-client=\"ca-pub-7733425960004873\"\r\n     data-ad-slot=\"2582020599\"\r\n     data-ad-format=\"auto\"\r\n     data-full-width-responsive=\"true\"><\/ins>\r\n<script>\r\n     (adsbygoogle = window.adsbygoogle || []).push({});\r\n<\/script><\/div>\n","protected":false},"excerpt":{"rendered":"<p>Seit Ende Juli sind die Aktien von Facebook um knapp 40 Prozent gesunken, gleichzeitig ist der Druck auf CEO Mark Zuckerberg&#8230; Mehr auf Newsslash.com!<\/p>\n","protected":false},"author":8,"featured_media":21974,"comment_status":"open","ping_status":"open","sticky":false,"template":"","format":"standard","meta":{"_et_pb_use_builder":"","_et_pb_old_content":"","_et_gb_content_width":"","footnotes":""},"class_list":["post-17174","post","type-post","status-publish","format-standard","has-post-thumbnail","hentry","category-blog"],"yoast_head":"<!-- This site is optimized with the Yoast SEO plugin v24.8.1 - https:\/\/yoast.com\/wordpress\/plugins\/seo\/ -->\n<title>Facebook: Tritt Zuckerberg als Vorstandsvorsitzender zur\u00c3... - Newsslash<\/title>\n<meta name=\"robots\" content=\"noindex, follow\" \/>\n<meta property=\"og:locale\" content=\"en_US\" \/>\n<meta property=\"og:type\" content=\"article\" \/>\n<meta property=\"og:title\" content=\"Facebook: Tritt Zuckerberg als Vorstandsvorsitzender zur\u00c3... - Newsslash\" \/>\n<meta property=\"og:description\" content=\"Seit Ende Juli sind die Aktien von Facebook um knapp 40 Prozent gesunken, gleichzeitig ist der Druck auf CEO Mark Zuckerberg... Mehr auf Newsslash.com!\" \/>\n<meta property=\"og:url\" content=\"https:\/\/newsslash.com\/n\/13425-facebook-tritt-zuckerberg-als-vorstandsvorsitzender-zurueck\/\" \/>\n<meta property=\"og:site_name\" content=\"Newsslash\" \/>\n<meta property=\"article:published_time\" content=\"2018-11-27T13:38:00+00:00\" \/>\n<meta property=\"og:image\" content=\"https:\/\/newsslash.com\/n\/wp-content\/uploads\/2025\/04\/NewsSlash-Featured-Image.jpg\" \/>\n\t<meta property=\"og:image:width\" content=\"1280\" \/>\n\t<meta property=\"og:image:height\" content=\"854\" \/>\n\t<meta property=\"og:image:type\" content=\"image\/jpeg\" \/>\n<meta name=\"author\" content=\"Cindy D\" \/>\n<meta name=\"twitter:card\" content=\"summary_large_image\" \/>\n<meta name=\"twitter:label1\" content=\"Written by\" \/>\n\t<meta name=\"twitter:data1\" content=\"Cindy D\" \/>\n\t<meta name=\"twitter:label2\" content=\"Est. reading time\" \/>\n\t<meta name=\"twitter:data2\" content=\"1 minute\" \/>\n<script type=\"application\/ld+json\" class=\"yoast-schema-graph\">{\"@context\":\"https:\/\/schema.org\",\"@graph\":[{\"@type\":\"Article\",\"@id\":\"https:\/\/newsslash.com\/n\/13425-facebook-tritt-zuckerberg-als-vorstandsvorsitzender-zurueck\/#article\",\"isPartOf\":{\"@id\":\"https:\/\/newsslash.com\/n\/13425-facebook-tritt-zuckerberg-als-vorstandsvorsitzender-zurueck\/\"},\"author\":{\"name\":\"Cindy D\",\"@id\":\"https:\/\/newsslash.com\/n\/#\/schema\/person\/522101af9b37501b768c7dfa5cf1edad\"},\"headline\":\"Facebook: Tritt Zuckerberg als Vorstandsvorsitzender zur\u00c3&#8230;\",\"datePublished\":\"2018-11-27T13:38:00+00:00\",\"mainEntityOfPage\":{\"@id\":\"https:\/\/newsslash.com\/n\/13425-facebook-tritt-zuckerberg-als-vorstandsvorsitzender-zurueck\/\"},\"wordCount\":222,\"commentCount\":0,\"publisher\":{\"@id\":\"https:\/\/newsslash.com\/n\/#organization\"},\"image\":{\"@id\":\"https:\/\/newsslash.com\/n\/13425-facebook-tritt-zuckerberg-als-vorstandsvorsitzender-zurueck\/#primaryimage\"},\"thumbnailUrl\":\"https:\/\/newsslash.com\/n\/wp-content\/uploads\/2025\/04\/NewsSlash-Featured-Image.jpg\",\"articleSection\":[\"Blog\"],\"inLanguage\":\"en-US\",\"potentialAction\":[{\"@type\":\"CommentAction\",\"name\":\"Comment\",\"target\":[\"https:\/\/newsslash.com\/n\/13425-facebook-tritt-zuckerberg-als-vorstandsvorsitzender-zurueck\/#respond\"]}]},{\"@type\":\"WebPage\",\"@id\":\"https:\/\/newsslash.com\/n\/13425-facebook-tritt-zuckerberg-als-vorstandsvorsitzender-zurueck\/\",\"url\":\"https:\/\/newsslash.com\/n\/13425-facebook-tritt-zuckerberg-als-vorstandsvorsitzender-zurueck\/\",\"name\":\"Facebook: Tritt Zuckerberg als Vorstandsvorsitzender zur\u00c3... - Newsslash\",\"isPartOf\":{\"@id\":\"https:\/\/newsslash.com\/n\/#website\"},\"primaryImageOfPage\":{\"@id\":\"https:\/\/newsslash.com\/n\/13425-facebook-tritt-zuckerberg-als-vorstandsvorsitzender-zurueck\/#primaryimage\"},\"image\":{\"@id\":\"https:\/\/newsslash.com\/n\/13425-facebook-tritt-zuckerberg-als-vorstandsvorsitzender-zurueck\/#primaryimage\"},\"thumbnailUrl\":\"https:\/\/newsslash.com\/n\/wp-content\/uploads\/2025\/04\/NewsSlash-Featured-Image.jpg\",\"datePublished\":\"2018-11-27T13:38:00+00:00\",\"breadcrumb\":{\"@id\":\"https:\/\/newsslash.com\/n\/13425-facebook-tritt-zuckerberg-als-vorstandsvorsitzender-zurueck\/#breadcrumb\"},\"inLanguage\":\"en-US\",\"potentialAction\":[{\"@type\":\"ReadAction\",\"target\":[\"https:\/\/newsslash.com\/n\/13425-facebook-tritt-zuckerberg-als-vorstandsvorsitzender-zurueck\/\"]}]},{\"@type\":\"ImageObject\",\"inLanguage\":\"en-US\",\"@id\":\"https:\/\/newsslash.com\/n\/13425-facebook-tritt-zuckerberg-als-vorstandsvorsitzender-zurueck\/#primaryimage\",\"url\":\"https:\/\/newsslash.com\/n\/wp-content\/uploads\/2025\/04\/NewsSlash-Featured-Image.jpg\",\"contentUrl\":\"https:\/\/newsslash.com\/n\/wp-content\/uploads\/2025\/04\/NewsSlash-Featured-Image.jpg\",\"width\":1280,\"height\":854},{\"@type\":\"BreadcrumbList\",\"@id\":\"https:\/\/newsslash.com\/n\/13425-facebook-tritt-zuckerberg-als-vorstandsvorsitzender-zurueck\/#breadcrumb\",\"itemListElement\":[{\"@type\":\"ListItem\",\"position\":1,\"name\":\"Home\",\"item\":\"https:\/\/newsslash.com\/n\/\"},{\"@type\":\"ListItem\",\"position\":2,\"name\":\"Facebook: Tritt Zuckerberg als Vorstandsvorsitzender zur\u00c3&#8230;\"}]},{\"@type\":\"WebSite\",\"@id\":\"https:\/\/newsslash.com\/n\/#website\",\"url\":\"https:\/\/newsslash.com\/n\/\",\"name\":\"Newsslash\",\"description\":\"Trending News on Movies, Series, OTT, Gaming\",\"publisher\":{\"@id\":\"https:\/\/newsslash.com\/n\/#organization\"},\"potentialAction\":[{\"@type\":\"SearchAction\",\"target\":{\"@type\":\"EntryPoint\",\"urlTemplate\":\"https:\/\/newsslash.com\/n\/?s={search_term_string}\"},\"query-input\":{\"@type\":\"PropertyValueSpecification\",\"valueRequired\":true,\"valueName\":\"search_term_string\"}}],\"inLanguage\":\"en-US\"},{\"@type\":\"Organization\",\"@id\":\"https:\/\/newsslash.com\/n\/#organization\",\"name\":\"Newsslash\",\"url\":\"https:\/\/newsslash.com\/n\/\",\"logo\":{\"@type\":\"ImageObject\",\"inLanguage\":\"en-US\",\"@id\":\"https:\/\/newsslash.com\/n\/#\/schema\/logo\/image\/\",\"url\":\"https:\/\/newsslash.com\/n\/wp-content\/uploads\/2025\/04\/cropped-Newsslash-logo-Fevicon.png\",\"contentUrl\":\"https:\/\/newsslash.com\/n\/wp-content\/uploads\/2025\/04\/cropped-Newsslash-logo-Fevicon.png\",\"width\":512,\"height\":512,\"caption\":\"Newsslash\"},\"image\":{\"@id\":\"https:\/\/newsslash.com\/n\/#\/schema\/logo\/image\/\"}},{\"@type\":\"Person\",\"@id\":\"https:\/\/newsslash.com\/n\/#\/schema\/person\/522101af9b37501b768c7dfa5cf1edad\",\"name\":\"Cindy D\",\"sameAs\":[\"http:\/\/newsslash.com\"],\"url\":\"https:\/\/newsslash.com\/n\/author\/cindy_d\/\"}]}<\/script>\n<!-- \/ Yoast SEO plugin. -->","yoast_head_json":{"title":"Facebook: Tritt Zuckerberg als Vorstandsvorsitzender zur\u00c3... - Newsslash","robots":{"index":"noindex","follow":"follow"},"og_locale":"en_US","og_type":"article","og_title":"Facebook: Tritt Zuckerberg als Vorstandsvorsitzender zur\u00c3... - Newsslash","og_description":"Seit Ende Juli sind die Aktien von Facebook um knapp 40 Prozent gesunken, gleichzeitig ist der Druck auf CEO Mark Zuckerberg... Mehr auf Newsslash.com!","og_url":"https:\/\/newsslash.com\/n\/13425-facebook-tritt-zuckerberg-als-vorstandsvorsitzender-zurueck\/","og_site_name":"Newsslash","article_published_time":"2018-11-27T13:38:00+00:00","og_image":[{"width":1280,"height":854,"url":"https:\/\/newsslash.com\/n\/wp-content\/uploads\/2025\/04\/NewsSlash-Featured-Image.jpg","type":"image\/jpeg"}],"author":"Cindy D","twitter_card":"summary_large_image","twitter_misc":{"Written by":"Cindy D","Est. reading time":"1 minute"},"schema":{"@context":"https:\/\/schema.org","@graph":[{"@type":"Article","@id":"https:\/\/newsslash.com\/n\/13425-facebook-tritt-zuckerberg-als-vorstandsvorsitzender-zurueck\/#article","isPartOf":{"@id":"https:\/\/newsslash.com\/n\/13425-facebook-tritt-zuckerberg-als-vorstandsvorsitzender-zurueck\/"},"author":{"name":"Cindy D","@id":"https:\/\/newsslash.com\/n\/#\/schema\/person\/522101af9b37501b768c7dfa5cf1edad"},"headline":"Facebook: Tritt Zuckerberg als Vorstandsvorsitzender zur\u00c3&#8230;","datePublished":"2018-11-27T13:38:00+00:00","mainEntityOfPage":{"@id":"https:\/\/newsslash.com\/n\/13425-facebook-tritt-zuckerberg-als-vorstandsvorsitzender-zurueck\/"},"wordCount":222,"commentCount":0,"publisher":{"@id":"https:\/\/newsslash.com\/n\/#organization"},"image":{"@id":"https:\/\/newsslash.com\/n\/13425-facebook-tritt-zuckerberg-als-vorstandsvorsitzender-zurueck\/#primaryimage"},"thumbnailUrl":"https:\/\/newsslash.com\/n\/wp-content\/uploads\/2025\/04\/NewsSlash-Featured-Image.jpg","articleSection":["Blog"],"inLanguage":"en-US","potentialAction":[{"@type":"CommentAction","name":"Comment","target":["https:\/\/newsslash.com\/n\/13425-facebook-tritt-zuckerberg-als-vorstandsvorsitzender-zurueck\/#respond"]}]},{"@type":"WebPage","@id":"https:\/\/newsslash.com\/n\/13425-facebook-tritt-zuckerberg-als-vorstandsvorsitzender-zurueck\/","url":"https:\/\/newsslash.com\/n\/13425-facebook-tritt-zuckerberg-als-vorstandsvorsitzender-zurueck\/","name":"Facebook: Tritt Zuckerberg als Vorstandsvorsitzender zur\u00c3... - Newsslash","isPartOf":{"@id":"https:\/\/newsslash.com\/n\/#website"},"primaryImageOfPage":{"@id":"https:\/\/newsslash.com\/n\/13425-facebook-tritt-zuckerberg-als-vorstandsvorsitzender-zurueck\/#primaryimage"},"image":{"@id":"https:\/\/newsslash.com\/n\/13425-facebook-tritt-zuckerberg-als-vorstandsvorsitzender-zurueck\/#primaryimage"},"thumbnailUrl":"https:\/\/newsslash.com\/n\/wp-content\/uploads\/2025\/04\/NewsSlash-Featured-Image.jpg","datePublished":"2018-11-27T13:38:00+00:00","breadcrumb":{"@id":"https:\/\/newsslash.com\/n\/13425-facebook-tritt-zuckerberg-als-vorstandsvorsitzender-zurueck\/#breadcrumb"},"inLanguage":"en-US","potentialAction":[{"@type":"ReadAction","target":["https:\/\/newsslash.com\/n\/13425-facebook-tritt-zuckerberg-als-vorstandsvorsitzender-zurueck\/"]}]},{"@type":"ImageObject","inLanguage":"en-US","@id":"https:\/\/newsslash.com\/n\/13425-facebook-tritt-zuckerberg-als-vorstandsvorsitzender-zurueck\/#primaryimage","url":"https:\/\/newsslash.com\/n\/wp-content\/uploads\/2025\/04\/NewsSlash-Featured-Image.jpg","contentUrl":"https:\/\/newsslash.com\/n\/wp-content\/uploads\/2025\/04\/NewsSlash-Featured-Image.jpg","width":1280,"height":854},{"@type":"BreadcrumbList","@id":"https:\/\/newsslash.com\/n\/13425-facebook-tritt-zuckerberg-als-vorstandsvorsitzender-zurueck\/#breadcrumb","itemListElement":[{"@type":"ListItem","position":1,"name":"Home","item":"https:\/\/newsslash.com\/n\/"},{"@type":"ListItem","position":2,"name":"Facebook: Tritt Zuckerberg als Vorstandsvorsitzender zur\u00c3&#8230;"}]},{"@type":"WebSite","@id":"https:\/\/newsslash.com\/n\/#website","url":"https:\/\/newsslash.com\/n\/","name":"Newsslash","description":"Trending News on Movies, Series, OTT, Gaming","publisher":{"@id":"https:\/\/newsslash.com\/n\/#organization"},"potentialAction":[{"@type":"SearchAction","target":{"@type":"EntryPoint","urlTemplate":"https:\/\/newsslash.com\/n\/?s={search_term_string}"},"query-input":{"@type":"PropertyValueSpecification","valueRequired":true,"valueName":"search_term_string"}}],"inLanguage":"en-US"},{"@type":"Organization","@id":"https:\/\/newsslash.com\/n\/#organization","name":"Newsslash","url":"https:\/\/newsslash.com\/n\/","logo":{"@type":"ImageObject","inLanguage":"en-US","@id":"https:\/\/newsslash.com\/n\/#\/schema\/logo\/image\/","url":"https:\/\/newsslash.com\/n\/wp-content\/uploads\/2025\/04\/cropped-Newsslash-logo-Fevicon.png","contentUrl":"https:\/\/newsslash.com\/n\/wp-content\/uploads\/2025\/04\/cropped-Newsslash-logo-Fevicon.png","width":512,"height":512,"caption":"Newsslash"},"image":{"@id":"https:\/\/newsslash.com\/n\/#\/schema\/logo\/image\/"}},{"@type":"Person","@id":"https:\/\/newsslash.com\/n\/#\/schema\/person\/522101af9b37501b768c7dfa5cf1edad","name":"Cindy D","sameAs":["http:\/\/newsslash.com"],"url":"https:\/\/newsslash.com\/n\/author\/cindy_d\/"}]}},"_links":{"self":[{"href":"https:\/\/newsslash.com\/n\/wp-json\/wp\/v2\/posts\/17174","targetHints":{"allow":["GET"]}}],"collection":[{"href":"https:\/\/newsslash.com\/n\/wp-json\/wp\/v2\/posts"}],"about":[{"href":"https:\/\/newsslash.com\/n\/wp-json\/wp\/v2\/types\/post"}],"author":[{"embeddable":true,"href":"https:\/\/newsslash.com\/n\/wp-json\/wp\/v2\/users\/8"}],"replies":[{"embeddable":true,"href":"https:\/\/newsslash.com\/n\/wp-json\/wp\/v2\/comments?post=17174"}],"version-history":[{"count":0,"href":"https:\/\/newsslash.com\/n\/wp-json\/wp\/v2\/posts\/17174\/revisions"}],"wp:featuredmedia":[{"embeddable":true,"href":"https:\/\/newsslash.com\/n\/wp-json\/wp\/v2\/media\/21974"}],"wp:attachment":[{"href":"https:\/\/newsslash.com\/n\/wp-json\/wp\/v2\/media?parent=17174"}],"curies":[{"name":"wp","href":"https:\/\/api.w.org\/{rel}","templated":true}]}}