{"id":19627,"date":"2021-06-21T12:12:00","date_gmt":"2021-06-21T12:12:00","guid":{"rendered":"https:\/\/newsslash.com\/n\/15686-trailer-zeigt-erste-bewegte-bilder-der-schwedischen-teenie-serie-young-royals\/"},"modified":"2021-06-21T12:12:00","modified_gmt":"2021-06-21T12:12:00","slug":"15686-trailer-zeigt-erste-bewegte-bilder-der-schwedischen-teenie-serie-young-royals","status":"publish","type":"post","link":"https:\/\/newsslash.com\/n\/15686-trailer-zeigt-erste-bewegte-bilder-der-schwedischen-teenie-serie-young-royals\/","title":{"rendered":"Trailer zeigt erste bewegte Bilder der schwedischen Teeni&#8230;"},"content":{"rendered":"<p>Ab 1. Juli gibt es auf Netflix wieder eine k\u00c3\u00b6nigliche Serie. Dieses Mal dreht es sich aber nicht um das britische K\u00c3\u00b6nigshaus, sondern um die schwedischen Royals. In der Teenie-Serie Young Royals steht der schwedische Thronfolger Prinz Wilhelm im Mittelpunkt, der sich zwischen Freiheit und Liebe sowie seinen k\u00c3\u00b6niglichen Verpflichtungen entscheiden muss. Nun gibt es auch einen offiziellen Trailer, der auf das Teenie-Drama einstimmt. Prinz Wilhelm, gespielt von Edvin Ryding, geht auf ein Internat, nat\u00c3\u00bcrlich ist das besonders nobel und erlesen. Hier am Hillerska hat er ohne die Familie drumherum die M\u00c3\u00b6glichkeit, sich mal mit seinem Leben und vor allem der Zukunft auseinanderzusetzen. Er tr\u00c3\u00a4umt von Freiheit und Liebe, will diese ganzen h\u00c3\u00b6fischen Verpflichtungen nicht mehr haben. Er plant und freut sich schon, als ihm das Leben einen Strich durch die Rechnung macht. Wilhelm r\u00c3\u00bcckt n\u00c3\u00a4mlich in der Thronfolge auf und steht nun an erster Stelle. Jetzt schon beginnt das Drama: Liebe oder Pflicht? Wie wird sich Wilhelm entscheiden? Neben Edvin Ryding sind im Netflix-Original aus Schweden Pernilla August als seine Mutter K\u00c3\u00b6nigin Christina zu sehen. Zu seinen Klassenkameraden z\u00c3\u00a4hlen unter anderem Nikita Uggla, Omar Rudberg, Frida Argento und Malte Gardinger. Die Serie Young Royals haben Lisa Ambj\u00c3\u00b6rn, Lars Beckung und Camilla Holter erdacht. Im Regiesessel sa\u00c3\u0178en Erika Calmeyer und Rojda Sekers\u00c3\u00b6z. Und hier nat\u00c3\u00bcrlich noch der Trailer f\u00c3\u00bcr euch: <iframe loading=\"lazy\" allowfullscreen=\"\" frameborder=\"0\" height=\"315\" src=\"https:\/\/www.youtube-nocookie.com\/embed\/yDwToQJR3NU\" width=\"100%\"><\/iframe><\/p><div class=\"newss-content\" id=\"newss-974220857\"><script async src=\"\/\/pagead2.googlesyndication.com\/pagead\/js\/adsbygoogle.js?client=ca-pub-7733425960004873\" crossorigin=\"anonymous\"><\/script><ins class=\"adsbygoogle\" style=\"display:block;\" data-ad-client=\"ca-pub-7733425960004873\" \ndata-ad-slot=\"2582020599\" \ndata-ad-format=\"auto\"><\/ins>\n<script> \n(adsbygoogle = window.adsbygoogle || []).push({}); \n<\/script>\n<\/div><div class=\"newss-article-1\" id=\"newss-3315474013\"><script async src=\"https:\/\/pagead2.googlesyndication.com\/pagead\/js\/adsbygoogle.js?client=ca-pub-7733425960004873\"\r\n     crossorigin=\"anonymous\"><\/script>\r\n<!-- Homepage2 -->\r\n<ins class=\"adsbygoogle\"\r\n     style=\"display:block\"\r\n     data-ad-client=\"ca-pub-7733425960004873\"\r\n     data-ad-slot=\"2582020599\"\r\n     data-ad-format=\"auto\"\r\n     data-full-width-responsive=\"true\"><\/ins>\r\n<script>\r\n     (adsbygoogle = window.adsbygoogle || []).push({});\r\n<\/script><\/div>\n","protected":false},"excerpt":{"rendered":"<p>In der Serie Young Royals geht es einmal nicht um die britische K\u00c3\u00b6nigsfamilie, sondern um das schwedische K\u00c3\u00b6nigshaus. Ein Trailer&#8230; Mehr auf Newsslash.com!<\/p>\n","protected":false},"author":7,"featured_media":21974,"comment_status":"open","ping_status":"open","sticky":false,"template":"","format":"standard","meta":{"_et_pb_use_builder":"","_et_pb_old_content":"","_et_gb_content_width":"","footnotes":""},"class_list":["post-19627","post","type-post","status-publish","format-standard","has-post-thumbnail","hentry","category-blog"],"yoast_head":"<!-- This site is optimized with the Yoast SEO plugin v24.8.1 - https:\/\/yoast.com\/wordpress\/plugins\/seo\/ -->\n<title>Trailer zeigt erste bewegte Bilder der schwedischen Teeni... - Newsslash<\/title>\n<meta name=\"robots\" content=\"noindex, follow\" \/>\n<meta property=\"og:locale\" content=\"en_US\" \/>\n<meta property=\"og:type\" content=\"article\" \/>\n<meta property=\"og:title\" content=\"Trailer zeigt erste bewegte Bilder der schwedischen Teeni... - Newsslash\" \/>\n<meta property=\"og:description\" content=\"In der Serie Young Royals geht es einmal nicht um die britische K\u00c3\u00b6nigsfamilie, sondern um das schwedische K\u00c3\u00b6nigshaus. Ein Trailer... Mehr auf Newsslash.com!\" \/>\n<meta property=\"og:url\" content=\"https:\/\/newsslash.com\/n\/15686-trailer-zeigt-erste-bewegte-bilder-der-schwedischen-teenie-serie-young-royals\/\" \/>\n<meta property=\"og:site_name\" content=\"Newsslash\" \/>\n<meta property=\"article:published_time\" content=\"2021-06-21T12:12:00+00:00\" \/>\n<meta property=\"og:image\" content=\"https:\/\/newsslash.com\/n\/wp-content\/uploads\/2025\/04\/NewsSlash-Featured-Image.jpg\" \/>\n\t<meta property=\"og:image:width\" content=\"1280\" \/>\n\t<meta property=\"og:image:height\" content=\"854\" \/>\n\t<meta property=\"og:image:type\" content=\"image\/jpeg\" \/>\n<meta name=\"author\" content=\"Daniela H\" \/>\n<meta name=\"twitter:card\" content=\"summary_large_image\" \/>\n<meta name=\"twitter:label1\" content=\"Written by\" \/>\n\t<meta name=\"twitter:data1\" content=\"Daniela H\" \/>\n\t<meta name=\"twitter:label2\" content=\"Est. reading time\" \/>\n\t<meta name=\"twitter:data2\" content=\"1 minute\" \/>\n<script type=\"application\/ld+json\" class=\"yoast-schema-graph\">{\"@context\":\"https:\/\/schema.org\",\"@graph\":[{\"@type\":\"Article\",\"@id\":\"https:\/\/newsslash.com\/n\/15686-trailer-zeigt-erste-bewegte-bilder-der-schwedischen-teenie-serie-young-royals\/#article\",\"isPartOf\":{\"@id\":\"https:\/\/newsslash.com\/n\/15686-trailer-zeigt-erste-bewegte-bilder-der-schwedischen-teenie-serie-young-royals\/\"},\"author\":{\"name\":\"Daniela H\",\"@id\":\"https:\/\/newsslash.com\/n\/#\/schema\/person\/cb1381eb00b5dc4b3071475e9866df11\"},\"headline\":\"Trailer zeigt erste bewegte Bilder der schwedischen Teeni&#8230;\",\"datePublished\":\"2021-06-21T12:12:00+00:00\",\"mainEntityOfPage\":{\"@id\":\"https:\/\/newsslash.com\/n\/15686-trailer-zeigt-erste-bewegte-bilder-der-schwedischen-teenie-serie-young-royals\/\"},\"wordCount\":243,\"commentCount\":0,\"publisher\":{\"@id\":\"https:\/\/newsslash.com\/n\/#organization\"},\"image\":{\"@id\":\"https:\/\/newsslash.com\/n\/15686-trailer-zeigt-erste-bewegte-bilder-der-schwedischen-teenie-serie-young-royals\/#primaryimage\"},\"thumbnailUrl\":\"https:\/\/newsslash.com\/n\/wp-content\/uploads\/2025\/04\/NewsSlash-Featured-Image.jpg\",\"articleSection\":[\"Blog\"],\"inLanguage\":\"en-US\",\"potentialAction\":[{\"@type\":\"CommentAction\",\"name\":\"Comment\",\"target\":[\"https:\/\/newsslash.com\/n\/15686-trailer-zeigt-erste-bewegte-bilder-der-schwedischen-teenie-serie-young-royals\/#respond\"]}]},{\"@type\":\"WebPage\",\"@id\":\"https:\/\/newsslash.com\/n\/15686-trailer-zeigt-erste-bewegte-bilder-der-schwedischen-teenie-serie-young-royals\/\",\"url\":\"https:\/\/newsslash.com\/n\/15686-trailer-zeigt-erste-bewegte-bilder-der-schwedischen-teenie-serie-young-royals\/\",\"name\":\"Trailer zeigt erste bewegte Bilder der schwedischen Teeni... - Newsslash\",\"isPartOf\":{\"@id\":\"https:\/\/newsslash.com\/n\/#website\"},\"primaryImageOfPage\":{\"@id\":\"https:\/\/newsslash.com\/n\/15686-trailer-zeigt-erste-bewegte-bilder-der-schwedischen-teenie-serie-young-royals\/#primaryimage\"},\"image\":{\"@id\":\"https:\/\/newsslash.com\/n\/15686-trailer-zeigt-erste-bewegte-bilder-der-schwedischen-teenie-serie-young-royals\/#primaryimage\"},\"thumbnailUrl\":\"https:\/\/newsslash.com\/n\/wp-content\/uploads\/2025\/04\/NewsSlash-Featured-Image.jpg\",\"datePublished\":\"2021-06-21T12:12:00+00:00\",\"breadcrumb\":{\"@id\":\"https:\/\/newsslash.com\/n\/15686-trailer-zeigt-erste-bewegte-bilder-der-schwedischen-teenie-serie-young-royals\/#breadcrumb\"},\"inLanguage\":\"en-US\",\"potentialAction\":[{\"@type\":\"ReadAction\",\"target\":[\"https:\/\/newsslash.com\/n\/15686-trailer-zeigt-erste-bewegte-bilder-der-schwedischen-teenie-serie-young-royals\/\"]}]},{\"@type\":\"ImageObject\",\"inLanguage\":\"en-US\",\"@id\":\"https:\/\/newsslash.com\/n\/15686-trailer-zeigt-erste-bewegte-bilder-der-schwedischen-teenie-serie-young-royals\/#primaryimage\",\"url\":\"https:\/\/newsslash.com\/n\/wp-content\/uploads\/2025\/04\/NewsSlash-Featured-Image.jpg\",\"contentUrl\":\"https:\/\/newsslash.com\/n\/wp-content\/uploads\/2025\/04\/NewsSlash-Featured-Image.jpg\",\"width\":1280,\"height\":854},{\"@type\":\"BreadcrumbList\",\"@id\":\"https:\/\/newsslash.com\/n\/15686-trailer-zeigt-erste-bewegte-bilder-der-schwedischen-teenie-serie-young-royals\/#breadcrumb\",\"itemListElement\":[{\"@type\":\"ListItem\",\"position\":1,\"name\":\"Home\",\"item\":\"https:\/\/newsslash.com\/n\/\"},{\"@type\":\"ListItem\",\"position\":2,\"name\":\"Trailer zeigt erste bewegte Bilder der schwedischen Teeni&#8230;\"}]},{\"@type\":\"WebSite\",\"@id\":\"https:\/\/newsslash.com\/n\/#website\",\"url\":\"https:\/\/newsslash.com\/n\/\",\"name\":\"Newsslash\",\"description\":\"Trending News on Movies, Series, OTT, Gaming\",\"publisher\":{\"@id\":\"https:\/\/newsslash.com\/n\/#organization\"},\"potentialAction\":[{\"@type\":\"SearchAction\",\"target\":{\"@type\":\"EntryPoint\",\"urlTemplate\":\"https:\/\/newsslash.com\/n\/?s={search_term_string}\"},\"query-input\":{\"@type\":\"PropertyValueSpecification\",\"valueRequired\":true,\"valueName\":\"search_term_string\"}}],\"inLanguage\":\"en-US\"},{\"@type\":\"Organization\",\"@id\":\"https:\/\/newsslash.com\/n\/#organization\",\"name\":\"Newsslash\",\"url\":\"https:\/\/newsslash.com\/n\/\",\"logo\":{\"@type\":\"ImageObject\",\"inLanguage\":\"en-US\",\"@id\":\"https:\/\/newsslash.com\/n\/#\/schema\/logo\/image\/\",\"url\":\"https:\/\/newsslash.com\/n\/wp-content\/uploads\/2025\/04\/cropped-Newsslash-logo-Fevicon.png\",\"contentUrl\":\"https:\/\/newsslash.com\/n\/wp-content\/uploads\/2025\/04\/cropped-Newsslash-logo-Fevicon.png\",\"width\":512,\"height\":512,\"caption\":\"Newsslash\"},\"image\":{\"@id\":\"https:\/\/newsslash.com\/n\/#\/schema\/logo\/image\/\"}},{\"@type\":\"Person\",\"@id\":\"https:\/\/newsslash.com\/n\/#\/schema\/person\/cb1381eb00b5dc4b3071475e9866df11\",\"name\":\"Daniela H\",\"sameAs\":[\"https:\/\/newsslash.com\"],\"url\":\"https:\/\/newsslash.com\/n\/author\/daniela_h\/\"}]}<\/script>\n<!-- \/ Yoast SEO plugin. -->","yoast_head_json":{"title":"Trailer zeigt erste bewegte Bilder der schwedischen Teeni... - Newsslash","robots":{"index":"noindex","follow":"follow"},"og_locale":"en_US","og_type":"article","og_title":"Trailer zeigt erste bewegte Bilder der schwedischen Teeni... - Newsslash","og_description":"In der Serie Young Royals geht es einmal nicht um die britische K\u00c3\u00b6nigsfamilie, sondern um das schwedische K\u00c3\u00b6nigshaus. Ein Trailer... Mehr auf Newsslash.com!","og_url":"https:\/\/newsslash.com\/n\/15686-trailer-zeigt-erste-bewegte-bilder-der-schwedischen-teenie-serie-young-royals\/","og_site_name":"Newsslash","article_published_time":"2021-06-21T12:12:00+00:00","og_image":[{"width":1280,"height":854,"url":"https:\/\/newsslash.com\/n\/wp-content\/uploads\/2025\/04\/NewsSlash-Featured-Image.jpg","type":"image\/jpeg"}],"author":"Daniela H","twitter_card":"summary_large_image","twitter_misc":{"Written by":"Daniela H","Est. reading time":"1 minute"},"schema":{"@context":"https:\/\/schema.org","@graph":[{"@type":"Article","@id":"https:\/\/newsslash.com\/n\/15686-trailer-zeigt-erste-bewegte-bilder-der-schwedischen-teenie-serie-young-royals\/#article","isPartOf":{"@id":"https:\/\/newsslash.com\/n\/15686-trailer-zeigt-erste-bewegte-bilder-der-schwedischen-teenie-serie-young-royals\/"},"author":{"name":"Daniela H","@id":"https:\/\/newsslash.com\/n\/#\/schema\/person\/cb1381eb00b5dc4b3071475e9866df11"},"headline":"Trailer zeigt erste bewegte Bilder der schwedischen Teeni&#8230;","datePublished":"2021-06-21T12:12:00+00:00","mainEntityOfPage":{"@id":"https:\/\/newsslash.com\/n\/15686-trailer-zeigt-erste-bewegte-bilder-der-schwedischen-teenie-serie-young-royals\/"},"wordCount":243,"commentCount":0,"publisher":{"@id":"https:\/\/newsslash.com\/n\/#organization"},"image":{"@id":"https:\/\/newsslash.com\/n\/15686-trailer-zeigt-erste-bewegte-bilder-der-schwedischen-teenie-serie-young-royals\/#primaryimage"},"thumbnailUrl":"https:\/\/newsslash.com\/n\/wp-content\/uploads\/2025\/04\/NewsSlash-Featured-Image.jpg","articleSection":["Blog"],"inLanguage":"en-US","potentialAction":[{"@type":"CommentAction","name":"Comment","target":["https:\/\/newsslash.com\/n\/15686-trailer-zeigt-erste-bewegte-bilder-der-schwedischen-teenie-serie-young-royals\/#respond"]}]},{"@type":"WebPage","@id":"https:\/\/newsslash.com\/n\/15686-trailer-zeigt-erste-bewegte-bilder-der-schwedischen-teenie-serie-young-royals\/","url":"https:\/\/newsslash.com\/n\/15686-trailer-zeigt-erste-bewegte-bilder-der-schwedischen-teenie-serie-young-royals\/","name":"Trailer zeigt erste bewegte Bilder der schwedischen Teeni... - Newsslash","isPartOf":{"@id":"https:\/\/newsslash.com\/n\/#website"},"primaryImageOfPage":{"@id":"https:\/\/newsslash.com\/n\/15686-trailer-zeigt-erste-bewegte-bilder-der-schwedischen-teenie-serie-young-royals\/#primaryimage"},"image":{"@id":"https:\/\/newsslash.com\/n\/15686-trailer-zeigt-erste-bewegte-bilder-der-schwedischen-teenie-serie-young-royals\/#primaryimage"},"thumbnailUrl":"https:\/\/newsslash.com\/n\/wp-content\/uploads\/2025\/04\/NewsSlash-Featured-Image.jpg","datePublished":"2021-06-21T12:12:00+00:00","breadcrumb":{"@id":"https:\/\/newsslash.com\/n\/15686-trailer-zeigt-erste-bewegte-bilder-der-schwedischen-teenie-serie-young-royals\/#breadcrumb"},"inLanguage":"en-US","potentialAction":[{"@type":"ReadAction","target":["https:\/\/newsslash.com\/n\/15686-trailer-zeigt-erste-bewegte-bilder-der-schwedischen-teenie-serie-young-royals\/"]}]},{"@type":"ImageObject","inLanguage":"en-US","@id":"https:\/\/newsslash.com\/n\/15686-trailer-zeigt-erste-bewegte-bilder-der-schwedischen-teenie-serie-young-royals\/#primaryimage","url":"https:\/\/newsslash.com\/n\/wp-content\/uploads\/2025\/04\/NewsSlash-Featured-Image.jpg","contentUrl":"https:\/\/newsslash.com\/n\/wp-content\/uploads\/2025\/04\/NewsSlash-Featured-Image.jpg","width":1280,"height":854},{"@type":"BreadcrumbList","@id":"https:\/\/newsslash.com\/n\/15686-trailer-zeigt-erste-bewegte-bilder-der-schwedischen-teenie-serie-young-royals\/#breadcrumb","itemListElement":[{"@type":"ListItem","position":1,"name":"Home","item":"https:\/\/newsslash.com\/n\/"},{"@type":"ListItem","position":2,"name":"Trailer zeigt erste bewegte Bilder der schwedischen Teeni&#8230;"}]},{"@type":"WebSite","@id":"https:\/\/newsslash.com\/n\/#website","url":"https:\/\/newsslash.com\/n\/","name":"Newsslash","description":"Trending News on Movies, Series, OTT, Gaming","publisher":{"@id":"https:\/\/newsslash.com\/n\/#organization"},"potentialAction":[{"@type":"SearchAction","target":{"@type":"EntryPoint","urlTemplate":"https:\/\/newsslash.com\/n\/?s={search_term_string}"},"query-input":{"@type":"PropertyValueSpecification","valueRequired":true,"valueName":"search_term_string"}}],"inLanguage":"en-US"},{"@type":"Organization","@id":"https:\/\/newsslash.com\/n\/#organization","name":"Newsslash","url":"https:\/\/newsslash.com\/n\/","logo":{"@type":"ImageObject","inLanguage":"en-US","@id":"https:\/\/newsslash.com\/n\/#\/schema\/logo\/image\/","url":"https:\/\/newsslash.com\/n\/wp-content\/uploads\/2025\/04\/cropped-Newsslash-logo-Fevicon.png","contentUrl":"https:\/\/newsslash.com\/n\/wp-content\/uploads\/2025\/04\/cropped-Newsslash-logo-Fevicon.png","width":512,"height":512,"caption":"Newsslash"},"image":{"@id":"https:\/\/newsslash.com\/n\/#\/schema\/logo\/image\/"}},{"@type":"Person","@id":"https:\/\/newsslash.com\/n\/#\/schema\/person\/cb1381eb00b5dc4b3071475e9866df11","name":"Daniela H","sameAs":["https:\/\/newsslash.com"],"url":"https:\/\/newsslash.com\/n\/author\/daniela_h\/"}]}},"_links":{"self":[{"href":"https:\/\/newsslash.com\/n\/wp-json\/wp\/v2\/posts\/19627","targetHints":{"allow":["GET"]}}],"collection":[{"href":"https:\/\/newsslash.com\/n\/wp-json\/wp\/v2\/posts"}],"about":[{"href":"https:\/\/newsslash.com\/n\/wp-json\/wp\/v2\/types\/post"}],"author":[{"embeddable":true,"href":"https:\/\/newsslash.com\/n\/wp-json\/wp\/v2\/users\/7"}],"replies":[{"embeddable":true,"href":"https:\/\/newsslash.com\/n\/wp-json\/wp\/v2\/comments?post=19627"}],"version-history":[{"count":0,"href":"https:\/\/newsslash.com\/n\/wp-json\/wp\/v2\/posts\/19627\/revisions"}],"wp:featuredmedia":[{"embeddable":true,"href":"https:\/\/newsslash.com\/n\/wp-json\/wp\/v2\/media\/21974"}],"wp:attachment":[{"href":"https:\/\/newsslash.com\/n\/wp-json\/wp\/v2\/media?parent=19627"}],"curies":[{"name":"wp","href":"https:\/\/api.w.org\/{rel}","templated":true}]}}