{"id":19638,"date":"2021-06-22T21:10:00","date_gmt":"2021-06-22T21:10:00","guid":{"rendered":"https:\/\/newsslash.com\/n\/15693-apple-tv-plus-spendiert-offiziellen-trailer-zu-ted-lasso-staffel-2\/"},"modified":"2021-06-22T21:10:00","modified_gmt":"2021-06-22T21:10:00","slug":"15693-apple-tv-plus-spendiert-offiziellen-trailer-zu-ted-lasso-staffel-2","status":"publish","type":"post","link":"https:\/\/newsslash.com\/n\/15693-apple-tv-plus-spendiert-offiziellen-trailer-zu-ted-lasso-staffel-2\/","title":{"rendered":"Apple TV Plus spendiert offiziellen Trailer zu Ted Lasso &#8230;"},"content":{"rendered":"<p>Manchmal vergisst man, dass Apple ja mit Apple TV+ auch einen eigenen Streamingdienst hat. Jetzt hat sich Apple TV+ mit dem offiziellen Trailer zur Fu\u00c3\u0178ball-Comedy Ted Lasso wieder zur\u00c3\u00bcckgemeldet. Im Juli geht es mit den neuen Folgen weiter und Ted darf wieder zeigen, was er als Trainer so draufhat. \u00c3\u0153brigens ist auch die dritte Season schon beschlossene Sache. In der zweiten Staffel von Ted Lasso gibt es einen Neuzugang im Cast. Sarah Nikes wird die Sportpsychologin von AFC Richmond spielen. Sie macht es Ted, gespielt von Jason Sudeikis, nun wahrlich nicht leicht, zumal er mit seiner Mannschaft weiterhin in einer Pechstr\u00c3\u00a4hne festh\u00c3\u00a4ngt. Das Team ist abgestiegen und damit muss man erstmal klarkommen. Die Zukunft des Vereins steht auf dem Spiel, die Pechstr\u00c3\u00a4hne muss durchbrochen werden. Aber wie? Das Alter Ego von Ted will das regeln, doch dessen Methoden sind zweifelhaft und etwas strange. Grundlage der Serie Ted Lasso ist ein alter Werbesketch f\u00c3\u00bcr die amerikanische Premier-League, die bei NBC ausgestrahlt wurde, der Sketch ebenfalls. Erstmals sah man Sudeikis da, als er als amerikanischer Football-Coach nach England einschiffte, um dort ein Team zu trainieren. Das hat wunderbar geklappt, auch wenn Ted die fachlichen Sportkenntnisse im Prinzip abgehen. Daf\u00c3\u00bcr hat er aber psychologisches Feingef\u00c3\u00bchl und kann seine Mannschaft tats\u00c3\u00a4chlich zum Erfolg f\u00c3\u00bchren. Wir das auch mit der Mannschaft von Richmond noch funktionieren? Gibt es ein Comeback? <iframe loading=\"lazy\" allowfullscreen=\"\" frameborder=\"0\" height=\"315\" src=\"https:\/\/www.youtube-nocookie.com\/embed\/I0dfJ0Ho27c\" width=\"100%\"><\/iframe><\/p><div class=\"newss-content\" id=\"newss-178737032\"><script async src=\"\/\/pagead2.googlesyndication.com\/pagead\/js\/adsbygoogle.js?client=ca-pub-7733425960004873\" crossorigin=\"anonymous\"><\/script><ins class=\"adsbygoogle\" style=\"display:block;\" data-ad-client=\"ca-pub-7733425960004873\" \ndata-ad-slot=\"2582020599\" \ndata-ad-format=\"auto\"><\/ins>\n<script> \n(adsbygoogle = window.adsbygoogle || []).push({}); \n<\/script>\n<\/div><div class=\"newss-article-1\" id=\"newss-2020188515\"><script async src=\"https:\/\/pagead2.googlesyndication.com\/pagead\/js\/adsbygoogle.js?client=ca-pub-7733425960004873\"\r\n     crossorigin=\"anonymous\"><\/script>\r\n<!-- Homepage2 -->\r\n<ins class=\"adsbygoogle\"\r\n     style=\"display:block\"\r\n     data-ad-client=\"ca-pub-7733425960004873\"\r\n     data-ad-slot=\"2582020599\"\r\n     data-ad-format=\"auto\"\r\n     data-full-width-responsive=\"true\"><\/ins>\r\n<script>\r\n     (adsbygoogle = window.adsbygoogle || []).push({});\r\n<\/script><\/div>\n","protected":false},"excerpt":{"rendered":"<p>Apple TV Plus pr\u00c3\u00a4sentiert den offiziellen Trailer zur beliebten Fu\u00c3\u0178ball-Serie Ted Lasso. Im Juli starten die neuen Folgen der&#8230; Mehr auf Newsslash.com!<\/p>\n","protected":false},"author":7,"featured_media":21974,"comment_status":"open","ping_status":"open","sticky":false,"template":"","format":"standard","meta":{"_et_pb_use_builder":"","_et_pb_old_content":"","_et_gb_content_width":"","footnotes":""},"class_list":["post-19638","post","type-post","status-publish","format-standard","has-post-thumbnail","hentry","category-blog"],"yoast_head":"<!-- This site is optimized with the Yoast SEO plugin v24.8.1 - https:\/\/yoast.com\/wordpress\/plugins\/seo\/ -->\n<title>Apple TV Plus spendiert offiziellen Trailer zu Ted Lasso ... - Newsslash<\/title>\n<meta name=\"robots\" content=\"noindex, follow\" \/>\n<meta property=\"og:locale\" content=\"en_US\" \/>\n<meta property=\"og:type\" content=\"article\" \/>\n<meta property=\"og:title\" content=\"Apple TV Plus spendiert offiziellen Trailer zu Ted Lasso ... - Newsslash\" \/>\n<meta property=\"og:description\" content=\"Apple TV Plus pr\u00c3\u00a4sentiert den offiziellen Trailer zur beliebten Fu\u00c3\u0178ball-Serie Ted Lasso. Im Juli starten die neuen Folgen der... Mehr auf Newsslash.com!\" \/>\n<meta property=\"og:url\" content=\"https:\/\/newsslash.com\/n\/15693-apple-tv-plus-spendiert-offiziellen-trailer-zu-ted-lasso-staffel-2\/\" \/>\n<meta property=\"og:site_name\" content=\"Newsslash\" \/>\n<meta property=\"article:published_time\" content=\"2021-06-22T21:10:00+00:00\" \/>\n<meta property=\"og:image\" content=\"https:\/\/newsslash.com\/n\/wp-content\/uploads\/2025\/04\/NewsSlash-Featured-Image.jpg\" \/>\n\t<meta property=\"og:image:width\" content=\"1280\" \/>\n\t<meta property=\"og:image:height\" content=\"854\" \/>\n\t<meta property=\"og:image:type\" content=\"image\/jpeg\" \/>\n<meta name=\"author\" content=\"Daniela H\" \/>\n<meta name=\"twitter:card\" content=\"summary_large_image\" \/>\n<meta name=\"twitter:label1\" content=\"Written by\" \/>\n\t<meta name=\"twitter:data1\" content=\"Daniela H\" \/>\n\t<meta name=\"twitter:label2\" content=\"Est. reading time\" \/>\n\t<meta name=\"twitter:data2\" content=\"1 minute\" \/>\n<script type=\"application\/ld+json\" class=\"yoast-schema-graph\">{\"@context\":\"https:\/\/schema.org\",\"@graph\":[{\"@type\":\"Article\",\"@id\":\"https:\/\/newsslash.com\/n\/15693-apple-tv-plus-spendiert-offiziellen-trailer-zu-ted-lasso-staffel-2\/#article\",\"isPartOf\":{\"@id\":\"https:\/\/newsslash.com\/n\/15693-apple-tv-plus-spendiert-offiziellen-trailer-zu-ted-lasso-staffel-2\/\"},\"author\":{\"name\":\"Daniela H\",\"@id\":\"https:\/\/newsslash.com\/n\/#\/schema\/person\/cb1381eb00b5dc4b3071475e9866df11\"},\"headline\":\"Apple TV Plus spendiert offiziellen Trailer zu Ted Lasso &#8230;\",\"datePublished\":\"2021-06-22T21:10:00+00:00\",\"mainEntityOfPage\":{\"@id\":\"https:\/\/newsslash.com\/n\/15693-apple-tv-plus-spendiert-offiziellen-trailer-zu-ted-lasso-staffel-2\/\"},\"wordCount\":243,\"commentCount\":0,\"publisher\":{\"@id\":\"https:\/\/newsslash.com\/n\/#organization\"},\"image\":{\"@id\":\"https:\/\/newsslash.com\/n\/15693-apple-tv-plus-spendiert-offiziellen-trailer-zu-ted-lasso-staffel-2\/#primaryimage\"},\"thumbnailUrl\":\"https:\/\/newsslash.com\/n\/wp-content\/uploads\/2025\/04\/NewsSlash-Featured-Image.jpg\",\"articleSection\":[\"Blog\"],\"inLanguage\":\"en-US\",\"potentialAction\":[{\"@type\":\"CommentAction\",\"name\":\"Comment\",\"target\":[\"https:\/\/newsslash.com\/n\/15693-apple-tv-plus-spendiert-offiziellen-trailer-zu-ted-lasso-staffel-2\/#respond\"]}]},{\"@type\":\"WebPage\",\"@id\":\"https:\/\/newsslash.com\/n\/15693-apple-tv-plus-spendiert-offiziellen-trailer-zu-ted-lasso-staffel-2\/\",\"url\":\"https:\/\/newsslash.com\/n\/15693-apple-tv-plus-spendiert-offiziellen-trailer-zu-ted-lasso-staffel-2\/\",\"name\":\"Apple TV Plus spendiert offiziellen Trailer zu Ted Lasso ... - Newsslash\",\"isPartOf\":{\"@id\":\"https:\/\/newsslash.com\/n\/#website\"},\"primaryImageOfPage\":{\"@id\":\"https:\/\/newsslash.com\/n\/15693-apple-tv-plus-spendiert-offiziellen-trailer-zu-ted-lasso-staffel-2\/#primaryimage\"},\"image\":{\"@id\":\"https:\/\/newsslash.com\/n\/15693-apple-tv-plus-spendiert-offiziellen-trailer-zu-ted-lasso-staffel-2\/#primaryimage\"},\"thumbnailUrl\":\"https:\/\/newsslash.com\/n\/wp-content\/uploads\/2025\/04\/NewsSlash-Featured-Image.jpg\",\"datePublished\":\"2021-06-22T21:10:00+00:00\",\"breadcrumb\":{\"@id\":\"https:\/\/newsslash.com\/n\/15693-apple-tv-plus-spendiert-offiziellen-trailer-zu-ted-lasso-staffel-2\/#breadcrumb\"},\"inLanguage\":\"en-US\",\"potentialAction\":[{\"@type\":\"ReadAction\",\"target\":[\"https:\/\/newsslash.com\/n\/15693-apple-tv-plus-spendiert-offiziellen-trailer-zu-ted-lasso-staffel-2\/\"]}]},{\"@type\":\"ImageObject\",\"inLanguage\":\"en-US\",\"@id\":\"https:\/\/newsslash.com\/n\/15693-apple-tv-plus-spendiert-offiziellen-trailer-zu-ted-lasso-staffel-2\/#primaryimage\",\"url\":\"https:\/\/newsslash.com\/n\/wp-content\/uploads\/2025\/04\/NewsSlash-Featured-Image.jpg\",\"contentUrl\":\"https:\/\/newsslash.com\/n\/wp-content\/uploads\/2025\/04\/NewsSlash-Featured-Image.jpg\",\"width\":1280,\"height\":854},{\"@type\":\"BreadcrumbList\",\"@id\":\"https:\/\/newsslash.com\/n\/15693-apple-tv-plus-spendiert-offiziellen-trailer-zu-ted-lasso-staffel-2\/#breadcrumb\",\"itemListElement\":[{\"@type\":\"ListItem\",\"position\":1,\"name\":\"Home\",\"item\":\"https:\/\/newsslash.com\/n\/\"},{\"@type\":\"ListItem\",\"position\":2,\"name\":\"Apple TV Plus spendiert offiziellen Trailer zu Ted Lasso &#8230;\"}]},{\"@type\":\"WebSite\",\"@id\":\"https:\/\/newsslash.com\/n\/#website\",\"url\":\"https:\/\/newsslash.com\/n\/\",\"name\":\"Newsslash\",\"description\":\"Trending News on Movies, Series, OTT, Gaming\",\"publisher\":{\"@id\":\"https:\/\/newsslash.com\/n\/#organization\"},\"potentialAction\":[{\"@type\":\"SearchAction\",\"target\":{\"@type\":\"EntryPoint\",\"urlTemplate\":\"https:\/\/newsslash.com\/n\/?s={search_term_string}\"},\"query-input\":{\"@type\":\"PropertyValueSpecification\",\"valueRequired\":true,\"valueName\":\"search_term_string\"}}],\"inLanguage\":\"en-US\"},{\"@type\":\"Organization\",\"@id\":\"https:\/\/newsslash.com\/n\/#organization\",\"name\":\"Newsslash\",\"url\":\"https:\/\/newsslash.com\/n\/\",\"logo\":{\"@type\":\"ImageObject\",\"inLanguage\":\"en-US\",\"@id\":\"https:\/\/newsslash.com\/n\/#\/schema\/logo\/image\/\",\"url\":\"https:\/\/newsslash.com\/n\/wp-content\/uploads\/2025\/04\/cropped-Newsslash-logo-Fevicon.png\",\"contentUrl\":\"https:\/\/newsslash.com\/n\/wp-content\/uploads\/2025\/04\/cropped-Newsslash-logo-Fevicon.png\",\"width\":512,\"height\":512,\"caption\":\"Newsslash\"},\"image\":{\"@id\":\"https:\/\/newsslash.com\/n\/#\/schema\/logo\/image\/\"}},{\"@type\":\"Person\",\"@id\":\"https:\/\/newsslash.com\/n\/#\/schema\/person\/cb1381eb00b5dc4b3071475e9866df11\",\"name\":\"Daniela H\",\"sameAs\":[\"https:\/\/newsslash.com\"],\"url\":\"https:\/\/newsslash.com\/n\/author\/daniela_h\/\"}]}<\/script>\n<!-- \/ Yoast SEO plugin. -->","yoast_head_json":{"title":"Apple TV Plus spendiert offiziellen Trailer zu Ted Lasso ... - Newsslash","robots":{"index":"noindex","follow":"follow"},"og_locale":"en_US","og_type":"article","og_title":"Apple TV Plus spendiert offiziellen Trailer zu Ted Lasso ... - Newsslash","og_description":"Apple TV Plus pr\u00c3\u00a4sentiert den offiziellen Trailer zur beliebten Fu\u00c3\u0178ball-Serie Ted Lasso. Im Juli starten die neuen Folgen der... Mehr auf Newsslash.com!","og_url":"https:\/\/newsslash.com\/n\/15693-apple-tv-plus-spendiert-offiziellen-trailer-zu-ted-lasso-staffel-2\/","og_site_name":"Newsslash","article_published_time":"2021-06-22T21:10:00+00:00","og_image":[{"width":1280,"height":854,"url":"https:\/\/newsslash.com\/n\/wp-content\/uploads\/2025\/04\/NewsSlash-Featured-Image.jpg","type":"image\/jpeg"}],"author":"Daniela H","twitter_card":"summary_large_image","twitter_misc":{"Written by":"Daniela H","Est. reading time":"1 minute"},"schema":{"@context":"https:\/\/schema.org","@graph":[{"@type":"Article","@id":"https:\/\/newsslash.com\/n\/15693-apple-tv-plus-spendiert-offiziellen-trailer-zu-ted-lasso-staffel-2\/#article","isPartOf":{"@id":"https:\/\/newsslash.com\/n\/15693-apple-tv-plus-spendiert-offiziellen-trailer-zu-ted-lasso-staffel-2\/"},"author":{"name":"Daniela H","@id":"https:\/\/newsslash.com\/n\/#\/schema\/person\/cb1381eb00b5dc4b3071475e9866df11"},"headline":"Apple TV Plus spendiert offiziellen Trailer zu Ted Lasso &#8230;","datePublished":"2021-06-22T21:10:00+00:00","mainEntityOfPage":{"@id":"https:\/\/newsslash.com\/n\/15693-apple-tv-plus-spendiert-offiziellen-trailer-zu-ted-lasso-staffel-2\/"},"wordCount":243,"commentCount":0,"publisher":{"@id":"https:\/\/newsslash.com\/n\/#organization"},"image":{"@id":"https:\/\/newsslash.com\/n\/15693-apple-tv-plus-spendiert-offiziellen-trailer-zu-ted-lasso-staffel-2\/#primaryimage"},"thumbnailUrl":"https:\/\/newsslash.com\/n\/wp-content\/uploads\/2025\/04\/NewsSlash-Featured-Image.jpg","articleSection":["Blog"],"inLanguage":"en-US","potentialAction":[{"@type":"CommentAction","name":"Comment","target":["https:\/\/newsslash.com\/n\/15693-apple-tv-plus-spendiert-offiziellen-trailer-zu-ted-lasso-staffel-2\/#respond"]}]},{"@type":"WebPage","@id":"https:\/\/newsslash.com\/n\/15693-apple-tv-plus-spendiert-offiziellen-trailer-zu-ted-lasso-staffel-2\/","url":"https:\/\/newsslash.com\/n\/15693-apple-tv-plus-spendiert-offiziellen-trailer-zu-ted-lasso-staffel-2\/","name":"Apple TV Plus spendiert offiziellen Trailer zu Ted Lasso ... - Newsslash","isPartOf":{"@id":"https:\/\/newsslash.com\/n\/#website"},"primaryImageOfPage":{"@id":"https:\/\/newsslash.com\/n\/15693-apple-tv-plus-spendiert-offiziellen-trailer-zu-ted-lasso-staffel-2\/#primaryimage"},"image":{"@id":"https:\/\/newsslash.com\/n\/15693-apple-tv-plus-spendiert-offiziellen-trailer-zu-ted-lasso-staffel-2\/#primaryimage"},"thumbnailUrl":"https:\/\/newsslash.com\/n\/wp-content\/uploads\/2025\/04\/NewsSlash-Featured-Image.jpg","datePublished":"2021-06-22T21:10:00+00:00","breadcrumb":{"@id":"https:\/\/newsslash.com\/n\/15693-apple-tv-plus-spendiert-offiziellen-trailer-zu-ted-lasso-staffel-2\/#breadcrumb"},"inLanguage":"en-US","potentialAction":[{"@type":"ReadAction","target":["https:\/\/newsslash.com\/n\/15693-apple-tv-plus-spendiert-offiziellen-trailer-zu-ted-lasso-staffel-2\/"]}]},{"@type":"ImageObject","inLanguage":"en-US","@id":"https:\/\/newsslash.com\/n\/15693-apple-tv-plus-spendiert-offiziellen-trailer-zu-ted-lasso-staffel-2\/#primaryimage","url":"https:\/\/newsslash.com\/n\/wp-content\/uploads\/2025\/04\/NewsSlash-Featured-Image.jpg","contentUrl":"https:\/\/newsslash.com\/n\/wp-content\/uploads\/2025\/04\/NewsSlash-Featured-Image.jpg","width":1280,"height":854},{"@type":"BreadcrumbList","@id":"https:\/\/newsslash.com\/n\/15693-apple-tv-plus-spendiert-offiziellen-trailer-zu-ted-lasso-staffel-2\/#breadcrumb","itemListElement":[{"@type":"ListItem","position":1,"name":"Home","item":"https:\/\/newsslash.com\/n\/"},{"@type":"ListItem","position":2,"name":"Apple TV Plus spendiert offiziellen Trailer zu Ted Lasso &#8230;"}]},{"@type":"WebSite","@id":"https:\/\/newsslash.com\/n\/#website","url":"https:\/\/newsslash.com\/n\/","name":"Newsslash","description":"Trending News on Movies, Series, OTT, Gaming","publisher":{"@id":"https:\/\/newsslash.com\/n\/#organization"},"potentialAction":[{"@type":"SearchAction","target":{"@type":"EntryPoint","urlTemplate":"https:\/\/newsslash.com\/n\/?s={search_term_string}"},"query-input":{"@type":"PropertyValueSpecification","valueRequired":true,"valueName":"search_term_string"}}],"inLanguage":"en-US"},{"@type":"Organization","@id":"https:\/\/newsslash.com\/n\/#organization","name":"Newsslash","url":"https:\/\/newsslash.com\/n\/","logo":{"@type":"ImageObject","inLanguage":"en-US","@id":"https:\/\/newsslash.com\/n\/#\/schema\/logo\/image\/","url":"https:\/\/newsslash.com\/n\/wp-content\/uploads\/2025\/04\/cropped-Newsslash-logo-Fevicon.png","contentUrl":"https:\/\/newsslash.com\/n\/wp-content\/uploads\/2025\/04\/cropped-Newsslash-logo-Fevicon.png","width":512,"height":512,"caption":"Newsslash"},"image":{"@id":"https:\/\/newsslash.com\/n\/#\/schema\/logo\/image\/"}},{"@type":"Person","@id":"https:\/\/newsslash.com\/n\/#\/schema\/person\/cb1381eb00b5dc4b3071475e9866df11","name":"Daniela H","sameAs":["https:\/\/newsslash.com"],"url":"https:\/\/newsslash.com\/n\/author\/daniela_h\/"}]}},"_links":{"self":[{"href":"https:\/\/newsslash.com\/n\/wp-json\/wp\/v2\/posts\/19638","targetHints":{"allow":["GET"]}}],"collection":[{"href":"https:\/\/newsslash.com\/n\/wp-json\/wp\/v2\/posts"}],"about":[{"href":"https:\/\/newsslash.com\/n\/wp-json\/wp\/v2\/types\/post"}],"author":[{"embeddable":true,"href":"https:\/\/newsslash.com\/n\/wp-json\/wp\/v2\/users\/7"}],"replies":[{"embeddable":true,"href":"https:\/\/newsslash.com\/n\/wp-json\/wp\/v2\/comments?post=19638"}],"version-history":[{"count":0,"href":"https:\/\/newsslash.com\/n\/wp-json\/wp\/v2\/posts\/19638\/revisions"}],"wp:featuredmedia":[{"embeddable":true,"href":"https:\/\/newsslash.com\/n\/wp-json\/wp\/v2\/media\/21974"}],"wp:attachment":[{"href":"https:\/\/newsslash.com\/n\/wp-json\/wp\/v2\/media?parent=19638"}],"curies":[{"name":"wp","href":"https:\/\/api.w.org\/{rel}","templated":true}]}}