{"id":19640,"date":"2021-06-23T14:58:00","date_gmt":"2021-06-23T14:58:00","guid":{"rendered":"https:\/\/newsslash.com\/n\/15695-the-blacklist-staffel-8-kommt-im-juli-auf-netflix\/"},"modified":"2021-06-23T14:58:00","modified_gmt":"2021-06-23T14:58:00","slug":"15695-the-blacklist-staffel-8-kommt-im-juli-auf-netflix","status":"publish","type":"post","link":"https:\/\/newsslash.com\/n\/15695-the-blacklist-staffel-8-kommt-im-juli-auf-netflix\/","title":{"rendered":"The Blacklist Staffel 8 kommt im Juli auf Netflix"},"content":{"rendered":"<p>Im Juli d\u00c3\u00bcrfen sich die Fans der Serie The Blacklist auf die neuen Folgen der achten Staffel freuen, und zwar nicht nur in den USA. Netflix hat verk\u00c3\u00bcndet, dass schon sehr bald nach dem US-Start der achten Season diese auch weltweit und in Deutschland zu sehen sein wird. Also streicht euch den 20. Juli im Kalender rot an, denn dann soll es mit den neuen Geschichten beim Streamingdienst weitergehen. \u00c3\u0153brigens ist auch schon eine neunte Staffel bestellt. Die Abenteuer gehen also auch nach dem Abgang von James Spader noch weiter. Nachdem die siebte Staffel Corona-bedingt ein wenig k\u00c3\u00bcrzer ausgefallen ist, soll die neue Season wieder den gewohnten Umfang haben. 22 Episoden stehen dann bereit und vers\u00c3\u00bc\u00c3\u0178en lange Sommerabende. Red steht in den neuen Folgen anscheinend mit dem R\u00c3\u00bccken zur Wand, denn Liz entwickelte sich in der siebten Staffel zu einem echten Feind. W\u00c3\u00a4hrend seine Taskforce gegen einen legend\u00c3\u00a4ren Verbrecher namens Roanoke ermittelt, schlie\u00c3\u0178t Red sich mit der Mutter von Liz zusammen, um den M\u00c3\u00b6rder ihres Vaters zu finden. Oder steht die Mutter doch auf Liz\u00e2\u20ac\u02dc Seite? Lang ist die Wartezeit nicht mehr, bis dahin k\u00c3\u00b6nnt ihr noch einmal in den Trailer der achten Season von The Blacklist reinschnuppern, um die Vorfreude noch ein wenig anzustacheln. <iframe loading=\"lazy\" allowfullscreen=\"\" frameborder=\"0\" height=\"315\" src=\"https:\/\/www.youtube-nocookie.com\/embed\/mA1Qo6E_dOc\" width=\"100%\"><\/iframe><\/p><div class=\"newss-content\" id=\"newss-2402971673\"><script async src=\"\/\/pagead2.googlesyndication.com\/pagead\/js\/adsbygoogle.js?client=ca-pub-7733425960004873\" crossorigin=\"anonymous\"><\/script><ins class=\"adsbygoogle\" style=\"display:block;\" data-ad-client=\"ca-pub-7733425960004873\" \ndata-ad-slot=\"2582020599\" \ndata-ad-format=\"auto\"><\/ins>\n<script> \n(adsbygoogle = window.adsbygoogle || []).push({}); \n<\/script>\n<\/div><div class=\"newss-article-1\" id=\"newss-776788163\"><script async src=\"https:\/\/pagead2.googlesyndication.com\/pagead\/js\/adsbygoogle.js?client=ca-pub-7733425960004873\"\r\n     crossorigin=\"anonymous\"><\/script>\r\n<!-- Homepage2 -->\r\n<ins class=\"adsbygoogle\"\r\n     style=\"display:block\"\r\n     data-ad-client=\"ca-pub-7733425960004873\"\r\n     data-ad-slot=\"2582020599\"\r\n     data-ad-format=\"auto\"\r\n     data-full-width-responsive=\"true\"><\/ins>\r\n<script>\r\n     (adsbygoogle = window.adsbygoogle || []).push({});\r\n<\/script><\/div>\n","protected":false},"excerpt":{"rendered":"<p>Netflix hat bekanntgegeben, dass die achte Staffel der The Blacklist schon kurz nach der Premiere in den USA auch hierzulande zu&#8230; Mehr auf Newsslash.com!<\/p>\n","protected":false},"author":7,"featured_media":21974,"comment_status":"open","ping_status":"open","sticky":false,"template":"","format":"standard","meta":{"_et_pb_use_builder":"","_et_pb_old_content":"","_et_gb_content_width":"","footnotes":""},"class_list":["post-19640","post","type-post","status-publish","format-standard","has-post-thumbnail","hentry","category-blog"],"yoast_head":"<!-- This site is optimized with the Yoast SEO plugin v24.8.1 - https:\/\/yoast.com\/wordpress\/plugins\/seo\/ -->\n<title>The Blacklist Staffel 8 kommt im Juli auf Netflix - Newsslash<\/title>\n<meta name=\"robots\" content=\"noindex, follow\" \/>\n<meta property=\"og:locale\" content=\"en_US\" \/>\n<meta property=\"og:type\" content=\"article\" \/>\n<meta property=\"og:title\" content=\"The Blacklist Staffel 8 kommt im Juli auf Netflix - Newsslash\" \/>\n<meta property=\"og:description\" content=\"Netflix hat bekanntgegeben, dass die achte Staffel der The Blacklist schon kurz nach der Premiere in den USA auch hierzulande zu... Mehr auf Newsslash.com!\" \/>\n<meta property=\"og:url\" content=\"https:\/\/newsslash.com\/n\/15695-the-blacklist-staffel-8-kommt-im-juli-auf-netflix\/\" \/>\n<meta property=\"og:site_name\" content=\"Newsslash\" \/>\n<meta property=\"article:published_time\" content=\"2021-06-23T14:58:00+00:00\" \/>\n<meta property=\"og:image\" content=\"https:\/\/newsslash.com\/n\/wp-content\/uploads\/2025\/04\/NewsSlash-Featured-Image.jpg\" \/>\n\t<meta property=\"og:image:width\" content=\"1280\" \/>\n\t<meta property=\"og:image:height\" content=\"854\" \/>\n\t<meta property=\"og:image:type\" content=\"image\/jpeg\" \/>\n<meta name=\"author\" content=\"Daniela H\" \/>\n<meta name=\"twitter:card\" content=\"summary_large_image\" \/>\n<meta name=\"twitter:label1\" content=\"Written by\" \/>\n\t<meta name=\"twitter:data1\" content=\"Daniela H\" \/>\n\t<meta name=\"twitter:label2\" content=\"Est. reading time\" \/>\n\t<meta name=\"twitter:data2\" content=\"1 minute\" \/>\n<script type=\"application\/ld+json\" class=\"yoast-schema-graph\">{\"@context\":\"https:\/\/schema.org\",\"@graph\":[{\"@type\":\"Article\",\"@id\":\"https:\/\/newsslash.com\/n\/15695-the-blacklist-staffel-8-kommt-im-juli-auf-netflix\/#article\",\"isPartOf\":{\"@id\":\"https:\/\/newsslash.com\/n\/15695-the-blacklist-staffel-8-kommt-im-juli-auf-netflix\/\"},\"author\":{\"name\":\"Daniela H\",\"@id\":\"https:\/\/newsslash.com\/n\/#\/schema\/person\/cb1381eb00b5dc4b3071475e9866df11\"},\"headline\":\"The Blacklist Staffel 8 kommt im Juli auf Netflix\",\"datePublished\":\"2021-06-23T14:58:00+00:00\",\"mainEntityOfPage\":{\"@id\":\"https:\/\/newsslash.com\/n\/15695-the-blacklist-staffel-8-kommt-im-juli-auf-netflix\/\"},\"wordCount\":221,\"commentCount\":0,\"publisher\":{\"@id\":\"https:\/\/newsslash.com\/n\/#organization\"},\"image\":{\"@id\":\"https:\/\/newsslash.com\/n\/15695-the-blacklist-staffel-8-kommt-im-juli-auf-netflix\/#primaryimage\"},\"thumbnailUrl\":\"https:\/\/newsslash.com\/n\/wp-content\/uploads\/2025\/04\/NewsSlash-Featured-Image.jpg\",\"articleSection\":[\"Blog\"],\"inLanguage\":\"en-US\",\"potentialAction\":[{\"@type\":\"CommentAction\",\"name\":\"Comment\",\"target\":[\"https:\/\/newsslash.com\/n\/15695-the-blacklist-staffel-8-kommt-im-juli-auf-netflix\/#respond\"]}]},{\"@type\":\"WebPage\",\"@id\":\"https:\/\/newsslash.com\/n\/15695-the-blacklist-staffel-8-kommt-im-juli-auf-netflix\/\",\"url\":\"https:\/\/newsslash.com\/n\/15695-the-blacklist-staffel-8-kommt-im-juli-auf-netflix\/\",\"name\":\"The Blacklist Staffel 8 kommt im Juli auf Netflix - Newsslash\",\"isPartOf\":{\"@id\":\"https:\/\/newsslash.com\/n\/#website\"},\"primaryImageOfPage\":{\"@id\":\"https:\/\/newsslash.com\/n\/15695-the-blacklist-staffel-8-kommt-im-juli-auf-netflix\/#primaryimage\"},\"image\":{\"@id\":\"https:\/\/newsslash.com\/n\/15695-the-blacklist-staffel-8-kommt-im-juli-auf-netflix\/#primaryimage\"},\"thumbnailUrl\":\"https:\/\/newsslash.com\/n\/wp-content\/uploads\/2025\/04\/NewsSlash-Featured-Image.jpg\",\"datePublished\":\"2021-06-23T14:58:00+00:00\",\"breadcrumb\":{\"@id\":\"https:\/\/newsslash.com\/n\/15695-the-blacklist-staffel-8-kommt-im-juli-auf-netflix\/#breadcrumb\"},\"inLanguage\":\"en-US\",\"potentialAction\":[{\"@type\":\"ReadAction\",\"target\":[\"https:\/\/newsslash.com\/n\/15695-the-blacklist-staffel-8-kommt-im-juli-auf-netflix\/\"]}]},{\"@type\":\"ImageObject\",\"inLanguage\":\"en-US\",\"@id\":\"https:\/\/newsslash.com\/n\/15695-the-blacklist-staffel-8-kommt-im-juli-auf-netflix\/#primaryimage\",\"url\":\"https:\/\/newsslash.com\/n\/wp-content\/uploads\/2025\/04\/NewsSlash-Featured-Image.jpg\",\"contentUrl\":\"https:\/\/newsslash.com\/n\/wp-content\/uploads\/2025\/04\/NewsSlash-Featured-Image.jpg\",\"width\":1280,\"height\":854},{\"@type\":\"BreadcrumbList\",\"@id\":\"https:\/\/newsslash.com\/n\/15695-the-blacklist-staffel-8-kommt-im-juli-auf-netflix\/#breadcrumb\",\"itemListElement\":[{\"@type\":\"ListItem\",\"position\":1,\"name\":\"Home\",\"item\":\"https:\/\/newsslash.com\/n\/\"},{\"@type\":\"ListItem\",\"position\":2,\"name\":\"The Blacklist Staffel 8 kommt im Juli auf Netflix\"}]},{\"@type\":\"WebSite\",\"@id\":\"https:\/\/newsslash.com\/n\/#website\",\"url\":\"https:\/\/newsslash.com\/n\/\",\"name\":\"Newsslash\",\"description\":\"Trending News on Movies, Series, OTT, Gaming\",\"publisher\":{\"@id\":\"https:\/\/newsslash.com\/n\/#organization\"},\"potentialAction\":[{\"@type\":\"SearchAction\",\"target\":{\"@type\":\"EntryPoint\",\"urlTemplate\":\"https:\/\/newsslash.com\/n\/?s={search_term_string}\"},\"query-input\":{\"@type\":\"PropertyValueSpecification\",\"valueRequired\":true,\"valueName\":\"search_term_string\"}}],\"inLanguage\":\"en-US\"},{\"@type\":\"Organization\",\"@id\":\"https:\/\/newsslash.com\/n\/#organization\",\"name\":\"Newsslash\",\"url\":\"https:\/\/newsslash.com\/n\/\",\"logo\":{\"@type\":\"ImageObject\",\"inLanguage\":\"en-US\",\"@id\":\"https:\/\/newsslash.com\/n\/#\/schema\/logo\/image\/\",\"url\":\"https:\/\/newsslash.com\/n\/wp-content\/uploads\/2025\/04\/cropped-Newsslash-logo-Fevicon.png\",\"contentUrl\":\"https:\/\/newsslash.com\/n\/wp-content\/uploads\/2025\/04\/cropped-Newsslash-logo-Fevicon.png\",\"width\":512,\"height\":512,\"caption\":\"Newsslash\"},\"image\":{\"@id\":\"https:\/\/newsslash.com\/n\/#\/schema\/logo\/image\/\"}},{\"@type\":\"Person\",\"@id\":\"https:\/\/newsslash.com\/n\/#\/schema\/person\/cb1381eb00b5dc4b3071475e9866df11\",\"name\":\"Daniela H\",\"sameAs\":[\"https:\/\/newsslash.com\"],\"url\":\"https:\/\/newsslash.com\/n\/author\/daniela_h\/\"}]}<\/script>\n<!-- \/ Yoast SEO plugin. -->","yoast_head_json":{"title":"The Blacklist Staffel 8 kommt im Juli auf Netflix - Newsslash","robots":{"index":"noindex","follow":"follow"},"og_locale":"en_US","og_type":"article","og_title":"The Blacklist Staffel 8 kommt im Juli auf Netflix - Newsslash","og_description":"Netflix hat bekanntgegeben, dass die achte Staffel der The Blacklist schon kurz nach der Premiere in den USA auch hierzulande zu... Mehr auf Newsslash.com!","og_url":"https:\/\/newsslash.com\/n\/15695-the-blacklist-staffel-8-kommt-im-juli-auf-netflix\/","og_site_name":"Newsslash","article_published_time":"2021-06-23T14:58:00+00:00","og_image":[{"width":1280,"height":854,"url":"https:\/\/newsslash.com\/n\/wp-content\/uploads\/2025\/04\/NewsSlash-Featured-Image.jpg","type":"image\/jpeg"}],"author":"Daniela H","twitter_card":"summary_large_image","twitter_misc":{"Written by":"Daniela H","Est. reading time":"1 minute"},"schema":{"@context":"https:\/\/schema.org","@graph":[{"@type":"Article","@id":"https:\/\/newsslash.com\/n\/15695-the-blacklist-staffel-8-kommt-im-juli-auf-netflix\/#article","isPartOf":{"@id":"https:\/\/newsslash.com\/n\/15695-the-blacklist-staffel-8-kommt-im-juli-auf-netflix\/"},"author":{"name":"Daniela H","@id":"https:\/\/newsslash.com\/n\/#\/schema\/person\/cb1381eb00b5dc4b3071475e9866df11"},"headline":"The Blacklist Staffel 8 kommt im Juli auf Netflix","datePublished":"2021-06-23T14:58:00+00:00","mainEntityOfPage":{"@id":"https:\/\/newsslash.com\/n\/15695-the-blacklist-staffel-8-kommt-im-juli-auf-netflix\/"},"wordCount":221,"commentCount":0,"publisher":{"@id":"https:\/\/newsslash.com\/n\/#organization"},"image":{"@id":"https:\/\/newsslash.com\/n\/15695-the-blacklist-staffel-8-kommt-im-juli-auf-netflix\/#primaryimage"},"thumbnailUrl":"https:\/\/newsslash.com\/n\/wp-content\/uploads\/2025\/04\/NewsSlash-Featured-Image.jpg","articleSection":["Blog"],"inLanguage":"en-US","potentialAction":[{"@type":"CommentAction","name":"Comment","target":["https:\/\/newsslash.com\/n\/15695-the-blacklist-staffel-8-kommt-im-juli-auf-netflix\/#respond"]}]},{"@type":"WebPage","@id":"https:\/\/newsslash.com\/n\/15695-the-blacklist-staffel-8-kommt-im-juli-auf-netflix\/","url":"https:\/\/newsslash.com\/n\/15695-the-blacklist-staffel-8-kommt-im-juli-auf-netflix\/","name":"The Blacklist Staffel 8 kommt im Juli auf Netflix - Newsslash","isPartOf":{"@id":"https:\/\/newsslash.com\/n\/#website"},"primaryImageOfPage":{"@id":"https:\/\/newsslash.com\/n\/15695-the-blacklist-staffel-8-kommt-im-juli-auf-netflix\/#primaryimage"},"image":{"@id":"https:\/\/newsslash.com\/n\/15695-the-blacklist-staffel-8-kommt-im-juli-auf-netflix\/#primaryimage"},"thumbnailUrl":"https:\/\/newsslash.com\/n\/wp-content\/uploads\/2025\/04\/NewsSlash-Featured-Image.jpg","datePublished":"2021-06-23T14:58:00+00:00","breadcrumb":{"@id":"https:\/\/newsslash.com\/n\/15695-the-blacklist-staffel-8-kommt-im-juli-auf-netflix\/#breadcrumb"},"inLanguage":"en-US","potentialAction":[{"@type":"ReadAction","target":["https:\/\/newsslash.com\/n\/15695-the-blacklist-staffel-8-kommt-im-juli-auf-netflix\/"]}]},{"@type":"ImageObject","inLanguage":"en-US","@id":"https:\/\/newsslash.com\/n\/15695-the-blacklist-staffel-8-kommt-im-juli-auf-netflix\/#primaryimage","url":"https:\/\/newsslash.com\/n\/wp-content\/uploads\/2025\/04\/NewsSlash-Featured-Image.jpg","contentUrl":"https:\/\/newsslash.com\/n\/wp-content\/uploads\/2025\/04\/NewsSlash-Featured-Image.jpg","width":1280,"height":854},{"@type":"BreadcrumbList","@id":"https:\/\/newsslash.com\/n\/15695-the-blacklist-staffel-8-kommt-im-juli-auf-netflix\/#breadcrumb","itemListElement":[{"@type":"ListItem","position":1,"name":"Home","item":"https:\/\/newsslash.com\/n\/"},{"@type":"ListItem","position":2,"name":"The Blacklist Staffel 8 kommt im Juli auf Netflix"}]},{"@type":"WebSite","@id":"https:\/\/newsslash.com\/n\/#website","url":"https:\/\/newsslash.com\/n\/","name":"Newsslash","description":"Trending News on Movies, Series, OTT, Gaming","publisher":{"@id":"https:\/\/newsslash.com\/n\/#organization"},"potentialAction":[{"@type":"SearchAction","target":{"@type":"EntryPoint","urlTemplate":"https:\/\/newsslash.com\/n\/?s={search_term_string}"},"query-input":{"@type":"PropertyValueSpecification","valueRequired":true,"valueName":"search_term_string"}}],"inLanguage":"en-US"},{"@type":"Organization","@id":"https:\/\/newsslash.com\/n\/#organization","name":"Newsslash","url":"https:\/\/newsslash.com\/n\/","logo":{"@type":"ImageObject","inLanguage":"en-US","@id":"https:\/\/newsslash.com\/n\/#\/schema\/logo\/image\/","url":"https:\/\/newsslash.com\/n\/wp-content\/uploads\/2025\/04\/cropped-Newsslash-logo-Fevicon.png","contentUrl":"https:\/\/newsslash.com\/n\/wp-content\/uploads\/2025\/04\/cropped-Newsslash-logo-Fevicon.png","width":512,"height":512,"caption":"Newsslash"},"image":{"@id":"https:\/\/newsslash.com\/n\/#\/schema\/logo\/image\/"}},{"@type":"Person","@id":"https:\/\/newsslash.com\/n\/#\/schema\/person\/cb1381eb00b5dc4b3071475e9866df11","name":"Daniela H","sameAs":["https:\/\/newsslash.com"],"url":"https:\/\/newsslash.com\/n\/author\/daniela_h\/"}]}},"_links":{"self":[{"href":"https:\/\/newsslash.com\/n\/wp-json\/wp\/v2\/posts\/19640","targetHints":{"allow":["GET"]}}],"collection":[{"href":"https:\/\/newsslash.com\/n\/wp-json\/wp\/v2\/posts"}],"about":[{"href":"https:\/\/newsslash.com\/n\/wp-json\/wp\/v2\/types\/post"}],"author":[{"embeddable":true,"href":"https:\/\/newsslash.com\/n\/wp-json\/wp\/v2\/users\/7"}],"replies":[{"embeddable":true,"href":"https:\/\/newsslash.com\/n\/wp-json\/wp\/v2\/comments?post=19640"}],"version-history":[{"count":0,"href":"https:\/\/newsslash.com\/n\/wp-json\/wp\/v2\/posts\/19640\/revisions"}],"wp:featuredmedia":[{"embeddable":true,"href":"https:\/\/newsslash.com\/n\/wp-json\/wp\/v2\/media\/21974"}],"wp:attachment":[{"href":"https:\/\/newsslash.com\/n\/wp-json\/wp\/v2\/media?parent=19640"}],"curies":[{"name":"wp","href":"https:\/\/api.w.org\/{rel}","templated":true}]}}