{"id":21305,"date":"2023-10-11T14:00:00","date_gmt":"2023-10-11T14:00:00","guid":{"rendered":"https:\/\/newsslash.com\/n\/17248-daenische-dramaserie-elvira-kommt-im-november-nach-deutschland\/"},"modified":"2023-10-11T14:00:00","modified_gmt":"2023-10-11T14:00:00","slug":"17248-daenische-dramaserie-elvira-kommt-im-november-nach-deutschland","status":"publish","type":"post","link":"https:\/\/newsslash.com\/n\/17248-daenische-dramaserie-elvira-kommt-im-november-nach-deutschland\/","title":{"rendered":"D\u00c3\u00a4nische Dramaserie Elvira kommt im November nach Deutsc&#8230;"},"content":{"rendered":"<p>Mit der d\u00c3\u00a4nischen Serie Elvira geht es in die Unterwelt Kopenhagens. Auch deutsche Zuschauende d\u00c3\u00bcrfen mit Elvira hinter die Kulissen der Rezeption eines nicht ganz so edlen Etablissements schauen, welches Elvira mit einem gemeinsamen Freund f\u00c3\u00bchrt. Der Spartensender ZDFneo bringt die Serie auch in unsere vier W\u00c3\u00a4nde. Am 24. November k\u00c3\u00b6nnt ihr euch die ganze Nacht mit Elvira um die Ohren schlagen, oder ihr schaut einfach ab dem 25. November in der ZDF-Mediathek vorbei. Wir haben die Infos und einen Trailer zu, Noir-Titel Elvira f\u00c3\u00bcr euch. Elvira war schon im letzten Jahr in D\u00c3\u00a4nemark zu sehen, und kam dort sehr gut an. Auch in Deutschland gibt es viele Fans der skandinavischen Serien- und Filmkunst in Sachen Krimi, Thriller und Noir, so dass die Serie auch hierzulande einige Zuschauende anlocken d\u00c3\u00bcrfte. Produziert wurde die Serie von Meta Louise Foldager S\u00c3\u00b8rensen f\u00c3\u00bcr die d\u00c3\u00a4nische Streaming-Plattform Viapla. Aber worum geht es denn nun konkret? Elvira lebt in einem der nicht so glitzernden Viertel in Kopenhagen. Hier ist sie aufgewachsen und hier betreibt sie gemeinsam mit ihrem guten Freund K\u00c3\u00b8ster ein illegales Etablissement, in denen Frauen arbeiten. Gut, ihr wisst schon, was damit gemeint ist. Elvira steht hinter der Rezeption, und ihr Freund aus Kindheitstagen, arbeitet als Polizist. Na, das ist mal ein interessantes Nebeneinkommen, welches der H\u00c3\u00bcter von Gesetz und Ordnung da f\u00c3\u00bcr einen besseren Lebensstil hat. So weit, so gut, oder schlecht. Das Gesch\u00c3\u00a4ft l\u00c3\u00a4uft gut, auch, wenn Elvira viel Zeit aufbringen muss, um sich auch noch um ihren drogens\u00c3\u00bcchtigen Bruder zu k\u00c3\u00bcmmern. Doch eines Tages verschwindet eine Prostituierte aus der Obhut von Elvira. Sie schuldet dem Haus noch eine Menge Geld. Geld, welches jetzt fehlt, denn Elvira muss eine ordentliche Summe ihrer Einnahmen an die obersten Chefs in Schweden abliefern. Na, das w\u00c3\u00a4re ja auch zu sch\u00c3\u00b6n gewesen, wenn Elvira das Freudenhaus ganz autark f\u00c3\u00bchren w\u00c3\u00bcrde. Woher also das Geld nehmen? Elvira macht sich auf die Suche nach der Sexarbeiterin und st\u00c3\u00b6\u00c3\u0178t dabei an der Adresse der Verschwundenen auf eine \u00c3\u0153berraschung, die ihre Welt auf den Kopf stellt. Hier ist der Trailer zur Serie Elvira f\u00c3\u00bcr euch: <iframe loading=\"lazy\" allowfullscreen=\"\" frameborder=\"0\" height=\"315\" src=\"https:\/\/www.youtube-nocookie.com\/embed\/7YdwdLv_uMw?si=hOjCHa1PzEDzAi65\" width=\"100%\"><\/iframe><\/p><div class=\"newss-content\" id=\"newss-3175329711\"><script async src=\"\/\/pagead2.googlesyndication.com\/pagead\/js\/adsbygoogle.js?client=ca-pub-7733425960004873\" crossorigin=\"anonymous\"><\/script><ins class=\"adsbygoogle\" style=\"display:block;\" data-ad-client=\"ca-pub-7733425960004873\" \ndata-ad-slot=\"2582020599\" \ndata-ad-format=\"auto\"><\/ins>\n<script> \n(adsbygoogle = window.adsbygoogle || []).push({}); \n<\/script>\n<\/div><div class=\"newss-article-1\" id=\"newss-134230420\"><script async src=\"https:\/\/pagead2.googlesyndication.com\/pagead\/js\/adsbygoogle.js?client=ca-pub-7733425960004873\"\r\n     crossorigin=\"anonymous\"><\/script>\r\n<!-- Homepage2 -->\r\n<ins class=\"adsbygoogle\"\r\n     style=\"display:block\"\r\n     data-ad-client=\"ca-pub-7733425960004873\"\r\n     data-ad-slot=\"2582020599\"\r\n     data-ad-format=\"auto\"\r\n     data-full-width-responsive=\"true\"><\/ins>\r\n<script>\r\n     (adsbygoogle = window.adsbygoogle || []).push({});\r\n<\/script><\/div>\n","protected":false},"excerpt":{"rendered":"<p>Elvira hei\u00c3\u0178t die Hauptfigur der Skandi-Noir-Serie aus D\u00c3\u00a4nemark, die es nun bald auch in Deutschland zu sehen gibt. ZDFneo bringt&#8230; Mehr auf Newsslash.com!<\/p>\n","protected":false},"author":7,"featured_media":21974,"comment_status":"open","ping_status":"open","sticky":false,"template":"","format":"standard","meta":{"_et_pb_use_builder":"","_et_pb_old_content":"","_et_gb_content_width":"","footnotes":""},"class_list":["post-21305","post","type-post","status-publish","format-standard","has-post-thumbnail","hentry","category-blog"],"yoast_head":"<!-- This site is optimized with the Yoast SEO plugin v24.8.1 - https:\/\/yoast.com\/wordpress\/plugins\/seo\/ -->\n<title>D\u00c3\u00a4nische Dramaserie Elvira kommt im November nach Deutsc... - Newsslash<\/title>\n<meta name=\"robots\" content=\"noindex, follow\" \/>\n<meta property=\"og:locale\" content=\"en_US\" \/>\n<meta property=\"og:type\" content=\"article\" \/>\n<meta property=\"og:title\" content=\"D\u00c3\u00a4nische Dramaserie Elvira kommt im November nach Deutsc... - Newsslash\" \/>\n<meta property=\"og:description\" content=\"Elvira hei\u00c3\u0178t die Hauptfigur der Skandi-Noir-Serie aus D\u00c3\u00a4nemark, die es nun bald auch in Deutschland zu sehen gibt. ZDFneo bringt... Mehr auf Newsslash.com!\" \/>\n<meta property=\"og:url\" content=\"https:\/\/newsslash.com\/n\/17248-daenische-dramaserie-elvira-kommt-im-november-nach-deutschland\/\" \/>\n<meta property=\"og:site_name\" content=\"Newsslash\" \/>\n<meta property=\"article:published_time\" content=\"2023-10-11T14:00:00+00:00\" \/>\n<meta property=\"og:image\" content=\"https:\/\/newsslash.com\/n\/wp-content\/uploads\/2025\/04\/NewsSlash-Featured-Image.jpg\" \/>\n\t<meta property=\"og:image:width\" content=\"1280\" \/>\n\t<meta property=\"og:image:height\" content=\"854\" \/>\n\t<meta property=\"og:image:type\" content=\"image\/jpeg\" \/>\n<meta name=\"author\" content=\"Daniela H\" \/>\n<meta name=\"twitter:card\" content=\"summary_large_image\" \/>\n<meta name=\"twitter:label1\" content=\"Written by\" \/>\n\t<meta name=\"twitter:data1\" content=\"Daniela H\" \/>\n\t<meta name=\"twitter:label2\" content=\"Est. reading time\" \/>\n\t<meta name=\"twitter:data2\" content=\"2 minutes\" \/>\n<script type=\"application\/ld+json\" class=\"yoast-schema-graph\">{\"@context\":\"https:\/\/schema.org\",\"@graph\":[{\"@type\":\"Article\",\"@id\":\"https:\/\/newsslash.com\/n\/17248-daenische-dramaserie-elvira-kommt-im-november-nach-deutschland\/#article\",\"isPartOf\":{\"@id\":\"https:\/\/newsslash.com\/n\/17248-daenische-dramaserie-elvira-kommt-im-november-nach-deutschland\/\"},\"author\":{\"name\":\"Daniela H\",\"@id\":\"https:\/\/newsslash.com\/n\/#\/schema\/person\/cb1381eb00b5dc4b3071475e9866df11\"},\"headline\":\"D\u00c3\u00a4nische Dramaserie Elvira kommt im November nach Deutsc&#8230;\",\"datePublished\":\"2023-10-11T14:00:00+00:00\",\"mainEntityOfPage\":{\"@id\":\"https:\/\/newsslash.com\/n\/17248-daenische-dramaserie-elvira-kommt-im-november-nach-deutschland\/\"},\"wordCount\":377,\"commentCount\":0,\"publisher\":{\"@id\":\"https:\/\/newsslash.com\/n\/#organization\"},\"image\":{\"@id\":\"https:\/\/newsslash.com\/n\/17248-daenische-dramaserie-elvira-kommt-im-november-nach-deutschland\/#primaryimage\"},\"thumbnailUrl\":\"https:\/\/newsslash.com\/n\/wp-content\/uploads\/2025\/04\/NewsSlash-Featured-Image.jpg\",\"articleSection\":[\"Blog\"],\"inLanguage\":\"en-US\",\"potentialAction\":[{\"@type\":\"CommentAction\",\"name\":\"Comment\",\"target\":[\"https:\/\/newsslash.com\/n\/17248-daenische-dramaserie-elvira-kommt-im-november-nach-deutschland\/#respond\"]}]},{\"@type\":\"WebPage\",\"@id\":\"https:\/\/newsslash.com\/n\/17248-daenische-dramaserie-elvira-kommt-im-november-nach-deutschland\/\",\"url\":\"https:\/\/newsslash.com\/n\/17248-daenische-dramaserie-elvira-kommt-im-november-nach-deutschland\/\",\"name\":\"D\u00c3\u00a4nische Dramaserie Elvira kommt im November nach Deutsc... - Newsslash\",\"isPartOf\":{\"@id\":\"https:\/\/newsslash.com\/n\/#website\"},\"primaryImageOfPage\":{\"@id\":\"https:\/\/newsslash.com\/n\/17248-daenische-dramaserie-elvira-kommt-im-november-nach-deutschland\/#primaryimage\"},\"image\":{\"@id\":\"https:\/\/newsslash.com\/n\/17248-daenische-dramaserie-elvira-kommt-im-november-nach-deutschland\/#primaryimage\"},\"thumbnailUrl\":\"https:\/\/newsslash.com\/n\/wp-content\/uploads\/2025\/04\/NewsSlash-Featured-Image.jpg\",\"datePublished\":\"2023-10-11T14:00:00+00:00\",\"breadcrumb\":{\"@id\":\"https:\/\/newsslash.com\/n\/17248-daenische-dramaserie-elvira-kommt-im-november-nach-deutschland\/#breadcrumb\"},\"inLanguage\":\"en-US\",\"potentialAction\":[{\"@type\":\"ReadAction\",\"target\":[\"https:\/\/newsslash.com\/n\/17248-daenische-dramaserie-elvira-kommt-im-november-nach-deutschland\/\"]}]},{\"@type\":\"ImageObject\",\"inLanguage\":\"en-US\",\"@id\":\"https:\/\/newsslash.com\/n\/17248-daenische-dramaserie-elvira-kommt-im-november-nach-deutschland\/#primaryimage\",\"url\":\"https:\/\/newsslash.com\/n\/wp-content\/uploads\/2025\/04\/NewsSlash-Featured-Image.jpg\",\"contentUrl\":\"https:\/\/newsslash.com\/n\/wp-content\/uploads\/2025\/04\/NewsSlash-Featured-Image.jpg\",\"width\":1280,\"height\":854},{\"@type\":\"BreadcrumbList\",\"@id\":\"https:\/\/newsslash.com\/n\/17248-daenische-dramaserie-elvira-kommt-im-november-nach-deutschland\/#breadcrumb\",\"itemListElement\":[{\"@type\":\"ListItem\",\"position\":1,\"name\":\"Home\",\"item\":\"https:\/\/newsslash.com\/n\/\"},{\"@type\":\"ListItem\",\"position\":2,\"name\":\"D\u00c3\u00a4nische Dramaserie Elvira kommt im November nach Deutsc&#8230;\"}]},{\"@type\":\"WebSite\",\"@id\":\"https:\/\/newsslash.com\/n\/#website\",\"url\":\"https:\/\/newsslash.com\/n\/\",\"name\":\"Newsslash\",\"description\":\"Trending News on Movies, Series, OTT, Gaming\",\"publisher\":{\"@id\":\"https:\/\/newsslash.com\/n\/#organization\"},\"potentialAction\":[{\"@type\":\"SearchAction\",\"target\":{\"@type\":\"EntryPoint\",\"urlTemplate\":\"https:\/\/newsslash.com\/n\/?s={search_term_string}\"},\"query-input\":{\"@type\":\"PropertyValueSpecification\",\"valueRequired\":true,\"valueName\":\"search_term_string\"}}],\"inLanguage\":\"en-US\"},{\"@type\":\"Organization\",\"@id\":\"https:\/\/newsslash.com\/n\/#organization\",\"name\":\"Newsslash\",\"url\":\"https:\/\/newsslash.com\/n\/\",\"logo\":{\"@type\":\"ImageObject\",\"inLanguage\":\"en-US\",\"@id\":\"https:\/\/newsslash.com\/n\/#\/schema\/logo\/image\/\",\"url\":\"https:\/\/newsslash.com\/n\/wp-content\/uploads\/2025\/04\/cropped-Newsslash-logo-Fevicon.png\",\"contentUrl\":\"https:\/\/newsslash.com\/n\/wp-content\/uploads\/2025\/04\/cropped-Newsslash-logo-Fevicon.png\",\"width\":512,\"height\":512,\"caption\":\"Newsslash\"},\"image\":{\"@id\":\"https:\/\/newsslash.com\/n\/#\/schema\/logo\/image\/\"}},{\"@type\":\"Person\",\"@id\":\"https:\/\/newsslash.com\/n\/#\/schema\/person\/cb1381eb00b5dc4b3071475e9866df11\",\"name\":\"Daniela H\",\"sameAs\":[\"https:\/\/newsslash.com\"],\"url\":\"https:\/\/newsslash.com\/n\/author\/daniela_h\/\"}]}<\/script>\n<!-- \/ Yoast SEO plugin. -->","yoast_head_json":{"title":"D\u00c3\u00a4nische Dramaserie Elvira kommt im November nach Deutsc... - Newsslash","robots":{"index":"noindex","follow":"follow"},"og_locale":"en_US","og_type":"article","og_title":"D\u00c3\u00a4nische Dramaserie Elvira kommt im November nach Deutsc... - Newsslash","og_description":"Elvira hei\u00c3\u0178t die Hauptfigur der Skandi-Noir-Serie aus D\u00c3\u00a4nemark, die es nun bald auch in Deutschland zu sehen gibt. ZDFneo bringt... Mehr auf Newsslash.com!","og_url":"https:\/\/newsslash.com\/n\/17248-daenische-dramaserie-elvira-kommt-im-november-nach-deutschland\/","og_site_name":"Newsslash","article_published_time":"2023-10-11T14:00:00+00:00","og_image":[{"width":1280,"height":854,"url":"https:\/\/newsslash.com\/n\/wp-content\/uploads\/2025\/04\/NewsSlash-Featured-Image.jpg","type":"image\/jpeg"}],"author":"Daniela H","twitter_card":"summary_large_image","twitter_misc":{"Written by":"Daniela H","Est. reading time":"2 minutes"},"schema":{"@context":"https:\/\/schema.org","@graph":[{"@type":"Article","@id":"https:\/\/newsslash.com\/n\/17248-daenische-dramaserie-elvira-kommt-im-november-nach-deutschland\/#article","isPartOf":{"@id":"https:\/\/newsslash.com\/n\/17248-daenische-dramaserie-elvira-kommt-im-november-nach-deutschland\/"},"author":{"name":"Daniela H","@id":"https:\/\/newsslash.com\/n\/#\/schema\/person\/cb1381eb00b5dc4b3071475e9866df11"},"headline":"D\u00c3\u00a4nische Dramaserie Elvira kommt im November nach Deutsc&#8230;","datePublished":"2023-10-11T14:00:00+00:00","mainEntityOfPage":{"@id":"https:\/\/newsslash.com\/n\/17248-daenische-dramaserie-elvira-kommt-im-november-nach-deutschland\/"},"wordCount":377,"commentCount":0,"publisher":{"@id":"https:\/\/newsslash.com\/n\/#organization"},"image":{"@id":"https:\/\/newsslash.com\/n\/17248-daenische-dramaserie-elvira-kommt-im-november-nach-deutschland\/#primaryimage"},"thumbnailUrl":"https:\/\/newsslash.com\/n\/wp-content\/uploads\/2025\/04\/NewsSlash-Featured-Image.jpg","articleSection":["Blog"],"inLanguage":"en-US","potentialAction":[{"@type":"CommentAction","name":"Comment","target":["https:\/\/newsslash.com\/n\/17248-daenische-dramaserie-elvira-kommt-im-november-nach-deutschland\/#respond"]}]},{"@type":"WebPage","@id":"https:\/\/newsslash.com\/n\/17248-daenische-dramaserie-elvira-kommt-im-november-nach-deutschland\/","url":"https:\/\/newsslash.com\/n\/17248-daenische-dramaserie-elvira-kommt-im-november-nach-deutschland\/","name":"D\u00c3\u00a4nische Dramaserie Elvira kommt im November nach Deutsc... - Newsslash","isPartOf":{"@id":"https:\/\/newsslash.com\/n\/#website"},"primaryImageOfPage":{"@id":"https:\/\/newsslash.com\/n\/17248-daenische-dramaserie-elvira-kommt-im-november-nach-deutschland\/#primaryimage"},"image":{"@id":"https:\/\/newsslash.com\/n\/17248-daenische-dramaserie-elvira-kommt-im-november-nach-deutschland\/#primaryimage"},"thumbnailUrl":"https:\/\/newsslash.com\/n\/wp-content\/uploads\/2025\/04\/NewsSlash-Featured-Image.jpg","datePublished":"2023-10-11T14:00:00+00:00","breadcrumb":{"@id":"https:\/\/newsslash.com\/n\/17248-daenische-dramaserie-elvira-kommt-im-november-nach-deutschland\/#breadcrumb"},"inLanguage":"en-US","potentialAction":[{"@type":"ReadAction","target":["https:\/\/newsslash.com\/n\/17248-daenische-dramaserie-elvira-kommt-im-november-nach-deutschland\/"]}]},{"@type":"ImageObject","inLanguage":"en-US","@id":"https:\/\/newsslash.com\/n\/17248-daenische-dramaserie-elvira-kommt-im-november-nach-deutschland\/#primaryimage","url":"https:\/\/newsslash.com\/n\/wp-content\/uploads\/2025\/04\/NewsSlash-Featured-Image.jpg","contentUrl":"https:\/\/newsslash.com\/n\/wp-content\/uploads\/2025\/04\/NewsSlash-Featured-Image.jpg","width":1280,"height":854},{"@type":"BreadcrumbList","@id":"https:\/\/newsslash.com\/n\/17248-daenische-dramaserie-elvira-kommt-im-november-nach-deutschland\/#breadcrumb","itemListElement":[{"@type":"ListItem","position":1,"name":"Home","item":"https:\/\/newsslash.com\/n\/"},{"@type":"ListItem","position":2,"name":"D\u00c3\u00a4nische Dramaserie Elvira kommt im November nach Deutsc&#8230;"}]},{"@type":"WebSite","@id":"https:\/\/newsslash.com\/n\/#website","url":"https:\/\/newsslash.com\/n\/","name":"Newsslash","description":"Trending News on Movies, Series, OTT, Gaming","publisher":{"@id":"https:\/\/newsslash.com\/n\/#organization"},"potentialAction":[{"@type":"SearchAction","target":{"@type":"EntryPoint","urlTemplate":"https:\/\/newsslash.com\/n\/?s={search_term_string}"},"query-input":{"@type":"PropertyValueSpecification","valueRequired":true,"valueName":"search_term_string"}}],"inLanguage":"en-US"},{"@type":"Organization","@id":"https:\/\/newsslash.com\/n\/#organization","name":"Newsslash","url":"https:\/\/newsslash.com\/n\/","logo":{"@type":"ImageObject","inLanguage":"en-US","@id":"https:\/\/newsslash.com\/n\/#\/schema\/logo\/image\/","url":"https:\/\/newsslash.com\/n\/wp-content\/uploads\/2025\/04\/cropped-Newsslash-logo-Fevicon.png","contentUrl":"https:\/\/newsslash.com\/n\/wp-content\/uploads\/2025\/04\/cropped-Newsslash-logo-Fevicon.png","width":512,"height":512,"caption":"Newsslash"},"image":{"@id":"https:\/\/newsslash.com\/n\/#\/schema\/logo\/image\/"}},{"@type":"Person","@id":"https:\/\/newsslash.com\/n\/#\/schema\/person\/cb1381eb00b5dc4b3071475e9866df11","name":"Daniela H","sameAs":["https:\/\/newsslash.com"],"url":"https:\/\/newsslash.com\/n\/author\/daniela_h\/"}]}},"_links":{"self":[{"href":"https:\/\/newsslash.com\/n\/wp-json\/wp\/v2\/posts\/21305","targetHints":{"allow":["GET"]}}],"collection":[{"href":"https:\/\/newsslash.com\/n\/wp-json\/wp\/v2\/posts"}],"about":[{"href":"https:\/\/newsslash.com\/n\/wp-json\/wp\/v2\/types\/post"}],"author":[{"embeddable":true,"href":"https:\/\/newsslash.com\/n\/wp-json\/wp\/v2\/users\/7"}],"replies":[{"embeddable":true,"href":"https:\/\/newsslash.com\/n\/wp-json\/wp\/v2\/comments?post=21305"}],"version-history":[{"count":0,"href":"https:\/\/newsslash.com\/n\/wp-json\/wp\/v2\/posts\/21305\/revisions"}],"wp:featuredmedia":[{"embeddable":true,"href":"https:\/\/newsslash.com\/n\/wp-json\/wp\/v2\/media\/21974"}],"wp:attachment":[{"href":"https:\/\/newsslash.com\/n\/wp-json\/wp\/v2\/media?parent=21305"}],"curies":[{"name":"wp","href":"https:\/\/api.w.org\/{rel}","templated":true}]}}