{"id":21424,"date":"2024-01-18T20:14:19","date_gmt":"2024-01-18T20:14:19","guid":{"rendered":"https:\/\/newsslash.com\/n\/17356-wann-kommt-kuebra-staffel-2-auf-netflix\/"},"modified":"2024-01-18T20:14:19","modified_gmt":"2024-01-18T20:14:19","slug":"17356-wann-kommt-kuebra-staffel-2-auf-netflix","status":"publish","type":"post","link":"https:\/\/newsslash.com\/n\/17356-wann-kommt-kuebra-staffel-2-auf-netflix\/","title":{"rendered":"Wann kommt K\u00c3\u00bcbra Staffel 2 auf Netflix?"},"content":{"rendered":"<p>Am 18. Januar feierte K\u00c3\u00bcbra, eine weitere Produktion mit dem Star aus Der Schneider, ihre weltweite Premiere bei Netflix. Dieses Mal schl\u00c3\u00bcpft \u00c3\u2021a\u00c4\u0178atay Ulusoy in die Rolle des ehemaligen Soldaten G\u00c3\u00b6khan, der auf einem Online-Portal mysteri\u00c3\u00b6se Nachrichten von einem User namens K\u00c3\u00bcbra bekommt. Was es damit auf sich hat, zeigt die erste Staffel der Serie auf sehr unterhaltsame Weise. Die Fans fragen sich schon jetzt: Wann kommt K\u00c3\u00bcbra Staffel 2 auf Netflix? <\/p><div class=\"newss-content\" id=\"newss-2418340290\"><script async src=\"\/\/pagead2.googlesyndication.com\/pagead\/js\/adsbygoogle.js?client=ca-pub-7733425960004873\" crossorigin=\"anonymous\"><\/script><ins class=\"adsbygoogle\" style=\"display:block;\" data-ad-client=\"ca-pub-7733425960004873\" \ndata-ad-slot=\"2582020599\" \ndata-ad-format=\"auto\"><\/ins>\n<script> \n(adsbygoogle = window.adsbygoogle || []).push({}); \n<\/script>\n<\/div><div class=\"newss-article-1\" id=\"newss-2369186977\"><script async src=\"https:\/\/pagead2.googlesyndication.com\/pagead\/js\/adsbygoogle.js?client=ca-pub-7733425960004873\"\r\n     crossorigin=\"anonymous\"><\/script>\r\n<!-- Homepage2 -->\r\n<ins class=\"adsbygoogle\"\r\n     style=\"display:block\"\r\n     data-ad-client=\"ca-pub-7733425960004873\"\r\n     data-ad-slot=\"2582020599\"\r\n     data-ad-format=\"auto\"\r\n     data-full-width-responsive=\"true\"><\/ins>\r\n<script>\r\n     (adsbygoogle = window.adsbygoogle || []).push({});\r\n<\/script><\/div>\n<div>Anzeige:<\/div>\n<p><ins data-ad-client=\"ca-pub-3647021458695789\" data-ad-format=\"link\" data-ad-slot=\"7996975644\" style=\"display:block\"><\/ins> Leider gibt es zum jetzigen Zeitpunkt noch keine Antwort auf die Frage, ob und wann K\u00c3\u00bcbra Staffel 2 auf Netflix kommen wird. Noch schaut sich der Streamingdienst sicherlich erst einmal einige Wochen die Kritiken und Zuschauerzahlen an, ehe entschieden wird, ob es eine Fortsetzung geben wird. Jedoch scheint der Stoff und vor allem Hauptdarsteller \u00c3\u2021a\u00c4\u0178atay Ulusoy wie auch beim Schneider so viel Potenzial zu haben, dass es ziemlich wahrscheinlich ist, dass es eine zweite Season mit G\u00c3\u00b6khan und dem mysteri\u00c3\u00b6sen K\u00c3\u00bcbra geben wird. Wir halten euch auf dem Laufenden und mit unserem tagesaktuellen Blick auf die <a href=\"https:\/\/www.lightsteelblue-llama-768814.hostingersite.comn\/netflix-neuerscheinungen \" target=\"_blank\">Neuerscheinungen bei Netflix<\/a> k\u00c3\u00b6nnt ihr auch neue Folgen und Serien niemals verpassen. <b>Darum geht es in der Serie K\u00c3\u00bcbra<\/b> Mit der Serie K\u00c3\u00bcbra geht es in einen Au\u00c3\u0178enbezirk von Istanbul. Hier lebt G\u00c3\u00b6khan, gespielt von Der Schneider-Star \u00c3\u2021agatay Ulusoy. Der ehemalige Soldat m\u00c3\u00b6chte sein Leben ordnen, einen Beruf aus\u00c3\u00bcben und die Liebe seines Lebens heiraten. Nebenbei ist er auch online unterwegs und aktiv in einem Freundesportal. Dort erreichen ihn eines Tages seltsame Nachrichten von einem Konto, welches einfach K\u00c3\u00bcbra hei\u00c3\u0178t. G\u00c3\u00b6khan liest die Nachrichten und l\u00c3\u00a4sst sich darauf ein. Je mehr er liest, desto mehr denkt er, dass er der Auserw\u00c3\u00a4hlte ist, der die Warnungen und Voraussagen von K\u00c3\u00bcbra bez\u00c3\u00bcglich von Dingen, die passieren werden, nicht nur sehen, sondern auch beeinflussen kann. G\u00c3\u00b6khan bekommt mehr und mehr Sympathisanten, Unterst\u00c3\u00bctzer, aber auch Hater. Ist er derjenige, der zwischen den Parteien des Lichts und der Dunkelheit eine Schl\u00c3\u00bcsselrolle spielt? In der Hauptrolle sehen die Zuschauenden \u00c3\u2021a\u00c4\u0178atay Ulusoy, der in der T\u00c3\u00bcrkei erst als Model und nun als Schauspieler schon einigen Erfolg hat. Das internationale Publikum gewann er mit seiner Rolle in der t\u00c3\u00bcrkischen Netflix-Serie Der Schneider. Neben ihm sind Aslihan Malbora als Merve und Ahsen Ero\u00c4\u0178lu als G\u00c3\u00bclcan zu sehen. In weiteren Rollen: Nazan Kesal (\u00e2\u20ac\u017eThe Last Day\u00e2\u20ac\u009d) als Dilek, Cihan Talay (\u00e2\u20ac\u017eMoney Trap\u00e2\u20ac\u009d) als Salih, Aytek \u00c5\u017eayan (\u00e2\u20ac\u017eBarbaros: Sword of the Mediterranean\u00e2\u20ac\u009d) als Serhat und Ahmet M\u00c3\u00bcmtaz Taylan (\u00e2\u20ac\u017eGrudge\u00e2\u20ac\u009d) als Kara. Hier der Trailer zur Serie K\u00c3\u00bcbra auf Netflix: <iframe loading=\"lazy\" allowfullscreen=\"\" frameborder=\"0\" height=\"315\" src=\"https:\/\/www.youtube-nocookie.com\/embed\/yQwIQ0hTyco?si=0HtNo1-OAJTRBNRq\" width=\"100%\"><\/iframe><\/p>\n","protected":false},"excerpt":{"rendered":"<p>\u00c3\u2021a\u00c4\u0178atay Ulusoy hat schon in der Serie Der Schneider auf Netflix Millionen in den Bann gezogen, Nun schl\u00c3\u00bcpft er in der Serie&#8230; Mehr auf Newsslash.com!<\/p>\n","protected":false},"author":7,"featured_media":21974,"comment_status":"open","ping_status":"open","sticky":false,"template":"","format":"standard","meta":{"_et_pb_use_builder":"","_et_pb_old_content":"","_et_gb_content_width":"","footnotes":""},"class_list":["post-21424","post","type-post","status-publish","format-standard","has-post-thumbnail","hentry","category-blog"],"yoast_head":"<!-- This site is optimized with the Yoast SEO plugin v24.8.1 - https:\/\/yoast.com\/wordpress\/plugins\/seo\/ -->\n<title>Wann kommt K\u00c3\u00bcbra Staffel 2 auf Netflix? - Newsslash<\/title>\n<meta name=\"robots\" content=\"noindex, follow\" \/>\n<meta property=\"og:locale\" content=\"en_US\" \/>\n<meta property=\"og:type\" content=\"article\" \/>\n<meta property=\"og:title\" content=\"Wann kommt K\u00c3\u00bcbra Staffel 2 auf Netflix? - Newsslash\" \/>\n<meta property=\"og:description\" content=\"\u00c3\u2021a\u00c4\u0178atay Ulusoy hat schon in der Serie Der Schneider auf Netflix Millionen in den Bann gezogen, Nun schl\u00c3\u00bcpft er in der Serie... Mehr auf Newsslash.com!\" \/>\n<meta property=\"og:url\" content=\"https:\/\/newsslash.com\/n\/17356-wann-kommt-kuebra-staffel-2-auf-netflix\/\" \/>\n<meta property=\"og:site_name\" content=\"Newsslash\" \/>\n<meta property=\"article:published_time\" content=\"2024-01-18T20:14:19+00:00\" \/>\n<meta property=\"og:image\" content=\"https:\/\/newsslash.com\/n\/wp-content\/uploads\/2025\/04\/NewsSlash-Featured-Image.jpg\" \/>\n\t<meta property=\"og:image:width\" content=\"1280\" \/>\n\t<meta property=\"og:image:height\" content=\"854\" \/>\n\t<meta property=\"og:image:type\" content=\"image\/jpeg\" \/>\n<meta name=\"author\" content=\"Daniela H\" \/>\n<meta name=\"twitter:card\" content=\"summary_large_image\" \/>\n<meta name=\"twitter:label1\" content=\"Written by\" \/>\n\t<meta name=\"twitter:data1\" content=\"Daniela H\" \/>\n\t<meta name=\"twitter:label2\" content=\"Est. reading time\" \/>\n\t<meta name=\"twitter:data2\" content=\"2 minutes\" \/>\n<script type=\"application\/ld+json\" class=\"yoast-schema-graph\">{\"@context\":\"https:\/\/schema.org\",\"@graph\":[{\"@type\":\"Article\",\"@id\":\"https:\/\/newsslash.com\/n\/17356-wann-kommt-kuebra-staffel-2-auf-netflix\/#article\",\"isPartOf\":{\"@id\":\"https:\/\/newsslash.com\/n\/17356-wann-kommt-kuebra-staffel-2-auf-netflix\/\"},\"author\":{\"name\":\"Daniela H\",\"@id\":\"https:\/\/newsslash.com\/n\/#\/schema\/person\/cb1381eb00b5dc4b3071475e9866df11\"},\"headline\":\"Wann kommt K\u00c3\u00bcbra Staffel 2 auf Netflix?\",\"datePublished\":\"2024-01-18T20:14:19+00:00\",\"mainEntityOfPage\":{\"@id\":\"https:\/\/newsslash.com\/n\/17356-wann-kommt-kuebra-staffel-2-auf-netflix\/\"},\"wordCount\":447,\"commentCount\":0,\"publisher\":{\"@id\":\"https:\/\/newsslash.com\/n\/#organization\"},\"image\":{\"@id\":\"https:\/\/newsslash.com\/n\/17356-wann-kommt-kuebra-staffel-2-auf-netflix\/#primaryimage\"},\"thumbnailUrl\":\"https:\/\/newsslash.com\/n\/wp-content\/uploads\/2025\/04\/NewsSlash-Featured-Image.jpg\",\"articleSection\":[\"Blog\"],\"inLanguage\":\"en-US\",\"potentialAction\":[{\"@type\":\"CommentAction\",\"name\":\"Comment\",\"target\":[\"https:\/\/newsslash.com\/n\/17356-wann-kommt-kuebra-staffel-2-auf-netflix\/#respond\"]}]},{\"@type\":\"WebPage\",\"@id\":\"https:\/\/newsslash.com\/n\/17356-wann-kommt-kuebra-staffel-2-auf-netflix\/\",\"url\":\"https:\/\/newsslash.com\/n\/17356-wann-kommt-kuebra-staffel-2-auf-netflix\/\",\"name\":\"Wann kommt K\u00c3\u00bcbra Staffel 2 auf Netflix? - Newsslash\",\"isPartOf\":{\"@id\":\"https:\/\/newsslash.com\/n\/#website\"},\"primaryImageOfPage\":{\"@id\":\"https:\/\/newsslash.com\/n\/17356-wann-kommt-kuebra-staffel-2-auf-netflix\/#primaryimage\"},\"image\":{\"@id\":\"https:\/\/newsslash.com\/n\/17356-wann-kommt-kuebra-staffel-2-auf-netflix\/#primaryimage\"},\"thumbnailUrl\":\"https:\/\/newsslash.com\/n\/wp-content\/uploads\/2025\/04\/NewsSlash-Featured-Image.jpg\",\"datePublished\":\"2024-01-18T20:14:19+00:00\",\"breadcrumb\":{\"@id\":\"https:\/\/newsslash.com\/n\/17356-wann-kommt-kuebra-staffel-2-auf-netflix\/#breadcrumb\"},\"inLanguage\":\"en-US\",\"potentialAction\":[{\"@type\":\"ReadAction\",\"target\":[\"https:\/\/newsslash.com\/n\/17356-wann-kommt-kuebra-staffel-2-auf-netflix\/\"]}]},{\"@type\":\"ImageObject\",\"inLanguage\":\"en-US\",\"@id\":\"https:\/\/newsslash.com\/n\/17356-wann-kommt-kuebra-staffel-2-auf-netflix\/#primaryimage\",\"url\":\"https:\/\/newsslash.com\/n\/wp-content\/uploads\/2025\/04\/NewsSlash-Featured-Image.jpg\",\"contentUrl\":\"https:\/\/newsslash.com\/n\/wp-content\/uploads\/2025\/04\/NewsSlash-Featured-Image.jpg\",\"width\":1280,\"height\":854},{\"@type\":\"BreadcrumbList\",\"@id\":\"https:\/\/newsslash.com\/n\/17356-wann-kommt-kuebra-staffel-2-auf-netflix\/#breadcrumb\",\"itemListElement\":[{\"@type\":\"ListItem\",\"position\":1,\"name\":\"Home\",\"item\":\"https:\/\/newsslash.com\/n\/\"},{\"@type\":\"ListItem\",\"position\":2,\"name\":\"Wann kommt K\u00c3\u00bcbra Staffel 2 auf Netflix?\"}]},{\"@type\":\"WebSite\",\"@id\":\"https:\/\/newsslash.com\/n\/#website\",\"url\":\"https:\/\/newsslash.com\/n\/\",\"name\":\"Newsslash\",\"description\":\"Trending News on Movies, Series, OTT, Gaming\",\"publisher\":{\"@id\":\"https:\/\/newsslash.com\/n\/#organization\"},\"potentialAction\":[{\"@type\":\"SearchAction\",\"target\":{\"@type\":\"EntryPoint\",\"urlTemplate\":\"https:\/\/newsslash.com\/n\/?s={search_term_string}\"},\"query-input\":{\"@type\":\"PropertyValueSpecification\",\"valueRequired\":true,\"valueName\":\"search_term_string\"}}],\"inLanguage\":\"en-US\"},{\"@type\":\"Organization\",\"@id\":\"https:\/\/newsslash.com\/n\/#organization\",\"name\":\"Newsslash\",\"url\":\"https:\/\/newsslash.com\/n\/\",\"logo\":{\"@type\":\"ImageObject\",\"inLanguage\":\"en-US\",\"@id\":\"https:\/\/newsslash.com\/n\/#\/schema\/logo\/image\/\",\"url\":\"https:\/\/newsslash.com\/n\/wp-content\/uploads\/2025\/04\/cropped-Newsslash-logo-Fevicon.png\",\"contentUrl\":\"https:\/\/newsslash.com\/n\/wp-content\/uploads\/2025\/04\/cropped-Newsslash-logo-Fevicon.png\",\"width\":512,\"height\":512,\"caption\":\"Newsslash\"},\"image\":{\"@id\":\"https:\/\/newsslash.com\/n\/#\/schema\/logo\/image\/\"}},{\"@type\":\"Person\",\"@id\":\"https:\/\/newsslash.com\/n\/#\/schema\/person\/cb1381eb00b5dc4b3071475e9866df11\",\"name\":\"Daniela H\",\"sameAs\":[\"https:\/\/newsslash.com\"],\"url\":\"https:\/\/newsslash.com\/n\/author\/daniela_h\/\"}]}<\/script>\n<!-- \/ Yoast SEO plugin. -->","yoast_head_json":{"title":"Wann kommt K\u00c3\u00bcbra Staffel 2 auf Netflix? - Newsslash","robots":{"index":"noindex","follow":"follow"},"og_locale":"en_US","og_type":"article","og_title":"Wann kommt K\u00c3\u00bcbra Staffel 2 auf Netflix? - Newsslash","og_description":"\u00c3\u2021a\u00c4\u0178atay Ulusoy hat schon in der Serie Der Schneider auf Netflix Millionen in den Bann gezogen, Nun schl\u00c3\u00bcpft er in der Serie... Mehr auf Newsslash.com!","og_url":"https:\/\/newsslash.com\/n\/17356-wann-kommt-kuebra-staffel-2-auf-netflix\/","og_site_name":"Newsslash","article_published_time":"2024-01-18T20:14:19+00:00","og_image":[{"width":1280,"height":854,"url":"https:\/\/newsslash.com\/n\/wp-content\/uploads\/2025\/04\/NewsSlash-Featured-Image.jpg","type":"image\/jpeg"}],"author":"Daniela H","twitter_card":"summary_large_image","twitter_misc":{"Written by":"Daniela H","Est. reading time":"2 minutes"},"schema":{"@context":"https:\/\/schema.org","@graph":[{"@type":"Article","@id":"https:\/\/newsslash.com\/n\/17356-wann-kommt-kuebra-staffel-2-auf-netflix\/#article","isPartOf":{"@id":"https:\/\/newsslash.com\/n\/17356-wann-kommt-kuebra-staffel-2-auf-netflix\/"},"author":{"name":"Daniela H","@id":"https:\/\/newsslash.com\/n\/#\/schema\/person\/cb1381eb00b5dc4b3071475e9866df11"},"headline":"Wann kommt K\u00c3\u00bcbra Staffel 2 auf Netflix?","datePublished":"2024-01-18T20:14:19+00:00","mainEntityOfPage":{"@id":"https:\/\/newsslash.com\/n\/17356-wann-kommt-kuebra-staffel-2-auf-netflix\/"},"wordCount":447,"commentCount":0,"publisher":{"@id":"https:\/\/newsslash.com\/n\/#organization"},"image":{"@id":"https:\/\/newsslash.com\/n\/17356-wann-kommt-kuebra-staffel-2-auf-netflix\/#primaryimage"},"thumbnailUrl":"https:\/\/newsslash.com\/n\/wp-content\/uploads\/2025\/04\/NewsSlash-Featured-Image.jpg","articleSection":["Blog"],"inLanguage":"en-US","potentialAction":[{"@type":"CommentAction","name":"Comment","target":["https:\/\/newsslash.com\/n\/17356-wann-kommt-kuebra-staffel-2-auf-netflix\/#respond"]}]},{"@type":"WebPage","@id":"https:\/\/newsslash.com\/n\/17356-wann-kommt-kuebra-staffel-2-auf-netflix\/","url":"https:\/\/newsslash.com\/n\/17356-wann-kommt-kuebra-staffel-2-auf-netflix\/","name":"Wann kommt K\u00c3\u00bcbra Staffel 2 auf Netflix? - Newsslash","isPartOf":{"@id":"https:\/\/newsslash.com\/n\/#website"},"primaryImageOfPage":{"@id":"https:\/\/newsslash.com\/n\/17356-wann-kommt-kuebra-staffel-2-auf-netflix\/#primaryimage"},"image":{"@id":"https:\/\/newsslash.com\/n\/17356-wann-kommt-kuebra-staffel-2-auf-netflix\/#primaryimage"},"thumbnailUrl":"https:\/\/newsslash.com\/n\/wp-content\/uploads\/2025\/04\/NewsSlash-Featured-Image.jpg","datePublished":"2024-01-18T20:14:19+00:00","breadcrumb":{"@id":"https:\/\/newsslash.com\/n\/17356-wann-kommt-kuebra-staffel-2-auf-netflix\/#breadcrumb"},"inLanguage":"en-US","potentialAction":[{"@type":"ReadAction","target":["https:\/\/newsslash.com\/n\/17356-wann-kommt-kuebra-staffel-2-auf-netflix\/"]}]},{"@type":"ImageObject","inLanguage":"en-US","@id":"https:\/\/newsslash.com\/n\/17356-wann-kommt-kuebra-staffel-2-auf-netflix\/#primaryimage","url":"https:\/\/newsslash.com\/n\/wp-content\/uploads\/2025\/04\/NewsSlash-Featured-Image.jpg","contentUrl":"https:\/\/newsslash.com\/n\/wp-content\/uploads\/2025\/04\/NewsSlash-Featured-Image.jpg","width":1280,"height":854},{"@type":"BreadcrumbList","@id":"https:\/\/newsslash.com\/n\/17356-wann-kommt-kuebra-staffel-2-auf-netflix\/#breadcrumb","itemListElement":[{"@type":"ListItem","position":1,"name":"Home","item":"https:\/\/newsslash.com\/n\/"},{"@type":"ListItem","position":2,"name":"Wann kommt K\u00c3\u00bcbra Staffel 2 auf Netflix?"}]},{"@type":"WebSite","@id":"https:\/\/newsslash.com\/n\/#website","url":"https:\/\/newsslash.com\/n\/","name":"Newsslash","description":"Trending News on Movies, Series, OTT, Gaming","publisher":{"@id":"https:\/\/newsslash.com\/n\/#organization"},"potentialAction":[{"@type":"SearchAction","target":{"@type":"EntryPoint","urlTemplate":"https:\/\/newsslash.com\/n\/?s={search_term_string}"},"query-input":{"@type":"PropertyValueSpecification","valueRequired":true,"valueName":"search_term_string"}}],"inLanguage":"en-US"},{"@type":"Organization","@id":"https:\/\/newsslash.com\/n\/#organization","name":"Newsslash","url":"https:\/\/newsslash.com\/n\/","logo":{"@type":"ImageObject","inLanguage":"en-US","@id":"https:\/\/newsslash.com\/n\/#\/schema\/logo\/image\/","url":"https:\/\/newsslash.com\/n\/wp-content\/uploads\/2025\/04\/cropped-Newsslash-logo-Fevicon.png","contentUrl":"https:\/\/newsslash.com\/n\/wp-content\/uploads\/2025\/04\/cropped-Newsslash-logo-Fevicon.png","width":512,"height":512,"caption":"Newsslash"},"image":{"@id":"https:\/\/newsslash.com\/n\/#\/schema\/logo\/image\/"}},{"@type":"Person","@id":"https:\/\/newsslash.com\/n\/#\/schema\/person\/cb1381eb00b5dc4b3071475e9866df11","name":"Daniela H","sameAs":["https:\/\/newsslash.com"],"url":"https:\/\/newsslash.com\/n\/author\/daniela_h\/"}]}},"_links":{"self":[{"href":"https:\/\/newsslash.com\/n\/wp-json\/wp\/v2\/posts\/21424","targetHints":{"allow":["GET"]}}],"collection":[{"href":"https:\/\/newsslash.com\/n\/wp-json\/wp\/v2\/posts"}],"about":[{"href":"https:\/\/newsslash.com\/n\/wp-json\/wp\/v2\/types\/post"}],"author":[{"embeddable":true,"href":"https:\/\/newsslash.com\/n\/wp-json\/wp\/v2\/users\/7"}],"replies":[{"embeddable":true,"href":"https:\/\/newsslash.com\/n\/wp-json\/wp\/v2\/comments?post=21424"}],"version-history":[{"count":0,"href":"https:\/\/newsslash.com\/n\/wp-json\/wp\/v2\/posts\/21424\/revisions"}],"wp:featuredmedia":[{"embeddable":true,"href":"https:\/\/newsslash.com\/n\/wp-json\/wp\/v2\/media\/21974"}],"wp:attachment":[{"href":"https:\/\/newsslash.com\/n\/wp-json\/wp\/v2\/media?parent=21424"}],"curies":[{"name":"wp","href":"https:\/\/api.w.org\/{rel}","templated":true}]}}