{"id":21435,"date":"2024-01-30T14:30:00","date_gmt":"2024-01-30T14:30:00","guid":{"rendered":"https:\/\/newsslash.com\/n\/17367-das-erste-bringt-im-maerz-eine-serie-ueber-den-schriftsteller-franz-kafka\/"},"modified":"2024-01-30T14:30:00","modified_gmt":"2024-01-30T14:30:00","slug":"17367-das-erste-bringt-im-maerz-eine-serie-ueber-den-schriftsteller-franz-kafka","status":"publish","type":"post","link":"https:\/\/newsslash.com\/n\/17367-das-erste-bringt-im-maerz-eine-serie-ueber-den-schriftsteller-franz-kafka\/","title":{"rendered":"Das Erste bringt im M\u00c3\u00a4rz eine Serie \u00c3\u00bcber den Schriftste&#8230;"},"content":{"rendered":"<p>Die ARD, ORF und Superfilm produzieren eine Miniserie \u00c3\u00bcber den Schriftsteller Franz Kafka. Der Autor bekannter Werke wie Der K\u00c3\u00a4fer oder Der Prozess wurde in Tschechien geboren, wirkte aber als deutschsprachiger Autor. Kafkas Stil ist einzigartig und seine B\u00c3\u00bccher und Kurzgeschichten z\u00c3\u00a4hlen zu den meistgelesenen Werken in deutscher Sprache. Anlass zur Serie in sechs Teilen ist der 100. Todestags Kafkas am 24. Juni 2024. Die Miniserie gibt es in der ARD am 26. und 27. M\u00c3\u00a4rz zu sehen. Nat\u00c3\u00bcrlich wird sie sicher auch in der Mediathek zur Verf\u00c3\u00bcgung stehen. Gedreht wurde unter anderem in Wien und Salzburg. An der Produktion sind alle Landesrundfunkanstalten der ARD und der ORF beteiligt. Die Serie Kafka ist hochkar\u00c3\u00a4tig besetzt. Die Titelrolle \u00c3\u00bcbernimmt Joel Basman. Daniel Br\u00c3\u00bchl spielt dessen besten Freund Max Brod und Nicholas Ofczare Hermann Kafka, den Vater, zu dem Franz Kafka ein sehr ambivalentes, fast zerst\u00c3\u00b6rerisches Verh\u00c3\u00a4ltnis hatte. In weiteren Rollen sind Lia von Blarer (Felice Bauer), Liv Lisa Fries (Milena Jesenska), Lars Eidinger (Rainer Maria Rilke), Robert Stadlober (Felix Weltsch) und Charly H\u00c3\u00bcbner (Verleger Rowohlt) zu sehen. Das Drehbuch schrieb Daniel Kehlmann, der sich zur Serie Kafka so \u00c3\u00a4u\u00c3\u0178ert: \u00e2\u20ac\u017eFranz Kafkas Alptr\u00c3\u00a4ume sind unsere t\u00c3\u00a4gliche Realit\u00c3\u00a4t: In seinen dunklen und doch komischen Visionen hat er die Welt erahnt, in der wir alle jetzt leben. Diese Visionen kamen nicht aus dem Nichts, sondern bildeten sich aus seinem Leben, seiner Familie, seinem privaten Umfeld. Ich bin stolz und dankbar, dass ich auf der Basis von Reiner Stachs Standardwerk f\u00c3\u00bcr den gro\u00c3\u0178artigen Regisseur und Geschichtenerz\u00c3\u00a4hler David Schalko die Drehb\u00c3\u00bccher schreiben durfte, und ich freue mich sehr darauf, sie jetzt bald mit diesen wunderbaren Schauspielern ins Bild gesetzt zu sehen.\u00e2\u20ac\u0153 Die Serie soll viele Perspektiven auf den Schriftsteller zeigen und vor allem durch eine innovative Bildsprache gl\u00c3\u00a4nzen. Leider haben wir noch keinen Trailer zur Serie Kafka gefunden, daf\u00c3\u00bcr wollen wir euch aber mit einer Vorschau auf den Film Die Herrlichkeit des Lebens \u00c3\u00bcber Franz Kafka zeigen, der am 14. M\u00c3\u00a4rz in den Kinos anlaufen wird. <iframe loading=\"lazy\" allowfullscreen=\"\" frameborder=\"0\" height=\"315\" src=\"https:\/\/www.youtube-nocookie.com\/embed\/28zKYsi_e14?si=otxZ2NkR1FWK41in\" width=\"100%\"><\/iframe><\/p><div class=\"newss-content\" id=\"newss-761638792\"><script async src=\"\/\/pagead2.googlesyndication.com\/pagead\/js\/adsbygoogle.js?client=ca-pub-7733425960004873\" crossorigin=\"anonymous\"><\/script><ins class=\"adsbygoogle\" style=\"display:block;\" data-ad-client=\"ca-pub-7733425960004873\" \ndata-ad-slot=\"2582020599\" \ndata-ad-format=\"auto\"><\/ins>\n<script> \n(adsbygoogle = window.adsbygoogle || []).push({}); \n<\/script>\n<\/div><div class=\"newss-article-1\" id=\"newss-1784270398\"><script async src=\"https:\/\/pagead2.googlesyndication.com\/pagead\/js\/adsbygoogle.js?client=ca-pub-7733425960004873\"\r\n     crossorigin=\"anonymous\"><\/script>\r\n<!-- Homepage2 -->\r\n<ins class=\"adsbygoogle\"\r\n     style=\"display:block\"\r\n     data-ad-client=\"ca-pub-7733425960004873\"\r\n     data-ad-slot=\"2582020599\"\r\n     data-ad-format=\"auto\"\r\n     data-full-width-responsive=\"true\"><\/ins>\r\n<script>\r\n     (adsbygoogle = window.adsbygoogle || []).push({});\r\n<\/script><\/div>\n","protected":false},"excerpt":{"rendered":"<p>Im Juni j\u00c3\u00a4hrt sich der Todestag des Schriftstellers Franz Kafka zum 100. Mal. Aus diesem Anlass bringt Das Erste eine Miniserie ins&#8230; Mehr auf Newsslash.com!<\/p>\n","protected":false},"author":7,"featured_media":21974,"comment_status":"open","ping_status":"open","sticky":false,"template":"","format":"standard","meta":{"_et_pb_use_builder":"","_et_pb_old_content":"","_et_gb_content_width":"","footnotes":""},"class_list":["post-21435","post","type-post","status-publish","format-standard","has-post-thumbnail","hentry","category-blog"],"yoast_head":"<!-- This site is optimized with the Yoast SEO plugin v24.8.1 - https:\/\/yoast.com\/wordpress\/plugins\/seo\/ -->\n<title>Das Erste bringt im M\u00c3\u00a4rz eine Serie \u00c3\u00bcber den Schriftste... - Newsslash<\/title>\n<meta name=\"robots\" content=\"noindex, follow\" \/>\n<meta property=\"og:locale\" content=\"en_US\" \/>\n<meta property=\"og:type\" content=\"article\" \/>\n<meta property=\"og:title\" content=\"Das Erste bringt im M\u00c3\u00a4rz eine Serie \u00c3\u00bcber den Schriftste... - Newsslash\" \/>\n<meta property=\"og:description\" content=\"Im Juni j\u00c3\u00a4hrt sich der Todestag des Schriftstellers Franz Kafka zum 100. Mal. Aus diesem Anlass bringt Das Erste eine Miniserie ins... Mehr auf Newsslash.com!\" \/>\n<meta property=\"og:url\" content=\"https:\/\/newsslash.com\/n\/17367-das-erste-bringt-im-maerz-eine-serie-ueber-den-schriftsteller-franz-kafka\/\" \/>\n<meta property=\"og:site_name\" content=\"Newsslash\" \/>\n<meta property=\"article:published_time\" content=\"2024-01-30T14:30:00+00:00\" \/>\n<meta property=\"og:image\" content=\"https:\/\/newsslash.com\/n\/wp-content\/uploads\/2025\/04\/NewsSlash-Featured-Image.jpg\" \/>\n\t<meta property=\"og:image:width\" content=\"1280\" \/>\n\t<meta property=\"og:image:height\" content=\"854\" \/>\n\t<meta property=\"og:image:type\" content=\"image\/jpeg\" \/>\n<meta name=\"author\" content=\"Daniela H\" \/>\n<meta name=\"twitter:card\" content=\"summary_large_image\" \/>\n<meta name=\"twitter:label1\" content=\"Written by\" \/>\n\t<meta name=\"twitter:data1\" content=\"Daniela H\" \/>\n\t<meta name=\"twitter:label2\" content=\"Est. reading time\" \/>\n\t<meta name=\"twitter:data2\" content=\"2 minutes\" \/>\n<script type=\"application\/ld+json\" class=\"yoast-schema-graph\">{\"@context\":\"https:\/\/schema.org\",\"@graph\":[{\"@type\":\"Article\",\"@id\":\"https:\/\/newsslash.com\/n\/17367-das-erste-bringt-im-maerz-eine-serie-ueber-den-schriftsteller-franz-kafka\/#article\",\"isPartOf\":{\"@id\":\"https:\/\/newsslash.com\/n\/17367-das-erste-bringt-im-maerz-eine-serie-ueber-den-schriftsteller-franz-kafka\/\"},\"author\":{\"name\":\"Daniela H\",\"@id\":\"https:\/\/newsslash.com\/n\/#\/schema\/person\/cb1381eb00b5dc4b3071475e9866df11\"},\"headline\":\"Das Erste bringt im M\u00c3\u00a4rz eine Serie \u00c3\u00bcber den Schriftste&#8230;\",\"datePublished\":\"2024-01-30T14:30:00+00:00\",\"mainEntityOfPage\":{\"@id\":\"https:\/\/newsslash.com\/n\/17367-das-erste-bringt-im-maerz-eine-serie-ueber-den-schriftsteller-franz-kafka\/\"},\"wordCount\":357,\"commentCount\":0,\"publisher\":{\"@id\":\"https:\/\/newsslash.com\/n\/#organization\"},\"image\":{\"@id\":\"https:\/\/newsslash.com\/n\/17367-das-erste-bringt-im-maerz-eine-serie-ueber-den-schriftsteller-franz-kafka\/#primaryimage\"},\"thumbnailUrl\":\"https:\/\/newsslash.com\/n\/wp-content\/uploads\/2025\/04\/NewsSlash-Featured-Image.jpg\",\"articleSection\":[\"Blog\"],\"inLanguage\":\"en-US\",\"potentialAction\":[{\"@type\":\"CommentAction\",\"name\":\"Comment\",\"target\":[\"https:\/\/newsslash.com\/n\/17367-das-erste-bringt-im-maerz-eine-serie-ueber-den-schriftsteller-franz-kafka\/#respond\"]}]},{\"@type\":\"WebPage\",\"@id\":\"https:\/\/newsslash.com\/n\/17367-das-erste-bringt-im-maerz-eine-serie-ueber-den-schriftsteller-franz-kafka\/\",\"url\":\"https:\/\/newsslash.com\/n\/17367-das-erste-bringt-im-maerz-eine-serie-ueber-den-schriftsteller-franz-kafka\/\",\"name\":\"Das Erste bringt im M\u00c3\u00a4rz eine Serie \u00c3\u00bcber den Schriftste... - Newsslash\",\"isPartOf\":{\"@id\":\"https:\/\/newsslash.com\/n\/#website\"},\"primaryImageOfPage\":{\"@id\":\"https:\/\/newsslash.com\/n\/17367-das-erste-bringt-im-maerz-eine-serie-ueber-den-schriftsteller-franz-kafka\/#primaryimage\"},\"image\":{\"@id\":\"https:\/\/newsslash.com\/n\/17367-das-erste-bringt-im-maerz-eine-serie-ueber-den-schriftsteller-franz-kafka\/#primaryimage\"},\"thumbnailUrl\":\"https:\/\/newsslash.com\/n\/wp-content\/uploads\/2025\/04\/NewsSlash-Featured-Image.jpg\",\"datePublished\":\"2024-01-30T14:30:00+00:00\",\"breadcrumb\":{\"@id\":\"https:\/\/newsslash.com\/n\/17367-das-erste-bringt-im-maerz-eine-serie-ueber-den-schriftsteller-franz-kafka\/#breadcrumb\"},\"inLanguage\":\"en-US\",\"potentialAction\":[{\"@type\":\"ReadAction\",\"target\":[\"https:\/\/newsslash.com\/n\/17367-das-erste-bringt-im-maerz-eine-serie-ueber-den-schriftsteller-franz-kafka\/\"]}]},{\"@type\":\"ImageObject\",\"inLanguage\":\"en-US\",\"@id\":\"https:\/\/newsslash.com\/n\/17367-das-erste-bringt-im-maerz-eine-serie-ueber-den-schriftsteller-franz-kafka\/#primaryimage\",\"url\":\"https:\/\/newsslash.com\/n\/wp-content\/uploads\/2025\/04\/NewsSlash-Featured-Image.jpg\",\"contentUrl\":\"https:\/\/newsslash.com\/n\/wp-content\/uploads\/2025\/04\/NewsSlash-Featured-Image.jpg\",\"width\":1280,\"height\":854},{\"@type\":\"BreadcrumbList\",\"@id\":\"https:\/\/newsslash.com\/n\/17367-das-erste-bringt-im-maerz-eine-serie-ueber-den-schriftsteller-franz-kafka\/#breadcrumb\",\"itemListElement\":[{\"@type\":\"ListItem\",\"position\":1,\"name\":\"Home\",\"item\":\"https:\/\/newsslash.com\/n\/\"},{\"@type\":\"ListItem\",\"position\":2,\"name\":\"Das Erste bringt im M\u00c3\u00a4rz eine Serie \u00c3\u00bcber den Schriftste&#8230;\"}]},{\"@type\":\"WebSite\",\"@id\":\"https:\/\/newsslash.com\/n\/#website\",\"url\":\"https:\/\/newsslash.com\/n\/\",\"name\":\"Newsslash\",\"description\":\"Trending News on Movies, Series, OTT, Gaming\",\"publisher\":{\"@id\":\"https:\/\/newsslash.com\/n\/#organization\"},\"potentialAction\":[{\"@type\":\"SearchAction\",\"target\":{\"@type\":\"EntryPoint\",\"urlTemplate\":\"https:\/\/newsslash.com\/n\/?s={search_term_string}\"},\"query-input\":{\"@type\":\"PropertyValueSpecification\",\"valueRequired\":true,\"valueName\":\"search_term_string\"}}],\"inLanguage\":\"en-US\"},{\"@type\":\"Organization\",\"@id\":\"https:\/\/newsslash.com\/n\/#organization\",\"name\":\"Newsslash\",\"url\":\"https:\/\/newsslash.com\/n\/\",\"logo\":{\"@type\":\"ImageObject\",\"inLanguage\":\"en-US\",\"@id\":\"https:\/\/newsslash.com\/n\/#\/schema\/logo\/image\/\",\"url\":\"https:\/\/newsslash.com\/n\/wp-content\/uploads\/2025\/04\/cropped-Newsslash-logo-Fevicon.png\",\"contentUrl\":\"https:\/\/newsslash.com\/n\/wp-content\/uploads\/2025\/04\/cropped-Newsslash-logo-Fevicon.png\",\"width\":512,\"height\":512,\"caption\":\"Newsslash\"},\"image\":{\"@id\":\"https:\/\/newsslash.com\/n\/#\/schema\/logo\/image\/\"}},{\"@type\":\"Person\",\"@id\":\"https:\/\/newsslash.com\/n\/#\/schema\/person\/cb1381eb00b5dc4b3071475e9866df11\",\"name\":\"Daniela H\",\"sameAs\":[\"https:\/\/newsslash.com\"],\"url\":\"https:\/\/newsslash.com\/n\/author\/daniela_h\/\"}]}<\/script>\n<!-- \/ Yoast SEO plugin. -->","yoast_head_json":{"title":"Das Erste bringt im M\u00c3\u00a4rz eine Serie \u00c3\u00bcber den Schriftste... - Newsslash","robots":{"index":"noindex","follow":"follow"},"og_locale":"en_US","og_type":"article","og_title":"Das Erste bringt im M\u00c3\u00a4rz eine Serie \u00c3\u00bcber den Schriftste... - Newsslash","og_description":"Im Juni j\u00c3\u00a4hrt sich der Todestag des Schriftstellers Franz Kafka zum 100. Mal. Aus diesem Anlass bringt Das Erste eine Miniserie ins... Mehr auf Newsslash.com!","og_url":"https:\/\/newsslash.com\/n\/17367-das-erste-bringt-im-maerz-eine-serie-ueber-den-schriftsteller-franz-kafka\/","og_site_name":"Newsslash","article_published_time":"2024-01-30T14:30:00+00:00","og_image":[{"width":1280,"height":854,"url":"https:\/\/newsslash.com\/n\/wp-content\/uploads\/2025\/04\/NewsSlash-Featured-Image.jpg","type":"image\/jpeg"}],"author":"Daniela H","twitter_card":"summary_large_image","twitter_misc":{"Written by":"Daniela H","Est. reading time":"2 minutes"},"schema":{"@context":"https:\/\/schema.org","@graph":[{"@type":"Article","@id":"https:\/\/newsslash.com\/n\/17367-das-erste-bringt-im-maerz-eine-serie-ueber-den-schriftsteller-franz-kafka\/#article","isPartOf":{"@id":"https:\/\/newsslash.com\/n\/17367-das-erste-bringt-im-maerz-eine-serie-ueber-den-schriftsteller-franz-kafka\/"},"author":{"name":"Daniela H","@id":"https:\/\/newsslash.com\/n\/#\/schema\/person\/cb1381eb00b5dc4b3071475e9866df11"},"headline":"Das Erste bringt im M\u00c3\u00a4rz eine Serie \u00c3\u00bcber den Schriftste&#8230;","datePublished":"2024-01-30T14:30:00+00:00","mainEntityOfPage":{"@id":"https:\/\/newsslash.com\/n\/17367-das-erste-bringt-im-maerz-eine-serie-ueber-den-schriftsteller-franz-kafka\/"},"wordCount":357,"commentCount":0,"publisher":{"@id":"https:\/\/newsslash.com\/n\/#organization"},"image":{"@id":"https:\/\/newsslash.com\/n\/17367-das-erste-bringt-im-maerz-eine-serie-ueber-den-schriftsteller-franz-kafka\/#primaryimage"},"thumbnailUrl":"https:\/\/newsslash.com\/n\/wp-content\/uploads\/2025\/04\/NewsSlash-Featured-Image.jpg","articleSection":["Blog"],"inLanguage":"en-US","potentialAction":[{"@type":"CommentAction","name":"Comment","target":["https:\/\/newsslash.com\/n\/17367-das-erste-bringt-im-maerz-eine-serie-ueber-den-schriftsteller-franz-kafka\/#respond"]}]},{"@type":"WebPage","@id":"https:\/\/newsslash.com\/n\/17367-das-erste-bringt-im-maerz-eine-serie-ueber-den-schriftsteller-franz-kafka\/","url":"https:\/\/newsslash.com\/n\/17367-das-erste-bringt-im-maerz-eine-serie-ueber-den-schriftsteller-franz-kafka\/","name":"Das Erste bringt im M\u00c3\u00a4rz eine Serie \u00c3\u00bcber den Schriftste... - Newsslash","isPartOf":{"@id":"https:\/\/newsslash.com\/n\/#website"},"primaryImageOfPage":{"@id":"https:\/\/newsslash.com\/n\/17367-das-erste-bringt-im-maerz-eine-serie-ueber-den-schriftsteller-franz-kafka\/#primaryimage"},"image":{"@id":"https:\/\/newsslash.com\/n\/17367-das-erste-bringt-im-maerz-eine-serie-ueber-den-schriftsteller-franz-kafka\/#primaryimage"},"thumbnailUrl":"https:\/\/newsslash.com\/n\/wp-content\/uploads\/2025\/04\/NewsSlash-Featured-Image.jpg","datePublished":"2024-01-30T14:30:00+00:00","breadcrumb":{"@id":"https:\/\/newsslash.com\/n\/17367-das-erste-bringt-im-maerz-eine-serie-ueber-den-schriftsteller-franz-kafka\/#breadcrumb"},"inLanguage":"en-US","potentialAction":[{"@type":"ReadAction","target":["https:\/\/newsslash.com\/n\/17367-das-erste-bringt-im-maerz-eine-serie-ueber-den-schriftsteller-franz-kafka\/"]}]},{"@type":"ImageObject","inLanguage":"en-US","@id":"https:\/\/newsslash.com\/n\/17367-das-erste-bringt-im-maerz-eine-serie-ueber-den-schriftsteller-franz-kafka\/#primaryimage","url":"https:\/\/newsslash.com\/n\/wp-content\/uploads\/2025\/04\/NewsSlash-Featured-Image.jpg","contentUrl":"https:\/\/newsslash.com\/n\/wp-content\/uploads\/2025\/04\/NewsSlash-Featured-Image.jpg","width":1280,"height":854},{"@type":"BreadcrumbList","@id":"https:\/\/newsslash.com\/n\/17367-das-erste-bringt-im-maerz-eine-serie-ueber-den-schriftsteller-franz-kafka\/#breadcrumb","itemListElement":[{"@type":"ListItem","position":1,"name":"Home","item":"https:\/\/newsslash.com\/n\/"},{"@type":"ListItem","position":2,"name":"Das Erste bringt im M\u00c3\u00a4rz eine Serie \u00c3\u00bcber den Schriftste&#8230;"}]},{"@type":"WebSite","@id":"https:\/\/newsslash.com\/n\/#website","url":"https:\/\/newsslash.com\/n\/","name":"Newsslash","description":"Trending News on Movies, Series, OTT, Gaming","publisher":{"@id":"https:\/\/newsslash.com\/n\/#organization"},"potentialAction":[{"@type":"SearchAction","target":{"@type":"EntryPoint","urlTemplate":"https:\/\/newsslash.com\/n\/?s={search_term_string}"},"query-input":{"@type":"PropertyValueSpecification","valueRequired":true,"valueName":"search_term_string"}}],"inLanguage":"en-US"},{"@type":"Organization","@id":"https:\/\/newsslash.com\/n\/#organization","name":"Newsslash","url":"https:\/\/newsslash.com\/n\/","logo":{"@type":"ImageObject","inLanguage":"en-US","@id":"https:\/\/newsslash.com\/n\/#\/schema\/logo\/image\/","url":"https:\/\/newsslash.com\/n\/wp-content\/uploads\/2025\/04\/cropped-Newsslash-logo-Fevicon.png","contentUrl":"https:\/\/newsslash.com\/n\/wp-content\/uploads\/2025\/04\/cropped-Newsslash-logo-Fevicon.png","width":512,"height":512,"caption":"Newsslash"},"image":{"@id":"https:\/\/newsslash.com\/n\/#\/schema\/logo\/image\/"}},{"@type":"Person","@id":"https:\/\/newsslash.com\/n\/#\/schema\/person\/cb1381eb00b5dc4b3071475e9866df11","name":"Daniela H","sameAs":["https:\/\/newsslash.com"],"url":"https:\/\/newsslash.com\/n\/author\/daniela_h\/"}]}},"_links":{"self":[{"href":"https:\/\/newsslash.com\/n\/wp-json\/wp\/v2\/posts\/21435","targetHints":{"allow":["GET"]}}],"collection":[{"href":"https:\/\/newsslash.com\/n\/wp-json\/wp\/v2\/posts"}],"about":[{"href":"https:\/\/newsslash.com\/n\/wp-json\/wp\/v2\/types\/post"}],"author":[{"embeddable":true,"href":"https:\/\/newsslash.com\/n\/wp-json\/wp\/v2\/users\/7"}],"replies":[{"embeddable":true,"href":"https:\/\/newsslash.com\/n\/wp-json\/wp\/v2\/comments?post=21435"}],"version-history":[{"count":0,"href":"https:\/\/newsslash.com\/n\/wp-json\/wp\/v2\/posts\/21435\/revisions"}],"wp:featuredmedia":[{"embeddable":true,"href":"https:\/\/newsslash.com\/n\/wp-json\/wp\/v2\/media\/21974"}],"wp:attachment":[{"href":"https:\/\/newsslash.com\/n\/wp-json\/wp\/v2\/media?parent=21435"}],"curies":[{"name":"wp","href":"https:\/\/api.w.org\/{rel}","templated":true}]}}