{"id":21438,"date":"2024-02-02T15:07:00","date_gmt":"2024-02-02T15:07:00","guid":{"rendered":"https:\/\/newsslash.com\/n\/17370-neue-serien-in-der-zdf-mediathek-im-februar-2024-das-sind-die-highlights\/"},"modified":"2024-02-02T15:07:00","modified_gmt":"2024-02-02T15:07:00","slug":"17370-neue-serien-in-der-zdf-mediathek-im-februar-2024-das-sind-die-highlights","status":"publish","type":"post","link":"https:\/\/newsslash.com\/n\/17370-neue-serien-in-der-zdf-mediathek-im-februar-2024-das-sind-die-highlights\/","title":{"rendered":"Neue Serien in der ZDF-Mediathek im Februar 2024 \u00e2\u20ac\u201c das &#8230;"},"content":{"rendered":"<p>Die ZDF-Mediathek l\u00c3\u00a4dt im Februar zum Marathon f\u00c3\u00bcr Serienfans ein. Es warten jede Menge neuer Inhalte auf die Zuschauenden. Ob Love Hunters, Sl\u00c3\u00b8born, Sie sagt, er sagt oder Oxen \u00e2\u20ac\u201c es gibt jede Menge an Serien und neuen Staffeln zu entdecken. Die Highlights der neuen Serien und Staffeln in der Mediathek des Zweiten stellen wir euch in unserem Beitrag kurz vor. <b>Sl\u00c3\u00b8born &#8211; Staffel 3 ab 2. Februar<\/b> Fans von Sl\u00c3\u00b8born d\u00c3\u00bcrfen sich gleich ab dem 2. Februar auf die dritte Staffel der atemberaubenden Geschichte von Evelin und ihrer gemischten Gruppe freuen. Die \u00c3\u0153berlebensk\u00c3\u00a4mpfer machen sich nun auf den Weg nach Hamburg, wo sie gl\u00c3\u00bccklicherweise auch einige Menschen treffen, die sie kennen. Evelin selbst will unbedingt nach Berlin, wo sie ihren totgeglaubten Vater treffen will. Ist er wirklich dort und wie endet die Geschichte in dem Land, welches nach der verheerenden Pandemie jeglicher Ordnung und Infrastruktur beraubt ist? <iframe loading=\"lazy\" allowfullscreen=\"\" frameborder=\"0\" height=\"315\" src=\"https:\/\/www.youtube-nocookie.com\/embed\/cWk16OfTOVA?si=37XPIWPgRX_R0UFr\" width=\"100%\"><\/iframe> <b>Annika ab 4. Februar<\/b> Mit Annika kommt ab dem 4. Februar eine britische Krimiserie in die ZDF-Mediathek. Detective Inspector Annika Strandhed, gespielt von Nicola Walker, wurde gerade nach Glasgow versetzt und untersucht nun Todesf\u00c3\u00a4lle in den schottischen Gew\u00c3\u00a4ssern. Mit dabei ist auch ihre Tochter, die im Teenageralter auch f\u00c3\u00bcr so einige Turbulenzen in Annikas neuem Leben sorgt. <b>ab 10. Februar: Iris &#8211; Die Wahrheit<\/b> Auch Iris ist eine Ermittlerin, die es an einen anderen Lebensort verschlagen hat. Ehemals in Stockholm Polizistin, ist Iris nach einem schweren Schlag des Schicksals nun im s\u00c3\u00bcdschwedischen Broman unterwegs. Hier leitet sie die Spezialabteilung der Malm\u00c3\u00b6er Kriminalpolizei f\u00c3\u00bcr ungekl\u00c3\u00a4rte Verbrechen. Ab dem 10. Februar sind die F\u00c3\u00a4lle der Serie Iris \u00e2\u20ac\u201c die Wahrheit in der ZDF-Mediathek zu sehen. <b>Sie sagt. Er sagt. ab 17. Februar<\/b> Weiter geht es f\u00c3\u00bcr die Fans von Crime &amp; Trhill am 17. Februar. Dann wartet die Serie Sie sagt, er sagt auf die Zuschauenden in der ZDF-Mediathek. Es geht um einen Strafprozess am Berliner Landgericht, bei dem es um eine Vergewaltigung geht. Doch es steht Aussage gegen Aussage. Die Serie beleuchtet in beeindruckender Weise welche Sprengkraft solch ein Prozess entwickeln kann und wie unsere Gesellschaft in Sachen Werten Vorurteilen tickt. Wem werden Gesellschaft und Richter Glauben schenken, dem, was sie sagt oder dem, was er sagt? <b>Oxen ab 24. Februar<\/b> In der Serie Oxen begeben sich die Zuschauer tief in die Welt von Geheimagenten und Elitemilit\u00c3\u00a4r. Der Elitesoldat Niels Oxen wird entlassen und verkriecht sich in den W\u00c3\u00a4ldern. Zwei Geheimagentinnen sto\u00c3\u0178en dazu und gemeinsam versuchen sie, einer Geheimloge, den Daneho, auf die Spur zu kommen. Ab dem 24. Februar ist die deutsch-d\u00c3\u00a4nische Serie in der ZDF-Mediathek zu sehen. <iframe loading=\"lazy\" allowfullscreen=\"\" frameborder=\"0\" height=\"315\" src=\"https:\/\/www.youtube-nocookie.com\/embed\/tk8jsus574g?si=yRie90zzdRkdfeeY\" width=\"100%\"><\/iframe> <b>ab 26. Februar: Out of Touch<\/b> In eine ganz andere Richtung geht die Serie Out of Touch, die ab dem 26. Februar in der Mediathel des Zweiten zu sehen ist. Im Zentrum steht Ava, eine Paartherapeutin, die eine ganz besondere Gabe hat. Nur durch Handauflegen kann sie tief in ihre Patienten hineinschauen. Sie sieht, wie es um das Liebesleben steht und hat dadurch einen besonders gro\u00c3\u0178en Erfolg als Therapeutin. Doch, was im Beruf absolut positiv ist, und ihr hilft, steht ihr privat im Wege. Die Gabe verhindert richtige Liebe, bis eines Tages dann doch der vielleicht Richtige in Avas leben tritt. <b> In her Car ab 27. Februar<\/b> Und auch ab dem 27. Februar steht eine Therapeutin im Mittelpunkt einer Geschichte in der ZDF-Mediathek. Es ist Lydia, die seit dem Ausbruch des Kriegs in der Ukraine jede Minute ihres Lebens daf\u00c3\u00bcr nutzt, um Menschen in der Ukraine zu unterst\u00c3\u00bctzen. Sie f\u00c3\u00a4hrt mit ihrem Auto Menschen zu ihren Familien und Freunden, damit sie dort in Sicherheit sind. Bei diesen Fahrten berichten die Mitfahrenden von ihren Erlebnissen, ihren \u00c3\u201engsten und ihren Tr\u00c3\u00a4umen. In jeder Folge ist es ein anderer Fahrgast in Lydias Auto, der die Zuschauer mit in sein Leben nimmt.<\/p><div class=\"newss-content\" id=\"newss-4098938586\"><script async src=\"\/\/pagead2.googlesyndication.com\/pagead\/js\/adsbygoogle.js?client=ca-pub-7733425960004873\" crossorigin=\"anonymous\"><\/script><ins class=\"adsbygoogle\" style=\"display:block;\" data-ad-client=\"ca-pub-7733425960004873\" \ndata-ad-slot=\"2582020599\" \ndata-ad-format=\"auto\"><\/ins>\n<script> \n(adsbygoogle = window.adsbygoogle || []).push({}); \n<\/script>\n<\/div><div class=\"newss-article-1\" id=\"newss-2872495471\"><script async src=\"https:\/\/pagead2.googlesyndication.com\/pagead\/js\/adsbygoogle.js?client=ca-pub-7733425960004873\"\r\n     crossorigin=\"anonymous\"><\/script>\r\n<!-- Homepage2 -->\r\n<ins class=\"adsbygoogle\"\r\n     style=\"display:block\"\r\n     data-ad-client=\"ca-pub-7733425960004873\"\r\n     data-ad-slot=\"2582020599\"\r\n     data-ad-format=\"auto\"\r\n     data-full-width-responsive=\"true\"><\/ins>\r\n<script>\r\n     (adsbygoogle = window.adsbygoogle || []).push({});\r\n<\/script><\/div>\n","protected":false},"excerpt":{"rendered":"<p>W\u00c3\u00a4hrend bei Disney+ und auch bei Netflix das Angebot an neuen Serien und Filmen nicht ganz so \u00c3\u00bcppig und exzellent ausf\u00c3\u00a4llt,&#8230; Mehr auf Newsslash.com!<\/p>\n","protected":false},"author":7,"featured_media":21974,"comment_status":"open","ping_status":"open","sticky":false,"template":"","format":"standard","meta":{"_et_pb_use_builder":"","_et_pb_old_content":"","_et_gb_content_width":"","footnotes":""},"class_list":["post-21438","post","type-post","status-publish","format-standard","has-post-thumbnail","hentry","category-blog"],"yoast_head":"<!-- This site is optimized with the Yoast SEO plugin v24.8.1 - https:\/\/yoast.com\/wordpress\/plugins\/seo\/ -->\n<title>Neue Serien in der ZDF-Mediathek im Februar 2024 \u00e2\u20ac\u201c das ... - Newsslash<\/title>\n<meta name=\"robots\" content=\"noindex, follow\" \/>\n<meta property=\"og:locale\" content=\"en_US\" \/>\n<meta property=\"og:type\" content=\"article\" \/>\n<meta property=\"og:title\" content=\"Neue Serien in der ZDF-Mediathek im Februar 2024 \u00e2\u20ac\u201c das ... - Newsslash\" \/>\n<meta property=\"og:description\" content=\"W\u00c3\u00a4hrend bei Disney+ und auch bei Netflix das Angebot an neuen Serien und Filmen nicht ganz so \u00c3\u00bcppig und exzellent ausf\u00c3\u00a4llt,... Mehr auf Newsslash.com!\" \/>\n<meta property=\"og:url\" content=\"https:\/\/newsslash.com\/n\/17370-neue-serien-in-der-zdf-mediathek-im-februar-2024-das-sind-die-highlights\/\" \/>\n<meta property=\"og:site_name\" content=\"Newsslash\" \/>\n<meta property=\"article:published_time\" content=\"2024-02-02T15:07:00+00:00\" \/>\n<meta property=\"og:image\" content=\"https:\/\/newsslash.com\/n\/wp-content\/uploads\/2025\/04\/NewsSlash-Featured-Image.jpg\" \/>\n\t<meta property=\"og:image:width\" content=\"1280\" \/>\n\t<meta property=\"og:image:height\" content=\"854\" \/>\n\t<meta property=\"og:image:type\" content=\"image\/jpeg\" \/>\n<meta name=\"author\" content=\"Daniela H\" \/>\n<meta name=\"twitter:card\" content=\"summary_large_image\" \/>\n<meta name=\"twitter:label1\" content=\"Written by\" \/>\n\t<meta name=\"twitter:data1\" content=\"Daniela H\" \/>\n\t<meta name=\"twitter:label2\" content=\"Est. reading time\" \/>\n\t<meta name=\"twitter:data2\" content=\"3 minutes\" \/>\n<script type=\"application\/ld+json\" class=\"yoast-schema-graph\">{\"@context\":\"https:\/\/schema.org\",\"@graph\":[{\"@type\":\"Article\",\"@id\":\"https:\/\/newsslash.com\/n\/17370-neue-serien-in-der-zdf-mediathek-im-februar-2024-das-sind-die-highlights\/#article\",\"isPartOf\":{\"@id\":\"https:\/\/newsslash.com\/n\/17370-neue-serien-in-der-zdf-mediathek-im-februar-2024-das-sind-die-highlights\/\"},\"author\":{\"name\":\"Daniela H\",\"@id\":\"https:\/\/newsslash.com\/n\/#\/schema\/person\/cb1381eb00b5dc4b3071475e9866df11\"},\"headline\":\"Neue Serien in der ZDF-Mediathek im Februar 2024 \u00e2\u20ac\u201c das &#8230;\",\"datePublished\":\"2024-02-02T15:07:00+00:00\",\"mainEntityOfPage\":{\"@id\":\"https:\/\/newsslash.com\/n\/17370-neue-serien-in-der-zdf-mediathek-im-februar-2024-das-sind-die-highlights\/\"},\"wordCount\":641,\"commentCount\":0,\"publisher\":{\"@id\":\"https:\/\/newsslash.com\/n\/#organization\"},\"image\":{\"@id\":\"https:\/\/newsslash.com\/n\/17370-neue-serien-in-der-zdf-mediathek-im-februar-2024-das-sind-die-highlights\/#primaryimage\"},\"thumbnailUrl\":\"https:\/\/newsslash.com\/n\/wp-content\/uploads\/2025\/04\/NewsSlash-Featured-Image.jpg\",\"articleSection\":[\"Blog\"],\"inLanguage\":\"en-US\",\"potentialAction\":[{\"@type\":\"CommentAction\",\"name\":\"Comment\",\"target\":[\"https:\/\/newsslash.com\/n\/17370-neue-serien-in-der-zdf-mediathek-im-februar-2024-das-sind-die-highlights\/#respond\"]}]},{\"@type\":\"WebPage\",\"@id\":\"https:\/\/newsslash.com\/n\/17370-neue-serien-in-der-zdf-mediathek-im-februar-2024-das-sind-die-highlights\/\",\"url\":\"https:\/\/newsslash.com\/n\/17370-neue-serien-in-der-zdf-mediathek-im-februar-2024-das-sind-die-highlights\/\",\"name\":\"Neue Serien in der ZDF-Mediathek im Februar 2024 \u00e2\u20ac\u201c das ... - Newsslash\",\"isPartOf\":{\"@id\":\"https:\/\/newsslash.com\/n\/#website\"},\"primaryImageOfPage\":{\"@id\":\"https:\/\/newsslash.com\/n\/17370-neue-serien-in-der-zdf-mediathek-im-februar-2024-das-sind-die-highlights\/#primaryimage\"},\"image\":{\"@id\":\"https:\/\/newsslash.com\/n\/17370-neue-serien-in-der-zdf-mediathek-im-februar-2024-das-sind-die-highlights\/#primaryimage\"},\"thumbnailUrl\":\"https:\/\/newsslash.com\/n\/wp-content\/uploads\/2025\/04\/NewsSlash-Featured-Image.jpg\",\"datePublished\":\"2024-02-02T15:07:00+00:00\",\"breadcrumb\":{\"@id\":\"https:\/\/newsslash.com\/n\/17370-neue-serien-in-der-zdf-mediathek-im-februar-2024-das-sind-die-highlights\/#breadcrumb\"},\"inLanguage\":\"en-US\",\"potentialAction\":[{\"@type\":\"ReadAction\",\"target\":[\"https:\/\/newsslash.com\/n\/17370-neue-serien-in-der-zdf-mediathek-im-februar-2024-das-sind-die-highlights\/\"]}]},{\"@type\":\"ImageObject\",\"inLanguage\":\"en-US\",\"@id\":\"https:\/\/newsslash.com\/n\/17370-neue-serien-in-der-zdf-mediathek-im-februar-2024-das-sind-die-highlights\/#primaryimage\",\"url\":\"https:\/\/newsslash.com\/n\/wp-content\/uploads\/2025\/04\/NewsSlash-Featured-Image.jpg\",\"contentUrl\":\"https:\/\/newsslash.com\/n\/wp-content\/uploads\/2025\/04\/NewsSlash-Featured-Image.jpg\",\"width\":1280,\"height\":854},{\"@type\":\"BreadcrumbList\",\"@id\":\"https:\/\/newsslash.com\/n\/17370-neue-serien-in-der-zdf-mediathek-im-februar-2024-das-sind-die-highlights\/#breadcrumb\",\"itemListElement\":[{\"@type\":\"ListItem\",\"position\":1,\"name\":\"Home\",\"item\":\"https:\/\/newsslash.com\/n\/\"},{\"@type\":\"ListItem\",\"position\":2,\"name\":\"Neue Serien in der ZDF-Mediathek im Februar 2024 \u00e2\u20ac\u201c das &#8230;\"}]},{\"@type\":\"WebSite\",\"@id\":\"https:\/\/newsslash.com\/n\/#website\",\"url\":\"https:\/\/newsslash.com\/n\/\",\"name\":\"Newsslash\",\"description\":\"Trending News on Movies, Series, OTT, Gaming\",\"publisher\":{\"@id\":\"https:\/\/newsslash.com\/n\/#organization\"},\"potentialAction\":[{\"@type\":\"SearchAction\",\"target\":{\"@type\":\"EntryPoint\",\"urlTemplate\":\"https:\/\/newsslash.com\/n\/?s={search_term_string}\"},\"query-input\":{\"@type\":\"PropertyValueSpecification\",\"valueRequired\":true,\"valueName\":\"search_term_string\"}}],\"inLanguage\":\"en-US\"},{\"@type\":\"Organization\",\"@id\":\"https:\/\/newsslash.com\/n\/#organization\",\"name\":\"Newsslash\",\"url\":\"https:\/\/newsslash.com\/n\/\",\"logo\":{\"@type\":\"ImageObject\",\"inLanguage\":\"en-US\",\"@id\":\"https:\/\/newsslash.com\/n\/#\/schema\/logo\/image\/\",\"url\":\"https:\/\/newsslash.com\/n\/wp-content\/uploads\/2025\/04\/cropped-Newsslash-logo-Fevicon.png\",\"contentUrl\":\"https:\/\/newsslash.com\/n\/wp-content\/uploads\/2025\/04\/cropped-Newsslash-logo-Fevicon.png\",\"width\":512,\"height\":512,\"caption\":\"Newsslash\"},\"image\":{\"@id\":\"https:\/\/newsslash.com\/n\/#\/schema\/logo\/image\/\"}},{\"@type\":\"Person\",\"@id\":\"https:\/\/newsslash.com\/n\/#\/schema\/person\/cb1381eb00b5dc4b3071475e9866df11\",\"name\":\"Daniela H\",\"sameAs\":[\"https:\/\/newsslash.com\"],\"url\":\"https:\/\/newsslash.com\/n\/author\/daniela_h\/\"}]}<\/script>\n<!-- \/ Yoast SEO plugin. -->","yoast_head_json":{"title":"Neue Serien in der ZDF-Mediathek im Februar 2024 \u00e2\u20ac\u201c das ... - Newsslash","robots":{"index":"noindex","follow":"follow"},"og_locale":"en_US","og_type":"article","og_title":"Neue Serien in der ZDF-Mediathek im Februar 2024 \u00e2\u20ac\u201c das ... - Newsslash","og_description":"W\u00c3\u00a4hrend bei Disney+ und auch bei Netflix das Angebot an neuen Serien und Filmen nicht ganz so \u00c3\u00bcppig und exzellent ausf\u00c3\u00a4llt,... Mehr auf Newsslash.com!","og_url":"https:\/\/newsslash.com\/n\/17370-neue-serien-in-der-zdf-mediathek-im-februar-2024-das-sind-die-highlights\/","og_site_name":"Newsslash","article_published_time":"2024-02-02T15:07:00+00:00","og_image":[{"width":1280,"height":854,"url":"https:\/\/newsslash.com\/n\/wp-content\/uploads\/2025\/04\/NewsSlash-Featured-Image.jpg","type":"image\/jpeg"}],"author":"Daniela H","twitter_card":"summary_large_image","twitter_misc":{"Written by":"Daniela H","Est. reading time":"3 minutes"},"schema":{"@context":"https:\/\/schema.org","@graph":[{"@type":"Article","@id":"https:\/\/newsslash.com\/n\/17370-neue-serien-in-der-zdf-mediathek-im-februar-2024-das-sind-die-highlights\/#article","isPartOf":{"@id":"https:\/\/newsslash.com\/n\/17370-neue-serien-in-der-zdf-mediathek-im-februar-2024-das-sind-die-highlights\/"},"author":{"name":"Daniela H","@id":"https:\/\/newsslash.com\/n\/#\/schema\/person\/cb1381eb00b5dc4b3071475e9866df11"},"headline":"Neue Serien in der ZDF-Mediathek im Februar 2024 \u00e2\u20ac\u201c das &#8230;","datePublished":"2024-02-02T15:07:00+00:00","mainEntityOfPage":{"@id":"https:\/\/newsslash.com\/n\/17370-neue-serien-in-der-zdf-mediathek-im-februar-2024-das-sind-die-highlights\/"},"wordCount":641,"commentCount":0,"publisher":{"@id":"https:\/\/newsslash.com\/n\/#organization"},"image":{"@id":"https:\/\/newsslash.com\/n\/17370-neue-serien-in-der-zdf-mediathek-im-februar-2024-das-sind-die-highlights\/#primaryimage"},"thumbnailUrl":"https:\/\/newsslash.com\/n\/wp-content\/uploads\/2025\/04\/NewsSlash-Featured-Image.jpg","articleSection":["Blog"],"inLanguage":"en-US","potentialAction":[{"@type":"CommentAction","name":"Comment","target":["https:\/\/newsslash.com\/n\/17370-neue-serien-in-der-zdf-mediathek-im-februar-2024-das-sind-die-highlights\/#respond"]}]},{"@type":"WebPage","@id":"https:\/\/newsslash.com\/n\/17370-neue-serien-in-der-zdf-mediathek-im-februar-2024-das-sind-die-highlights\/","url":"https:\/\/newsslash.com\/n\/17370-neue-serien-in-der-zdf-mediathek-im-februar-2024-das-sind-die-highlights\/","name":"Neue Serien in der ZDF-Mediathek im Februar 2024 \u00e2\u20ac\u201c das ... - Newsslash","isPartOf":{"@id":"https:\/\/newsslash.com\/n\/#website"},"primaryImageOfPage":{"@id":"https:\/\/newsslash.com\/n\/17370-neue-serien-in-der-zdf-mediathek-im-februar-2024-das-sind-die-highlights\/#primaryimage"},"image":{"@id":"https:\/\/newsslash.com\/n\/17370-neue-serien-in-der-zdf-mediathek-im-februar-2024-das-sind-die-highlights\/#primaryimage"},"thumbnailUrl":"https:\/\/newsslash.com\/n\/wp-content\/uploads\/2025\/04\/NewsSlash-Featured-Image.jpg","datePublished":"2024-02-02T15:07:00+00:00","breadcrumb":{"@id":"https:\/\/newsslash.com\/n\/17370-neue-serien-in-der-zdf-mediathek-im-februar-2024-das-sind-die-highlights\/#breadcrumb"},"inLanguage":"en-US","potentialAction":[{"@type":"ReadAction","target":["https:\/\/newsslash.com\/n\/17370-neue-serien-in-der-zdf-mediathek-im-februar-2024-das-sind-die-highlights\/"]}]},{"@type":"ImageObject","inLanguage":"en-US","@id":"https:\/\/newsslash.com\/n\/17370-neue-serien-in-der-zdf-mediathek-im-februar-2024-das-sind-die-highlights\/#primaryimage","url":"https:\/\/newsslash.com\/n\/wp-content\/uploads\/2025\/04\/NewsSlash-Featured-Image.jpg","contentUrl":"https:\/\/newsslash.com\/n\/wp-content\/uploads\/2025\/04\/NewsSlash-Featured-Image.jpg","width":1280,"height":854},{"@type":"BreadcrumbList","@id":"https:\/\/newsslash.com\/n\/17370-neue-serien-in-der-zdf-mediathek-im-februar-2024-das-sind-die-highlights\/#breadcrumb","itemListElement":[{"@type":"ListItem","position":1,"name":"Home","item":"https:\/\/newsslash.com\/n\/"},{"@type":"ListItem","position":2,"name":"Neue Serien in der ZDF-Mediathek im Februar 2024 \u00e2\u20ac\u201c das &#8230;"}]},{"@type":"WebSite","@id":"https:\/\/newsslash.com\/n\/#website","url":"https:\/\/newsslash.com\/n\/","name":"Newsslash","description":"Trending News on Movies, Series, OTT, Gaming","publisher":{"@id":"https:\/\/newsslash.com\/n\/#organization"},"potentialAction":[{"@type":"SearchAction","target":{"@type":"EntryPoint","urlTemplate":"https:\/\/newsslash.com\/n\/?s={search_term_string}"},"query-input":{"@type":"PropertyValueSpecification","valueRequired":true,"valueName":"search_term_string"}}],"inLanguage":"en-US"},{"@type":"Organization","@id":"https:\/\/newsslash.com\/n\/#organization","name":"Newsslash","url":"https:\/\/newsslash.com\/n\/","logo":{"@type":"ImageObject","inLanguage":"en-US","@id":"https:\/\/newsslash.com\/n\/#\/schema\/logo\/image\/","url":"https:\/\/newsslash.com\/n\/wp-content\/uploads\/2025\/04\/cropped-Newsslash-logo-Fevicon.png","contentUrl":"https:\/\/newsslash.com\/n\/wp-content\/uploads\/2025\/04\/cropped-Newsslash-logo-Fevicon.png","width":512,"height":512,"caption":"Newsslash"},"image":{"@id":"https:\/\/newsslash.com\/n\/#\/schema\/logo\/image\/"}},{"@type":"Person","@id":"https:\/\/newsslash.com\/n\/#\/schema\/person\/cb1381eb00b5dc4b3071475e9866df11","name":"Daniela H","sameAs":["https:\/\/newsslash.com"],"url":"https:\/\/newsslash.com\/n\/author\/daniela_h\/"}]}},"_links":{"self":[{"href":"https:\/\/newsslash.com\/n\/wp-json\/wp\/v2\/posts\/21438","targetHints":{"allow":["GET"]}}],"collection":[{"href":"https:\/\/newsslash.com\/n\/wp-json\/wp\/v2\/posts"}],"about":[{"href":"https:\/\/newsslash.com\/n\/wp-json\/wp\/v2\/types\/post"}],"author":[{"embeddable":true,"href":"https:\/\/newsslash.com\/n\/wp-json\/wp\/v2\/users\/7"}],"replies":[{"embeddable":true,"href":"https:\/\/newsslash.com\/n\/wp-json\/wp\/v2\/comments?post=21438"}],"version-history":[{"count":0,"href":"https:\/\/newsslash.com\/n\/wp-json\/wp\/v2\/posts\/21438\/revisions"}],"wp:featuredmedia":[{"embeddable":true,"href":"https:\/\/newsslash.com\/n\/wp-json\/wp\/v2\/media\/21974"}],"wp:attachment":[{"href":"https:\/\/newsslash.com\/n\/wp-json\/wp\/v2\/media?parent=21438"}],"curies":[{"name":"wp","href":"https:\/\/api.w.org\/{rel}","templated":true}]}}