{"id":21439,"date":"2024-02-02T15:48:00","date_gmt":"2024-02-02T15:48:00","guid":{"rendered":"https:\/\/newsslash.com\/n\/17371-wann-kommt-sloborn-staffel-4-in-der-zdf-mediathek\/"},"modified":"2024-02-02T15:48:00","modified_gmt":"2024-02-02T15:48:00","slug":"17371-wann-kommt-sloborn-staffel-4-in-der-zdf-mediathek","status":"publish","type":"post","link":"https:\/\/newsslash.com\/n\/17371-wann-kommt-sloborn-staffel-4-in-der-zdf-mediathek\/","title":{"rendered":"Wann kommt SL\u00c3\u02dcBORN Staffel 4 in der ZDF-Mediathek?"},"content":{"rendered":"<p>Drei Jahre sind vergangen, seit die Zuschauer an der ganz besonderen Geschichte von Evelin, ihrer Familie, ihren Freunden und neuen Weggef\u00c3\u00a4hrten teilnehmen konnten. Nun ist endlich die dritte Staffel der Serie SL\u00c3\u02dcBORN in der ZDF-Mediathek und bei ZDFneo zu sehen. In den neuen Folgen verlassen die Gef\u00c3\u00a4hrten die Insel und betreten das Festland Deutschlands, welches im Chaos versunken ist. Was erwartet sie hier und wann kommt SL\u00c3\u02dcBORN Staffel 4 in der ZDF-Mediathek? <\/p><div class=\"newss-content\" id=\"newss-876333199\"><script async src=\"\/\/pagead2.googlesyndication.com\/pagead\/js\/adsbygoogle.js?client=ca-pub-7733425960004873\" crossorigin=\"anonymous\"><\/script><ins class=\"adsbygoogle\" style=\"display:block;\" data-ad-client=\"ca-pub-7733425960004873\" \ndata-ad-slot=\"2582020599\" \ndata-ad-format=\"auto\"><\/ins>\n<script> \n(adsbygoogle = window.adsbygoogle || []).push({}); \n<\/script>\n<\/div><div class=\"newss-article-1\" id=\"newss-3286078454\"><script async src=\"https:\/\/pagead2.googlesyndication.com\/pagead\/js\/adsbygoogle.js?client=ca-pub-7733425960004873\"\r\n     crossorigin=\"anonymous\"><\/script>\r\n<!-- Homepage2 -->\r\n<ins class=\"adsbygoogle\"\r\n     style=\"display:block\"\r\n     data-ad-client=\"ca-pub-7733425960004873\"\r\n     data-ad-slot=\"2582020599\"\r\n     data-ad-format=\"auto\"\r\n     data-full-width-responsive=\"true\"><\/ins>\r\n<script>\r\n     (adsbygoogle = window.adsbygoogle || []).push({});\r\n<\/script><\/div>\n<div>Anzeige:<\/div>\n<p><ins data-ad-client=\"ca-pub-3647021458695789\" data-ad-format=\"link\" data-ad-slot=\"7996975644\" style=\"display:block\"><\/ins> Die gute Nachricht bei der Frage, wann SL\u00c3\u02dcBORN Staffel 4 in der ZDF-Mediathek kommt, ist, dass es schon eine Antwort gibt. Die schlechte Nachricht: es wird keine vierte Staffel der Serie geben. Mit den aktuellen sechs Folgen endet die Geschichte um die verheerende Pandemie und die Reise von Evelin und ihren Gef\u00c3\u00a4hrten wird enden. Damit schlie\u00c3\u0178t sich eine Geschichte, die von Anfang an spannend und beeindruckend war, eine Geschichte, die zwar ein Thema aufnahm, welches uns, die ganze Welt in der Vergangenheit besch\u00c3\u00a4ftigt hat, und doch nicht durch die reale Pandemie entstanden ist, denn an diese war bei der Idee und den ersten Drehs nicht zu denken. <b>Darum geht es in der Serie SL\u00c3\u02dcBORN <\/b> SL\u00c3\u02dcBORN ist eine fiktive Serie, in der die Nordseeinsel von einem t\u00c3\u00b6dlichen Virus heimgesucht wird. Evelin, eine Teenagerin steht im Mittelpunkt der Serie. Die Taubengrippe, wie die Seuche bald genannt wird, rafft die Menschen dahin. Auch Evelin wird krank, aber im Gegensatz zu vielen anderen stirbt sie nicht. Gemeinsam mit ihren Br\u00c3\u00bcdern und einigen weiteren Menschen auf der Insel beschlie\u00c3\u0178t sie, zu bleiben und entzieht sich der bald folgenden Evakuation. Ein Kampf ums \u00c3\u0153berleben beginnt, der noch weit mehr Herausforderungen mit sich bringt, als die t\u00c3\u00b6dliche Krankheit. <b>So geht es in SL\u00c3\u02dcBORN Staffel 3 weiter<\/b> Nach der letzten Staffel haben sich Evelin und ihre Gef\u00c3\u00a4hrten im Krankenhaus von Husum einquartiert und dort auch ganz gut eingelebt. Alle \u00c3\u00bcbernehmen wichtige Aufgaben, und Eves Baby ist mittlerweile neun Monate alt. Die \u00c3\u0153berf\u00c3\u00a4lle auf das Krankenhaus sind weniger geworden, es scheint ein wenig Ruhe einzukehren. Jedoch gibt es nun ein anderes akutes Problem: die Lebensmittel gehen aus und auch im Umkreis ist quasi nichts mehr zu finden. Zu guter Letzt wird es auch mit der Energieversorgung eng. Ein Windrad soll diese auch weiterhin sicherstellen. Auf einer der Suchen nach Lebensmitteln treffen die Jungs auf eine Truppe von Pl\u00c3\u00bcnderern, die Gefangene machen und zum Fl\u00c3\u00bcchtlingsheim bringen. Sie fragen sich, wozu diese die Geiseln brauchen, sie kosten doch nur noch mehr Lebensmittel, von denen es nun mal kaum noch welche gibt? Devid schnappt auf, dass die Gefangenen zu einem Dr. Kern gebracht werden sollen. Ist Richard Kern, der Vater von Evelin gar nicht ums Leben gekommen? Es wird Zeit, die Insel zu verlassen\u00e2\u20ac\u00a6. <iframe loading=\"lazy\" allowfullscreen=\"\" frameborder=\"0\" height=\"315\" src=\"https:\/\/www.youtube-nocookie.com\/embed\/qwRoPokhdYo?si=ZVLS_vEl-0CBsQxo\" width=\"100%\"><\/iframe><\/p>\n","protected":false},"excerpt":{"rendered":"<p>Endlich gibt es die dritte Staffel der Serie SL\u00c3\u02dcBORN in der ZDF-Mediathek zu sehen. Es ist nun Zeit f\u00c3\u00bcr die Gruppe um Evelin, die&#8230; Mehr auf Newsslash.com!<\/p>\n","protected":false},"author":7,"featured_media":21974,"comment_status":"open","ping_status":"open","sticky":false,"template":"","format":"standard","meta":{"_et_pb_use_builder":"","_et_pb_old_content":"","_et_gb_content_width":"","footnotes":""},"class_list":["post-21439","post","type-post","status-publish","format-standard","has-post-thumbnail","hentry","category-blog"],"yoast_head":"<!-- This site is optimized with the Yoast SEO plugin v24.8.1 - https:\/\/yoast.com\/wordpress\/plugins\/seo\/ -->\n<title>Wann kommt SL\u00c3\u02dcBORN Staffel 4 in der ZDF-Mediathek? - Newsslash<\/title>\n<meta name=\"robots\" content=\"noindex, follow\" \/>\n<meta property=\"og:locale\" content=\"en_US\" \/>\n<meta property=\"og:type\" content=\"article\" \/>\n<meta property=\"og:title\" content=\"Wann kommt SL\u00c3\u02dcBORN Staffel 4 in der ZDF-Mediathek? - Newsslash\" \/>\n<meta property=\"og:description\" content=\"Endlich gibt es die dritte Staffel der Serie SL\u00c3\u02dcBORN in der ZDF-Mediathek zu sehen. Es ist nun Zeit f\u00c3\u00bcr die Gruppe um Evelin, die... Mehr auf Newsslash.com!\" \/>\n<meta property=\"og:url\" content=\"https:\/\/newsslash.com\/n\/17371-wann-kommt-sloborn-staffel-4-in-der-zdf-mediathek\/\" \/>\n<meta property=\"og:site_name\" content=\"Newsslash\" \/>\n<meta property=\"article:published_time\" content=\"2024-02-02T15:48:00+00:00\" \/>\n<meta property=\"og:image\" content=\"https:\/\/newsslash.com\/n\/wp-content\/uploads\/2025\/04\/NewsSlash-Featured-Image.jpg\" \/>\n\t<meta property=\"og:image:width\" content=\"1280\" \/>\n\t<meta property=\"og:image:height\" content=\"854\" \/>\n\t<meta property=\"og:image:type\" content=\"image\/jpeg\" \/>\n<meta name=\"author\" content=\"Daniela H\" \/>\n<meta name=\"twitter:card\" content=\"summary_large_image\" \/>\n<meta name=\"twitter:label1\" content=\"Written by\" \/>\n\t<meta name=\"twitter:data1\" content=\"Daniela H\" \/>\n\t<meta name=\"twitter:label2\" content=\"Est. reading time\" \/>\n\t<meta name=\"twitter:data2\" content=\"2 minutes\" \/>\n<script type=\"application\/ld+json\" class=\"yoast-schema-graph\">{\"@context\":\"https:\/\/schema.org\",\"@graph\":[{\"@type\":\"Article\",\"@id\":\"https:\/\/newsslash.com\/n\/17371-wann-kommt-sloborn-staffel-4-in-der-zdf-mediathek\/#article\",\"isPartOf\":{\"@id\":\"https:\/\/newsslash.com\/n\/17371-wann-kommt-sloborn-staffel-4-in-der-zdf-mediathek\/\"},\"author\":{\"name\":\"Daniela H\",\"@id\":\"https:\/\/newsslash.com\/n\/#\/schema\/person\/cb1381eb00b5dc4b3071475e9866df11\"},\"headline\":\"Wann kommt SL\u00c3\u02dcBORN Staffel 4 in der ZDF-Mediathek?\",\"datePublished\":\"2024-02-02T15:48:00+00:00\",\"mainEntityOfPage\":{\"@id\":\"https:\/\/newsslash.com\/n\/17371-wann-kommt-sloborn-staffel-4-in-der-zdf-mediathek\/\"},\"wordCount\":469,\"commentCount\":0,\"publisher\":{\"@id\":\"https:\/\/newsslash.com\/n\/#organization\"},\"image\":{\"@id\":\"https:\/\/newsslash.com\/n\/17371-wann-kommt-sloborn-staffel-4-in-der-zdf-mediathek\/#primaryimage\"},\"thumbnailUrl\":\"https:\/\/newsslash.com\/n\/wp-content\/uploads\/2025\/04\/NewsSlash-Featured-Image.jpg\",\"articleSection\":[\"Blog\"],\"inLanguage\":\"en-US\",\"potentialAction\":[{\"@type\":\"CommentAction\",\"name\":\"Comment\",\"target\":[\"https:\/\/newsslash.com\/n\/17371-wann-kommt-sloborn-staffel-4-in-der-zdf-mediathek\/#respond\"]}]},{\"@type\":\"WebPage\",\"@id\":\"https:\/\/newsslash.com\/n\/17371-wann-kommt-sloborn-staffel-4-in-der-zdf-mediathek\/\",\"url\":\"https:\/\/newsslash.com\/n\/17371-wann-kommt-sloborn-staffel-4-in-der-zdf-mediathek\/\",\"name\":\"Wann kommt SL\u00c3\u02dcBORN Staffel 4 in der ZDF-Mediathek? - Newsslash\",\"isPartOf\":{\"@id\":\"https:\/\/newsslash.com\/n\/#website\"},\"primaryImageOfPage\":{\"@id\":\"https:\/\/newsslash.com\/n\/17371-wann-kommt-sloborn-staffel-4-in-der-zdf-mediathek\/#primaryimage\"},\"image\":{\"@id\":\"https:\/\/newsslash.com\/n\/17371-wann-kommt-sloborn-staffel-4-in-der-zdf-mediathek\/#primaryimage\"},\"thumbnailUrl\":\"https:\/\/newsslash.com\/n\/wp-content\/uploads\/2025\/04\/NewsSlash-Featured-Image.jpg\",\"datePublished\":\"2024-02-02T15:48:00+00:00\",\"breadcrumb\":{\"@id\":\"https:\/\/newsslash.com\/n\/17371-wann-kommt-sloborn-staffel-4-in-der-zdf-mediathek\/#breadcrumb\"},\"inLanguage\":\"en-US\",\"potentialAction\":[{\"@type\":\"ReadAction\",\"target\":[\"https:\/\/newsslash.com\/n\/17371-wann-kommt-sloborn-staffel-4-in-der-zdf-mediathek\/\"]}]},{\"@type\":\"ImageObject\",\"inLanguage\":\"en-US\",\"@id\":\"https:\/\/newsslash.com\/n\/17371-wann-kommt-sloborn-staffel-4-in-der-zdf-mediathek\/#primaryimage\",\"url\":\"https:\/\/newsslash.com\/n\/wp-content\/uploads\/2025\/04\/NewsSlash-Featured-Image.jpg\",\"contentUrl\":\"https:\/\/newsslash.com\/n\/wp-content\/uploads\/2025\/04\/NewsSlash-Featured-Image.jpg\",\"width\":1280,\"height\":854},{\"@type\":\"BreadcrumbList\",\"@id\":\"https:\/\/newsslash.com\/n\/17371-wann-kommt-sloborn-staffel-4-in-der-zdf-mediathek\/#breadcrumb\",\"itemListElement\":[{\"@type\":\"ListItem\",\"position\":1,\"name\":\"Home\",\"item\":\"https:\/\/newsslash.com\/n\/\"},{\"@type\":\"ListItem\",\"position\":2,\"name\":\"Wann kommt SL\u00c3\u02dcBORN Staffel 4 in der ZDF-Mediathek?\"}]},{\"@type\":\"WebSite\",\"@id\":\"https:\/\/newsslash.com\/n\/#website\",\"url\":\"https:\/\/newsslash.com\/n\/\",\"name\":\"Newsslash\",\"description\":\"Trending News on Movies, Series, OTT, Gaming\",\"publisher\":{\"@id\":\"https:\/\/newsslash.com\/n\/#organization\"},\"potentialAction\":[{\"@type\":\"SearchAction\",\"target\":{\"@type\":\"EntryPoint\",\"urlTemplate\":\"https:\/\/newsslash.com\/n\/?s={search_term_string}\"},\"query-input\":{\"@type\":\"PropertyValueSpecification\",\"valueRequired\":true,\"valueName\":\"search_term_string\"}}],\"inLanguage\":\"en-US\"},{\"@type\":\"Organization\",\"@id\":\"https:\/\/newsslash.com\/n\/#organization\",\"name\":\"Newsslash\",\"url\":\"https:\/\/newsslash.com\/n\/\",\"logo\":{\"@type\":\"ImageObject\",\"inLanguage\":\"en-US\",\"@id\":\"https:\/\/newsslash.com\/n\/#\/schema\/logo\/image\/\",\"url\":\"https:\/\/newsslash.com\/n\/wp-content\/uploads\/2025\/04\/cropped-Newsslash-logo-Fevicon.png\",\"contentUrl\":\"https:\/\/newsslash.com\/n\/wp-content\/uploads\/2025\/04\/cropped-Newsslash-logo-Fevicon.png\",\"width\":512,\"height\":512,\"caption\":\"Newsslash\"},\"image\":{\"@id\":\"https:\/\/newsslash.com\/n\/#\/schema\/logo\/image\/\"}},{\"@type\":\"Person\",\"@id\":\"https:\/\/newsslash.com\/n\/#\/schema\/person\/cb1381eb00b5dc4b3071475e9866df11\",\"name\":\"Daniela H\",\"sameAs\":[\"https:\/\/newsslash.com\"],\"url\":\"https:\/\/newsslash.com\/n\/author\/daniela_h\/\"}]}<\/script>\n<!-- \/ Yoast SEO plugin. -->","yoast_head_json":{"title":"Wann kommt SL\u00c3\u02dcBORN Staffel 4 in der ZDF-Mediathek? - Newsslash","robots":{"index":"noindex","follow":"follow"},"og_locale":"en_US","og_type":"article","og_title":"Wann kommt SL\u00c3\u02dcBORN Staffel 4 in der ZDF-Mediathek? - Newsslash","og_description":"Endlich gibt es die dritte Staffel der Serie SL\u00c3\u02dcBORN in der ZDF-Mediathek zu sehen. Es ist nun Zeit f\u00c3\u00bcr die Gruppe um Evelin, die... Mehr auf Newsslash.com!","og_url":"https:\/\/newsslash.com\/n\/17371-wann-kommt-sloborn-staffel-4-in-der-zdf-mediathek\/","og_site_name":"Newsslash","article_published_time":"2024-02-02T15:48:00+00:00","og_image":[{"width":1280,"height":854,"url":"https:\/\/newsslash.com\/n\/wp-content\/uploads\/2025\/04\/NewsSlash-Featured-Image.jpg","type":"image\/jpeg"}],"author":"Daniela H","twitter_card":"summary_large_image","twitter_misc":{"Written by":"Daniela H","Est. reading time":"2 minutes"},"schema":{"@context":"https:\/\/schema.org","@graph":[{"@type":"Article","@id":"https:\/\/newsslash.com\/n\/17371-wann-kommt-sloborn-staffel-4-in-der-zdf-mediathek\/#article","isPartOf":{"@id":"https:\/\/newsslash.com\/n\/17371-wann-kommt-sloborn-staffel-4-in-der-zdf-mediathek\/"},"author":{"name":"Daniela H","@id":"https:\/\/newsslash.com\/n\/#\/schema\/person\/cb1381eb00b5dc4b3071475e9866df11"},"headline":"Wann kommt SL\u00c3\u02dcBORN Staffel 4 in der ZDF-Mediathek?","datePublished":"2024-02-02T15:48:00+00:00","mainEntityOfPage":{"@id":"https:\/\/newsslash.com\/n\/17371-wann-kommt-sloborn-staffel-4-in-der-zdf-mediathek\/"},"wordCount":469,"commentCount":0,"publisher":{"@id":"https:\/\/newsslash.com\/n\/#organization"},"image":{"@id":"https:\/\/newsslash.com\/n\/17371-wann-kommt-sloborn-staffel-4-in-der-zdf-mediathek\/#primaryimage"},"thumbnailUrl":"https:\/\/newsslash.com\/n\/wp-content\/uploads\/2025\/04\/NewsSlash-Featured-Image.jpg","articleSection":["Blog"],"inLanguage":"en-US","potentialAction":[{"@type":"CommentAction","name":"Comment","target":["https:\/\/newsslash.com\/n\/17371-wann-kommt-sloborn-staffel-4-in-der-zdf-mediathek\/#respond"]}]},{"@type":"WebPage","@id":"https:\/\/newsslash.com\/n\/17371-wann-kommt-sloborn-staffel-4-in-der-zdf-mediathek\/","url":"https:\/\/newsslash.com\/n\/17371-wann-kommt-sloborn-staffel-4-in-der-zdf-mediathek\/","name":"Wann kommt SL\u00c3\u02dcBORN Staffel 4 in der ZDF-Mediathek? - Newsslash","isPartOf":{"@id":"https:\/\/newsslash.com\/n\/#website"},"primaryImageOfPage":{"@id":"https:\/\/newsslash.com\/n\/17371-wann-kommt-sloborn-staffel-4-in-der-zdf-mediathek\/#primaryimage"},"image":{"@id":"https:\/\/newsslash.com\/n\/17371-wann-kommt-sloborn-staffel-4-in-der-zdf-mediathek\/#primaryimage"},"thumbnailUrl":"https:\/\/newsslash.com\/n\/wp-content\/uploads\/2025\/04\/NewsSlash-Featured-Image.jpg","datePublished":"2024-02-02T15:48:00+00:00","breadcrumb":{"@id":"https:\/\/newsslash.com\/n\/17371-wann-kommt-sloborn-staffel-4-in-der-zdf-mediathek\/#breadcrumb"},"inLanguage":"en-US","potentialAction":[{"@type":"ReadAction","target":["https:\/\/newsslash.com\/n\/17371-wann-kommt-sloborn-staffel-4-in-der-zdf-mediathek\/"]}]},{"@type":"ImageObject","inLanguage":"en-US","@id":"https:\/\/newsslash.com\/n\/17371-wann-kommt-sloborn-staffel-4-in-der-zdf-mediathek\/#primaryimage","url":"https:\/\/newsslash.com\/n\/wp-content\/uploads\/2025\/04\/NewsSlash-Featured-Image.jpg","contentUrl":"https:\/\/newsslash.com\/n\/wp-content\/uploads\/2025\/04\/NewsSlash-Featured-Image.jpg","width":1280,"height":854},{"@type":"BreadcrumbList","@id":"https:\/\/newsslash.com\/n\/17371-wann-kommt-sloborn-staffel-4-in-der-zdf-mediathek\/#breadcrumb","itemListElement":[{"@type":"ListItem","position":1,"name":"Home","item":"https:\/\/newsslash.com\/n\/"},{"@type":"ListItem","position":2,"name":"Wann kommt SL\u00c3\u02dcBORN Staffel 4 in der ZDF-Mediathek?"}]},{"@type":"WebSite","@id":"https:\/\/newsslash.com\/n\/#website","url":"https:\/\/newsslash.com\/n\/","name":"Newsslash","description":"Trending News on Movies, Series, OTT, Gaming","publisher":{"@id":"https:\/\/newsslash.com\/n\/#organization"},"potentialAction":[{"@type":"SearchAction","target":{"@type":"EntryPoint","urlTemplate":"https:\/\/newsslash.com\/n\/?s={search_term_string}"},"query-input":{"@type":"PropertyValueSpecification","valueRequired":true,"valueName":"search_term_string"}}],"inLanguage":"en-US"},{"@type":"Organization","@id":"https:\/\/newsslash.com\/n\/#organization","name":"Newsslash","url":"https:\/\/newsslash.com\/n\/","logo":{"@type":"ImageObject","inLanguage":"en-US","@id":"https:\/\/newsslash.com\/n\/#\/schema\/logo\/image\/","url":"https:\/\/newsslash.com\/n\/wp-content\/uploads\/2025\/04\/cropped-Newsslash-logo-Fevicon.png","contentUrl":"https:\/\/newsslash.com\/n\/wp-content\/uploads\/2025\/04\/cropped-Newsslash-logo-Fevicon.png","width":512,"height":512,"caption":"Newsslash"},"image":{"@id":"https:\/\/newsslash.com\/n\/#\/schema\/logo\/image\/"}},{"@type":"Person","@id":"https:\/\/newsslash.com\/n\/#\/schema\/person\/cb1381eb00b5dc4b3071475e9866df11","name":"Daniela H","sameAs":["https:\/\/newsslash.com"],"url":"https:\/\/newsslash.com\/n\/author\/daniela_h\/"}]}},"_links":{"self":[{"href":"https:\/\/newsslash.com\/n\/wp-json\/wp\/v2\/posts\/21439","targetHints":{"allow":["GET"]}}],"collection":[{"href":"https:\/\/newsslash.com\/n\/wp-json\/wp\/v2\/posts"}],"about":[{"href":"https:\/\/newsslash.com\/n\/wp-json\/wp\/v2\/types\/post"}],"author":[{"embeddable":true,"href":"https:\/\/newsslash.com\/n\/wp-json\/wp\/v2\/users\/7"}],"replies":[{"embeddable":true,"href":"https:\/\/newsslash.com\/n\/wp-json\/wp\/v2\/comments?post=21439"}],"version-history":[{"count":0,"href":"https:\/\/newsslash.com\/n\/wp-json\/wp\/v2\/posts\/21439\/revisions"}],"wp:featuredmedia":[{"embeddable":true,"href":"https:\/\/newsslash.com\/n\/wp-json\/wp\/v2\/media\/21974"}],"wp:attachment":[{"href":"https:\/\/newsslash.com\/n\/wp-json\/wp\/v2\/media?parent=21439"}],"curies":[{"name":"wp","href":"https:\/\/api.w.org\/{rel}","templated":true}]}}