{"id":21485,"date":"2024-03-13T14:45:00","date_gmt":"2024-03-13T14:45:00","guid":{"rendered":"https:\/\/newsslash.com\/n\/17412-startdatum-und-teaser-trailer-zur-serie-becoming-karl-lagerfeld\/"},"modified":"2024-03-13T14:45:00","modified_gmt":"2024-03-13T14:45:00","slug":"17412-startdatum-und-teaser-trailer-zur-serie-becoming-karl-lagerfeld","status":"publish","type":"post","link":"https:\/\/newsslash.com\/n\/17412-startdatum-und-teaser-trailer-zur-serie-becoming-karl-lagerfeld\/","title":{"rendered":"Startdatum und Teaser-Trailer zur Serie Becoming Karl Lag&#8230;"},"content":{"rendered":"<p>Disney+ gab heute auf der Pressekonferenz des Canneseries Festivals in Frankreich bekannt, dass die mit Spannung erwartete Dramaserie \u00e2\u20ac\u017eBecoming Karl Lagerfeld\u00e2\u20ac\u0153 am 7. Juni 2024 exklusiv auf Disney+ international und auf Hulu in den USA Premiere haben wird. An diesem Datum gibt es auch gleich alle sechs Episoden der Serie in einem Schlag. Der Streaming-Dienst hat au\u00c3\u0178erdem neben den obligatorischen First-Look-Bildern auch den Teaser-Trailer ver\u00c3\u00b6ffentlicht, den wir nat\u00c3\u00bcrlich f\u00c3\u00bcr euch haben. Ein paar Infos f\u00c3\u00bcr alle, die von Becoming Karl Lagerfeld, oder auch vorher als \u00e2\u20ac\u017eKaiser Karl\u00e2\u20ac\u0153 noch nichts geh\u00c3\u00b6rt haben, gibt es obendrauf. Om der Pressemitteilung wird die Serie so beschrieben: \u00e2\u20ac\u017eIm Jahr 1972 ist Karl Lagerfeld (Daniel Br\u00c3\u00bchl) 38 Jahre alt und tr\u00c3\u00a4gt noch nicht seine legend\u00c3\u00a4re Frisur. Er ist ein Konfektionsdesigner, der der breiten \u00c3\u2013ffentlichkeit unbekannt ist. Als er den temperamentvollen Jacques de Bascher (Th\u00c3\u00a9odore Pellerin) kennenlernt und sich in ihn verliebt, einen ehrgeizigen und beunruhigenden jungen Dandy, wagt es der geheimnisvollste aller Modedesigner, es mit seinem Freund (und Rivalen) Yves Saint Laurent (Arnaud Valois) aufzunehmen, einem Genie der Haute Couture, der von dem gef\u00c3\u00bcrchteten Gesch\u00c3\u00a4ftsmann Pierre Berg\u00c3\u00a9 (Alex Lutz) unterst\u00c3\u00bctzt wird. &#8220;Becoming Karl Lagerfeld&#8221; f\u00c3\u00bchrt uns mitten in die 70er Jahre, nach Paris, Monaco und Rom, um die beeindruckende Entwicklung dieser komplexen und ikonischen Pers\u00c3\u00b6nlichkeit der Pariser Haute Couture zu verfolgen, die bereits vom Ehrgeiz getrieben ist, der Kaiser der Mode zu werden. Zwischen Glamour und Egokonflikten, grandiosen Partys und zerst\u00c3\u00b6rerischen Leidenschaften, entdecken Sie die Geschichte von Karl vor Lagerfeld. Eine Geschichte, die zum ersten Mal auf der Leinwand erz\u00c3\u00a4hlt wird, nach dem Bestseller &#8220;Kaiser Karl&#8221; von Rapha\u00c3\u00ablle Bacqu\u00c3\u00a9 (erschienen bei Albin Michel), und die eine hochkar\u00c3\u00a4tige Besetzung versammelt.\u00e2\u20ac\u0153 Der Schauspieler Daniel Br\u00c3\u00bchl (&#8220;Im Westen nichts Neues&#8221;, &#8220;Captain America: Civil War&#8221; ist als Couturier Lagerfeld zu sehen, Th\u00c3\u00a9odore Pellerin (&#8220;Continental Draft (South\u00e2\u20ac\u0153) als Jacques de Bascher und Arnaud Valois (&#8220;My Best Part&#8221;, &#8220;Spring Blossom&#8221;) als Yves Saint Laurent. Alex Lutz spielt Pierre Berg\u00c3\u00a9, Agn\u00c3\u00a8s Jaoui ist Gabrielle Aghion, die Gr\u00c3\u00bcnderin des Modehauses Chlo\u00c3\u00a9, die ma\u00c3\u0178geblich zum Ruhm von Karl Lagerfeld beigetragen hat. Hier ist der Teaser-Trailer zur Serie Becoming Karl Lagerfeld f\u00c3\u00bcr euch: <iframe loading=\"lazy\" allowfullscreen=\"\" frameborder=\"0\" height=\"315\" src=\"https:\/\/www.youtube-nocookie.com\/embed\/QY1v9Ry6tAg?si=GxLOFeENW6GSpQm3\" width=\"100%\"><\/iframe><\/p><div class=\"newss-content\" id=\"newss-2306114315\"><script async src=\"\/\/pagead2.googlesyndication.com\/pagead\/js\/adsbygoogle.js?client=ca-pub-7733425960004873\" crossorigin=\"anonymous\"><\/script><ins class=\"adsbygoogle\" style=\"display:block;\" data-ad-client=\"ca-pub-7733425960004873\" \ndata-ad-slot=\"2582020599\" \ndata-ad-format=\"auto\"><\/ins>\n<script> \n(adsbygoogle = window.adsbygoogle || []).push({}); \n<\/script>\n<\/div><div class=\"newss-article-1\" id=\"newss-2227587977\"><script async src=\"https:\/\/pagead2.googlesyndication.com\/pagead\/js\/adsbygoogle.js?client=ca-pub-7733425960004873\"\r\n     crossorigin=\"anonymous\"><\/script>\r\n<!-- Homepage2 -->\r\n<ins class=\"adsbygoogle\"\r\n     style=\"display:block\"\r\n     data-ad-client=\"ca-pub-7733425960004873\"\r\n     data-ad-slot=\"2582020599\"\r\n     data-ad-format=\"auto\"\r\n     data-full-width-responsive=\"true\"><\/ins>\r\n<script>\r\n     (adsbygoogle = window.adsbygoogle || []).push({});\r\n<\/script><\/div>\n","protected":false},"excerpt":{"rendered":"<p>Gestern hat Disney+ im Rahmen einer Pressekonferenz das Startdatum zur Serie um den gro\u00c3\u0178en Modezar Karl Lagerfeld bekanntgegeben&#8230;. Mehr auf Newsslash.com!<\/p>\n","protected":false},"author":7,"featured_media":21974,"comment_status":"open","ping_status":"open","sticky":false,"template":"","format":"standard","meta":{"_et_pb_use_builder":"","_et_pb_old_content":"","_et_gb_content_width":"","footnotes":""},"class_list":["post-21485","post","type-post","status-publish","format-standard","has-post-thumbnail","hentry","category-blog"],"yoast_head":"<!-- This site is optimized with the Yoast SEO plugin v24.8.1 - https:\/\/yoast.com\/wordpress\/plugins\/seo\/ -->\n<title>Startdatum und Teaser-Trailer zur Serie Becoming Karl Lag... - Newsslash<\/title>\n<meta name=\"robots\" content=\"noindex, follow\" \/>\n<meta property=\"og:locale\" content=\"en_US\" \/>\n<meta property=\"og:type\" content=\"article\" \/>\n<meta property=\"og:title\" content=\"Startdatum und Teaser-Trailer zur Serie Becoming Karl Lag... - Newsslash\" \/>\n<meta property=\"og:description\" content=\"Gestern hat Disney+ im Rahmen einer Pressekonferenz das Startdatum zur Serie um den gro\u00c3\u0178en Modezar Karl Lagerfeld bekanntgegeben.... Mehr auf Newsslash.com!\" \/>\n<meta property=\"og:url\" content=\"https:\/\/newsslash.com\/n\/17412-startdatum-und-teaser-trailer-zur-serie-becoming-karl-lagerfeld\/\" \/>\n<meta property=\"og:site_name\" content=\"Newsslash\" \/>\n<meta property=\"article:published_time\" content=\"2024-03-13T14:45:00+00:00\" \/>\n<meta property=\"og:image\" content=\"https:\/\/newsslash.com\/n\/wp-content\/uploads\/2025\/04\/NewsSlash-Featured-Image.jpg\" \/>\n\t<meta property=\"og:image:width\" content=\"1280\" \/>\n\t<meta property=\"og:image:height\" content=\"854\" \/>\n\t<meta property=\"og:image:type\" content=\"image\/jpeg\" \/>\n<meta name=\"author\" content=\"Daniela H\" \/>\n<meta name=\"twitter:card\" content=\"summary_large_image\" \/>\n<meta name=\"twitter:label1\" content=\"Written by\" \/>\n\t<meta name=\"twitter:data1\" content=\"Daniela H\" \/>\n\t<meta name=\"twitter:label2\" content=\"Est. reading time\" \/>\n\t<meta name=\"twitter:data2\" content=\"2 minutes\" \/>\n<script type=\"application\/ld+json\" class=\"yoast-schema-graph\">{\"@context\":\"https:\/\/schema.org\",\"@graph\":[{\"@type\":\"Article\",\"@id\":\"https:\/\/newsslash.com\/n\/17412-startdatum-und-teaser-trailer-zur-serie-becoming-karl-lagerfeld\/#article\",\"isPartOf\":{\"@id\":\"https:\/\/newsslash.com\/n\/17412-startdatum-und-teaser-trailer-zur-serie-becoming-karl-lagerfeld\/\"},\"author\":{\"name\":\"Daniela H\",\"@id\":\"https:\/\/newsslash.com\/n\/#\/schema\/person\/cb1381eb00b5dc4b3071475e9866df11\"},\"headline\":\"Startdatum und Teaser-Trailer zur Serie Becoming Karl Lag&#8230;\",\"datePublished\":\"2024-03-13T14:45:00+00:00\",\"mainEntityOfPage\":{\"@id\":\"https:\/\/newsslash.com\/n\/17412-startdatum-und-teaser-trailer-zur-serie-becoming-karl-lagerfeld\/\"},\"wordCount\":376,\"commentCount\":0,\"publisher\":{\"@id\":\"https:\/\/newsslash.com\/n\/#organization\"},\"image\":{\"@id\":\"https:\/\/newsslash.com\/n\/17412-startdatum-und-teaser-trailer-zur-serie-becoming-karl-lagerfeld\/#primaryimage\"},\"thumbnailUrl\":\"https:\/\/newsslash.com\/n\/wp-content\/uploads\/2025\/04\/NewsSlash-Featured-Image.jpg\",\"articleSection\":[\"Blog\"],\"inLanguage\":\"en-US\",\"potentialAction\":[{\"@type\":\"CommentAction\",\"name\":\"Comment\",\"target\":[\"https:\/\/newsslash.com\/n\/17412-startdatum-und-teaser-trailer-zur-serie-becoming-karl-lagerfeld\/#respond\"]}]},{\"@type\":\"WebPage\",\"@id\":\"https:\/\/newsslash.com\/n\/17412-startdatum-und-teaser-trailer-zur-serie-becoming-karl-lagerfeld\/\",\"url\":\"https:\/\/newsslash.com\/n\/17412-startdatum-und-teaser-trailer-zur-serie-becoming-karl-lagerfeld\/\",\"name\":\"Startdatum und Teaser-Trailer zur Serie Becoming Karl Lag... - Newsslash\",\"isPartOf\":{\"@id\":\"https:\/\/newsslash.com\/n\/#website\"},\"primaryImageOfPage\":{\"@id\":\"https:\/\/newsslash.com\/n\/17412-startdatum-und-teaser-trailer-zur-serie-becoming-karl-lagerfeld\/#primaryimage\"},\"image\":{\"@id\":\"https:\/\/newsslash.com\/n\/17412-startdatum-und-teaser-trailer-zur-serie-becoming-karl-lagerfeld\/#primaryimage\"},\"thumbnailUrl\":\"https:\/\/newsslash.com\/n\/wp-content\/uploads\/2025\/04\/NewsSlash-Featured-Image.jpg\",\"datePublished\":\"2024-03-13T14:45:00+00:00\",\"breadcrumb\":{\"@id\":\"https:\/\/newsslash.com\/n\/17412-startdatum-und-teaser-trailer-zur-serie-becoming-karl-lagerfeld\/#breadcrumb\"},\"inLanguage\":\"en-US\",\"potentialAction\":[{\"@type\":\"ReadAction\",\"target\":[\"https:\/\/newsslash.com\/n\/17412-startdatum-und-teaser-trailer-zur-serie-becoming-karl-lagerfeld\/\"]}]},{\"@type\":\"ImageObject\",\"inLanguage\":\"en-US\",\"@id\":\"https:\/\/newsslash.com\/n\/17412-startdatum-und-teaser-trailer-zur-serie-becoming-karl-lagerfeld\/#primaryimage\",\"url\":\"https:\/\/newsslash.com\/n\/wp-content\/uploads\/2025\/04\/NewsSlash-Featured-Image.jpg\",\"contentUrl\":\"https:\/\/newsslash.com\/n\/wp-content\/uploads\/2025\/04\/NewsSlash-Featured-Image.jpg\",\"width\":1280,\"height\":854},{\"@type\":\"BreadcrumbList\",\"@id\":\"https:\/\/newsslash.com\/n\/17412-startdatum-und-teaser-trailer-zur-serie-becoming-karl-lagerfeld\/#breadcrumb\",\"itemListElement\":[{\"@type\":\"ListItem\",\"position\":1,\"name\":\"Home\",\"item\":\"https:\/\/newsslash.com\/n\/\"},{\"@type\":\"ListItem\",\"position\":2,\"name\":\"Startdatum und Teaser-Trailer zur Serie Becoming Karl Lag&#8230;\"}]},{\"@type\":\"WebSite\",\"@id\":\"https:\/\/newsslash.com\/n\/#website\",\"url\":\"https:\/\/newsslash.com\/n\/\",\"name\":\"Newsslash\",\"description\":\"Trending News on Movies, Series, OTT, Gaming\",\"publisher\":{\"@id\":\"https:\/\/newsslash.com\/n\/#organization\"},\"potentialAction\":[{\"@type\":\"SearchAction\",\"target\":{\"@type\":\"EntryPoint\",\"urlTemplate\":\"https:\/\/newsslash.com\/n\/?s={search_term_string}\"},\"query-input\":{\"@type\":\"PropertyValueSpecification\",\"valueRequired\":true,\"valueName\":\"search_term_string\"}}],\"inLanguage\":\"en-US\"},{\"@type\":\"Organization\",\"@id\":\"https:\/\/newsslash.com\/n\/#organization\",\"name\":\"Newsslash\",\"url\":\"https:\/\/newsslash.com\/n\/\",\"logo\":{\"@type\":\"ImageObject\",\"inLanguage\":\"en-US\",\"@id\":\"https:\/\/newsslash.com\/n\/#\/schema\/logo\/image\/\",\"url\":\"https:\/\/newsslash.com\/n\/wp-content\/uploads\/2025\/04\/cropped-Newsslash-logo-Fevicon.png\",\"contentUrl\":\"https:\/\/newsslash.com\/n\/wp-content\/uploads\/2025\/04\/cropped-Newsslash-logo-Fevicon.png\",\"width\":512,\"height\":512,\"caption\":\"Newsslash\"},\"image\":{\"@id\":\"https:\/\/newsslash.com\/n\/#\/schema\/logo\/image\/\"}},{\"@type\":\"Person\",\"@id\":\"https:\/\/newsslash.com\/n\/#\/schema\/person\/cb1381eb00b5dc4b3071475e9866df11\",\"name\":\"Daniela H\",\"sameAs\":[\"https:\/\/newsslash.com\"],\"url\":\"https:\/\/newsslash.com\/n\/author\/daniela_h\/\"}]}<\/script>\n<!-- \/ Yoast SEO plugin. -->","yoast_head_json":{"title":"Startdatum und Teaser-Trailer zur Serie Becoming Karl Lag... - Newsslash","robots":{"index":"noindex","follow":"follow"},"og_locale":"en_US","og_type":"article","og_title":"Startdatum und Teaser-Trailer zur Serie Becoming Karl Lag... - Newsslash","og_description":"Gestern hat Disney+ im Rahmen einer Pressekonferenz das Startdatum zur Serie um den gro\u00c3\u0178en Modezar Karl Lagerfeld bekanntgegeben.... Mehr auf Newsslash.com!","og_url":"https:\/\/newsslash.com\/n\/17412-startdatum-und-teaser-trailer-zur-serie-becoming-karl-lagerfeld\/","og_site_name":"Newsslash","article_published_time":"2024-03-13T14:45:00+00:00","og_image":[{"width":1280,"height":854,"url":"https:\/\/newsslash.com\/n\/wp-content\/uploads\/2025\/04\/NewsSlash-Featured-Image.jpg","type":"image\/jpeg"}],"author":"Daniela H","twitter_card":"summary_large_image","twitter_misc":{"Written by":"Daniela H","Est. reading time":"2 minutes"},"schema":{"@context":"https:\/\/schema.org","@graph":[{"@type":"Article","@id":"https:\/\/newsslash.com\/n\/17412-startdatum-und-teaser-trailer-zur-serie-becoming-karl-lagerfeld\/#article","isPartOf":{"@id":"https:\/\/newsslash.com\/n\/17412-startdatum-und-teaser-trailer-zur-serie-becoming-karl-lagerfeld\/"},"author":{"name":"Daniela H","@id":"https:\/\/newsslash.com\/n\/#\/schema\/person\/cb1381eb00b5dc4b3071475e9866df11"},"headline":"Startdatum und Teaser-Trailer zur Serie Becoming Karl Lag&#8230;","datePublished":"2024-03-13T14:45:00+00:00","mainEntityOfPage":{"@id":"https:\/\/newsslash.com\/n\/17412-startdatum-und-teaser-trailer-zur-serie-becoming-karl-lagerfeld\/"},"wordCount":376,"commentCount":0,"publisher":{"@id":"https:\/\/newsslash.com\/n\/#organization"},"image":{"@id":"https:\/\/newsslash.com\/n\/17412-startdatum-und-teaser-trailer-zur-serie-becoming-karl-lagerfeld\/#primaryimage"},"thumbnailUrl":"https:\/\/newsslash.com\/n\/wp-content\/uploads\/2025\/04\/NewsSlash-Featured-Image.jpg","articleSection":["Blog"],"inLanguage":"en-US","potentialAction":[{"@type":"CommentAction","name":"Comment","target":["https:\/\/newsslash.com\/n\/17412-startdatum-und-teaser-trailer-zur-serie-becoming-karl-lagerfeld\/#respond"]}]},{"@type":"WebPage","@id":"https:\/\/newsslash.com\/n\/17412-startdatum-und-teaser-trailer-zur-serie-becoming-karl-lagerfeld\/","url":"https:\/\/newsslash.com\/n\/17412-startdatum-und-teaser-trailer-zur-serie-becoming-karl-lagerfeld\/","name":"Startdatum und Teaser-Trailer zur Serie Becoming Karl Lag... - Newsslash","isPartOf":{"@id":"https:\/\/newsslash.com\/n\/#website"},"primaryImageOfPage":{"@id":"https:\/\/newsslash.com\/n\/17412-startdatum-und-teaser-trailer-zur-serie-becoming-karl-lagerfeld\/#primaryimage"},"image":{"@id":"https:\/\/newsslash.com\/n\/17412-startdatum-und-teaser-trailer-zur-serie-becoming-karl-lagerfeld\/#primaryimage"},"thumbnailUrl":"https:\/\/newsslash.com\/n\/wp-content\/uploads\/2025\/04\/NewsSlash-Featured-Image.jpg","datePublished":"2024-03-13T14:45:00+00:00","breadcrumb":{"@id":"https:\/\/newsslash.com\/n\/17412-startdatum-und-teaser-trailer-zur-serie-becoming-karl-lagerfeld\/#breadcrumb"},"inLanguage":"en-US","potentialAction":[{"@type":"ReadAction","target":["https:\/\/newsslash.com\/n\/17412-startdatum-und-teaser-trailer-zur-serie-becoming-karl-lagerfeld\/"]}]},{"@type":"ImageObject","inLanguage":"en-US","@id":"https:\/\/newsslash.com\/n\/17412-startdatum-und-teaser-trailer-zur-serie-becoming-karl-lagerfeld\/#primaryimage","url":"https:\/\/newsslash.com\/n\/wp-content\/uploads\/2025\/04\/NewsSlash-Featured-Image.jpg","contentUrl":"https:\/\/newsslash.com\/n\/wp-content\/uploads\/2025\/04\/NewsSlash-Featured-Image.jpg","width":1280,"height":854},{"@type":"BreadcrumbList","@id":"https:\/\/newsslash.com\/n\/17412-startdatum-und-teaser-trailer-zur-serie-becoming-karl-lagerfeld\/#breadcrumb","itemListElement":[{"@type":"ListItem","position":1,"name":"Home","item":"https:\/\/newsslash.com\/n\/"},{"@type":"ListItem","position":2,"name":"Startdatum und Teaser-Trailer zur Serie Becoming Karl Lag&#8230;"}]},{"@type":"WebSite","@id":"https:\/\/newsslash.com\/n\/#website","url":"https:\/\/newsslash.com\/n\/","name":"Newsslash","description":"Trending News on Movies, Series, OTT, Gaming","publisher":{"@id":"https:\/\/newsslash.com\/n\/#organization"},"potentialAction":[{"@type":"SearchAction","target":{"@type":"EntryPoint","urlTemplate":"https:\/\/newsslash.com\/n\/?s={search_term_string}"},"query-input":{"@type":"PropertyValueSpecification","valueRequired":true,"valueName":"search_term_string"}}],"inLanguage":"en-US"},{"@type":"Organization","@id":"https:\/\/newsslash.com\/n\/#organization","name":"Newsslash","url":"https:\/\/newsslash.com\/n\/","logo":{"@type":"ImageObject","inLanguage":"en-US","@id":"https:\/\/newsslash.com\/n\/#\/schema\/logo\/image\/","url":"https:\/\/newsslash.com\/n\/wp-content\/uploads\/2025\/04\/cropped-Newsslash-logo-Fevicon.png","contentUrl":"https:\/\/newsslash.com\/n\/wp-content\/uploads\/2025\/04\/cropped-Newsslash-logo-Fevicon.png","width":512,"height":512,"caption":"Newsslash"},"image":{"@id":"https:\/\/newsslash.com\/n\/#\/schema\/logo\/image\/"}},{"@type":"Person","@id":"https:\/\/newsslash.com\/n\/#\/schema\/person\/cb1381eb00b5dc4b3071475e9866df11","name":"Daniela H","sameAs":["https:\/\/newsslash.com"],"url":"https:\/\/newsslash.com\/n\/author\/daniela_h\/"}]}},"_links":{"self":[{"href":"https:\/\/newsslash.com\/n\/wp-json\/wp\/v2\/posts\/21485","targetHints":{"allow":["GET"]}}],"collection":[{"href":"https:\/\/newsslash.com\/n\/wp-json\/wp\/v2\/posts"}],"about":[{"href":"https:\/\/newsslash.com\/n\/wp-json\/wp\/v2\/types\/post"}],"author":[{"embeddable":true,"href":"https:\/\/newsslash.com\/n\/wp-json\/wp\/v2\/users\/7"}],"replies":[{"embeddable":true,"href":"https:\/\/newsslash.com\/n\/wp-json\/wp\/v2\/comments?post=21485"}],"version-history":[{"count":0,"href":"https:\/\/newsslash.com\/n\/wp-json\/wp\/v2\/posts\/21485\/revisions"}],"wp:featuredmedia":[{"embeddable":true,"href":"https:\/\/newsslash.com\/n\/wp-json\/wp\/v2\/media\/21974"}],"wp:attachment":[{"href":"https:\/\/newsslash.com\/n\/wp-json\/wp\/v2\/media?parent=21485"}],"curies":[{"name":"wp","href":"https:\/\/api.w.org\/{rel}","templated":true}]}}