{"id":21498,"date":"2024-03-28T20:10:40","date_gmt":"2024-03-28T20:10:40","guid":{"rendered":"https:\/\/newsslash.com\/n\/17425-trailer-und-starttermin-fuer-monsters-at-work-staffel-2-bei-disney-plus\/"},"modified":"2024-03-28T20:10:40","modified_gmt":"2024-03-28T20:10:40","slug":"17425-trailer-und-starttermin-fuer-monsters-at-work-staffel-2-bei-disney-plus","status":"publish","type":"post","link":"https:\/\/newsslash.com\/n\/17425-trailer-und-starttermin-fuer-monsters-at-work-staffel-2-bei-disney-plus\/","title":{"rendered":"Trailer und Starttermin f\u00c3\u00bcr Monsters at Work Staffel 2 b&#8230;"},"content":{"rendered":"<p>Disney hat nun die Starttermine f\u00c3\u00bcr die neuen Folgen der zweiten Season der Serie Monster bei der Arbeit aka Monsters at Work bekanntgegeben. Dazu gab es einen Trailer, der schon jetzt Lust auf die neuen Abenteuer der Profi-Erschrecker macht. In den USA feiert die zweite Staffel der Serie beim amerikanischen Disney-Channel und auf Disney XD am Freitag, den 5. April mit einer Doppelfolge Premiere. Weiter geht es dann im Wochentakt mit je zwei neuen Episoden. In Deutschland starten die Monster bei der Arbeit dann am 6. Mai 2024 beim Disney-Channel. Nach der Premiere um 19:10 Uhr geht es montags bis freitags rund in der Monsters Inc. Ab dem 5. Mai k\u00c3\u00b6nnt ihr die zweite Staffel von Monsters at Work bei Disney+ anschauen. Der extra zum Steigern der Vorfreude und Neugierde ver\u00c3\u00b6ffentlichte englischsprachige Trailer zeigt, wie es bei Monsters at Work weitergeht. Die Freundschaft von Tylor und Val steht vor einer gro\u00c3\u0178en Herausforderung. Beim Energie-Konkurrenten FeatCo \u00c3\u00b6ffnen sich neue T\u00c3\u00bcren mit M\u00c3\u00b6glichkeiten. Die Partnerschaft mit Val wird beim Laugh Floor stark an ihre Grenzen gebracht und Tylor muss sich fragen, wo er hingeh\u00c3\u00b6rt. In der zweiten Runde der Monster bei der Arbeit sind wieder Billy Crystal und John Goodman mit am Start. Auch Ben Feldman ist als Tylor wieder mit vertreten. Mindy Viking mimt Val Little, Henry Winkler den Fritz, Lucas Neff den Duncan und Alanna Ulbach Cutter. Gaststars sind auch wieder mit dabei. Unter anderem sind das Audrey Plaza als Claire Wheeler, Bobby Moynihan als Chef Alexander und Nathan Fillion als Johnny Worthington III. Hier ist der Trailer zu Monsters at Work Staffel 2 f\u00c3\u00bcr euch: <iframe loading=\"lazy\" allowfullscreen=\"\" frameborder=\"0\" height=\"315\" src=\"https:\/\/www.youtube-nocookie.com\/embed\/kUMmZS8Z8eM?si=LP59X0uCpVX2ZCBo\" width=\"100%\"><\/iframe><\/p><div class=\"newss-content\" id=\"newss-1256088117\"><script async src=\"\/\/pagead2.googlesyndication.com\/pagead\/js\/adsbygoogle.js?client=ca-pub-7733425960004873\" crossorigin=\"anonymous\"><\/script><ins class=\"adsbygoogle\" style=\"display:block;\" data-ad-client=\"ca-pub-7733425960004873\" \ndata-ad-slot=\"2582020599\" \ndata-ad-format=\"auto\"><\/ins>\n<script> \n(adsbygoogle = window.adsbygoogle || []).push({}); \n<\/script>\n<\/div><div class=\"newss-article-1\" id=\"newss-1323170929\"><script async src=\"https:\/\/pagead2.googlesyndication.com\/pagead\/js\/adsbygoogle.js?client=ca-pub-7733425960004873\"\r\n     crossorigin=\"anonymous\"><\/script>\r\n<!-- Homepage2 -->\r\n<ins class=\"adsbygoogle\"\r\n     style=\"display:block\"\r\n     data-ad-client=\"ca-pub-7733425960004873\"\r\n     data-ad-slot=\"2582020599\"\r\n     data-ad-format=\"auto\"\r\n     data-full-width-responsive=\"true\"><\/ins>\r\n<script>\r\n     (adsbygoogle = window.adsbygoogle || []).push({});\r\n<\/script><\/div>\n","protected":false},"excerpt":{"rendered":"<p>Bald schon geht es mit der zweiten Staffel der Serie Monster bei der Arbeit auf Disney+ weiter. Die Profi-Erschrecker von Monsters&#8230; Mehr auf Newsslash.com!<\/p>\n","protected":false},"author":7,"featured_media":21974,"comment_status":"open","ping_status":"open","sticky":false,"template":"","format":"standard","meta":{"_et_pb_use_builder":"","_et_pb_old_content":"","_et_gb_content_width":"","footnotes":""},"class_list":["post-21498","post","type-post","status-publish","format-standard","has-post-thumbnail","hentry","category-blog"],"yoast_head":"<!-- This site is optimized with the Yoast SEO plugin v24.8.1 - https:\/\/yoast.com\/wordpress\/plugins\/seo\/ -->\n<title>Trailer und Starttermin f\u00c3\u00bcr Monsters at Work Staffel 2 b... - Newsslash<\/title>\n<meta name=\"robots\" content=\"noindex, follow\" \/>\n<meta property=\"og:locale\" content=\"en_US\" \/>\n<meta property=\"og:type\" content=\"article\" \/>\n<meta property=\"og:title\" content=\"Trailer und Starttermin f\u00c3\u00bcr Monsters at Work Staffel 2 b... - Newsslash\" \/>\n<meta property=\"og:description\" content=\"Bald schon geht es mit der zweiten Staffel der Serie Monster bei der Arbeit auf Disney+ weiter. Die Profi-Erschrecker von Monsters... Mehr auf Newsslash.com!\" \/>\n<meta property=\"og:url\" content=\"https:\/\/newsslash.com\/n\/17425-trailer-und-starttermin-fuer-monsters-at-work-staffel-2-bei-disney-plus\/\" \/>\n<meta property=\"og:site_name\" content=\"Newsslash\" \/>\n<meta property=\"article:published_time\" content=\"2024-03-28T20:10:40+00:00\" \/>\n<meta property=\"og:image\" content=\"https:\/\/newsslash.com\/n\/wp-content\/uploads\/2025\/04\/NewsSlash-Featured-Image.jpg\" \/>\n\t<meta property=\"og:image:width\" content=\"1280\" \/>\n\t<meta property=\"og:image:height\" content=\"854\" \/>\n\t<meta property=\"og:image:type\" content=\"image\/jpeg\" \/>\n<meta name=\"author\" content=\"Daniela H\" \/>\n<meta name=\"twitter:card\" content=\"summary_large_image\" \/>\n<meta name=\"twitter:label1\" content=\"Written by\" \/>\n\t<meta name=\"twitter:data1\" content=\"Daniela H\" \/>\n\t<meta name=\"twitter:label2\" content=\"Est. reading time\" \/>\n\t<meta name=\"twitter:data2\" content=\"1 minute\" \/>\n<script type=\"application\/ld+json\" class=\"yoast-schema-graph\">{\"@context\":\"https:\/\/schema.org\",\"@graph\":[{\"@type\":\"Article\",\"@id\":\"https:\/\/newsslash.com\/n\/17425-trailer-und-starttermin-fuer-monsters-at-work-staffel-2-bei-disney-plus\/#article\",\"isPartOf\":{\"@id\":\"https:\/\/newsslash.com\/n\/17425-trailer-und-starttermin-fuer-monsters-at-work-staffel-2-bei-disney-plus\/\"},\"author\":{\"name\":\"Daniela H\",\"@id\":\"https:\/\/newsslash.com\/n\/#\/schema\/person\/cb1381eb00b5dc4b3071475e9866df11\"},\"headline\":\"Trailer und Starttermin f\u00c3\u00bcr Monsters at Work Staffel 2 b&#8230;\",\"datePublished\":\"2024-03-28T20:10:40+00:00\",\"mainEntityOfPage\":{\"@id\":\"https:\/\/newsslash.com\/n\/17425-trailer-und-starttermin-fuer-monsters-at-work-staffel-2-bei-disney-plus\/\"},\"wordCount\":278,\"commentCount\":0,\"publisher\":{\"@id\":\"https:\/\/newsslash.com\/n\/#organization\"},\"image\":{\"@id\":\"https:\/\/newsslash.com\/n\/17425-trailer-und-starttermin-fuer-monsters-at-work-staffel-2-bei-disney-plus\/#primaryimage\"},\"thumbnailUrl\":\"https:\/\/newsslash.com\/n\/wp-content\/uploads\/2025\/04\/NewsSlash-Featured-Image.jpg\",\"articleSection\":[\"Blog\"],\"inLanguage\":\"en-US\",\"potentialAction\":[{\"@type\":\"CommentAction\",\"name\":\"Comment\",\"target\":[\"https:\/\/newsslash.com\/n\/17425-trailer-und-starttermin-fuer-monsters-at-work-staffel-2-bei-disney-plus\/#respond\"]}]},{\"@type\":\"WebPage\",\"@id\":\"https:\/\/newsslash.com\/n\/17425-trailer-und-starttermin-fuer-monsters-at-work-staffel-2-bei-disney-plus\/\",\"url\":\"https:\/\/newsslash.com\/n\/17425-trailer-und-starttermin-fuer-monsters-at-work-staffel-2-bei-disney-plus\/\",\"name\":\"Trailer und Starttermin f\u00c3\u00bcr Monsters at Work Staffel 2 b... - Newsslash\",\"isPartOf\":{\"@id\":\"https:\/\/newsslash.com\/n\/#website\"},\"primaryImageOfPage\":{\"@id\":\"https:\/\/newsslash.com\/n\/17425-trailer-und-starttermin-fuer-monsters-at-work-staffel-2-bei-disney-plus\/#primaryimage\"},\"image\":{\"@id\":\"https:\/\/newsslash.com\/n\/17425-trailer-und-starttermin-fuer-monsters-at-work-staffel-2-bei-disney-plus\/#primaryimage\"},\"thumbnailUrl\":\"https:\/\/newsslash.com\/n\/wp-content\/uploads\/2025\/04\/NewsSlash-Featured-Image.jpg\",\"datePublished\":\"2024-03-28T20:10:40+00:00\",\"breadcrumb\":{\"@id\":\"https:\/\/newsslash.com\/n\/17425-trailer-und-starttermin-fuer-monsters-at-work-staffel-2-bei-disney-plus\/#breadcrumb\"},\"inLanguage\":\"en-US\",\"potentialAction\":[{\"@type\":\"ReadAction\",\"target\":[\"https:\/\/newsslash.com\/n\/17425-trailer-und-starttermin-fuer-monsters-at-work-staffel-2-bei-disney-plus\/\"]}]},{\"@type\":\"ImageObject\",\"inLanguage\":\"en-US\",\"@id\":\"https:\/\/newsslash.com\/n\/17425-trailer-und-starttermin-fuer-monsters-at-work-staffel-2-bei-disney-plus\/#primaryimage\",\"url\":\"https:\/\/newsslash.com\/n\/wp-content\/uploads\/2025\/04\/NewsSlash-Featured-Image.jpg\",\"contentUrl\":\"https:\/\/newsslash.com\/n\/wp-content\/uploads\/2025\/04\/NewsSlash-Featured-Image.jpg\",\"width\":1280,\"height\":854},{\"@type\":\"BreadcrumbList\",\"@id\":\"https:\/\/newsslash.com\/n\/17425-trailer-und-starttermin-fuer-monsters-at-work-staffel-2-bei-disney-plus\/#breadcrumb\",\"itemListElement\":[{\"@type\":\"ListItem\",\"position\":1,\"name\":\"Home\",\"item\":\"https:\/\/newsslash.com\/n\/\"},{\"@type\":\"ListItem\",\"position\":2,\"name\":\"Trailer und Starttermin f\u00c3\u00bcr Monsters at Work Staffel 2 b&#8230;\"}]},{\"@type\":\"WebSite\",\"@id\":\"https:\/\/newsslash.com\/n\/#website\",\"url\":\"https:\/\/newsslash.com\/n\/\",\"name\":\"Newsslash\",\"description\":\"Trending News on Movies, Series, OTT, Gaming\",\"publisher\":{\"@id\":\"https:\/\/newsslash.com\/n\/#organization\"},\"potentialAction\":[{\"@type\":\"SearchAction\",\"target\":{\"@type\":\"EntryPoint\",\"urlTemplate\":\"https:\/\/newsslash.com\/n\/?s={search_term_string}\"},\"query-input\":{\"@type\":\"PropertyValueSpecification\",\"valueRequired\":true,\"valueName\":\"search_term_string\"}}],\"inLanguage\":\"en-US\"},{\"@type\":\"Organization\",\"@id\":\"https:\/\/newsslash.com\/n\/#organization\",\"name\":\"Newsslash\",\"url\":\"https:\/\/newsslash.com\/n\/\",\"logo\":{\"@type\":\"ImageObject\",\"inLanguage\":\"en-US\",\"@id\":\"https:\/\/newsslash.com\/n\/#\/schema\/logo\/image\/\",\"url\":\"https:\/\/newsslash.com\/n\/wp-content\/uploads\/2025\/04\/cropped-Newsslash-logo-Fevicon.png\",\"contentUrl\":\"https:\/\/newsslash.com\/n\/wp-content\/uploads\/2025\/04\/cropped-Newsslash-logo-Fevicon.png\",\"width\":512,\"height\":512,\"caption\":\"Newsslash\"},\"image\":{\"@id\":\"https:\/\/newsslash.com\/n\/#\/schema\/logo\/image\/\"}},{\"@type\":\"Person\",\"@id\":\"https:\/\/newsslash.com\/n\/#\/schema\/person\/cb1381eb00b5dc4b3071475e9866df11\",\"name\":\"Daniela H\",\"sameAs\":[\"https:\/\/newsslash.com\"],\"url\":\"https:\/\/newsslash.com\/n\/author\/daniela_h\/\"}]}<\/script>\n<!-- \/ Yoast SEO plugin. -->","yoast_head_json":{"title":"Trailer und Starttermin f\u00c3\u00bcr Monsters at Work Staffel 2 b... - Newsslash","robots":{"index":"noindex","follow":"follow"},"og_locale":"en_US","og_type":"article","og_title":"Trailer und Starttermin f\u00c3\u00bcr Monsters at Work Staffel 2 b... - Newsslash","og_description":"Bald schon geht es mit der zweiten Staffel der Serie Monster bei der Arbeit auf Disney+ weiter. Die Profi-Erschrecker von Monsters... Mehr auf Newsslash.com!","og_url":"https:\/\/newsslash.com\/n\/17425-trailer-und-starttermin-fuer-monsters-at-work-staffel-2-bei-disney-plus\/","og_site_name":"Newsslash","article_published_time":"2024-03-28T20:10:40+00:00","og_image":[{"width":1280,"height":854,"url":"https:\/\/newsslash.com\/n\/wp-content\/uploads\/2025\/04\/NewsSlash-Featured-Image.jpg","type":"image\/jpeg"}],"author":"Daniela H","twitter_card":"summary_large_image","twitter_misc":{"Written by":"Daniela H","Est. reading time":"1 minute"},"schema":{"@context":"https:\/\/schema.org","@graph":[{"@type":"Article","@id":"https:\/\/newsslash.com\/n\/17425-trailer-und-starttermin-fuer-monsters-at-work-staffel-2-bei-disney-plus\/#article","isPartOf":{"@id":"https:\/\/newsslash.com\/n\/17425-trailer-und-starttermin-fuer-monsters-at-work-staffel-2-bei-disney-plus\/"},"author":{"name":"Daniela H","@id":"https:\/\/newsslash.com\/n\/#\/schema\/person\/cb1381eb00b5dc4b3071475e9866df11"},"headline":"Trailer und Starttermin f\u00c3\u00bcr Monsters at Work Staffel 2 b&#8230;","datePublished":"2024-03-28T20:10:40+00:00","mainEntityOfPage":{"@id":"https:\/\/newsslash.com\/n\/17425-trailer-und-starttermin-fuer-monsters-at-work-staffel-2-bei-disney-plus\/"},"wordCount":278,"commentCount":0,"publisher":{"@id":"https:\/\/newsslash.com\/n\/#organization"},"image":{"@id":"https:\/\/newsslash.com\/n\/17425-trailer-und-starttermin-fuer-monsters-at-work-staffel-2-bei-disney-plus\/#primaryimage"},"thumbnailUrl":"https:\/\/newsslash.com\/n\/wp-content\/uploads\/2025\/04\/NewsSlash-Featured-Image.jpg","articleSection":["Blog"],"inLanguage":"en-US","potentialAction":[{"@type":"CommentAction","name":"Comment","target":["https:\/\/newsslash.com\/n\/17425-trailer-und-starttermin-fuer-monsters-at-work-staffel-2-bei-disney-plus\/#respond"]}]},{"@type":"WebPage","@id":"https:\/\/newsslash.com\/n\/17425-trailer-und-starttermin-fuer-monsters-at-work-staffel-2-bei-disney-plus\/","url":"https:\/\/newsslash.com\/n\/17425-trailer-und-starttermin-fuer-monsters-at-work-staffel-2-bei-disney-plus\/","name":"Trailer und Starttermin f\u00c3\u00bcr Monsters at Work Staffel 2 b... - Newsslash","isPartOf":{"@id":"https:\/\/newsslash.com\/n\/#website"},"primaryImageOfPage":{"@id":"https:\/\/newsslash.com\/n\/17425-trailer-und-starttermin-fuer-monsters-at-work-staffel-2-bei-disney-plus\/#primaryimage"},"image":{"@id":"https:\/\/newsslash.com\/n\/17425-trailer-und-starttermin-fuer-monsters-at-work-staffel-2-bei-disney-plus\/#primaryimage"},"thumbnailUrl":"https:\/\/newsslash.com\/n\/wp-content\/uploads\/2025\/04\/NewsSlash-Featured-Image.jpg","datePublished":"2024-03-28T20:10:40+00:00","breadcrumb":{"@id":"https:\/\/newsslash.com\/n\/17425-trailer-und-starttermin-fuer-monsters-at-work-staffel-2-bei-disney-plus\/#breadcrumb"},"inLanguage":"en-US","potentialAction":[{"@type":"ReadAction","target":["https:\/\/newsslash.com\/n\/17425-trailer-und-starttermin-fuer-monsters-at-work-staffel-2-bei-disney-plus\/"]}]},{"@type":"ImageObject","inLanguage":"en-US","@id":"https:\/\/newsslash.com\/n\/17425-trailer-und-starttermin-fuer-monsters-at-work-staffel-2-bei-disney-plus\/#primaryimage","url":"https:\/\/newsslash.com\/n\/wp-content\/uploads\/2025\/04\/NewsSlash-Featured-Image.jpg","contentUrl":"https:\/\/newsslash.com\/n\/wp-content\/uploads\/2025\/04\/NewsSlash-Featured-Image.jpg","width":1280,"height":854},{"@type":"BreadcrumbList","@id":"https:\/\/newsslash.com\/n\/17425-trailer-und-starttermin-fuer-monsters-at-work-staffel-2-bei-disney-plus\/#breadcrumb","itemListElement":[{"@type":"ListItem","position":1,"name":"Home","item":"https:\/\/newsslash.com\/n\/"},{"@type":"ListItem","position":2,"name":"Trailer und Starttermin f\u00c3\u00bcr Monsters at Work Staffel 2 b&#8230;"}]},{"@type":"WebSite","@id":"https:\/\/newsslash.com\/n\/#website","url":"https:\/\/newsslash.com\/n\/","name":"Newsslash","description":"Trending News on Movies, Series, OTT, Gaming","publisher":{"@id":"https:\/\/newsslash.com\/n\/#organization"},"potentialAction":[{"@type":"SearchAction","target":{"@type":"EntryPoint","urlTemplate":"https:\/\/newsslash.com\/n\/?s={search_term_string}"},"query-input":{"@type":"PropertyValueSpecification","valueRequired":true,"valueName":"search_term_string"}}],"inLanguage":"en-US"},{"@type":"Organization","@id":"https:\/\/newsslash.com\/n\/#organization","name":"Newsslash","url":"https:\/\/newsslash.com\/n\/","logo":{"@type":"ImageObject","inLanguage":"en-US","@id":"https:\/\/newsslash.com\/n\/#\/schema\/logo\/image\/","url":"https:\/\/newsslash.com\/n\/wp-content\/uploads\/2025\/04\/cropped-Newsslash-logo-Fevicon.png","contentUrl":"https:\/\/newsslash.com\/n\/wp-content\/uploads\/2025\/04\/cropped-Newsslash-logo-Fevicon.png","width":512,"height":512,"caption":"Newsslash"},"image":{"@id":"https:\/\/newsslash.com\/n\/#\/schema\/logo\/image\/"}},{"@type":"Person","@id":"https:\/\/newsslash.com\/n\/#\/schema\/person\/cb1381eb00b5dc4b3071475e9866df11","name":"Daniela H","sameAs":["https:\/\/newsslash.com"],"url":"https:\/\/newsslash.com\/n\/author\/daniela_h\/"}]}},"_links":{"self":[{"href":"https:\/\/newsslash.com\/n\/wp-json\/wp\/v2\/posts\/21498","targetHints":{"allow":["GET"]}}],"collection":[{"href":"https:\/\/newsslash.com\/n\/wp-json\/wp\/v2\/posts"}],"about":[{"href":"https:\/\/newsslash.com\/n\/wp-json\/wp\/v2\/types\/post"}],"author":[{"embeddable":true,"href":"https:\/\/newsslash.com\/n\/wp-json\/wp\/v2\/users\/7"}],"replies":[{"embeddable":true,"href":"https:\/\/newsslash.com\/n\/wp-json\/wp\/v2\/comments?post=21498"}],"version-history":[{"count":0,"href":"https:\/\/newsslash.com\/n\/wp-json\/wp\/v2\/posts\/21498\/revisions"}],"wp:featuredmedia":[{"embeddable":true,"href":"https:\/\/newsslash.com\/n\/wp-json\/wp\/v2\/media\/21974"}],"wp:attachment":[{"href":"https:\/\/newsslash.com\/n\/wp-json\/wp\/v2\/media?parent=21498"}],"curies":[{"name":"wp","href":"https:\/\/api.w.org\/{rel}","templated":true}]}}