{"id":21501,"date":"2024-04-01T13:17:15","date_gmt":"2024-04-01T13:17:15","guid":{"rendered":"https:\/\/newsslash.com\/n\/17428-das-sind-die-neuen-serien-und-filme-in-der-ard-mediathek-im-april-2024\/"},"modified":"2024-04-01T13:17:15","modified_gmt":"2024-04-01T13:17:15","slug":"17428-das-sind-die-neuen-serien-und-filme-in-der-ard-mediathek-im-april-2024","status":"publish","type":"post","link":"https:\/\/newsslash.com\/n\/17428-das-sind-die-neuen-serien-und-filme-in-der-ard-mediathek-im-april-2024\/","title":{"rendered":"Das sind die neuen Serien und Filme in der ARD Mediathek &#8230;"},"content":{"rendered":"<p>Es ist eine gute alte Tradition geworden, dass wir nicht nur \u00c3\u00bcber die neuen Inhalte bei den Streamingdiensten wie Netflix, Amazon und Disney+ berichten, sondern uns auch bei den \u00c3\u00b6ffentlich-rechtlichen Sendern und deren Mediatheken umschauen. Denn ziemlich oft gibt es hier Formate, die wirklich gut sind und nichts mit Rentnerfernsehen zu tun haben. Also gibt es auch in diesem Monat wieder unseren Blick auf die Highlights in der ARD-Mediathek f\u00c3\u00bcr den April 2024. <b>1. April, 8. April und 22. April \u00e2\u20ac\u201c das Reportagen-Special in der ARD-Mediathek<\/b> An drei Donnerstagen im April starten in der ARD-Mediathek Reportagen zu besonderen Themen. Am 1. April geht es mit Das Beauty-Desaster-Gef\u00c3\u00a4hrlicher Sch\u00c3\u00b6nheitstrend: Wenn die Hyaluron-Behandlung schiefl\u00c3\u00a4uft. Selma Badawi zeigt in ihrer Reportage die Facetten der Sch\u00c3\u00b6nheitsindustrie, die durch teilweise keine oder nur geringe Qualit\u00c3\u00a4tsstandards zur Gefahr f\u00c3\u00bcr die Kunden und Kundinnen werden. Weiter geht es am 8. April mit der Doku Fandom Extrem \u00e2\u20ac\u201c Die Macht der Superfans, in der Y-Kollektiv-Reporterin Jasmin Weiner der Frage nach dem gottgleichen Star und seinen Fans, die das Fan-Sein als Lebensaufgabe sehen, besch\u00c3\u00a4ftigt. Ab dem 22. April besch\u00c3\u00a4ftigt sich Laura Kipfelsberger mit Luxusfakes \u00e2\u20ac\u201c Markenfakes so gut wie das Original. Sie taucht mit dieser Reportage in das kriminelle Gesch\u00c3\u00a4ft der F\u00c3\u00a4lscher ein, die sich mit unechten Luxusgegenst\u00c3\u00a4nden eine Scheibe vom Luxus-Boom abschneiden wollen. <b>Au\u00c3\u0178er Dienst? Die Gerhard Schr\u00c3\u00b6der Story ab 3. April<\/b> Ab Mittwoch, den 3. April besch\u00c3\u00a4ftigt sich eine Doku mit einem Mann der j\u00c3\u00bcngeren Zeitgeschichte, der Deutschland pr\u00c3\u00a4gte und auch heute noch nicht aus den Schlagzeilen verschwunden ist. Es geht um Gerhard Schr\u00c3\u00b6der, den Ex-Bundeskanzler, \u00c3\u00bcber den viel geredet wird, aber mit dem kaum geredet wird. Die Reportage redet mit Schr\u00c3\u00b6der, der am 7. April 80 Jahre alt wird. <b>Charit\u00c3\u00a9 Staffel 4 ab 5. April 2024<\/b> Ab dem 4. April 2024 gibt es in der ARD-Mediathek die vierte Staffel der Serie Charit\u00c3\u00a9 zu sehen. Mara Safadi kehrt in den neuen Folgen mit ihrer Frau, der Gyn\u00c3\u00a4kologin Julia Kowalczyk an die Charit\u00c3\u00a9 zur\u00c3\u00bcck. Safadi ist die neue Leiterin des Instituts f\u00c3\u00bcr Mikrobiologie an der bekannten Klinik und wird gleich zu Beginn ihrer T\u00c3\u00a4tigkeit mit einer enormen Herausforderung in Form eines neuen Bakteriums konfrontiert. Hinzu kommt, dass die ber\u00c3\u00bchmte Barmherzigkeit der Charit\u00c3\u00a9, die sie sich bis in s Jahr 2049, in dem die vierte Staffel ansetzt, erhalten hat, von einer neuen Gesundheitsreform bedroht ist. Safadis Mutter will gegen die damit verbundene Ungleichheit bei der Behandlung der Menschen vorgehen. <iframe loading=\"lazy\" allowfullscreen=\"\" frameborder=\"0\" height=\"315\" src=\"https:\/\/www.youtube-nocookie.com\/embed\/9THJ2NATYAs?si=-i1UxqFffiMw0b4b\" width=\"100%\"><\/iframe> <b>Thriller-Serie The Fortress ab 12. April 2024<\/b> Die Thriller-Serie The Fortress entf\u00c3\u00bchrt die Zuschauenden nach Norwegen ins Jahr 2037. Seit zehn Jahren schon hat sich das Land hinter Stacheldraht von der restlichen Welt abgeschottet und versucht, autark zu leben. Das klappt auch ganz gut, weswegen es mehr und mehr Menschen an die Grenzen des Landes zieht, um Einlass zu bekommen. Jedoch gibt es nicht nur strenge Auflagen, sondern auch eine geregelte Menge an Menschen, die ins Land d\u00c3\u00bcrfen. Aber dann kommt es in einer der Fischzuchtanlagen zu einem seltsamen Fischsterben. Die Krankheit \u00c3\u00bcbertr\u00c3\u00a4gts ich auch auf die Menschen. Ist das das Ende des autarken Norwegens? <b>Spielfilm Diener der Dunkelheit ab 26. April<\/b> Mit dem Spielfilm Diener der Dunkelheit wird es mystisch in der ARD-Mediathek. Ab dem 26. April k\u00c3\u00b6nnen die Zuschauenden mit Samantha Andretti nach 15 Jahren au einem Verlies fl\u00c3\u00bcchten. Dort musste Samantha arg leiden. Wurde gefoltert und sadistisch gequ\u00c3\u00a4lt. Nach der Flucht versucht nun Psychiater Dr. Green, gespielt von Dustin Hoffmann, ihr zu helfen und gleichzeitig durch die Therapie Erinnerungen an den oder die Entf\u00c3\u00bchrer zu wecken, um denen auf die Spur zu kommen. \u00e2\u20ac\u0192 <iframe loading=\"lazy\" allowfullscreen=\"\" frameborder=\"0\" height=\"315\" src=\"https:\/\/www.youtube-nocookie.com\/embed\/rXxrJUc7CdM?si=DKlHUk5CZ09bMyiq\" width=\"100%\"><\/iframe> <b>Nachtstreife Staffel 3 ab 30. April<\/b> Ab dem 30. April steht die dritte Staffel der Serie Nachtstreife in der ARD-Mediathek zur Verf\u00c3\u00bcgung. Nat\u00c3\u00bcrlich geht es wieder um die Arbeit der Mainzer Polizei. Verschiedene Teams der Kriminal- und der Schutzpolizei werden in dieser Doku begleitet und von ihren n\u00c3\u00a4chtlichen Eins\u00c3\u00a4tzen berichtet. Nachtstreife zeigt dabei nicht die verschiedenen Delikte und St\u00c3\u00b6rungen, sondern auch die Menschen unter der Uninform.<\/p><div class=\"newss-content\" id=\"newss-3162293922\"><script async src=\"\/\/pagead2.googlesyndication.com\/pagead\/js\/adsbygoogle.js?client=ca-pub-7733425960004873\" crossorigin=\"anonymous\"><\/script><ins class=\"adsbygoogle\" style=\"display:block;\" data-ad-client=\"ca-pub-7733425960004873\" \ndata-ad-slot=\"2582020599\" \ndata-ad-format=\"auto\"><\/ins>\n<script> \n(adsbygoogle = window.adsbygoogle || []).push({}); \n<\/script>\n<\/div><div class=\"newss-article-1\" id=\"newss-560015655\"><script async src=\"https:\/\/pagead2.googlesyndication.com\/pagead\/js\/adsbygoogle.js?client=ca-pub-7733425960004873\"\r\n     crossorigin=\"anonymous\"><\/script>\r\n<!-- Homepage2 -->\r\n<ins class=\"adsbygoogle\"\r\n     style=\"display:block\"\r\n     data-ad-client=\"ca-pub-7733425960004873\"\r\n     data-ad-slot=\"2582020599\"\r\n     data-ad-format=\"auto\"\r\n     data-full-width-responsive=\"true\"><\/ins>\r\n<script>\r\n     (adsbygoogle = window.adsbygoogle || []).push({});\r\n<\/script><\/div>\n","protected":false},"excerpt":{"rendered":"<p>Neben den vielen anderen Streamingdiensten hat auch die ARD-Mediathek ihre neuen Serien und Filme f\u00c3\u00bcr den n\u00c3\u00a4chsten Monat&#8230; Mehr auf Newsslash.com!<\/p>\n","protected":false},"author":7,"featured_media":21974,"comment_status":"open","ping_status":"open","sticky":false,"template":"","format":"standard","meta":{"_et_pb_use_builder":"","_et_pb_old_content":"","_et_gb_content_width":"","footnotes":""},"class_list":["post-21501","post","type-post","status-publish","format-standard","has-post-thumbnail","hentry","category-blog"],"yoast_head":"<!-- This site is optimized with the Yoast SEO plugin v24.8.1 - https:\/\/yoast.com\/wordpress\/plugins\/seo\/ -->\n<title>Das sind die neuen Serien und Filme in der ARD Mediathek ... - Newsslash<\/title>\n<meta name=\"robots\" content=\"noindex, follow\" \/>\n<meta property=\"og:locale\" content=\"en_US\" \/>\n<meta property=\"og:type\" content=\"article\" \/>\n<meta property=\"og:title\" content=\"Das sind die neuen Serien und Filme in der ARD Mediathek ... - Newsslash\" \/>\n<meta property=\"og:description\" content=\"Neben den vielen anderen Streamingdiensten hat auch die ARD-Mediathek ihre neuen Serien und Filme f\u00c3\u00bcr den n\u00c3\u00a4chsten Monat... Mehr auf Newsslash.com!\" \/>\n<meta property=\"og:url\" content=\"https:\/\/newsslash.com\/n\/17428-das-sind-die-neuen-serien-und-filme-in-der-ard-mediathek-im-april-2024\/\" \/>\n<meta property=\"og:site_name\" content=\"Newsslash\" \/>\n<meta property=\"article:published_time\" content=\"2024-04-01T13:17:15+00:00\" \/>\n<meta property=\"og:image\" content=\"https:\/\/newsslash.com\/n\/wp-content\/uploads\/2025\/04\/NewsSlash-Featured-Image.jpg\" \/>\n\t<meta property=\"og:image:width\" content=\"1280\" \/>\n\t<meta property=\"og:image:height\" content=\"854\" \/>\n\t<meta property=\"og:image:type\" content=\"image\/jpeg\" \/>\n<meta name=\"author\" content=\"Daniela H\" \/>\n<meta name=\"twitter:card\" content=\"summary_large_image\" \/>\n<meta name=\"twitter:label1\" content=\"Written by\" \/>\n\t<meta name=\"twitter:data1\" content=\"Daniela H\" \/>\n\t<meta name=\"twitter:label2\" content=\"Est. reading time\" \/>\n\t<meta name=\"twitter:data2\" content=\"3 minutes\" \/>\n<script type=\"application\/ld+json\" class=\"yoast-schema-graph\">{\"@context\":\"https:\/\/schema.org\",\"@graph\":[{\"@type\":\"Article\",\"@id\":\"https:\/\/newsslash.com\/n\/17428-das-sind-die-neuen-serien-und-filme-in-der-ard-mediathek-im-april-2024\/#article\",\"isPartOf\":{\"@id\":\"https:\/\/newsslash.com\/n\/17428-das-sind-die-neuen-serien-und-filme-in-der-ard-mediathek-im-april-2024\/\"},\"author\":{\"name\":\"Daniela H\",\"@id\":\"https:\/\/newsslash.com\/n\/#\/schema\/person\/cb1381eb00b5dc4b3071475e9866df11\"},\"headline\":\"Das sind die neuen Serien und Filme in der ARD Mediathek &#8230;\",\"datePublished\":\"2024-04-01T13:17:15+00:00\",\"mainEntityOfPage\":{\"@id\":\"https:\/\/newsslash.com\/n\/17428-das-sind-die-neuen-serien-und-filme-in-der-ard-mediathek-im-april-2024\/\"},\"wordCount\":670,\"commentCount\":0,\"publisher\":{\"@id\":\"https:\/\/newsslash.com\/n\/#organization\"},\"image\":{\"@id\":\"https:\/\/newsslash.com\/n\/17428-das-sind-die-neuen-serien-und-filme-in-der-ard-mediathek-im-april-2024\/#primaryimage\"},\"thumbnailUrl\":\"https:\/\/newsslash.com\/n\/wp-content\/uploads\/2025\/04\/NewsSlash-Featured-Image.jpg\",\"articleSection\":[\"Blog\"],\"inLanguage\":\"en-US\",\"potentialAction\":[{\"@type\":\"CommentAction\",\"name\":\"Comment\",\"target\":[\"https:\/\/newsslash.com\/n\/17428-das-sind-die-neuen-serien-und-filme-in-der-ard-mediathek-im-april-2024\/#respond\"]}]},{\"@type\":\"WebPage\",\"@id\":\"https:\/\/newsslash.com\/n\/17428-das-sind-die-neuen-serien-und-filme-in-der-ard-mediathek-im-april-2024\/\",\"url\":\"https:\/\/newsslash.com\/n\/17428-das-sind-die-neuen-serien-und-filme-in-der-ard-mediathek-im-april-2024\/\",\"name\":\"Das sind die neuen Serien und Filme in der ARD Mediathek ... - Newsslash\",\"isPartOf\":{\"@id\":\"https:\/\/newsslash.com\/n\/#website\"},\"primaryImageOfPage\":{\"@id\":\"https:\/\/newsslash.com\/n\/17428-das-sind-die-neuen-serien-und-filme-in-der-ard-mediathek-im-april-2024\/#primaryimage\"},\"image\":{\"@id\":\"https:\/\/newsslash.com\/n\/17428-das-sind-die-neuen-serien-und-filme-in-der-ard-mediathek-im-april-2024\/#primaryimage\"},\"thumbnailUrl\":\"https:\/\/newsslash.com\/n\/wp-content\/uploads\/2025\/04\/NewsSlash-Featured-Image.jpg\",\"datePublished\":\"2024-04-01T13:17:15+00:00\",\"breadcrumb\":{\"@id\":\"https:\/\/newsslash.com\/n\/17428-das-sind-die-neuen-serien-und-filme-in-der-ard-mediathek-im-april-2024\/#breadcrumb\"},\"inLanguage\":\"en-US\",\"potentialAction\":[{\"@type\":\"ReadAction\",\"target\":[\"https:\/\/newsslash.com\/n\/17428-das-sind-die-neuen-serien-und-filme-in-der-ard-mediathek-im-april-2024\/\"]}]},{\"@type\":\"ImageObject\",\"inLanguage\":\"en-US\",\"@id\":\"https:\/\/newsslash.com\/n\/17428-das-sind-die-neuen-serien-und-filme-in-der-ard-mediathek-im-april-2024\/#primaryimage\",\"url\":\"https:\/\/newsslash.com\/n\/wp-content\/uploads\/2025\/04\/NewsSlash-Featured-Image.jpg\",\"contentUrl\":\"https:\/\/newsslash.com\/n\/wp-content\/uploads\/2025\/04\/NewsSlash-Featured-Image.jpg\",\"width\":1280,\"height\":854},{\"@type\":\"BreadcrumbList\",\"@id\":\"https:\/\/newsslash.com\/n\/17428-das-sind-die-neuen-serien-und-filme-in-der-ard-mediathek-im-april-2024\/#breadcrumb\",\"itemListElement\":[{\"@type\":\"ListItem\",\"position\":1,\"name\":\"Home\",\"item\":\"https:\/\/newsslash.com\/n\/\"},{\"@type\":\"ListItem\",\"position\":2,\"name\":\"Das sind die neuen Serien und Filme in der ARD Mediathek &#8230;\"}]},{\"@type\":\"WebSite\",\"@id\":\"https:\/\/newsslash.com\/n\/#website\",\"url\":\"https:\/\/newsslash.com\/n\/\",\"name\":\"Newsslash\",\"description\":\"Trending News on Movies, Series, OTT, Gaming\",\"publisher\":{\"@id\":\"https:\/\/newsslash.com\/n\/#organization\"},\"potentialAction\":[{\"@type\":\"SearchAction\",\"target\":{\"@type\":\"EntryPoint\",\"urlTemplate\":\"https:\/\/newsslash.com\/n\/?s={search_term_string}\"},\"query-input\":{\"@type\":\"PropertyValueSpecification\",\"valueRequired\":true,\"valueName\":\"search_term_string\"}}],\"inLanguage\":\"en-US\"},{\"@type\":\"Organization\",\"@id\":\"https:\/\/newsslash.com\/n\/#organization\",\"name\":\"Newsslash\",\"url\":\"https:\/\/newsslash.com\/n\/\",\"logo\":{\"@type\":\"ImageObject\",\"inLanguage\":\"en-US\",\"@id\":\"https:\/\/newsslash.com\/n\/#\/schema\/logo\/image\/\",\"url\":\"https:\/\/newsslash.com\/n\/wp-content\/uploads\/2025\/04\/cropped-Newsslash-logo-Fevicon.png\",\"contentUrl\":\"https:\/\/newsslash.com\/n\/wp-content\/uploads\/2025\/04\/cropped-Newsslash-logo-Fevicon.png\",\"width\":512,\"height\":512,\"caption\":\"Newsslash\"},\"image\":{\"@id\":\"https:\/\/newsslash.com\/n\/#\/schema\/logo\/image\/\"}},{\"@type\":\"Person\",\"@id\":\"https:\/\/newsslash.com\/n\/#\/schema\/person\/cb1381eb00b5dc4b3071475e9866df11\",\"name\":\"Daniela H\",\"sameAs\":[\"https:\/\/newsslash.com\"],\"url\":\"https:\/\/newsslash.com\/n\/author\/daniela_h\/\"}]}<\/script>\n<!-- \/ Yoast SEO plugin. -->","yoast_head_json":{"title":"Das sind die neuen Serien und Filme in der ARD Mediathek ... - Newsslash","robots":{"index":"noindex","follow":"follow"},"og_locale":"en_US","og_type":"article","og_title":"Das sind die neuen Serien und Filme in der ARD Mediathek ... - Newsslash","og_description":"Neben den vielen anderen Streamingdiensten hat auch die ARD-Mediathek ihre neuen Serien und Filme f\u00c3\u00bcr den n\u00c3\u00a4chsten Monat... Mehr auf Newsslash.com!","og_url":"https:\/\/newsslash.com\/n\/17428-das-sind-die-neuen-serien-und-filme-in-der-ard-mediathek-im-april-2024\/","og_site_name":"Newsslash","article_published_time":"2024-04-01T13:17:15+00:00","og_image":[{"width":1280,"height":854,"url":"https:\/\/newsslash.com\/n\/wp-content\/uploads\/2025\/04\/NewsSlash-Featured-Image.jpg","type":"image\/jpeg"}],"author":"Daniela H","twitter_card":"summary_large_image","twitter_misc":{"Written by":"Daniela H","Est. reading time":"3 minutes"},"schema":{"@context":"https:\/\/schema.org","@graph":[{"@type":"Article","@id":"https:\/\/newsslash.com\/n\/17428-das-sind-die-neuen-serien-und-filme-in-der-ard-mediathek-im-april-2024\/#article","isPartOf":{"@id":"https:\/\/newsslash.com\/n\/17428-das-sind-die-neuen-serien-und-filme-in-der-ard-mediathek-im-april-2024\/"},"author":{"name":"Daniela H","@id":"https:\/\/newsslash.com\/n\/#\/schema\/person\/cb1381eb00b5dc4b3071475e9866df11"},"headline":"Das sind die neuen Serien und Filme in der ARD Mediathek &#8230;","datePublished":"2024-04-01T13:17:15+00:00","mainEntityOfPage":{"@id":"https:\/\/newsslash.com\/n\/17428-das-sind-die-neuen-serien-und-filme-in-der-ard-mediathek-im-april-2024\/"},"wordCount":670,"commentCount":0,"publisher":{"@id":"https:\/\/newsslash.com\/n\/#organization"},"image":{"@id":"https:\/\/newsslash.com\/n\/17428-das-sind-die-neuen-serien-und-filme-in-der-ard-mediathek-im-april-2024\/#primaryimage"},"thumbnailUrl":"https:\/\/newsslash.com\/n\/wp-content\/uploads\/2025\/04\/NewsSlash-Featured-Image.jpg","articleSection":["Blog"],"inLanguage":"en-US","potentialAction":[{"@type":"CommentAction","name":"Comment","target":["https:\/\/newsslash.com\/n\/17428-das-sind-die-neuen-serien-und-filme-in-der-ard-mediathek-im-april-2024\/#respond"]}]},{"@type":"WebPage","@id":"https:\/\/newsslash.com\/n\/17428-das-sind-die-neuen-serien-und-filme-in-der-ard-mediathek-im-april-2024\/","url":"https:\/\/newsslash.com\/n\/17428-das-sind-die-neuen-serien-und-filme-in-der-ard-mediathek-im-april-2024\/","name":"Das sind die neuen Serien und Filme in der ARD Mediathek ... - Newsslash","isPartOf":{"@id":"https:\/\/newsslash.com\/n\/#website"},"primaryImageOfPage":{"@id":"https:\/\/newsslash.com\/n\/17428-das-sind-die-neuen-serien-und-filme-in-der-ard-mediathek-im-april-2024\/#primaryimage"},"image":{"@id":"https:\/\/newsslash.com\/n\/17428-das-sind-die-neuen-serien-und-filme-in-der-ard-mediathek-im-april-2024\/#primaryimage"},"thumbnailUrl":"https:\/\/newsslash.com\/n\/wp-content\/uploads\/2025\/04\/NewsSlash-Featured-Image.jpg","datePublished":"2024-04-01T13:17:15+00:00","breadcrumb":{"@id":"https:\/\/newsslash.com\/n\/17428-das-sind-die-neuen-serien-und-filme-in-der-ard-mediathek-im-april-2024\/#breadcrumb"},"inLanguage":"en-US","potentialAction":[{"@type":"ReadAction","target":["https:\/\/newsslash.com\/n\/17428-das-sind-die-neuen-serien-und-filme-in-der-ard-mediathek-im-april-2024\/"]}]},{"@type":"ImageObject","inLanguage":"en-US","@id":"https:\/\/newsslash.com\/n\/17428-das-sind-die-neuen-serien-und-filme-in-der-ard-mediathek-im-april-2024\/#primaryimage","url":"https:\/\/newsslash.com\/n\/wp-content\/uploads\/2025\/04\/NewsSlash-Featured-Image.jpg","contentUrl":"https:\/\/newsslash.com\/n\/wp-content\/uploads\/2025\/04\/NewsSlash-Featured-Image.jpg","width":1280,"height":854},{"@type":"BreadcrumbList","@id":"https:\/\/newsslash.com\/n\/17428-das-sind-die-neuen-serien-und-filme-in-der-ard-mediathek-im-april-2024\/#breadcrumb","itemListElement":[{"@type":"ListItem","position":1,"name":"Home","item":"https:\/\/newsslash.com\/n\/"},{"@type":"ListItem","position":2,"name":"Das sind die neuen Serien und Filme in der ARD Mediathek &#8230;"}]},{"@type":"WebSite","@id":"https:\/\/newsslash.com\/n\/#website","url":"https:\/\/newsslash.com\/n\/","name":"Newsslash","description":"Trending News on Movies, Series, OTT, Gaming","publisher":{"@id":"https:\/\/newsslash.com\/n\/#organization"},"potentialAction":[{"@type":"SearchAction","target":{"@type":"EntryPoint","urlTemplate":"https:\/\/newsslash.com\/n\/?s={search_term_string}"},"query-input":{"@type":"PropertyValueSpecification","valueRequired":true,"valueName":"search_term_string"}}],"inLanguage":"en-US"},{"@type":"Organization","@id":"https:\/\/newsslash.com\/n\/#organization","name":"Newsslash","url":"https:\/\/newsslash.com\/n\/","logo":{"@type":"ImageObject","inLanguage":"en-US","@id":"https:\/\/newsslash.com\/n\/#\/schema\/logo\/image\/","url":"https:\/\/newsslash.com\/n\/wp-content\/uploads\/2025\/04\/cropped-Newsslash-logo-Fevicon.png","contentUrl":"https:\/\/newsslash.com\/n\/wp-content\/uploads\/2025\/04\/cropped-Newsslash-logo-Fevicon.png","width":512,"height":512,"caption":"Newsslash"},"image":{"@id":"https:\/\/newsslash.com\/n\/#\/schema\/logo\/image\/"}},{"@type":"Person","@id":"https:\/\/newsslash.com\/n\/#\/schema\/person\/cb1381eb00b5dc4b3071475e9866df11","name":"Daniela H","sameAs":["https:\/\/newsslash.com"],"url":"https:\/\/newsslash.com\/n\/author\/daniela_h\/"}]}},"_links":{"self":[{"href":"https:\/\/newsslash.com\/n\/wp-json\/wp\/v2\/posts\/21501","targetHints":{"allow":["GET"]}}],"collection":[{"href":"https:\/\/newsslash.com\/n\/wp-json\/wp\/v2\/posts"}],"about":[{"href":"https:\/\/newsslash.com\/n\/wp-json\/wp\/v2\/types\/post"}],"author":[{"embeddable":true,"href":"https:\/\/newsslash.com\/n\/wp-json\/wp\/v2\/users\/7"}],"replies":[{"embeddable":true,"href":"https:\/\/newsslash.com\/n\/wp-json\/wp\/v2\/comments?post=21501"}],"version-history":[{"count":0,"href":"https:\/\/newsslash.com\/n\/wp-json\/wp\/v2\/posts\/21501\/revisions"}],"wp:featuredmedia":[{"embeddable":true,"href":"https:\/\/newsslash.com\/n\/wp-json\/wp\/v2\/media\/21974"}],"wp:attachment":[{"href":"https:\/\/newsslash.com\/n\/wp-json\/wp\/v2\/media?parent=21501"}],"curies":[{"name":"wp","href":"https:\/\/api.w.org\/{rel}","templated":true}]}}