{"id":21502,"date":"2024-04-02T12:35:41","date_gmt":"2024-04-02T12:35:41","guid":{"rendered":"https:\/\/newsslash.com\/n\/17429-ich-capitano-fesselndes-fluchtdrama-startet-in-den-kinos\/"},"modified":"2024-04-02T12:35:41","modified_gmt":"2024-04-02T12:35:41","slug":"17429-ich-capitano-fesselndes-fluchtdrama-startet-in-den-kinos","status":"publish","type":"post","link":"https:\/\/newsslash.com\/n\/17429-ich-capitano-fesselndes-fluchtdrama-startet-in-den-kinos\/","title":{"rendered":"Ich Capitano \u00e2\u20ac\u201c Fesselndes Fluchtdrama startet in den Kinos"},"content":{"rendered":"<p>Bilder von gekenterten Fl\u00c3\u00bcchtlingsbooten, Geschichten \u00c3\u00bcber dramatische Schicksale und Diskussionen darum, welche Hilfe oder Nicht-Hilfe den Schlepperbanden wirklich hilft, bestimmen seit Jahren die Nachrichten. Nun kommt mit Ich Capitano am 5. April endlich auch ein Film in die Kinos, der sich mit den lebensgef\u00c3\u00a4hrlichen Reisen \u00c3\u00bcber das Mittelmeer besch\u00c3\u00a4ftigt. Ich Capitano wurde mit einem Auslands-Oscar nominiert und erz\u00c3\u00a4hlt authentisch, was eigentlich wirklich vor und auf dem Weg nach Europa passiert. Wir haben die wichtigsten Infos und den offiziellen Trailer z Ich Capitano f\u00c3\u00bcr euch, damit ihr euch schon mal auf euren Kinobesuch einstimmen k\u00c3\u00b6nnt. Die beiden Hauptfiguren des Films Ich Capitano, der im letzten Jahr mit dem Silbernen L\u00c3\u00b6wen in Venedig ausgezeichnet wurde, sind zwei Jugendluche aus dem Senegal. Die beiden Cousins tr\u00c3\u00a4umen davon, in Europa endlich Musik zu machen, erfolgreiche Popstars zu werden und Autogramme zu geben. Daf\u00c3\u00bcr machen sie sich auf den Weg von Westafrika nach Italien. Sie stellen sich diese Reise als ein gro\u00c3\u0178es Abenteuer vor, haben daf\u00c3\u00bcr lange gespart und m\u00c3\u00bcssen dann feststellen, dass dieser Trip ein Kampf ums \u00c3\u0153berleben wird. Seydou und Moussa geraten in gef\u00c3\u00a4hrliche Situationen. Regisseur Garrone unterteilt den Film in verschiedene Abschnitte. Mal soll ein Schiff gesteuert werden, was niemand kann, mal geht es auf einen strapazi\u00c3\u00b6sen Marsch durch die W\u00c3\u00bcste. Der W\u00c3\u00bcstenmarsch endet damit, dass die beiden bei einem Rebellen\u00c3\u00bcberfall getrennt werden. Seydou muss am eigenen Leib erfahren, wie brutal die lybische Mafia in einer Haftanstalt sein kann. Ich Capitano ist ein Film, der mit lautstarken Bildern eine herausragende schauspielerische Leistung das Drama einer Flucht erz\u00c3\u00a4hlt die es so zu Tausenden in jedem Jahr gibt. Hier ist der beeindruckende Trailer f\u00c3\u00bcr euch: <iframe loading=\"lazy\" allowfullscreen=\"\" frameborder=\"0\" height=\"315\" src=\"https:\/\/www.youtube-nocookie.com\/embed\/gvQuCducqVE?si=miRmLZi1jVxMjojq\" width=\"100%\"><\/iframe><\/p><div class=\"newss-content\" id=\"newss-2454054926\"><script async src=\"\/\/pagead2.googlesyndication.com\/pagead\/js\/adsbygoogle.js?client=ca-pub-7733425960004873\" crossorigin=\"anonymous\"><\/script><ins class=\"adsbygoogle\" style=\"display:block;\" data-ad-client=\"ca-pub-7733425960004873\" \ndata-ad-slot=\"2582020599\" \ndata-ad-format=\"auto\"><\/ins>\n<script> \n(adsbygoogle = window.adsbygoogle || []).push({}); \n<\/script>\n<\/div><div class=\"newss-article-1\" id=\"newss-174824675\"><script async src=\"https:\/\/pagead2.googlesyndication.com\/pagead\/js\/adsbygoogle.js?client=ca-pub-7733425960004873\"\r\n     crossorigin=\"anonymous\"><\/script>\r\n<!-- Homepage2 -->\r\n<ins class=\"adsbygoogle\"\r\n     style=\"display:block\"\r\n     data-ad-client=\"ca-pub-7733425960004873\"\r\n     data-ad-slot=\"2582020599\"\r\n     data-ad-format=\"auto\"\r\n     data-full-width-responsive=\"true\"><\/ins>\r\n<script>\r\n     (adsbygoogle = window.adsbygoogle || []).push({});\r\n<\/script><\/div>\n","protected":false},"excerpt":{"rendered":"<p>Der packende Film Ich Capitano kommt am5. April in die Kinos. Das Drama aus dem Jahr 2023 zeichnet den Weg zweier afrikanischer&#8230; Mehr auf Newsslash.com!<\/p>\n","protected":false},"author":7,"featured_media":21974,"comment_status":"open","ping_status":"open","sticky":false,"template":"","format":"standard","meta":{"_et_pb_use_builder":"","_et_pb_old_content":"","_et_gb_content_width":"","footnotes":""},"class_list":["post-21502","post","type-post","status-publish","format-standard","has-post-thumbnail","hentry","category-blog"],"yoast_head":"<!-- This site is optimized with the Yoast SEO plugin v24.8.1 - https:\/\/yoast.com\/wordpress\/plugins\/seo\/ -->\n<title>Ich Capitano \u00e2\u20ac\u201c Fesselndes Fluchtdrama startet in den Kinos - Newsslash<\/title>\n<meta name=\"robots\" content=\"noindex, follow\" \/>\n<meta property=\"og:locale\" content=\"en_US\" \/>\n<meta property=\"og:type\" content=\"article\" \/>\n<meta property=\"og:title\" content=\"Ich Capitano \u00e2\u20ac\u201c Fesselndes Fluchtdrama startet in den Kinos - Newsslash\" \/>\n<meta property=\"og:description\" content=\"Der packende Film Ich Capitano kommt am5. April in die Kinos. Das Drama aus dem Jahr 2023 zeichnet den Weg zweier afrikanischer... Mehr auf Newsslash.com!\" \/>\n<meta property=\"og:url\" content=\"https:\/\/newsslash.com\/n\/17429-ich-capitano-fesselndes-fluchtdrama-startet-in-den-kinos\/\" \/>\n<meta property=\"og:site_name\" content=\"Newsslash\" \/>\n<meta property=\"article:published_time\" content=\"2024-04-02T12:35:41+00:00\" \/>\n<meta property=\"og:image\" content=\"https:\/\/newsslash.com\/n\/wp-content\/uploads\/2025\/04\/NewsSlash-Featured-Image.jpg\" \/>\n\t<meta property=\"og:image:width\" content=\"1280\" \/>\n\t<meta property=\"og:image:height\" content=\"854\" \/>\n\t<meta property=\"og:image:type\" content=\"image\/jpeg\" \/>\n<meta name=\"author\" content=\"Daniela H\" \/>\n<meta name=\"twitter:card\" content=\"summary_large_image\" \/>\n<meta name=\"twitter:label1\" content=\"Written by\" \/>\n\t<meta name=\"twitter:data1\" content=\"Daniela H\" \/>\n\t<meta name=\"twitter:label2\" content=\"Est. reading time\" \/>\n\t<meta name=\"twitter:data2\" content=\"1 minute\" \/>\n<script type=\"application\/ld+json\" class=\"yoast-schema-graph\">{\"@context\":\"https:\/\/schema.org\",\"@graph\":[{\"@type\":\"Article\",\"@id\":\"https:\/\/newsslash.com\/n\/17429-ich-capitano-fesselndes-fluchtdrama-startet-in-den-kinos\/#article\",\"isPartOf\":{\"@id\":\"https:\/\/newsslash.com\/n\/17429-ich-capitano-fesselndes-fluchtdrama-startet-in-den-kinos\/\"},\"author\":{\"name\":\"Daniela H\",\"@id\":\"https:\/\/newsslash.com\/n\/#\/schema\/person\/cb1381eb00b5dc4b3071475e9866df11\"},\"headline\":\"Ich Capitano \u00e2\u20ac\u201c Fesselndes Fluchtdrama startet in den Kinos\",\"datePublished\":\"2024-04-02T12:35:41+00:00\",\"mainEntityOfPage\":{\"@id\":\"https:\/\/newsslash.com\/n\/17429-ich-capitano-fesselndes-fluchtdrama-startet-in-den-kinos\/\"},\"wordCount\":297,\"commentCount\":0,\"publisher\":{\"@id\":\"https:\/\/newsslash.com\/n\/#organization\"},\"image\":{\"@id\":\"https:\/\/newsslash.com\/n\/17429-ich-capitano-fesselndes-fluchtdrama-startet-in-den-kinos\/#primaryimage\"},\"thumbnailUrl\":\"https:\/\/newsslash.com\/n\/wp-content\/uploads\/2025\/04\/NewsSlash-Featured-Image.jpg\",\"articleSection\":[\"Blog\"],\"inLanguage\":\"en-US\",\"potentialAction\":[{\"@type\":\"CommentAction\",\"name\":\"Comment\",\"target\":[\"https:\/\/newsslash.com\/n\/17429-ich-capitano-fesselndes-fluchtdrama-startet-in-den-kinos\/#respond\"]}]},{\"@type\":\"WebPage\",\"@id\":\"https:\/\/newsslash.com\/n\/17429-ich-capitano-fesselndes-fluchtdrama-startet-in-den-kinos\/\",\"url\":\"https:\/\/newsslash.com\/n\/17429-ich-capitano-fesselndes-fluchtdrama-startet-in-den-kinos\/\",\"name\":\"Ich Capitano \u00e2\u20ac\u201c Fesselndes Fluchtdrama startet in den Kinos - Newsslash\",\"isPartOf\":{\"@id\":\"https:\/\/newsslash.com\/n\/#website\"},\"primaryImageOfPage\":{\"@id\":\"https:\/\/newsslash.com\/n\/17429-ich-capitano-fesselndes-fluchtdrama-startet-in-den-kinos\/#primaryimage\"},\"image\":{\"@id\":\"https:\/\/newsslash.com\/n\/17429-ich-capitano-fesselndes-fluchtdrama-startet-in-den-kinos\/#primaryimage\"},\"thumbnailUrl\":\"https:\/\/newsslash.com\/n\/wp-content\/uploads\/2025\/04\/NewsSlash-Featured-Image.jpg\",\"datePublished\":\"2024-04-02T12:35:41+00:00\",\"breadcrumb\":{\"@id\":\"https:\/\/newsslash.com\/n\/17429-ich-capitano-fesselndes-fluchtdrama-startet-in-den-kinos\/#breadcrumb\"},\"inLanguage\":\"en-US\",\"potentialAction\":[{\"@type\":\"ReadAction\",\"target\":[\"https:\/\/newsslash.com\/n\/17429-ich-capitano-fesselndes-fluchtdrama-startet-in-den-kinos\/\"]}]},{\"@type\":\"ImageObject\",\"inLanguage\":\"en-US\",\"@id\":\"https:\/\/newsslash.com\/n\/17429-ich-capitano-fesselndes-fluchtdrama-startet-in-den-kinos\/#primaryimage\",\"url\":\"https:\/\/newsslash.com\/n\/wp-content\/uploads\/2025\/04\/NewsSlash-Featured-Image.jpg\",\"contentUrl\":\"https:\/\/newsslash.com\/n\/wp-content\/uploads\/2025\/04\/NewsSlash-Featured-Image.jpg\",\"width\":1280,\"height\":854},{\"@type\":\"BreadcrumbList\",\"@id\":\"https:\/\/newsslash.com\/n\/17429-ich-capitano-fesselndes-fluchtdrama-startet-in-den-kinos\/#breadcrumb\",\"itemListElement\":[{\"@type\":\"ListItem\",\"position\":1,\"name\":\"Home\",\"item\":\"https:\/\/newsslash.com\/n\/\"},{\"@type\":\"ListItem\",\"position\":2,\"name\":\"Ich Capitano \u00e2\u20ac\u201c Fesselndes Fluchtdrama startet in den Kinos\"}]},{\"@type\":\"WebSite\",\"@id\":\"https:\/\/newsslash.com\/n\/#website\",\"url\":\"https:\/\/newsslash.com\/n\/\",\"name\":\"Newsslash\",\"description\":\"Trending News on Movies, Series, OTT, Gaming\",\"publisher\":{\"@id\":\"https:\/\/newsslash.com\/n\/#organization\"},\"potentialAction\":[{\"@type\":\"SearchAction\",\"target\":{\"@type\":\"EntryPoint\",\"urlTemplate\":\"https:\/\/newsslash.com\/n\/?s={search_term_string}\"},\"query-input\":{\"@type\":\"PropertyValueSpecification\",\"valueRequired\":true,\"valueName\":\"search_term_string\"}}],\"inLanguage\":\"en-US\"},{\"@type\":\"Organization\",\"@id\":\"https:\/\/newsslash.com\/n\/#organization\",\"name\":\"Newsslash\",\"url\":\"https:\/\/newsslash.com\/n\/\",\"logo\":{\"@type\":\"ImageObject\",\"inLanguage\":\"en-US\",\"@id\":\"https:\/\/newsslash.com\/n\/#\/schema\/logo\/image\/\",\"url\":\"https:\/\/newsslash.com\/n\/wp-content\/uploads\/2025\/04\/cropped-Newsslash-logo-Fevicon.png\",\"contentUrl\":\"https:\/\/newsslash.com\/n\/wp-content\/uploads\/2025\/04\/cropped-Newsslash-logo-Fevicon.png\",\"width\":512,\"height\":512,\"caption\":\"Newsslash\"},\"image\":{\"@id\":\"https:\/\/newsslash.com\/n\/#\/schema\/logo\/image\/\"}},{\"@type\":\"Person\",\"@id\":\"https:\/\/newsslash.com\/n\/#\/schema\/person\/cb1381eb00b5dc4b3071475e9866df11\",\"name\":\"Daniela H\",\"sameAs\":[\"https:\/\/newsslash.com\"],\"url\":\"https:\/\/newsslash.com\/n\/author\/daniela_h\/\"}]}<\/script>\n<!-- \/ Yoast SEO plugin. -->","yoast_head_json":{"title":"Ich Capitano \u00e2\u20ac\u201c Fesselndes Fluchtdrama startet in den Kinos - Newsslash","robots":{"index":"noindex","follow":"follow"},"og_locale":"en_US","og_type":"article","og_title":"Ich Capitano \u00e2\u20ac\u201c Fesselndes Fluchtdrama startet in den Kinos - Newsslash","og_description":"Der packende Film Ich Capitano kommt am5. April in die Kinos. Das Drama aus dem Jahr 2023 zeichnet den Weg zweier afrikanischer... Mehr auf Newsslash.com!","og_url":"https:\/\/newsslash.com\/n\/17429-ich-capitano-fesselndes-fluchtdrama-startet-in-den-kinos\/","og_site_name":"Newsslash","article_published_time":"2024-04-02T12:35:41+00:00","og_image":[{"width":1280,"height":854,"url":"https:\/\/newsslash.com\/n\/wp-content\/uploads\/2025\/04\/NewsSlash-Featured-Image.jpg","type":"image\/jpeg"}],"author":"Daniela H","twitter_card":"summary_large_image","twitter_misc":{"Written by":"Daniela H","Est. reading time":"1 minute"},"schema":{"@context":"https:\/\/schema.org","@graph":[{"@type":"Article","@id":"https:\/\/newsslash.com\/n\/17429-ich-capitano-fesselndes-fluchtdrama-startet-in-den-kinos\/#article","isPartOf":{"@id":"https:\/\/newsslash.com\/n\/17429-ich-capitano-fesselndes-fluchtdrama-startet-in-den-kinos\/"},"author":{"name":"Daniela H","@id":"https:\/\/newsslash.com\/n\/#\/schema\/person\/cb1381eb00b5dc4b3071475e9866df11"},"headline":"Ich Capitano \u00e2\u20ac\u201c Fesselndes Fluchtdrama startet in den Kinos","datePublished":"2024-04-02T12:35:41+00:00","mainEntityOfPage":{"@id":"https:\/\/newsslash.com\/n\/17429-ich-capitano-fesselndes-fluchtdrama-startet-in-den-kinos\/"},"wordCount":297,"commentCount":0,"publisher":{"@id":"https:\/\/newsslash.com\/n\/#organization"},"image":{"@id":"https:\/\/newsslash.com\/n\/17429-ich-capitano-fesselndes-fluchtdrama-startet-in-den-kinos\/#primaryimage"},"thumbnailUrl":"https:\/\/newsslash.com\/n\/wp-content\/uploads\/2025\/04\/NewsSlash-Featured-Image.jpg","articleSection":["Blog"],"inLanguage":"en-US","potentialAction":[{"@type":"CommentAction","name":"Comment","target":["https:\/\/newsslash.com\/n\/17429-ich-capitano-fesselndes-fluchtdrama-startet-in-den-kinos\/#respond"]}]},{"@type":"WebPage","@id":"https:\/\/newsslash.com\/n\/17429-ich-capitano-fesselndes-fluchtdrama-startet-in-den-kinos\/","url":"https:\/\/newsslash.com\/n\/17429-ich-capitano-fesselndes-fluchtdrama-startet-in-den-kinos\/","name":"Ich Capitano \u00e2\u20ac\u201c Fesselndes Fluchtdrama startet in den Kinos - Newsslash","isPartOf":{"@id":"https:\/\/newsslash.com\/n\/#website"},"primaryImageOfPage":{"@id":"https:\/\/newsslash.com\/n\/17429-ich-capitano-fesselndes-fluchtdrama-startet-in-den-kinos\/#primaryimage"},"image":{"@id":"https:\/\/newsslash.com\/n\/17429-ich-capitano-fesselndes-fluchtdrama-startet-in-den-kinos\/#primaryimage"},"thumbnailUrl":"https:\/\/newsslash.com\/n\/wp-content\/uploads\/2025\/04\/NewsSlash-Featured-Image.jpg","datePublished":"2024-04-02T12:35:41+00:00","breadcrumb":{"@id":"https:\/\/newsslash.com\/n\/17429-ich-capitano-fesselndes-fluchtdrama-startet-in-den-kinos\/#breadcrumb"},"inLanguage":"en-US","potentialAction":[{"@type":"ReadAction","target":["https:\/\/newsslash.com\/n\/17429-ich-capitano-fesselndes-fluchtdrama-startet-in-den-kinos\/"]}]},{"@type":"ImageObject","inLanguage":"en-US","@id":"https:\/\/newsslash.com\/n\/17429-ich-capitano-fesselndes-fluchtdrama-startet-in-den-kinos\/#primaryimage","url":"https:\/\/newsslash.com\/n\/wp-content\/uploads\/2025\/04\/NewsSlash-Featured-Image.jpg","contentUrl":"https:\/\/newsslash.com\/n\/wp-content\/uploads\/2025\/04\/NewsSlash-Featured-Image.jpg","width":1280,"height":854},{"@type":"BreadcrumbList","@id":"https:\/\/newsslash.com\/n\/17429-ich-capitano-fesselndes-fluchtdrama-startet-in-den-kinos\/#breadcrumb","itemListElement":[{"@type":"ListItem","position":1,"name":"Home","item":"https:\/\/newsslash.com\/n\/"},{"@type":"ListItem","position":2,"name":"Ich Capitano \u00e2\u20ac\u201c Fesselndes Fluchtdrama startet in den Kinos"}]},{"@type":"WebSite","@id":"https:\/\/newsslash.com\/n\/#website","url":"https:\/\/newsslash.com\/n\/","name":"Newsslash","description":"Trending News on Movies, Series, OTT, Gaming","publisher":{"@id":"https:\/\/newsslash.com\/n\/#organization"},"potentialAction":[{"@type":"SearchAction","target":{"@type":"EntryPoint","urlTemplate":"https:\/\/newsslash.com\/n\/?s={search_term_string}"},"query-input":{"@type":"PropertyValueSpecification","valueRequired":true,"valueName":"search_term_string"}}],"inLanguage":"en-US"},{"@type":"Organization","@id":"https:\/\/newsslash.com\/n\/#organization","name":"Newsslash","url":"https:\/\/newsslash.com\/n\/","logo":{"@type":"ImageObject","inLanguage":"en-US","@id":"https:\/\/newsslash.com\/n\/#\/schema\/logo\/image\/","url":"https:\/\/newsslash.com\/n\/wp-content\/uploads\/2025\/04\/cropped-Newsslash-logo-Fevicon.png","contentUrl":"https:\/\/newsslash.com\/n\/wp-content\/uploads\/2025\/04\/cropped-Newsslash-logo-Fevicon.png","width":512,"height":512,"caption":"Newsslash"},"image":{"@id":"https:\/\/newsslash.com\/n\/#\/schema\/logo\/image\/"}},{"@type":"Person","@id":"https:\/\/newsslash.com\/n\/#\/schema\/person\/cb1381eb00b5dc4b3071475e9866df11","name":"Daniela H","sameAs":["https:\/\/newsslash.com"],"url":"https:\/\/newsslash.com\/n\/author\/daniela_h\/"}]}},"_links":{"self":[{"href":"https:\/\/newsslash.com\/n\/wp-json\/wp\/v2\/posts\/21502","targetHints":{"allow":["GET"]}}],"collection":[{"href":"https:\/\/newsslash.com\/n\/wp-json\/wp\/v2\/posts"}],"about":[{"href":"https:\/\/newsslash.com\/n\/wp-json\/wp\/v2\/types\/post"}],"author":[{"embeddable":true,"href":"https:\/\/newsslash.com\/n\/wp-json\/wp\/v2\/users\/7"}],"replies":[{"embeddable":true,"href":"https:\/\/newsslash.com\/n\/wp-json\/wp\/v2\/comments?post=21502"}],"version-history":[{"count":0,"href":"https:\/\/newsslash.com\/n\/wp-json\/wp\/v2\/posts\/21502\/revisions"}],"wp:featuredmedia":[{"embeddable":true,"href":"https:\/\/newsslash.com\/n\/wp-json\/wp\/v2\/media\/21974"}],"wp:attachment":[{"href":"https:\/\/newsslash.com\/n\/wp-json\/wp\/v2\/media?parent=21502"}],"curies":[{"name":"wp","href":"https:\/\/api.w.org\/{rel}","templated":true}]}}