{"id":21528,"date":"2024-04-22T17:30:33","date_gmt":"2024-04-22T17:30:33","guid":{"rendered":"https:\/\/newsslash.com\/n\/17450-deutscher-trailer-zum-western-epos-horizon-mit-kevin-costner\/"},"modified":"2024-04-22T17:30:33","modified_gmt":"2024-04-22T17:30:33","slug":"17450-deutscher-trailer-zum-western-epos-horizon-mit-kevin-costner","status":"publish","type":"post","link":"https:\/\/newsslash.com\/n\/17450-deutscher-trailer-zum-western-epos-horizon-mit-kevin-costner\/","title":{"rendered":"Deutscher Trailer zum Western-Epos Horizon mit Kevin Cost&#8230;"},"content":{"rendered":"<p>Kevin Costner ist mittlerweile starke 69 Jahre alt und erf\u00c3\u00bcllt sich nach vielen Jahren als erfolgreicher Schauspieler einen Herzenswunsch. Er erschafft mit Horizon: Eine amerikanische Saga sein pers\u00c3\u00b6nliches Western-Epos in vier Teilen. Dabei sitzt der Ausnahme-Schauspieler nicht nur im Regiestuhl und am Drehbuch, sondern steht auch selbst vor der Kamera. Am 19. Mai wird Horizon bei den Filmfestspielen in Cannes Premiere feiern, und jetzt steht auch fest, wann der erste Teil der Western-Saga in den deutschen Kinos an den Start gehen wird. Der nagelneue deutsche Trailer verk\u00c3\u00bcndet den Kinostart zum 20. August 2024 und zeigt erste Bilder des beeindruckenden Epos. Der erste Film der als Reihe geplanten amerikanischen Western-Saga spielt im Jahr 1861. Es ist die Zeit, in der unz\u00c3\u00a4hlige Gruppen von Menschen unterwegs in den Westen sind, ums ich anzusiedeln und ihr Gl\u00c3\u00bcck zu suchen. Dabei betreten und besiedeln sie das Land der Apachen, die hier schon lange Zeit leben. Die Eingeborenen wehren sich gegen die neuen Siedler, die sich ungefragt und ohne R\u00c3\u00bccksicht breitmachen. Aber das ist nicht der einzige Konfliktherd im goldenen Westen. Auch unter den Siedlern brodelt es und gibt es Unstimmigkeiten. Sehr viel mehr ist zu Horizon noch nicht bekannt, au\u00c3\u0178er, dass die Siedlungsgeschichte Amerikas erz\u00c3\u00a4hlt werden soll, die sich in mindestens einem am 7. November startenden Teil 2 fortsetzen soll. Mehr Informationen wird es wohl erst nach der Premiere in Cannes geben. Bei den zwei Teilen, die bisher abgedreht sind, soll es auch nicht bleiben Kevin Costner plant auch noch Horizon 3 und 4. Wann die Dreharbeiten dazu beginnen, steht noch nicht fest. Kevin Costner, der zuletzt durch die Western-Serie Yellowstone wieder von sich Reden gemacht hat, erf\u00c3\u00bcllt sich mit Horizon einen Herzenswunsch. Daf\u00c3\u00bcr hat er wie bei \u00e2\u20ac\u017eDer mit dem Wolf tanzt\u00e2\u20ac\u0153 auch wieder eine Menge eigenes Geld in die Produktion gesteckt. Neben ihm als Hauptdarsteller sind weitere prominente Darsteller im Cast vertreten. Das sind unter anderem Sam Worthington und Giovanni Ribisi, (bekannt aus Avatar) Sienna Miller, Michael Rooker (\u00e2\u20ac\u017eGuardians Of The Galaxy\u00e2\u20ac\u0153), Stranger-Things-Star Jamie Campbell Bower, Isabelle Furmann, Jena Malone und sowie Thomas Haden Church. Hier ist der Teaser-Trailer zu Horizon einmal in Deutsch und auch in Englisch f\u00c3\u00bcr euch: <iframe loading=\"lazy\" allowfullscreen=\"\" frameborder=\"0\" height=\"315\" src=\"https:\/\/www.youtube-nocookie.com\/embed\/tTb93V4oERQ?si=sxl8FnEYik3drjDr\" width=\"100%\"><\/iframe> <iframe loading=\"lazy\" allowfullscreen=\"\" frameborder=\"0\" height=\"315\" src=\"https:\/\/www.youtube-nocookie.com\/embed\/u-s_GlOSVqo?si=1_N6MzzTyN6IIm6t\" width=\"100%\"><\/iframe><\/p><div class=\"newss-content\" id=\"newss-746996400\"><script async src=\"\/\/pagead2.googlesyndication.com\/pagead\/js\/adsbygoogle.js?client=ca-pub-7733425960004873\" crossorigin=\"anonymous\"><\/script><ins class=\"adsbygoogle\" style=\"display:block;\" data-ad-client=\"ca-pub-7733425960004873\" \ndata-ad-slot=\"2582020599\" \ndata-ad-format=\"auto\"><\/ins>\n<script> \n(adsbygoogle = window.adsbygoogle || []).push({}); \n<\/script>\n<\/div><div class=\"newss-article-1\" id=\"newss-2040271817\"><script async src=\"https:\/\/pagead2.googlesyndication.com\/pagead\/js\/adsbygoogle.js?client=ca-pub-7733425960004873\"\r\n     crossorigin=\"anonymous\"><\/script>\r\n<!-- Homepage2 -->\r\n<ins class=\"adsbygoogle\"\r\n     style=\"display:block\"\r\n     data-ad-client=\"ca-pub-7733425960004873\"\r\n     data-ad-slot=\"2582020599\"\r\n     data-ad-format=\"auto\"\r\n     data-full-width-responsive=\"true\"><\/ins>\r\n<script>\r\n     (adsbygoogle = window.adsbygoogle || []).push({});\r\n<\/script><\/div>\n","protected":false},"excerpt":{"rendered":"<p>Der neue Film von und mit Kevin Costner hat nun nicht nur endlich ein Startdatum f\u00c3\u00bcr die deutschen Kinos, sondern auch einen&#8230; Mehr auf Newsslash.com!<\/p>\n","protected":false},"author":7,"featured_media":21974,"comment_status":"open","ping_status":"open","sticky":false,"template":"","format":"standard","meta":{"_et_pb_use_builder":"","_et_pb_old_content":"","_et_gb_content_width":"","footnotes":""},"class_list":["post-21528","post","type-post","status-publish","format-standard","has-post-thumbnail","hentry","category-blog"],"yoast_head":"<!-- This site is optimized with the Yoast SEO plugin v24.8.1 - https:\/\/yoast.com\/wordpress\/plugins\/seo\/ -->\n<title>Deutscher Trailer zum Western-Epos Horizon mit Kevin Cost... - Newsslash<\/title>\n<meta name=\"robots\" content=\"noindex, follow\" \/>\n<meta property=\"og:locale\" content=\"en_US\" \/>\n<meta property=\"og:type\" content=\"article\" \/>\n<meta property=\"og:title\" content=\"Deutscher Trailer zum Western-Epos Horizon mit Kevin Cost... - Newsslash\" \/>\n<meta property=\"og:description\" content=\"Der neue Film von und mit Kevin Costner hat nun nicht nur endlich ein Startdatum f\u00c3\u00bcr die deutschen Kinos, sondern auch einen... Mehr auf Newsslash.com!\" \/>\n<meta property=\"og:url\" content=\"https:\/\/newsslash.com\/n\/17450-deutscher-trailer-zum-western-epos-horizon-mit-kevin-costner\/\" \/>\n<meta property=\"og:site_name\" content=\"Newsslash\" \/>\n<meta property=\"article:published_time\" content=\"2024-04-22T17:30:33+00:00\" \/>\n<meta property=\"og:image\" content=\"https:\/\/newsslash.com\/n\/wp-content\/uploads\/2025\/04\/NewsSlash-Featured-Image.jpg\" \/>\n\t<meta property=\"og:image:width\" content=\"1280\" \/>\n\t<meta property=\"og:image:height\" content=\"854\" \/>\n\t<meta property=\"og:image:type\" content=\"image\/jpeg\" \/>\n<meta name=\"author\" content=\"Daniela H\" \/>\n<meta name=\"twitter:card\" content=\"summary_large_image\" \/>\n<meta name=\"twitter:label1\" content=\"Written by\" \/>\n\t<meta name=\"twitter:data1\" content=\"Daniela H\" \/>\n\t<meta name=\"twitter:label2\" content=\"Est. reading time\" \/>\n\t<meta name=\"twitter:data2\" content=\"2 minutes\" \/>\n<script type=\"application\/ld+json\" class=\"yoast-schema-graph\">{\"@context\":\"https:\/\/schema.org\",\"@graph\":[{\"@type\":\"Article\",\"@id\":\"https:\/\/newsslash.com\/n\/17450-deutscher-trailer-zum-western-epos-horizon-mit-kevin-costner\/#article\",\"isPartOf\":{\"@id\":\"https:\/\/newsslash.com\/n\/17450-deutscher-trailer-zum-western-epos-horizon-mit-kevin-costner\/\"},\"author\":{\"name\":\"Daniela H\",\"@id\":\"https:\/\/newsslash.com\/n\/#\/schema\/person\/cb1381eb00b5dc4b3071475e9866df11\"},\"headline\":\"Deutscher Trailer zum Western-Epos Horizon mit Kevin Cost&#8230;\",\"datePublished\":\"2024-04-22T17:30:33+00:00\",\"mainEntityOfPage\":{\"@id\":\"https:\/\/newsslash.com\/n\/17450-deutscher-trailer-zum-western-epos-horizon-mit-kevin-costner\/\"},\"wordCount\":368,\"commentCount\":0,\"publisher\":{\"@id\":\"https:\/\/newsslash.com\/n\/#organization\"},\"image\":{\"@id\":\"https:\/\/newsslash.com\/n\/17450-deutscher-trailer-zum-western-epos-horizon-mit-kevin-costner\/#primaryimage\"},\"thumbnailUrl\":\"https:\/\/newsslash.com\/n\/wp-content\/uploads\/2025\/04\/NewsSlash-Featured-Image.jpg\",\"articleSection\":[\"Blog\"],\"inLanguage\":\"en-US\",\"potentialAction\":[{\"@type\":\"CommentAction\",\"name\":\"Comment\",\"target\":[\"https:\/\/newsslash.com\/n\/17450-deutscher-trailer-zum-western-epos-horizon-mit-kevin-costner\/#respond\"]}]},{\"@type\":\"WebPage\",\"@id\":\"https:\/\/newsslash.com\/n\/17450-deutscher-trailer-zum-western-epos-horizon-mit-kevin-costner\/\",\"url\":\"https:\/\/newsslash.com\/n\/17450-deutscher-trailer-zum-western-epos-horizon-mit-kevin-costner\/\",\"name\":\"Deutscher Trailer zum Western-Epos Horizon mit Kevin Cost... - Newsslash\",\"isPartOf\":{\"@id\":\"https:\/\/newsslash.com\/n\/#website\"},\"primaryImageOfPage\":{\"@id\":\"https:\/\/newsslash.com\/n\/17450-deutscher-trailer-zum-western-epos-horizon-mit-kevin-costner\/#primaryimage\"},\"image\":{\"@id\":\"https:\/\/newsslash.com\/n\/17450-deutscher-trailer-zum-western-epos-horizon-mit-kevin-costner\/#primaryimage\"},\"thumbnailUrl\":\"https:\/\/newsslash.com\/n\/wp-content\/uploads\/2025\/04\/NewsSlash-Featured-Image.jpg\",\"datePublished\":\"2024-04-22T17:30:33+00:00\",\"breadcrumb\":{\"@id\":\"https:\/\/newsslash.com\/n\/17450-deutscher-trailer-zum-western-epos-horizon-mit-kevin-costner\/#breadcrumb\"},\"inLanguage\":\"en-US\",\"potentialAction\":[{\"@type\":\"ReadAction\",\"target\":[\"https:\/\/newsslash.com\/n\/17450-deutscher-trailer-zum-western-epos-horizon-mit-kevin-costner\/\"]}]},{\"@type\":\"ImageObject\",\"inLanguage\":\"en-US\",\"@id\":\"https:\/\/newsslash.com\/n\/17450-deutscher-trailer-zum-western-epos-horizon-mit-kevin-costner\/#primaryimage\",\"url\":\"https:\/\/newsslash.com\/n\/wp-content\/uploads\/2025\/04\/NewsSlash-Featured-Image.jpg\",\"contentUrl\":\"https:\/\/newsslash.com\/n\/wp-content\/uploads\/2025\/04\/NewsSlash-Featured-Image.jpg\",\"width\":1280,\"height\":854},{\"@type\":\"BreadcrumbList\",\"@id\":\"https:\/\/newsslash.com\/n\/17450-deutscher-trailer-zum-western-epos-horizon-mit-kevin-costner\/#breadcrumb\",\"itemListElement\":[{\"@type\":\"ListItem\",\"position\":1,\"name\":\"Home\",\"item\":\"https:\/\/newsslash.com\/n\/\"},{\"@type\":\"ListItem\",\"position\":2,\"name\":\"Deutscher Trailer zum Western-Epos Horizon mit Kevin Cost&#8230;\"}]},{\"@type\":\"WebSite\",\"@id\":\"https:\/\/newsslash.com\/n\/#website\",\"url\":\"https:\/\/newsslash.com\/n\/\",\"name\":\"Newsslash\",\"description\":\"Trending News on Movies, Series, OTT, Gaming\",\"publisher\":{\"@id\":\"https:\/\/newsslash.com\/n\/#organization\"},\"potentialAction\":[{\"@type\":\"SearchAction\",\"target\":{\"@type\":\"EntryPoint\",\"urlTemplate\":\"https:\/\/newsslash.com\/n\/?s={search_term_string}\"},\"query-input\":{\"@type\":\"PropertyValueSpecification\",\"valueRequired\":true,\"valueName\":\"search_term_string\"}}],\"inLanguage\":\"en-US\"},{\"@type\":\"Organization\",\"@id\":\"https:\/\/newsslash.com\/n\/#organization\",\"name\":\"Newsslash\",\"url\":\"https:\/\/newsslash.com\/n\/\",\"logo\":{\"@type\":\"ImageObject\",\"inLanguage\":\"en-US\",\"@id\":\"https:\/\/newsslash.com\/n\/#\/schema\/logo\/image\/\",\"url\":\"https:\/\/newsslash.com\/n\/wp-content\/uploads\/2025\/04\/cropped-Newsslash-logo-Fevicon.png\",\"contentUrl\":\"https:\/\/newsslash.com\/n\/wp-content\/uploads\/2025\/04\/cropped-Newsslash-logo-Fevicon.png\",\"width\":512,\"height\":512,\"caption\":\"Newsslash\"},\"image\":{\"@id\":\"https:\/\/newsslash.com\/n\/#\/schema\/logo\/image\/\"}},{\"@type\":\"Person\",\"@id\":\"https:\/\/newsslash.com\/n\/#\/schema\/person\/cb1381eb00b5dc4b3071475e9866df11\",\"name\":\"Daniela H\",\"sameAs\":[\"https:\/\/newsslash.com\"],\"url\":\"https:\/\/newsslash.com\/n\/author\/daniela_h\/\"}]}<\/script>\n<!-- \/ Yoast SEO plugin. -->","yoast_head_json":{"title":"Deutscher Trailer zum Western-Epos Horizon mit Kevin Cost... - Newsslash","robots":{"index":"noindex","follow":"follow"},"og_locale":"en_US","og_type":"article","og_title":"Deutscher Trailer zum Western-Epos Horizon mit Kevin Cost... - Newsslash","og_description":"Der neue Film von und mit Kevin Costner hat nun nicht nur endlich ein Startdatum f\u00c3\u00bcr die deutschen Kinos, sondern auch einen... Mehr auf Newsslash.com!","og_url":"https:\/\/newsslash.com\/n\/17450-deutscher-trailer-zum-western-epos-horizon-mit-kevin-costner\/","og_site_name":"Newsslash","article_published_time":"2024-04-22T17:30:33+00:00","og_image":[{"width":1280,"height":854,"url":"https:\/\/newsslash.com\/n\/wp-content\/uploads\/2025\/04\/NewsSlash-Featured-Image.jpg","type":"image\/jpeg"}],"author":"Daniela H","twitter_card":"summary_large_image","twitter_misc":{"Written by":"Daniela H","Est. reading time":"2 minutes"},"schema":{"@context":"https:\/\/schema.org","@graph":[{"@type":"Article","@id":"https:\/\/newsslash.com\/n\/17450-deutscher-trailer-zum-western-epos-horizon-mit-kevin-costner\/#article","isPartOf":{"@id":"https:\/\/newsslash.com\/n\/17450-deutscher-trailer-zum-western-epos-horizon-mit-kevin-costner\/"},"author":{"name":"Daniela H","@id":"https:\/\/newsslash.com\/n\/#\/schema\/person\/cb1381eb00b5dc4b3071475e9866df11"},"headline":"Deutscher Trailer zum Western-Epos Horizon mit Kevin Cost&#8230;","datePublished":"2024-04-22T17:30:33+00:00","mainEntityOfPage":{"@id":"https:\/\/newsslash.com\/n\/17450-deutscher-trailer-zum-western-epos-horizon-mit-kevin-costner\/"},"wordCount":368,"commentCount":0,"publisher":{"@id":"https:\/\/newsslash.com\/n\/#organization"},"image":{"@id":"https:\/\/newsslash.com\/n\/17450-deutscher-trailer-zum-western-epos-horizon-mit-kevin-costner\/#primaryimage"},"thumbnailUrl":"https:\/\/newsslash.com\/n\/wp-content\/uploads\/2025\/04\/NewsSlash-Featured-Image.jpg","articleSection":["Blog"],"inLanguage":"en-US","potentialAction":[{"@type":"CommentAction","name":"Comment","target":["https:\/\/newsslash.com\/n\/17450-deutscher-trailer-zum-western-epos-horizon-mit-kevin-costner\/#respond"]}]},{"@type":"WebPage","@id":"https:\/\/newsslash.com\/n\/17450-deutscher-trailer-zum-western-epos-horizon-mit-kevin-costner\/","url":"https:\/\/newsslash.com\/n\/17450-deutscher-trailer-zum-western-epos-horizon-mit-kevin-costner\/","name":"Deutscher Trailer zum Western-Epos Horizon mit Kevin Cost... - Newsslash","isPartOf":{"@id":"https:\/\/newsslash.com\/n\/#website"},"primaryImageOfPage":{"@id":"https:\/\/newsslash.com\/n\/17450-deutscher-trailer-zum-western-epos-horizon-mit-kevin-costner\/#primaryimage"},"image":{"@id":"https:\/\/newsslash.com\/n\/17450-deutscher-trailer-zum-western-epos-horizon-mit-kevin-costner\/#primaryimage"},"thumbnailUrl":"https:\/\/newsslash.com\/n\/wp-content\/uploads\/2025\/04\/NewsSlash-Featured-Image.jpg","datePublished":"2024-04-22T17:30:33+00:00","breadcrumb":{"@id":"https:\/\/newsslash.com\/n\/17450-deutscher-trailer-zum-western-epos-horizon-mit-kevin-costner\/#breadcrumb"},"inLanguage":"en-US","potentialAction":[{"@type":"ReadAction","target":["https:\/\/newsslash.com\/n\/17450-deutscher-trailer-zum-western-epos-horizon-mit-kevin-costner\/"]}]},{"@type":"ImageObject","inLanguage":"en-US","@id":"https:\/\/newsslash.com\/n\/17450-deutscher-trailer-zum-western-epos-horizon-mit-kevin-costner\/#primaryimage","url":"https:\/\/newsslash.com\/n\/wp-content\/uploads\/2025\/04\/NewsSlash-Featured-Image.jpg","contentUrl":"https:\/\/newsslash.com\/n\/wp-content\/uploads\/2025\/04\/NewsSlash-Featured-Image.jpg","width":1280,"height":854},{"@type":"BreadcrumbList","@id":"https:\/\/newsslash.com\/n\/17450-deutscher-trailer-zum-western-epos-horizon-mit-kevin-costner\/#breadcrumb","itemListElement":[{"@type":"ListItem","position":1,"name":"Home","item":"https:\/\/newsslash.com\/n\/"},{"@type":"ListItem","position":2,"name":"Deutscher Trailer zum Western-Epos Horizon mit Kevin Cost&#8230;"}]},{"@type":"WebSite","@id":"https:\/\/newsslash.com\/n\/#website","url":"https:\/\/newsslash.com\/n\/","name":"Newsslash","description":"Trending News on Movies, Series, OTT, Gaming","publisher":{"@id":"https:\/\/newsslash.com\/n\/#organization"},"potentialAction":[{"@type":"SearchAction","target":{"@type":"EntryPoint","urlTemplate":"https:\/\/newsslash.com\/n\/?s={search_term_string}"},"query-input":{"@type":"PropertyValueSpecification","valueRequired":true,"valueName":"search_term_string"}}],"inLanguage":"en-US"},{"@type":"Organization","@id":"https:\/\/newsslash.com\/n\/#organization","name":"Newsslash","url":"https:\/\/newsslash.com\/n\/","logo":{"@type":"ImageObject","inLanguage":"en-US","@id":"https:\/\/newsslash.com\/n\/#\/schema\/logo\/image\/","url":"https:\/\/newsslash.com\/n\/wp-content\/uploads\/2025\/04\/cropped-Newsslash-logo-Fevicon.png","contentUrl":"https:\/\/newsslash.com\/n\/wp-content\/uploads\/2025\/04\/cropped-Newsslash-logo-Fevicon.png","width":512,"height":512,"caption":"Newsslash"},"image":{"@id":"https:\/\/newsslash.com\/n\/#\/schema\/logo\/image\/"}},{"@type":"Person","@id":"https:\/\/newsslash.com\/n\/#\/schema\/person\/cb1381eb00b5dc4b3071475e9866df11","name":"Daniela H","sameAs":["https:\/\/newsslash.com"],"url":"https:\/\/newsslash.com\/n\/author\/daniela_h\/"}]}},"_links":{"self":[{"href":"https:\/\/newsslash.com\/n\/wp-json\/wp\/v2\/posts\/21528","targetHints":{"allow":["GET"]}}],"collection":[{"href":"https:\/\/newsslash.com\/n\/wp-json\/wp\/v2\/posts"}],"about":[{"href":"https:\/\/newsslash.com\/n\/wp-json\/wp\/v2\/types\/post"}],"author":[{"embeddable":true,"href":"https:\/\/newsslash.com\/n\/wp-json\/wp\/v2\/users\/7"}],"replies":[{"embeddable":true,"href":"https:\/\/newsslash.com\/n\/wp-json\/wp\/v2\/comments?post=21528"}],"version-history":[{"count":0,"href":"https:\/\/newsslash.com\/n\/wp-json\/wp\/v2\/posts\/21528\/revisions"}],"wp:featuredmedia":[{"embeddable":true,"href":"https:\/\/newsslash.com\/n\/wp-json\/wp\/v2\/media\/21974"}],"wp:attachment":[{"href":"https:\/\/newsslash.com\/n\/wp-json\/wp\/v2\/media?parent=21528"}],"curies":[{"name":"wp","href":"https:\/\/api.w.org\/{rel}","templated":true}]}}