{"id":21531,"date":"2024-04-25T10:30:00","date_gmt":"2024-04-25T10:30:00","guid":{"rendered":"https:\/\/newsslash.com\/n\/17453-wann-kommt-them-staffel-3-auf-amazon-prime-video\/"},"modified":"2024-04-25T10:30:00","modified_gmt":"2024-04-25T10:30:00","slug":"17453-wann-kommt-them-staffel-3-auf-amazon-prime-video","status":"publish","type":"post","link":"https:\/\/newsslash.com\/n\/17453-wann-kommt-them-staffel-3-auf-amazon-prime-video\/","title":{"rendered":"Wann kommt Them Staffel 3 auf Amazon Prime Video?"},"content":{"rendered":"<p>Am 25. April geht es bei Amazon Prime Video mit der zweiten Staffel der Anthologie-Serie Them weiter. Neue mysteri\u00c3\u00b6se Geschichten erwarten die Zuschauer in Them:The Scare , in denen Polizistin Dawn, ihre Ermittlungen in einem grausamen Mord in den 1990er Jahren und eine dunkle Macht, die sie und ihre Familie bedroht, im Zentrum stehen. Wird Dawn den Mord aufkl\u00c3\u00a4ren und gelichzeitig ihre Familie besch\u00c3\u00bctzen k\u00c3\u00b6nnen? Und wann kommt Them Staffel 3 auf Amazon Prime Video? <\/p><div class=\"newss-content\" id=\"newss-3684168963\"><script async src=\"\/\/pagead2.googlesyndication.com\/pagead\/js\/adsbygoogle.js?client=ca-pub-7733425960004873\" crossorigin=\"anonymous\"><\/script><ins class=\"adsbygoogle\" style=\"display:block;\" data-ad-client=\"ca-pub-7733425960004873\" \ndata-ad-slot=\"2582020599\" \ndata-ad-format=\"auto\"><\/ins>\n<script> \n(adsbygoogle = window.adsbygoogle || []).push({}); \n<\/script>\n<\/div><div class=\"newss-article-1\" id=\"newss-563050615\"><script async src=\"https:\/\/pagead2.googlesyndication.com\/pagead\/js\/adsbygoogle.js?client=ca-pub-7733425960004873\"\r\n     crossorigin=\"anonymous\"><\/script>\r\n<!-- Homepage2 -->\r\n<ins class=\"adsbygoogle\"\r\n     style=\"display:block\"\r\n     data-ad-client=\"ca-pub-7733425960004873\"\r\n     data-ad-slot=\"2582020599\"\r\n     data-ad-format=\"auto\"\r\n     data-full-width-responsive=\"true\"><\/ins>\r\n<script>\r\n     (adsbygoogle = window.adsbygoogle || []).push({});\r\n<\/script><\/div>\n<div>Anzeige:<\/div>\n<p><ins data-ad-client=\"ca-pub-3647021458695789\" data-ad-format=\"link\" data-ad-slot=\"7996975644\" style=\"display:block\"><\/ins> Leider ist die Frage, wann Them Staffel 3 auf Amazon Prime Video kommt, nicht so einfach zu beantworten. Es ist n\u00c3\u00a4mlich so, dass die ersten beiden Staffeln gemeinsam, und zwar schon im Jahr 2019, in Auftrag gegeben worden sind. Im Jahr 2021 kam dann die erste Season zu Amazon, nun ist die zweite dran. Durch die lange Zeit, die zwischen erster Bestellung und Ausstrahlung der zweiten Season vergangen ist, kann man letztendlich noch nicht einmal vage vermuten, wie es um eine dritte Staffel bestellt ist. Zwar war die erste Staffel ein ziemlicher Erfolg, aber das ist nun auch wieder drei Jahre her. In solch einer langen Zeit kann viel passieren, zum Beispiel eben auch der Geschmack der Zuschauer und die Mode von Themen und Formaten sich \u00c3\u00a4ndern. Bestellt ist jedenfalls noch keine dritte Staffel von Them. Propagiert, dass die Anthologie-Serie nur auf zwei Staffeln ausgelegt ist, wurde aber auch nichts. So k\u00c3\u00b6nnen wir nur abwarten, und die Frage, wann Them Staffel 3 auf Amazon Prime Video kommt, erst in einigen Wochen beantworten. Dann n\u00c3\u00a4mlich zeigt sich durch Zuschauerzahlen und Kritiken, ob das Format Thema eine Zukunft und somit ein Recht auf eine Fortsetzung hat. <b>Darum geht es in der Serie Them<\/b> Die Serie Them ist eine Anthologie. Das hei\u00c3\u0178t jede Staffel ist in sich abgeschlossen und erz\u00c3\u00a4hlt eine eigene Geschichte. Aber Them hat ein \u00c3\u00bcbergeordnetes Thema, und zwar geht es immer darum, wie schwer es ist, als Schwarzer im wei\u00c3\u0178en Amerika zu leben. Dabei geht es nicht nur um die \u00c3\u201engste, die durch die wei\u00c3\u0178en Menschen verursacht werden, sondern es kommt noch ein Portion \u00c3\u0153bernat\u00c3\u00bcrliches hinzu. So war dies bei der ersten Staffel eine dunkle Macht, die die Familie Emory aus einem Haus mitten in einem wei\u00c3\u0178en Viertel vertrieben wollte. <b>Davon handelt Them:Angst Stafel 2<\/b> Erdacht hat sich die Serie Them Little Marvin. Die erste Staffel trug den Namen Them: Covenant und hatte zehn Folgen. Die zweite Season nun hei\u00c3\u0178t Them: Scare und kommt mit acht Episoden etwas k\u00c3\u00bcrzer um die Ecke. Sie f\u00c3\u00bchren die Zuschauenden in die 1990er Jahre nach Los Angeles. Hie rist Dawn Reeve, gespielt von Deborah Ayorinde, als Detective beim LAPD und zust\u00c3\u00a4ndig f\u00c3\u00bcr Raubmorde. Sie ist eine der wenigen schwarzen Frauen in ihrer Abteilung und muss in einem besonders grausamen Mord ermitteln. Sie kommt der Wahrheit n\u00c3\u00a4her, aber auch einer d\u00c3\u00bcsteren Macht, die etwas richtig B\u00c3\u00b6ses mit sich bringt. Wird diese b\u00c3\u00b6se Macht Dawn und ihre Familie in die Knie zwingen? Wird Dawn ihren Verstand verlieren? <iframe loading=\"lazy\" allowfullscreen=\"\" frameborder=\"0\" height=\"315\" src=\"https:\/\/www.youtube-nocookie.com\/embed\/PCyeEMRweRo?si=EQ0pkK8AwvBysCEj\" width=\"100%\"><\/iframe><\/p>\n","protected":false},"excerpt":{"rendered":"<p>Seit dem 25. April 2024 ist die Polizistin Dawn Reeve einem Mord auf der Spur. Aber das ist nicht die einzige Herausforderung, der&#8230; Mehr auf Newsslash.com!<\/p>\n","protected":false},"author":7,"featured_media":21974,"comment_status":"open","ping_status":"open","sticky":false,"template":"","format":"standard","meta":{"_et_pb_use_builder":"","_et_pb_old_content":"","_et_gb_content_width":"","footnotes":""},"class_list":["post-21531","post","type-post","status-publish","format-standard","has-post-thumbnail","hentry","category-blog"],"yoast_head":"<!-- This site is optimized with the Yoast SEO plugin v24.8.1 - https:\/\/yoast.com\/wordpress\/plugins\/seo\/ -->\n<title>Wann kommt Them Staffel 3 auf Amazon Prime Video? - Newsslash<\/title>\n<meta name=\"robots\" content=\"noindex, follow\" \/>\n<meta property=\"og:locale\" content=\"en_US\" \/>\n<meta property=\"og:type\" content=\"article\" \/>\n<meta property=\"og:title\" content=\"Wann kommt Them Staffel 3 auf Amazon Prime Video? - Newsslash\" \/>\n<meta property=\"og:description\" content=\"Seit dem 25. April 2024 ist die Polizistin Dawn Reeve einem Mord auf der Spur. Aber das ist nicht die einzige Herausforderung, der... Mehr auf Newsslash.com!\" \/>\n<meta property=\"og:url\" content=\"https:\/\/newsslash.com\/n\/17453-wann-kommt-them-staffel-3-auf-amazon-prime-video\/\" \/>\n<meta property=\"og:site_name\" content=\"Newsslash\" \/>\n<meta property=\"article:published_time\" content=\"2024-04-25T10:30:00+00:00\" \/>\n<meta property=\"og:image\" content=\"https:\/\/newsslash.com\/n\/wp-content\/uploads\/2025\/04\/NewsSlash-Featured-Image.jpg\" \/>\n\t<meta property=\"og:image:width\" content=\"1280\" \/>\n\t<meta property=\"og:image:height\" content=\"854\" \/>\n\t<meta property=\"og:image:type\" content=\"image\/jpeg\" \/>\n<meta name=\"author\" content=\"Daniela H\" \/>\n<meta name=\"twitter:card\" content=\"summary_large_image\" \/>\n<meta name=\"twitter:label1\" content=\"Written by\" \/>\n\t<meta name=\"twitter:data1\" content=\"Daniela H\" \/>\n\t<meta name=\"twitter:label2\" content=\"Est. reading time\" \/>\n\t<meta name=\"twitter:data2\" content=\"3 minutes\" \/>\n<script type=\"application\/ld+json\" class=\"yoast-schema-graph\">{\"@context\":\"https:\/\/schema.org\",\"@graph\":[{\"@type\":\"Article\",\"@id\":\"https:\/\/newsslash.com\/n\/17453-wann-kommt-them-staffel-3-auf-amazon-prime-video\/#article\",\"isPartOf\":{\"@id\":\"https:\/\/newsslash.com\/n\/17453-wann-kommt-them-staffel-3-auf-amazon-prime-video\/\"},\"author\":{\"name\":\"Daniela H\",\"@id\":\"https:\/\/newsslash.com\/n\/#\/schema\/person\/cb1381eb00b5dc4b3071475e9866df11\"},\"headline\":\"Wann kommt Them Staffel 3 auf Amazon Prime Video?\",\"datePublished\":\"2024-04-25T10:30:00+00:00\",\"mainEntityOfPage\":{\"@id\":\"https:\/\/newsslash.com\/n\/17453-wann-kommt-them-staffel-3-auf-amazon-prime-video\/\"},\"wordCount\":511,\"commentCount\":0,\"publisher\":{\"@id\":\"https:\/\/newsslash.com\/n\/#organization\"},\"image\":{\"@id\":\"https:\/\/newsslash.com\/n\/17453-wann-kommt-them-staffel-3-auf-amazon-prime-video\/#primaryimage\"},\"thumbnailUrl\":\"https:\/\/newsslash.com\/n\/wp-content\/uploads\/2025\/04\/NewsSlash-Featured-Image.jpg\",\"articleSection\":[\"Blog\"],\"inLanguage\":\"en-US\",\"potentialAction\":[{\"@type\":\"CommentAction\",\"name\":\"Comment\",\"target\":[\"https:\/\/newsslash.com\/n\/17453-wann-kommt-them-staffel-3-auf-amazon-prime-video\/#respond\"]}]},{\"@type\":\"WebPage\",\"@id\":\"https:\/\/newsslash.com\/n\/17453-wann-kommt-them-staffel-3-auf-amazon-prime-video\/\",\"url\":\"https:\/\/newsslash.com\/n\/17453-wann-kommt-them-staffel-3-auf-amazon-prime-video\/\",\"name\":\"Wann kommt Them Staffel 3 auf Amazon Prime Video? - Newsslash\",\"isPartOf\":{\"@id\":\"https:\/\/newsslash.com\/n\/#website\"},\"primaryImageOfPage\":{\"@id\":\"https:\/\/newsslash.com\/n\/17453-wann-kommt-them-staffel-3-auf-amazon-prime-video\/#primaryimage\"},\"image\":{\"@id\":\"https:\/\/newsslash.com\/n\/17453-wann-kommt-them-staffel-3-auf-amazon-prime-video\/#primaryimage\"},\"thumbnailUrl\":\"https:\/\/newsslash.com\/n\/wp-content\/uploads\/2025\/04\/NewsSlash-Featured-Image.jpg\",\"datePublished\":\"2024-04-25T10:30:00+00:00\",\"breadcrumb\":{\"@id\":\"https:\/\/newsslash.com\/n\/17453-wann-kommt-them-staffel-3-auf-amazon-prime-video\/#breadcrumb\"},\"inLanguage\":\"en-US\",\"potentialAction\":[{\"@type\":\"ReadAction\",\"target\":[\"https:\/\/newsslash.com\/n\/17453-wann-kommt-them-staffel-3-auf-amazon-prime-video\/\"]}]},{\"@type\":\"ImageObject\",\"inLanguage\":\"en-US\",\"@id\":\"https:\/\/newsslash.com\/n\/17453-wann-kommt-them-staffel-3-auf-amazon-prime-video\/#primaryimage\",\"url\":\"https:\/\/newsslash.com\/n\/wp-content\/uploads\/2025\/04\/NewsSlash-Featured-Image.jpg\",\"contentUrl\":\"https:\/\/newsslash.com\/n\/wp-content\/uploads\/2025\/04\/NewsSlash-Featured-Image.jpg\",\"width\":1280,\"height\":854},{\"@type\":\"BreadcrumbList\",\"@id\":\"https:\/\/newsslash.com\/n\/17453-wann-kommt-them-staffel-3-auf-amazon-prime-video\/#breadcrumb\",\"itemListElement\":[{\"@type\":\"ListItem\",\"position\":1,\"name\":\"Home\",\"item\":\"https:\/\/newsslash.com\/n\/\"},{\"@type\":\"ListItem\",\"position\":2,\"name\":\"Wann kommt Them Staffel 3 auf Amazon Prime Video?\"}]},{\"@type\":\"WebSite\",\"@id\":\"https:\/\/newsslash.com\/n\/#website\",\"url\":\"https:\/\/newsslash.com\/n\/\",\"name\":\"Newsslash\",\"description\":\"Trending News on Movies, Series, OTT, Gaming\",\"publisher\":{\"@id\":\"https:\/\/newsslash.com\/n\/#organization\"},\"potentialAction\":[{\"@type\":\"SearchAction\",\"target\":{\"@type\":\"EntryPoint\",\"urlTemplate\":\"https:\/\/newsslash.com\/n\/?s={search_term_string}\"},\"query-input\":{\"@type\":\"PropertyValueSpecification\",\"valueRequired\":true,\"valueName\":\"search_term_string\"}}],\"inLanguage\":\"en-US\"},{\"@type\":\"Organization\",\"@id\":\"https:\/\/newsslash.com\/n\/#organization\",\"name\":\"Newsslash\",\"url\":\"https:\/\/newsslash.com\/n\/\",\"logo\":{\"@type\":\"ImageObject\",\"inLanguage\":\"en-US\",\"@id\":\"https:\/\/newsslash.com\/n\/#\/schema\/logo\/image\/\",\"url\":\"https:\/\/newsslash.com\/n\/wp-content\/uploads\/2025\/04\/cropped-Newsslash-logo-Fevicon.png\",\"contentUrl\":\"https:\/\/newsslash.com\/n\/wp-content\/uploads\/2025\/04\/cropped-Newsslash-logo-Fevicon.png\",\"width\":512,\"height\":512,\"caption\":\"Newsslash\"},\"image\":{\"@id\":\"https:\/\/newsslash.com\/n\/#\/schema\/logo\/image\/\"}},{\"@type\":\"Person\",\"@id\":\"https:\/\/newsslash.com\/n\/#\/schema\/person\/cb1381eb00b5dc4b3071475e9866df11\",\"name\":\"Daniela H\",\"sameAs\":[\"https:\/\/newsslash.com\"],\"url\":\"https:\/\/newsslash.com\/n\/author\/daniela_h\/\"}]}<\/script>\n<!-- \/ Yoast SEO plugin. -->","yoast_head_json":{"title":"Wann kommt Them Staffel 3 auf Amazon Prime Video? - Newsslash","robots":{"index":"noindex","follow":"follow"},"og_locale":"en_US","og_type":"article","og_title":"Wann kommt Them Staffel 3 auf Amazon Prime Video? - Newsslash","og_description":"Seit dem 25. April 2024 ist die Polizistin Dawn Reeve einem Mord auf der Spur. Aber das ist nicht die einzige Herausforderung, der... Mehr auf Newsslash.com!","og_url":"https:\/\/newsslash.com\/n\/17453-wann-kommt-them-staffel-3-auf-amazon-prime-video\/","og_site_name":"Newsslash","article_published_time":"2024-04-25T10:30:00+00:00","og_image":[{"width":1280,"height":854,"url":"https:\/\/newsslash.com\/n\/wp-content\/uploads\/2025\/04\/NewsSlash-Featured-Image.jpg","type":"image\/jpeg"}],"author":"Daniela H","twitter_card":"summary_large_image","twitter_misc":{"Written by":"Daniela H","Est. reading time":"3 minutes"},"schema":{"@context":"https:\/\/schema.org","@graph":[{"@type":"Article","@id":"https:\/\/newsslash.com\/n\/17453-wann-kommt-them-staffel-3-auf-amazon-prime-video\/#article","isPartOf":{"@id":"https:\/\/newsslash.com\/n\/17453-wann-kommt-them-staffel-3-auf-amazon-prime-video\/"},"author":{"name":"Daniela H","@id":"https:\/\/newsslash.com\/n\/#\/schema\/person\/cb1381eb00b5dc4b3071475e9866df11"},"headline":"Wann kommt Them Staffel 3 auf Amazon Prime Video?","datePublished":"2024-04-25T10:30:00+00:00","mainEntityOfPage":{"@id":"https:\/\/newsslash.com\/n\/17453-wann-kommt-them-staffel-3-auf-amazon-prime-video\/"},"wordCount":511,"commentCount":0,"publisher":{"@id":"https:\/\/newsslash.com\/n\/#organization"},"image":{"@id":"https:\/\/newsslash.com\/n\/17453-wann-kommt-them-staffel-3-auf-amazon-prime-video\/#primaryimage"},"thumbnailUrl":"https:\/\/newsslash.com\/n\/wp-content\/uploads\/2025\/04\/NewsSlash-Featured-Image.jpg","articleSection":["Blog"],"inLanguage":"en-US","potentialAction":[{"@type":"CommentAction","name":"Comment","target":["https:\/\/newsslash.com\/n\/17453-wann-kommt-them-staffel-3-auf-amazon-prime-video\/#respond"]}]},{"@type":"WebPage","@id":"https:\/\/newsslash.com\/n\/17453-wann-kommt-them-staffel-3-auf-amazon-prime-video\/","url":"https:\/\/newsslash.com\/n\/17453-wann-kommt-them-staffel-3-auf-amazon-prime-video\/","name":"Wann kommt Them Staffel 3 auf Amazon Prime Video? - Newsslash","isPartOf":{"@id":"https:\/\/newsslash.com\/n\/#website"},"primaryImageOfPage":{"@id":"https:\/\/newsslash.com\/n\/17453-wann-kommt-them-staffel-3-auf-amazon-prime-video\/#primaryimage"},"image":{"@id":"https:\/\/newsslash.com\/n\/17453-wann-kommt-them-staffel-3-auf-amazon-prime-video\/#primaryimage"},"thumbnailUrl":"https:\/\/newsslash.com\/n\/wp-content\/uploads\/2025\/04\/NewsSlash-Featured-Image.jpg","datePublished":"2024-04-25T10:30:00+00:00","breadcrumb":{"@id":"https:\/\/newsslash.com\/n\/17453-wann-kommt-them-staffel-3-auf-amazon-prime-video\/#breadcrumb"},"inLanguage":"en-US","potentialAction":[{"@type":"ReadAction","target":["https:\/\/newsslash.com\/n\/17453-wann-kommt-them-staffel-3-auf-amazon-prime-video\/"]}]},{"@type":"ImageObject","inLanguage":"en-US","@id":"https:\/\/newsslash.com\/n\/17453-wann-kommt-them-staffel-3-auf-amazon-prime-video\/#primaryimage","url":"https:\/\/newsslash.com\/n\/wp-content\/uploads\/2025\/04\/NewsSlash-Featured-Image.jpg","contentUrl":"https:\/\/newsslash.com\/n\/wp-content\/uploads\/2025\/04\/NewsSlash-Featured-Image.jpg","width":1280,"height":854},{"@type":"BreadcrumbList","@id":"https:\/\/newsslash.com\/n\/17453-wann-kommt-them-staffel-3-auf-amazon-prime-video\/#breadcrumb","itemListElement":[{"@type":"ListItem","position":1,"name":"Home","item":"https:\/\/newsslash.com\/n\/"},{"@type":"ListItem","position":2,"name":"Wann kommt Them Staffel 3 auf Amazon Prime Video?"}]},{"@type":"WebSite","@id":"https:\/\/newsslash.com\/n\/#website","url":"https:\/\/newsslash.com\/n\/","name":"Newsslash","description":"Trending News on Movies, Series, OTT, Gaming","publisher":{"@id":"https:\/\/newsslash.com\/n\/#organization"},"potentialAction":[{"@type":"SearchAction","target":{"@type":"EntryPoint","urlTemplate":"https:\/\/newsslash.com\/n\/?s={search_term_string}"},"query-input":{"@type":"PropertyValueSpecification","valueRequired":true,"valueName":"search_term_string"}}],"inLanguage":"en-US"},{"@type":"Organization","@id":"https:\/\/newsslash.com\/n\/#organization","name":"Newsslash","url":"https:\/\/newsslash.com\/n\/","logo":{"@type":"ImageObject","inLanguage":"en-US","@id":"https:\/\/newsslash.com\/n\/#\/schema\/logo\/image\/","url":"https:\/\/newsslash.com\/n\/wp-content\/uploads\/2025\/04\/cropped-Newsslash-logo-Fevicon.png","contentUrl":"https:\/\/newsslash.com\/n\/wp-content\/uploads\/2025\/04\/cropped-Newsslash-logo-Fevicon.png","width":512,"height":512,"caption":"Newsslash"},"image":{"@id":"https:\/\/newsslash.com\/n\/#\/schema\/logo\/image\/"}},{"@type":"Person","@id":"https:\/\/newsslash.com\/n\/#\/schema\/person\/cb1381eb00b5dc4b3071475e9866df11","name":"Daniela H","sameAs":["https:\/\/newsslash.com"],"url":"https:\/\/newsslash.com\/n\/author\/daniela_h\/"}]}},"_links":{"self":[{"href":"https:\/\/newsslash.com\/n\/wp-json\/wp\/v2\/posts\/21531","targetHints":{"allow":["GET"]}}],"collection":[{"href":"https:\/\/newsslash.com\/n\/wp-json\/wp\/v2\/posts"}],"about":[{"href":"https:\/\/newsslash.com\/n\/wp-json\/wp\/v2\/types\/post"}],"author":[{"embeddable":true,"href":"https:\/\/newsslash.com\/n\/wp-json\/wp\/v2\/users\/7"}],"replies":[{"embeddable":true,"href":"https:\/\/newsslash.com\/n\/wp-json\/wp\/v2\/comments?post=21531"}],"version-history":[{"count":0,"href":"https:\/\/newsslash.com\/n\/wp-json\/wp\/v2\/posts\/21531\/revisions"}],"wp:featuredmedia":[{"embeddable":true,"href":"https:\/\/newsslash.com\/n\/wp-json\/wp\/v2\/media\/21974"}],"wp:attachment":[{"href":"https:\/\/newsslash.com\/n\/wp-json\/wp\/v2\/media?parent=21531"}],"curies":[{"name":"wp","href":"https:\/\/api.w.org\/{rel}","templated":true}]}}