{"id":21538,"date":"2024-05-02T15:00:00","date_gmt":"2024-05-02T15:00:00","guid":{"rendered":"https:\/\/newsslash.com\/n\/17460-abba-die-zweiflers-und-mehr-die-highlights-in-der-ard-mediathek-im-mai-2024\/"},"modified":"2024-05-02T15:00:00","modified_gmt":"2024-05-02T15:00:00","slug":"17460-abba-die-zweiflers-und-mehr-die-highlights-in-der-ard-mediathek-im-mai-2024","status":"publish","type":"post","link":"https:\/\/newsslash.com\/n\/17460-abba-die-zweiflers-und-mehr-die-highlights-in-der-ard-mediathek-im-mai-2024\/","title":{"rendered":"ABBA, Die Zweiflers und mehr \u00e2\u20ac\u201c Die Highlights in der AR&#8230;"},"content":{"rendered":"<p>Auch die Mediatheken der \u00c3\u00b6ffentlich-rechtlichen Sender sind einen oder mehrere Blicke wert, wenn man nach Abwechslung im Unterhaltungsprogramm in Form von Serien, Dokumentationen und Filmen sucht. Deswegen schreiben wir euch auch immer wieder gern eine kleine Liste mit den Highlights aus dem Repertoire der ARD- und ZDF-Mediathek. Heute gibt es die Highlights der Neuerscheinungen in der ARD-Mediathek im Mai 2024 f\u00c3\u00bcr euch. Da sind ABBA mit dabei, die Serie \u00c3\u00bcber die j\u00c3\u00bcdische Familie Zweiflers und einige wirklich spannende Reportagen von Radio Bremen. Was nat\u00c3\u00bcrlich auch nicht fehlt, ist das Finale des ESC in Malm\u00c3\u00b6, welches in der ARD-Mediathek am 11. Mai wie im Fernsehen ab 21 Uhr live zum Streamen bereitsteht. Diese und noch ein paar mehr neue Serien und Filme stellen wir euch in der Kurz\u00c3\u00bcbersicht vor. Hier sind sie: die besten Serien, Dokus und Filme in der ARD-Mediathek im Mais 2024. <b>Dokufilm ABBA &#8211; Die ganze Geschichte ab 2 Mai <\/b> Der Mai beginnt in der ARD-Mediathek mit einer 90-min\u00c3\u00bctigen Doku zur Musiklegende ABBA. Aus Anlass des 25-j\u00c3\u00a4hrigen Jubil\u00c3\u00a4ums zum EXC-Sieg, damals noch Grand Prix d\u00e2\u20ac\u2122Eurovision, geht es mit dem Film auf eine intensive Reise in die Geschichte der Band. Die Storys um H\u00c3\u00b6hen und Tiefen sind nat\u00c3\u00bcrlich gespickt mit den sch\u00c3\u00b6nsten Songs von ABBA. <b>Die Zweiflers \u00e2\u20ac\u201c sechsteilige Serie ab 3. Mai<\/b> Ab dem 3. Mai steht in der ARD-Mediathek die Serie Die Zweiflers zum Streamen und Downloaden bereit. In den sechs Episoden lernen die Zuschauenden eine j\u00c3\u00bcdische Familie kennen, die in Frankfurt lebt. Den Zweiflers steht eine gewaltige Ver\u00c3\u00a4nderung bevor, denn Syndra Zweifler will das Delikatessenimperium der Familie verkaufen. Dabei jedoch werden die Zweiflers mit ihrer Vergangenheit konfrontiert. Ein einzelnes Gesch\u00c3\u00a4ft f\u00c3\u00bchrt zu tiefen Zerw\u00c3\u00bcrfnissen und dann ist da noch Syndras Enkel Samuel, der mit seiner Liebe Anna einen moderneren Weg gegen will, jedoch auf Unverst\u00c3\u00a4ndnis und Unwillen deswegen bei Mutter und Syndra st\u00c3\u00b6\u00c3\u0178t. <iframe loading=\"lazy\" allowfullscreen=\"\" frameborder=\"0\" height=\"315\" src=\"https:\/\/www.youtube-nocookie.com\/embed\/paKC1guCPOg?si=dgTRf1cHqw4lNfVU\" width=\"100%\"><\/iframe> <b>Miniserie Player of Ibiza ab dem 10. Mai<\/b> Player of Ibiza ist ein Reality-TV-Format, in dem die Zuschauer mit f\u00c3\u00bcnf M\u00c3\u00a4nnern auf Saufurlaub gehen und am Ende gibt es ein Date mit der \u00e2\u20ac\u017eQueen\u00e2\u20ac\u0153 der Sendung. Aber Redakteur Arne will bei der Jubil\u00c3\u00a4umsstaffel mal was anderes probieren. Es geht nicht zum Saufen nach Ibiza, sondern Buchholz in Niedersachsen. Hier geht es f\u00c3\u00bcr die M\u00c3\u00a4nner durch ein Feminismus- Bootcamp. Regisseurin Amelie ist nicht begeistert, will aber die Bef\u00c3\u00b6rderung, die danach winkt. Und die Begeisterung der M\u00c3\u00a4nner? Nun, seht sebst: ab 10. Mai in5 Folgen in der ARD-Mediathek. <b>ESC- Eurovision Song Contest in Malm\u00c3\u00b6 am 11. Mai <\/b> Am 11. Mai findet das Finale des Eurovision Song Contest (ESC) in Malm\u00c3\u00b6 statt. 26 L\u00c3\u00a4nder pr\u00c3\u00a4sentieren hier ihre Songs unter dem Motto \u00e2\u20ac\u017eUnited by Music\u00e2\u20ac\u0153. Schweden, Deutschland, Spanien, Frankreich, Italien und Gro\u00c3\u0178britannien sind gesetzt, welche 21 weiteren Titel aus welchen L\u00c3\u00a4ndern zu h\u00c3\u00b6ren sein werden, entscheidet sich in den Semi-Finals am 7. Und 8. Mai. Ob ISAAK mit Always On The Run einen guten Platz ersingen kann, oder Deutschlands Pechstr\u00c3\u00a4hne weitergeht? <b>Wir Weltmeister \u00e2\u20ac\u201c Doku ab dem 22. Mai <\/b> Bald steht die Fu\u00c3\u0178ball-EM in Deutschland ins Haus. Passend dazu bringt die ARD ab dem 22. Mai die vierteilige Doku Wir Weltmeister. Abenteuer Fu\u00c3\u0178ball &#8211; WM 2014 in die Mediathek. In der Doku werfen die ARD-Reporter Martin Roschitz und Sven Kaulbars gemeinsam mit Benedikt H\u00c3\u00b6wedeseinen Blick zur\u00c3\u00bcck ins Jahr 2014 als Deutschland in Rio de Janeiro Weltmeister wurde. Daf\u00c3\u00bcr besuchen sie auch das Stadion, in dem nichts mehr an den Glanz von vor zehn Jahren erinnert. Wie viel Glanz blieb bei der deutschen Mannschaft erhalten? Ehemalige Spieler erinnern sich\u00e2\u20ac\u00a6. <b>Spielfilm Spencer ab 24. Mai <\/b> Der Film Spencer f\u00c3\u00bchrt die Zuschauenden in das Jahr 1991. Hier treffen sich an Weihnachten die britischen Royals auf Schloss Sandringham zum mehrt\u00c3\u00a4tigen Familienfest. Ausgerichtet ist alles auf die Queen, doch im Mittelpunkt steht eigentlich Lady DI. Denn um die beliebte Prinzessin, deren Qualen, ein normales Leben vorzuspielen und die Verzweiflung, die sie in an einen Ort ihrer Kindheit treibt, geht es im Film Spencer, den ihr ab 24. Mai in der Mediathek und am 26. Mai 2024 im linearen TV sehen k\u00c3\u00b6nnt. <iframe loading=\"lazy\" allowfullscreen=\"\" frameborder=\"0\" height=\"315\" src=\"https:\/\/www.youtube-nocookie.com\/embed\/rqAKuQRwnUk?si=cU7RWZP2Xc-qQ6p3\" width=\"100%\"><\/iframe> <b>ARD True Crime mit M\u00c3\u00b6rderisches Duo? &#8211; Eine Schwangere verschwindet spurlos ab 29. Mai<\/b> In 3 mal 30 Minuten erz\u00c3\u00a4hlt die True Crime Serie mit M\u00c3\u00b6rderisches Duo? &#8211; Eine Schwangere verschwindet spurlos von der verzweifelten Suche der Polizei nach der 17j\u00c3\u00a4hrigen hochschwangeren Maike &#8211; erfolglos. 15 Jahre nach dem Verschwinden von Maike werden ihr Ex-Freund und seine Mutter verhaftet. Ohne Leiche und ohne Gest\u00c3\u00a4ndnis bekommen die beiden lebenslange Haftstrafen. Wie kam es dazu? Ihr erfahrt es ab 29. Mai in der ARD-Mediathek.<\/p><div class=\"newss-content\" id=\"newss-927979760\"><script async src=\"\/\/pagead2.googlesyndication.com\/pagead\/js\/adsbygoogle.js?client=ca-pub-7733425960004873\" crossorigin=\"anonymous\"><\/script><ins class=\"adsbygoogle\" style=\"display:block;\" data-ad-client=\"ca-pub-7733425960004873\" \ndata-ad-slot=\"2582020599\" \ndata-ad-format=\"auto\"><\/ins>\n<script> \n(adsbygoogle = window.adsbygoogle || []).push({}); \n<\/script>\n<\/div><div class=\"newss-article-1\" id=\"newss-2791518889\"><script async src=\"https:\/\/pagead2.googlesyndication.com\/pagead\/js\/adsbygoogle.js?client=ca-pub-7733425960004873\"\r\n     crossorigin=\"anonymous\"><\/script>\r\n<!-- Homepage2 -->\r\n<ins class=\"adsbygoogle\"\r\n     style=\"display:block\"\r\n     data-ad-client=\"ca-pub-7733425960004873\"\r\n     data-ad-slot=\"2582020599\"\r\n     data-ad-format=\"auto\"\r\n     data-full-width-responsive=\"true\"><\/ins>\r\n<script>\r\n     (adsbygoogle = window.adsbygoogle || []).push({});\r\n<\/script><\/div>\n","protected":false},"excerpt":{"rendered":"<p>Der Mai ist gekommen, die B\u00c3\u00a4ume schlagen aus! Ja, die Natur lockt, aber das Sch\u00c3\u00b6ne an den Mediatheken der \u00c3\u00b6ffentlich.-rechtlichen&#8230; Mehr auf Newsslash.com!<\/p>\n","protected":false},"author":7,"featured_media":21974,"comment_status":"open","ping_status":"open","sticky":false,"template":"","format":"standard","meta":{"_et_pb_use_builder":"","_et_pb_old_content":"","_et_gb_content_width":"","footnotes":""},"class_list":["post-21538","post","type-post","status-publish","format-standard","has-post-thumbnail","hentry","category-blog"],"yoast_head":"<!-- This site is optimized with the Yoast SEO plugin v24.8.1 - https:\/\/yoast.com\/wordpress\/plugins\/seo\/ -->\n<title>ABBA, Die Zweiflers und mehr \u00e2\u20ac\u201c Die Highlights in der AR... - Newsslash<\/title>\n<meta name=\"robots\" content=\"noindex, follow\" \/>\n<meta property=\"og:locale\" content=\"en_US\" \/>\n<meta property=\"og:type\" content=\"article\" \/>\n<meta property=\"og:title\" content=\"ABBA, Die Zweiflers und mehr \u00e2\u20ac\u201c Die Highlights in der AR... - Newsslash\" \/>\n<meta property=\"og:description\" content=\"Der Mai ist gekommen, die B\u00c3\u00a4ume schlagen aus! Ja, die Natur lockt, aber das Sch\u00c3\u00b6ne an den Mediatheken der \u00c3\u00b6ffentlich.-rechtlichen... Mehr auf Newsslash.com!\" \/>\n<meta property=\"og:url\" content=\"https:\/\/newsslash.com\/n\/17460-abba-die-zweiflers-und-mehr-die-highlights-in-der-ard-mediathek-im-mai-2024\/\" \/>\n<meta property=\"og:site_name\" content=\"Newsslash\" \/>\n<meta property=\"article:published_time\" content=\"2024-05-02T15:00:00+00:00\" \/>\n<meta property=\"og:image\" content=\"https:\/\/newsslash.com\/n\/wp-content\/uploads\/2025\/04\/NewsSlash-Featured-Image.jpg\" \/>\n\t<meta property=\"og:image:width\" content=\"1280\" \/>\n\t<meta property=\"og:image:height\" content=\"854\" \/>\n\t<meta property=\"og:image:type\" content=\"image\/jpeg\" \/>\n<meta name=\"author\" content=\"Daniela H\" \/>\n<meta name=\"twitter:card\" content=\"summary_large_image\" \/>\n<meta name=\"twitter:label1\" content=\"Written by\" \/>\n\t<meta name=\"twitter:data1\" content=\"Daniela H\" \/>\n\t<meta name=\"twitter:label2\" content=\"Est. reading time\" \/>\n\t<meta name=\"twitter:data2\" content=\"4 minutes\" \/>\n<script type=\"application\/ld+json\" class=\"yoast-schema-graph\">{\"@context\":\"https:\/\/schema.org\",\"@graph\":[{\"@type\":\"Article\",\"@id\":\"https:\/\/newsslash.com\/n\/17460-abba-die-zweiflers-und-mehr-die-highlights-in-der-ard-mediathek-im-mai-2024\/#article\",\"isPartOf\":{\"@id\":\"https:\/\/newsslash.com\/n\/17460-abba-die-zweiflers-und-mehr-die-highlights-in-der-ard-mediathek-im-mai-2024\/\"},\"author\":{\"name\":\"Daniela H\",\"@id\":\"https:\/\/newsslash.com\/n\/#\/schema\/person\/cb1381eb00b5dc4b3071475e9866df11\"},\"headline\":\"ABBA, Die Zweiflers und mehr \u00e2\u20ac\u201c Die Highlights in der AR&#8230;\",\"datePublished\":\"2024-05-02T15:00:00+00:00\",\"mainEntityOfPage\":{\"@id\":\"https:\/\/newsslash.com\/n\/17460-abba-die-zweiflers-und-mehr-die-highlights-in-der-ard-mediathek-im-mai-2024\/\"},\"wordCount\":774,\"commentCount\":0,\"publisher\":{\"@id\":\"https:\/\/newsslash.com\/n\/#organization\"},\"image\":{\"@id\":\"https:\/\/newsslash.com\/n\/17460-abba-die-zweiflers-und-mehr-die-highlights-in-der-ard-mediathek-im-mai-2024\/#primaryimage\"},\"thumbnailUrl\":\"https:\/\/newsslash.com\/n\/wp-content\/uploads\/2025\/04\/NewsSlash-Featured-Image.jpg\",\"articleSection\":[\"Blog\"],\"inLanguage\":\"en-US\",\"potentialAction\":[{\"@type\":\"CommentAction\",\"name\":\"Comment\",\"target\":[\"https:\/\/newsslash.com\/n\/17460-abba-die-zweiflers-und-mehr-die-highlights-in-der-ard-mediathek-im-mai-2024\/#respond\"]}]},{\"@type\":\"WebPage\",\"@id\":\"https:\/\/newsslash.com\/n\/17460-abba-die-zweiflers-und-mehr-die-highlights-in-der-ard-mediathek-im-mai-2024\/\",\"url\":\"https:\/\/newsslash.com\/n\/17460-abba-die-zweiflers-und-mehr-die-highlights-in-der-ard-mediathek-im-mai-2024\/\",\"name\":\"ABBA, Die Zweiflers und mehr \u00e2\u20ac\u201c Die Highlights in der AR... - Newsslash\",\"isPartOf\":{\"@id\":\"https:\/\/newsslash.com\/n\/#website\"},\"primaryImageOfPage\":{\"@id\":\"https:\/\/newsslash.com\/n\/17460-abba-die-zweiflers-und-mehr-die-highlights-in-der-ard-mediathek-im-mai-2024\/#primaryimage\"},\"image\":{\"@id\":\"https:\/\/newsslash.com\/n\/17460-abba-die-zweiflers-und-mehr-die-highlights-in-der-ard-mediathek-im-mai-2024\/#primaryimage\"},\"thumbnailUrl\":\"https:\/\/newsslash.com\/n\/wp-content\/uploads\/2025\/04\/NewsSlash-Featured-Image.jpg\",\"datePublished\":\"2024-05-02T15:00:00+00:00\",\"breadcrumb\":{\"@id\":\"https:\/\/newsslash.com\/n\/17460-abba-die-zweiflers-und-mehr-die-highlights-in-der-ard-mediathek-im-mai-2024\/#breadcrumb\"},\"inLanguage\":\"en-US\",\"potentialAction\":[{\"@type\":\"ReadAction\",\"target\":[\"https:\/\/newsslash.com\/n\/17460-abba-die-zweiflers-und-mehr-die-highlights-in-der-ard-mediathek-im-mai-2024\/\"]}]},{\"@type\":\"ImageObject\",\"inLanguage\":\"en-US\",\"@id\":\"https:\/\/newsslash.com\/n\/17460-abba-die-zweiflers-und-mehr-die-highlights-in-der-ard-mediathek-im-mai-2024\/#primaryimage\",\"url\":\"https:\/\/newsslash.com\/n\/wp-content\/uploads\/2025\/04\/NewsSlash-Featured-Image.jpg\",\"contentUrl\":\"https:\/\/newsslash.com\/n\/wp-content\/uploads\/2025\/04\/NewsSlash-Featured-Image.jpg\",\"width\":1280,\"height\":854},{\"@type\":\"BreadcrumbList\",\"@id\":\"https:\/\/newsslash.com\/n\/17460-abba-die-zweiflers-und-mehr-die-highlights-in-der-ard-mediathek-im-mai-2024\/#breadcrumb\",\"itemListElement\":[{\"@type\":\"ListItem\",\"position\":1,\"name\":\"Home\",\"item\":\"https:\/\/newsslash.com\/n\/\"},{\"@type\":\"ListItem\",\"position\":2,\"name\":\"ABBA, Die Zweiflers und mehr \u00e2\u20ac\u201c Die Highlights in der AR&#8230;\"}]},{\"@type\":\"WebSite\",\"@id\":\"https:\/\/newsslash.com\/n\/#website\",\"url\":\"https:\/\/newsslash.com\/n\/\",\"name\":\"Newsslash\",\"description\":\"Trending News on Movies, Series, OTT, Gaming\",\"publisher\":{\"@id\":\"https:\/\/newsslash.com\/n\/#organization\"},\"potentialAction\":[{\"@type\":\"SearchAction\",\"target\":{\"@type\":\"EntryPoint\",\"urlTemplate\":\"https:\/\/newsslash.com\/n\/?s={search_term_string}\"},\"query-input\":{\"@type\":\"PropertyValueSpecification\",\"valueRequired\":true,\"valueName\":\"search_term_string\"}}],\"inLanguage\":\"en-US\"},{\"@type\":\"Organization\",\"@id\":\"https:\/\/newsslash.com\/n\/#organization\",\"name\":\"Newsslash\",\"url\":\"https:\/\/newsslash.com\/n\/\",\"logo\":{\"@type\":\"ImageObject\",\"inLanguage\":\"en-US\",\"@id\":\"https:\/\/newsslash.com\/n\/#\/schema\/logo\/image\/\",\"url\":\"https:\/\/newsslash.com\/n\/wp-content\/uploads\/2025\/04\/cropped-Newsslash-logo-Fevicon.png\",\"contentUrl\":\"https:\/\/newsslash.com\/n\/wp-content\/uploads\/2025\/04\/cropped-Newsslash-logo-Fevicon.png\",\"width\":512,\"height\":512,\"caption\":\"Newsslash\"},\"image\":{\"@id\":\"https:\/\/newsslash.com\/n\/#\/schema\/logo\/image\/\"}},{\"@type\":\"Person\",\"@id\":\"https:\/\/newsslash.com\/n\/#\/schema\/person\/cb1381eb00b5dc4b3071475e9866df11\",\"name\":\"Daniela H\",\"sameAs\":[\"https:\/\/newsslash.com\"],\"url\":\"https:\/\/newsslash.com\/n\/author\/daniela_h\/\"}]}<\/script>\n<!-- \/ Yoast SEO plugin. -->","yoast_head_json":{"title":"ABBA, Die Zweiflers und mehr \u00e2\u20ac\u201c Die Highlights in der AR... - Newsslash","robots":{"index":"noindex","follow":"follow"},"og_locale":"en_US","og_type":"article","og_title":"ABBA, Die Zweiflers und mehr \u00e2\u20ac\u201c Die Highlights in der AR... - Newsslash","og_description":"Der Mai ist gekommen, die B\u00c3\u00a4ume schlagen aus! Ja, die Natur lockt, aber das Sch\u00c3\u00b6ne an den Mediatheken der \u00c3\u00b6ffentlich.-rechtlichen... Mehr auf Newsslash.com!","og_url":"https:\/\/newsslash.com\/n\/17460-abba-die-zweiflers-und-mehr-die-highlights-in-der-ard-mediathek-im-mai-2024\/","og_site_name":"Newsslash","article_published_time":"2024-05-02T15:00:00+00:00","og_image":[{"width":1280,"height":854,"url":"https:\/\/newsslash.com\/n\/wp-content\/uploads\/2025\/04\/NewsSlash-Featured-Image.jpg","type":"image\/jpeg"}],"author":"Daniela H","twitter_card":"summary_large_image","twitter_misc":{"Written by":"Daniela H","Est. reading time":"4 minutes"},"schema":{"@context":"https:\/\/schema.org","@graph":[{"@type":"Article","@id":"https:\/\/newsslash.com\/n\/17460-abba-die-zweiflers-und-mehr-die-highlights-in-der-ard-mediathek-im-mai-2024\/#article","isPartOf":{"@id":"https:\/\/newsslash.com\/n\/17460-abba-die-zweiflers-und-mehr-die-highlights-in-der-ard-mediathek-im-mai-2024\/"},"author":{"name":"Daniela H","@id":"https:\/\/newsslash.com\/n\/#\/schema\/person\/cb1381eb00b5dc4b3071475e9866df11"},"headline":"ABBA, Die Zweiflers und mehr \u00e2\u20ac\u201c Die Highlights in der AR&#8230;","datePublished":"2024-05-02T15:00:00+00:00","mainEntityOfPage":{"@id":"https:\/\/newsslash.com\/n\/17460-abba-die-zweiflers-und-mehr-die-highlights-in-der-ard-mediathek-im-mai-2024\/"},"wordCount":774,"commentCount":0,"publisher":{"@id":"https:\/\/newsslash.com\/n\/#organization"},"image":{"@id":"https:\/\/newsslash.com\/n\/17460-abba-die-zweiflers-und-mehr-die-highlights-in-der-ard-mediathek-im-mai-2024\/#primaryimage"},"thumbnailUrl":"https:\/\/newsslash.com\/n\/wp-content\/uploads\/2025\/04\/NewsSlash-Featured-Image.jpg","articleSection":["Blog"],"inLanguage":"en-US","potentialAction":[{"@type":"CommentAction","name":"Comment","target":["https:\/\/newsslash.com\/n\/17460-abba-die-zweiflers-und-mehr-die-highlights-in-der-ard-mediathek-im-mai-2024\/#respond"]}]},{"@type":"WebPage","@id":"https:\/\/newsslash.com\/n\/17460-abba-die-zweiflers-und-mehr-die-highlights-in-der-ard-mediathek-im-mai-2024\/","url":"https:\/\/newsslash.com\/n\/17460-abba-die-zweiflers-und-mehr-die-highlights-in-der-ard-mediathek-im-mai-2024\/","name":"ABBA, Die Zweiflers und mehr \u00e2\u20ac\u201c Die Highlights in der AR... - Newsslash","isPartOf":{"@id":"https:\/\/newsslash.com\/n\/#website"},"primaryImageOfPage":{"@id":"https:\/\/newsslash.com\/n\/17460-abba-die-zweiflers-und-mehr-die-highlights-in-der-ard-mediathek-im-mai-2024\/#primaryimage"},"image":{"@id":"https:\/\/newsslash.com\/n\/17460-abba-die-zweiflers-und-mehr-die-highlights-in-der-ard-mediathek-im-mai-2024\/#primaryimage"},"thumbnailUrl":"https:\/\/newsslash.com\/n\/wp-content\/uploads\/2025\/04\/NewsSlash-Featured-Image.jpg","datePublished":"2024-05-02T15:00:00+00:00","breadcrumb":{"@id":"https:\/\/newsslash.com\/n\/17460-abba-die-zweiflers-und-mehr-die-highlights-in-der-ard-mediathek-im-mai-2024\/#breadcrumb"},"inLanguage":"en-US","potentialAction":[{"@type":"ReadAction","target":["https:\/\/newsslash.com\/n\/17460-abba-die-zweiflers-und-mehr-die-highlights-in-der-ard-mediathek-im-mai-2024\/"]}]},{"@type":"ImageObject","inLanguage":"en-US","@id":"https:\/\/newsslash.com\/n\/17460-abba-die-zweiflers-und-mehr-die-highlights-in-der-ard-mediathek-im-mai-2024\/#primaryimage","url":"https:\/\/newsslash.com\/n\/wp-content\/uploads\/2025\/04\/NewsSlash-Featured-Image.jpg","contentUrl":"https:\/\/newsslash.com\/n\/wp-content\/uploads\/2025\/04\/NewsSlash-Featured-Image.jpg","width":1280,"height":854},{"@type":"BreadcrumbList","@id":"https:\/\/newsslash.com\/n\/17460-abba-die-zweiflers-und-mehr-die-highlights-in-der-ard-mediathek-im-mai-2024\/#breadcrumb","itemListElement":[{"@type":"ListItem","position":1,"name":"Home","item":"https:\/\/newsslash.com\/n\/"},{"@type":"ListItem","position":2,"name":"ABBA, Die Zweiflers und mehr \u00e2\u20ac\u201c Die Highlights in der AR&#8230;"}]},{"@type":"WebSite","@id":"https:\/\/newsslash.com\/n\/#website","url":"https:\/\/newsslash.com\/n\/","name":"Newsslash","description":"Trending News on Movies, Series, OTT, Gaming","publisher":{"@id":"https:\/\/newsslash.com\/n\/#organization"},"potentialAction":[{"@type":"SearchAction","target":{"@type":"EntryPoint","urlTemplate":"https:\/\/newsslash.com\/n\/?s={search_term_string}"},"query-input":{"@type":"PropertyValueSpecification","valueRequired":true,"valueName":"search_term_string"}}],"inLanguage":"en-US"},{"@type":"Organization","@id":"https:\/\/newsslash.com\/n\/#organization","name":"Newsslash","url":"https:\/\/newsslash.com\/n\/","logo":{"@type":"ImageObject","inLanguage":"en-US","@id":"https:\/\/newsslash.com\/n\/#\/schema\/logo\/image\/","url":"https:\/\/newsslash.com\/n\/wp-content\/uploads\/2025\/04\/cropped-Newsslash-logo-Fevicon.png","contentUrl":"https:\/\/newsslash.com\/n\/wp-content\/uploads\/2025\/04\/cropped-Newsslash-logo-Fevicon.png","width":512,"height":512,"caption":"Newsslash"},"image":{"@id":"https:\/\/newsslash.com\/n\/#\/schema\/logo\/image\/"}},{"@type":"Person","@id":"https:\/\/newsslash.com\/n\/#\/schema\/person\/cb1381eb00b5dc4b3071475e9866df11","name":"Daniela H","sameAs":["https:\/\/newsslash.com"],"url":"https:\/\/newsslash.com\/n\/author\/daniela_h\/"}]}},"_links":{"self":[{"href":"https:\/\/newsslash.com\/n\/wp-json\/wp\/v2\/posts\/21538","targetHints":{"allow":["GET"]}}],"collection":[{"href":"https:\/\/newsslash.com\/n\/wp-json\/wp\/v2\/posts"}],"about":[{"href":"https:\/\/newsslash.com\/n\/wp-json\/wp\/v2\/types\/post"}],"author":[{"embeddable":true,"href":"https:\/\/newsslash.com\/n\/wp-json\/wp\/v2\/users\/7"}],"replies":[{"embeddable":true,"href":"https:\/\/newsslash.com\/n\/wp-json\/wp\/v2\/comments?post=21538"}],"version-history":[{"count":0,"href":"https:\/\/newsslash.com\/n\/wp-json\/wp\/v2\/posts\/21538\/revisions"}],"wp:featuredmedia":[{"embeddable":true,"href":"https:\/\/newsslash.com\/n\/wp-json\/wp\/v2\/media\/21974"}],"wp:attachment":[{"href":"https:\/\/newsslash.com\/n\/wp-json\/wp\/v2\/media?parent=21538"}],"curies":[{"name":"wp","href":"https:\/\/api.w.org\/{rel}","templated":true}]}}