{"id":21544,"date":"2024-05-08T15:49:25","date_gmt":"2024-05-08T15:49:25","guid":{"rendered":"https:\/\/newsslash.com\/n\/17466-endlich-wednesday-staffel-2-geht-los-video-verkuendet-drehstart\/"},"modified":"2024-05-08T15:49:25","modified_gmt":"2024-05-08T15:49:25","slug":"17466-endlich-wednesday-staffel-2-geht-los-video-verkuendet-drehstart","status":"publish","type":"post","link":"https:\/\/newsslash.com\/n\/17466-endlich-wednesday-staffel-2-geht-los-video-verkuendet-drehstart\/","title":{"rendered":"Endlich! Wednesday Staffel 2 geht los \u00e2\u20ac\u201c Video verk\u00c3\u00bcnde&#8230;"},"content":{"rendered":"<p>Die Wartezeit auf die zweite Staffel der Erfolgsserie Wednesday wird so langsam unertr\u00c3\u00a4glich. Aber jetzt gibt es Neuigkeiten zu den neuen Folgen der beliebten Tochter der Addams-Family. Mit einem Video verk\u00c3\u00bcndet Netflix den Start der Dreharbeiten und enth\u00c3\u00bcllt einen weiteren Addams-Star, der in der neuen Season zu sehen sein wird. Die Darsteller der Addams Family sind freilich schon ein bisschen in die Jahre gekommen. So wird nicht nur die Hauptfigur Wednesday von einer sensationell guten Newcomerin gespielt, sondern auch die anderen Rollen mit frischen Gesichtern besetzt. Aber in der ersten Staffel schon sah man doch einen Alt-Star des Klassikers, n\u00c3\u00a4mlich Christina Ricci in der Rolle von Marilyn Thornhill. Ricci spielte in den Kinofilmen die Addams-Tochter Wednesday. Nun st\u00c3\u00b6\u00c3\u0178t in der zweiten Staffel Christopher Lloyd mit einem Gastauftritt dazu. In den Kinofilmen spielte der Star aus Zur\u00c3\u00bcck in die Zukunft den schrulligen, aber liebenswerten Onkel Fester. Wen er in Wednesday Staffel 2 darstellen wird, hat Netflix aber leider noch nicht verraten. Seine Paraderolle als Fester wird er nicht innehaben, denn die spielt auch in der neuen Season wieder Fred Armissen. \u00c3\u0153ber den Inhalt der neuen Staffel ist nach wie vor nichts bekannt. Aber da die Dreharbeiten nun im Gange sind, werden sicher bald Informationen und vielleicht erste kleine Teaser durchsickern. Gedreht wird seit Ende April in Irland, so dass die Hoffnung gro\u00c3\u0178 ist, dass wir uns im Herbst \u00c3\u00bcber die zweite Staffel von Wednesday freuen werden k\u00c3\u00b6nnen. Sobald wir mehr erfahren, werden wir euch nat\u00c3\u00bcrlich berichten. Bis dahin m\u00c3\u00bcsst ihr euch mit dem klitzekleinen Ank\u00c3\u00bcndigungsvideo zufriedengeben: <iframe loading=\"lazy\" allowfullscreen=\"\" frameborder=\"0\" height=\"315\" src=\"https:\/\/www.youtube-nocookie.com\/embed\/yoCfb6LJKQI?si=Vx3RTVgsBEVjwJ8x\" width=\"100%\"><\/iframe><\/p><div class=\"newss-content\" id=\"newss-3109262848\"><script async src=\"\/\/pagead2.googlesyndication.com\/pagead\/js\/adsbygoogle.js?client=ca-pub-7733425960004873\" crossorigin=\"anonymous\"><\/script><ins class=\"adsbygoogle\" style=\"display:block;\" data-ad-client=\"ca-pub-7733425960004873\" \ndata-ad-slot=\"2582020599\" \ndata-ad-format=\"auto\"><\/ins>\n<script> \n(adsbygoogle = window.adsbygoogle || []).push({}); \n<\/script>\n<\/div><div class=\"newss-article-1\" id=\"newss-1040280832\"><script async src=\"https:\/\/pagead2.googlesyndication.com\/pagead\/js\/adsbygoogle.js?client=ca-pub-7733425960004873\"\r\n     crossorigin=\"anonymous\"><\/script>\r\n<!-- Homepage2 -->\r\n<ins class=\"adsbygoogle\"\r\n     style=\"display:block\"\r\n     data-ad-client=\"ca-pub-7733425960004873\"\r\n     data-ad-slot=\"2582020599\"\r\n     data-ad-format=\"auto\"\r\n     data-full-width-responsive=\"true\"><\/ins>\r\n<script>\r\n     (adsbygoogle = window.adsbygoogle || []).push({});\r\n<\/script><\/div>\n","protected":false},"excerpt":{"rendered":"<p>Es kommt Bewegung in die Fortsetzung der erfolgreichen Serie um Wednesday, die Tochter der ber\u00c3\u00bchmten Addams Family. Mit einem Video&#8230; Mehr auf Newsslash.com!<\/p>\n","protected":false},"author":7,"featured_media":21974,"comment_status":"open","ping_status":"open","sticky":false,"template":"","format":"standard","meta":{"_et_pb_use_builder":"","_et_pb_old_content":"","_et_gb_content_width":"","footnotes":""},"class_list":["post-21544","post","type-post","status-publish","format-standard","has-post-thumbnail","hentry","category-blog"],"yoast_head":"<!-- This site is optimized with the Yoast SEO plugin v24.8.1 - https:\/\/yoast.com\/wordpress\/plugins\/seo\/ -->\n<title>Endlich! Wednesday Staffel 2 geht los \u00e2\u20ac\u201c Video verk\u00c3\u00bcnde... - Newsslash<\/title>\n<meta name=\"robots\" content=\"noindex, follow\" \/>\n<meta property=\"og:locale\" content=\"en_US\" \/>\n<meta property=\"og:type\" content=\"article\" \/>\n<meta property=\"og:title\" content=\"Endlich! Wednesday Staffel 2 geht los \u00e2\u20ac\u201c Video verk\u00c3\u00bcnde... - Newsslash\" \/>\n<meta property=\"og:description\" content=\"Es kommt Bewegung in die Fortsetzung der erfolgreichen Serie um Wednesday, die Tochter der ber\u00c3\u00bchmten Addams Family. Mit einem Video... Mehr auf Newsslash.com!\" \/>\n<meta property=\"og:url\" content=\"https:\/\/newsslash.com\/n\/17466-endlich-wednesday-staffel-2-geht-los-video-verkuendet-drehstart\/\" \/>\n<meta property=\"og:site_name\" content=\"Newsslash\" \/>\n<meta property=\"article:published_time\" content=\"2024-05-08T15:49:25+00:00\" \/>\n<meta property=\"og:image\" content=\"https:\/\/newsslash.com\/n\/wp-content\/uploads\/2025\/04\/NewsSlash-Featured-Image.jpg\" \/>\n\t<meta property=\"og:image:width\" content=\"1280\" \/>\n\t<meta property=\"og:image:height\" content=\"854\" \/>\n\t<meta property=\"og:image:type\" content=\"image\/jpeg\" \/>\n<meta name=\"author\" content=\"Daniela H\" \/>\n<meta name=\"twitter:card\" content=\"summary_large_image\" \/>\n<meta name=\"twitter:label1\" content=\"Written by\" \/>\n\t<meta name=\"twitter:data1\" content=\"Daniela H\" \/>\n\t<meta name=\"twitter:label2\" content=\"Est. reading time\" \/>\n\t<meta name=\"twitter:data2\" content=\"1 minute\" \/>\n<script type=\"application\/ld+json\" class=\"yoast-schema-graph\">{\"@context\":\"https:\/\/schema.org\",\"@graph\":[{\"@type\":\"Article\",\"@id\":\"https:\/\/newsslash.com\/n\/17466-endlich-wednesday-staffel-2-geht-los-video-verkuendet-drehstart\/#article\",\"isPartOf\":{\"@id\":\"https:\/\/newsslash.com\/n\/17466-endlich-wednesday-staffel-2-geht-los-video-verkuendet-drehstart\/\"},\"author\":{\"name\":\"Daniela H\",\"@id\":\"https:\/\/newsslash.com\/n\/#\/schema\/person\/cb1381eb00b5dc4b3071475e9866df11\"},\"headline\":\"Endlich! Wednesday Staffel 2 geht los \u00e2\u20ac\u201c Video verk\u00c3\u00bcnde&#8230;\",\"datePublished\":\"2024-05-08T15:49:25+00:00\",\"mainEntityOfPage\":{\"@id\":\"https:\/\/newsslash.com\/n\/17466-endlich-wednesday-staffel-2-geht-los-video-verkuendet-drehstart\/\"},\"wordCount\":272,\"commentCount\":0,\"publisher\":{\"@id\":\"https:\/\/newsslash.com\/n\/#organization\"},\"image\":{\"@id\":\"https:\/\/newsslash.com\/n\/17466-endlich-wednesday-staffel-2-geht-los-video-verkuendet-drehstart\/#primaryimage\"},\"thumbnailUrl\":\"https:\/\/newsslash.com\/n\/wp-content\/uploads\/2025\/04\/NewsSlash-Featured-Image.jpg\",\"articleSection\":[\"Blog\"],\"inLanguage\":\"en-US\",\"potentialAction\":[{\"@type\":\"CommentAction\",\"name\":\"Comment\",\"target\":[\"https:\/\/newsslash.com\/n\/17466-endlich-wednesday-staffel-2-geht-los-video-verkuendet-drehstart\/#respond\"]}]},{\"@type\":\"WebPage\",\"@id\":\"https:\/\/newsslash.com\/n\/17466-endlich-wednesday-staffel-2-geht-los-video-verkuendet-drehstart\/\",\"url\":\"https:\/\/newsslash.com\/n\/17466-endlich-wednesday-staffel-2-geht-los-video-verkuendet-drehstart\/\",\"name\":\"Endlich! Wednesday Staffel 2 geht los \u00e2\u20ac\u201c Video verk\u00c3\u00bcnde... - Newsslash\",\"isPartOf\":{\"@id\":\"https:\/\/newsslash.com\/n\/#website\"},\"primaryImageOfPage\":{\"@id\":\"https:\/\/newsslash.com\/n\/17466-endlich-wednesday-staffel-2-geht-los-video-verkuendet-drehstart\/#primaryimage\"},\"image\":{\"@id\":\"https:\/\/newsslash.com\/n\/17466-endlich-wednesday-staffel-2-geht-los-video-verkuendet-drehstart\/#primaryimage\"},\"thumbnailUrl\":\"https:\/\/newsslash.com\/n\/wp-content\/uploads\/2025\/04\/NewsSlash-Featured-Image.jpg\",\"datePublished\":\"2024-05-08T15:49:25+00:00\",\"breadcrumb\":{\"@id\":\"https:\/\/newsslash.com\/n\/17466-endlich-wednesday-staffel-2-geht-los-video-verkuendet-drehstart\/#breadcrumb\"},\"inLanguage\":\"en-US\",\"potentialAction\":[{\"@type\":\"ReadAction\",\"target\":[\"https:\/\/newsslash.com\/n\/17466-endlich-wednesday-staffel-2-geht-los-video-verkuendet-drehstart\/\"]}]},{\"@type\":\"ImageObject\",\"inLanguage\":\"en-US\",\"@id\":\"https:\/\/newsslash.com\/n\/17466-endlich-wednesday-staffel-2-geht-los-video-verkuendet-drehstart\/#primaryimage\",\"url\":\"https:\/\/newsslash.com\/n\/wp-content\/uploads\/2025\/04\/NewsSlash-Featured-Image.jpg\",\"contentUrl\":\"https:\/\/newsslash.com\/n\/wp-content\/uploads\/2025\/04\/NewsSlash-Featured-Image.jpg\",\"width\":1280,\"height\":854},{\"@type\":\"BreadcrumbList\",\"@id\":\"https:\/\/newsslash.com\/n\/17466-endlich-wednesday-staffel-2-geht-los-video-verkuendet-drehstart\/#breadcrumb\",\"itemListElement\":[{\"@type\":\"ListItem\",\"position\":1,\"name\":\"Home\",\"item\":\"https:\/\/newsslash.com\/n\/\"},{\"@type\":\"ListItem\",\"position\":2,\"name\":\"Endlich! Wednesday Staffel 2 geht los \u00e2\u20ac\u201c Video verk\u00c3\u00bcnde&#8230;\"}]},{\"@type\":\"WebSite\",\"@id\":\"https:\/\/newsslash.com\/n\/#website\",\"url\":\"https:\/\/newsslash.com\/n\/\",\"name\":\"Newsslash\",\"description\":\"Trending News on Movies, Series, OTT, Gaming\",\"publisher\":{\"@id\":\"https:\/\/newsslash.com\/n\/#organization\"},\"potentialAction\":[{\"@type\":\"SearchAction\",\"target\":{\"@type\":\"EntryPoint\",\"urlTemplate\":\"https:\/\/newsslash.com\/n\/?s={search_term_string}\"},\"query-input\":{\"@type\":\"PropertyValueSpecification\",\"valueRequired\":true,\"valueName\":\"search_term_string\"}}],\"inLanguage\":\"en-US\"},{\"@type\":\"Organization\",\"@id\":\"https:\/\/newsslash.com\/n\/#organization\",\"name\":\"Newsslash\",\"url\":\"https:\/\/newsslash.com\/n\/\",\"logo\":{\"@type\":\"ImageObject\",\"inLanguage\":\"en-US\",\"@id\":\"https:\/\/newsslash.com\/n\/#\/schema\/logo\/image\/\",\"url\":\"https:\/\/newsslash.com\/n\/wp-content\/uploads\/2025\/04\/cropped-Newsslash-logo-Fevicon.png\",\"contentUrl\":\"https:\/\/newsslash.com\/n\/wp-content\/uploads\/2025\/04\/cropped-Newsslash-logo-Fevicon.png\",\"width\":512,\"height\":512,\"caption\":\"Newsslash\"},\"image\":{\"@id\":\"https:\/\/newsslash.com\/n\/#\/schema\/logo\/image\/\"}},{\"@type\":\"Person\",\"@id\":\"https:\/\/newsslash.com\/n\/#\/schema\/person\/cb1381eb00b5dc4b3071475e9866df11\",\"name\":\"Daniela H\",\"sameAs\":[\"https:\/\/newsslash.com\"],\"url\":\"https:\/\/newsslash.com\/n\/author\/daniela_h\/\"}]}<\/script>\n<!-- \/ Yoast SEO plugin. -->","yoast_head_json":{"title":"Endlich! Wednesday Staffel 2 geht los \u00e2\u20ac\u201c Video verk\u00c3\u00bcnde... - Newsslash","robots":{"index":"noindex","follow":"follow"},"og_locale":"en_US","og_type":"article","og_title":"Endlich! Wednesday Staffel 2 geht los \u00e2\u20ac\u201c Video verk\u00c3\u00bcnde... - Newsslash","og_description":"Es kommt Bewegung in die Fortsetzung der erfolgreichen Serie um Wednesday, die Tochter der ber\u00c3\u00bchmten Addams Family. Mit einem Video... Mehr auf Newsslash.com!","og_url":"https:\/\/newsslash.com\/n\/17466-endlich-wednesday-staffel-2-geht-los-video-verkuendet-drehstart\/","og_site_name":"Newsslash","article_published_time":"2024-05-08T15:49:25+00:00","og_image":[{"width":1280,"height":854,"url":"https:\/\/newsslash.com\/n\/wp-content\/uploads\/2025\/04\/NewsSlash-Featured-Image.jpg","type":"image\/jpeg"}],"author":"Daniela H","twitter_card":"summary_large_image","twitter_misc":{"Written by":"Daniela H","Est. reading time":"1 minute"},"schema":{"@context":"https:\/\/schema.org","@graph":[{"@type":"Article","@id":"https:\/\/newsslash.com\/n\/17466-endlich-wednesday-staffel-2-geht-los-video-verkuendet-drehstart\/#article","isPartOf":{"@id":"https:\/\/newsslash.com\/n\/17466-endlich-wednesday-staffel-2-geht-los-video-verkuendet-drehstart\/"},"author":{"name":"Daniela H","@id":"https:\/\/newsslash.com\/n\/#\/schema\/person\/cb1381eb00b5dc4b3071475e9866df11"},"headline":"Endlich! Wednesday Staffel 2 geht los \u00e2\u20ac\u201c Video verk\u00c3\u00bcnde&#8230;","datePublished":"2024-05-08T15:49:25+00:00","mainEntityOfPage":{"@id":"https:\/\/newsslash.com\/n\/17466-endlich-wednesday-staffel-2-geht-los-video-verkuendet-drehstart\/"},"wordCount":272,"commentCount":0,"publisher":{"@id":"https:\/\/newsslash.com\/n\/#organization"},"image":{"@id":"https:\/\/newsslash.com\/n\/17466-endlich-wednesday-staffel-2-geht-los-video-verkuendet-drehstart\/#primaryimage"},"thumbnailUrl":"https:\/\/newsslash.com\/n\/wp-content\/uploads\/2025\/04\/NewsSlash-Featured-Image.jpg","articleSection":["Blog"],"inLanguage":"en-US","potentialAction":[{"@type":"CommentAction","name":"Comment","target":["https:\/\/newsslash.com\/n\/17466-endlich-wednesday-staffel-2-geht-los-video-verkuendet-drehstart\/#respond"]}]},{"@type":"WebPage","@id":"https:\/\/newsslash.com\/n\/17466-endlich-wednesday-staffel-2-geht-los-video-verkuendet-drehstart\/","url":"https:\/\/newsslash.com\/n\/17466-endlich-wednesday-staffel-2-geht-los-video-verkuendet-drehstart\/","name":"Endlich! Wednesday Staffel 2 geht los \u00e2\u20ac\u201c Video verk\u00c3\u00bcnde... - Newsslash","isPartOf":{"@id":"https:\/\/newsslash.com\/n\/#website"},"primaryImageOfPage":{"@id":"https:\/\/newsslash.com\/n\/17466-endlich-wednesday-staffel-2-geht-los-video-verkuendet-drehstart\/#primaryimage"},"image":{"@id":"https:\/\/newsslash.com\/n\/17466-endlich-wednesday-staffel-2-geht-los-video-verkuendet-drehstart\/#primaryimage"},"thumbnailUrl":"https:\/\/newsslash.com\/n\/wp-content\/uploads\/2025\/04\/NewsSlash-Featured-Image.jpg","datePublished":"2024-05-08T15:49:25+00:00","breadcrumb":{"@id":"https:\/\/newsslash.com\/n\/17466-endlich-wednesday-staffel-2-geht-los-video-verkuendet-drehstart\/#breadcrumb"},"inLanguage":"en-US","potentialAction":[{"@type":"ReadAction","target":["https:\/\/newsslash.com\/n\/17466-endlich-wednesday-staffel-2-geht-los-video-verkuendet-drehstart\/"]}]},{"@type":"ImageObject","inLanguage":"en-US","@id":"https:\/\/newsslash.com\/n\/17466-endlich-wednesday-staffel-2-geht-los-video-verkuendet-drehstart\/#primaryimage","url":"https:\/\/newsslash.com\/n\/wp-content\/uploads\/2025\/04\/NewsSlash-Featured-Image.jpg","contentUrl":"https:\/\/newsslash.com\/n\/wp-content\/uploads\/2025\/04\/NewsSlash-Featured-Image.jpg","width":1280,"height":854},{"@type":"BreadcrumbList","@id":"https:\/\/newsslash.com\/n\/17466-endlich-wednesday-staffel-2-geht-los-video-verkuendet-drehstart\/#breadcrumb","itemListElement":[{"@type":"ListItem","position":1,"name":"Home","item":"https:\/\/newsslash.com\/n\/"},{"@type":"ListItem","position":2,"name":"Endlich! Wednesday Staffel 2 geht los \u00e2\u20ac\u201c Video verk\u00c3\u00bcnde&#8230;"}]},{"@type":"WebSite","@id":"https:\/\/newsslash.com\/n\/#website","url":"https:\/\/newsslash.com\/n\/","name":"Newsslash","description":"Trending News on Movies, Series, OTT, Gaming","publisher":{"@id":"https:\/\/newsslash.com\/n\/#organization"},"potentialAction":[{"@type":"SearchAction","target":{"@type":"EntryPoint","urlTemplate":"https:\/\/newsslash.com\/n\/?s={search_term_string}"},"query-input":{"@type":"PropertyValueSpecification","valueRequired":true,"valueName":"search_term_string"}}],"inLanguage":"en-US"},{"@type":"Organization","@id":"https:\/\/newsslash.com\/n\/#organization","name":"Newsslash","url":"https:\/\/newsslash.com\/n\/","logo":{"@type":"ImageObject","inLanguage":"en-US","@id":"https:\/\/newsslash.com\/n\/#\/schema\/logo\/image\/","url":"https:\/\/newsslash.com\/n\/wp-content\/uploads\/2025\/04\/cropped-Newsslash-logo-Fevicon.png","contentUrl":"https:\/\/newsslash.com\/n\/wp-content\/uploads\/2025\/04\/cropped-Newsslash-logo-Fevicon.png","width":512,"height":512,"caption":"Newsslash"},"image":{"@id":"https:\/\/newsslash.com\/n\/#\/schema\/logo\/image\/"}},{"@type":"Person","@id":"https:\/\/newsslash.com\/n\/#\/schema\/person\/cb1381eb00b5dc4b3071475e9866df11","name":"Daniela H","sameAs":["https:\/\/newsslash.com"],"url":"https:\/\/newsslash.com\/n\/author\/daniela_h\/"}]}},"_links":{"self":[{"href":"https:\/\/newsslash.com\/n\/wp-json\/wp\/v2\/posts\/21544","targetHints":{"allow":["GET"]}}],"collection":[{"href":"https:\/\/newsslash.com\/n\/wp-json\/wp\/v2\/posts"}],"about":[{"href":"https:\/\/newsslash.com\/n\/wp-json\/wp\/v2\/types\/post"}],"author":[{"embeddable":true,"href":"https:\/\/newsslash.com\/n\/wp-json\/wp\/v2\/users\/7"}],"replies":[{"embeddable":true,"href":"https:\/\/newsslash.com\/n\/wp-json\/wp\/v2\/comments?post=21544"}],"version-history":[{"count":0,"href":"https:\/\/newsslash.com\/n\/wp-json\/wp\/v2\/posts\/21544\/revisions"}],"wp:featuredmedia":[{"embeddable":true,"href":"https:\/\/newsslash.com\/n\/wp-json\/wp\/v2\/media\/21974"}],"wp:attachment":[{"href":"https:\/\/newsslash.com\/n\/wp-json\/wp\/v2\/media?parent=21544"}],"curies":[{"name":"wp","href":"https:\/\/api.w.org\/{rel}","templated":true}]}}