{"id":21556,"date":"2024-05-21T16:07:58","date_gmt":"2024-05-21T16:07:58","guid":{"rendered":"https:\/\/newsslash.com\/n\/17478-kommissar-baeckstroem-startdatum-der-dritten-staffel-in-der-ard-steht-fest\/"},"modified":"2024-05-21T16:07:58","modified_gmt":"2024-05-21T16:07:58","slug":"17478-kommissar-baeckstroem-startdatum-der-dritten-staffel-in-der-ard-steht-fest","status":"publish","type":"post","link":"https:\/\/newsslash.com\/n\/17478-kommissar-baeckstroem-startdatum-der-dritten-staffel-in-der-ard-steht-fest\/","title":{"rendered":"Kommissar B\u00c3\u00a4ckstr\u00c3\u00b6m \u00e2\u20ac\u201c Startdatum der dritten Staffel &#8230;"},"content":{"rendered":"<p>Die Romanreihe B\u00c3\u00a4ckstr\u00c3\u00b6m des erfolgreichen Krimi-Autors und Professors Leif G.W. Persson ist seit 2020 als Kommissar B\u00c3\u00a4ckstr\u00c3\u00b6m ein Publikumsmagnet bei der ARD und nat\u00c3\u00bcrlich in der ARD-Mediathek. Nun hat der Sender den Starttermin f\u00c3\u00bcr die neue Staffel der deutsch-schwedischen Koproduktion bekanntgegeben. Kommissar B\u00c3\u00a4ckstr\u00c3\u00b6m Staffel 3 kommt mit sechs brandhei\u00c3\u0178en Folgen ab dem 21. Juli sonntags ab 21.45 in Doppelfolgen. Wer kein lineares TV schaut und sich nicht an Termine halten will und kann, wird ab dem 28. Juni 2024 in der ARD Mediathek f\u00c3\u00bcndig. Nat\u00c3\u00bcrlich gibt es auch schon Informationen dar\u00c3\u00bcber, worum es in der neuen Season gehen wird. Wir habend ie Infos f\u00c3\u00bcr euch. Nat\u00c3\u00bcrlich steht im Mittelpunkt der neuen Staffel auch wieder Kommissar B\u00c3\u00a4ckstr\u00c3\u00b6m, der bisher auf eine extrem hohe Erfolgsquote schaut. Dabei ist der Ermittler eher ein Misanthrop und hat, wie es typisch ist bei Hauptfiguren in Krimis, auch so seine eigene Geschichte, die ihn nie losl\u00c3\u00a4sst. Immer wieder sieht er die Bilder, als er seine engste Freundin und heimliche Liebe tot im Gras findet. Dabei ist das schon 50 Jahre her. Allein dieser Fall, der nie aufgekl\u00c3\u00a4rt wurde, ist es, der B\u00c3\u00a4ckstr\u00c3\u00b6m von der 100 Prozent Aufkl\u00c3\u00a4rungsrate trennt. Und genau dieser Fall f\u00c3\u00bchrt ihn nun in der dritten Staffel nach Mallorca. Doch das ist keine Absicht, denn B\u00c3\u00a4ckstr\u00c3\u00b6m ermittelt eigentlich gegen einen schwedischen Drogenring. Wie immer stolpert er da eher zuf\u00c3\u00a4llig hinein und rei\u00c3\u0178t den Fall an sich\u00e2\u20ac\u00a6 und verhindert damit schlimme Entwicklungen und Chaos\u00e2\u20ac\u00a6 Der Fall der sechsten Season wurde wieder von Jonathan Sj\u00c3\u00b6berg und Dennis Magnusson in ein Drehbuch gepackt und spielt auf eine wahre Geschichte an. Damals war es die Operation Playa, die skandal\u00c3\u00b6se Zust\u00c3\u00a4nde bei schwedischen Zivilfahndern auf Mallorca zutage brachten. Diese lie\u00c3\u0178en es sich n\u00c3\u00a4mlich eher gutgehen, statt ihrer Arbeit mit Sorgfalt und Ehrgeiz nachzugehen.<\/p><div class=\"newss-content\" id=\"newss-3830731409\"><script async src=\"\/\/pagead2.googlesyndication.com\/pagead\/js\/adsbygoogle.js?client=ca-pub-7733425960004873\" crossorigin=\"anonymous\"><\/script><ins class=\"adsbygoogle\" style=\"display:block;\" data-ad-client=\"ca-pub-7733425960004873\" \ndata-ad-slot=\"2582020599\" \ndata-ad-format=\"auto\"><\/ins>\n<script> \n(adsbygoogle = window.adsbygoogle || []).push({}); \n<\/script>\n<\/div><div class=\"newss-article-1\" id=\"newss-1337755916\"><script async src=\"https:\/\/pagead2.googlesyndication.com\/pagead\/js\/adsbygoogle.js?client=ca-pub-7733425960004873\"\r\n     crossorigin=\"anonymous\"><\/script>\r\n<!-- Homepage2 -->\r\n<ins class=\"adsbygoogle\"\r\n     style=\"display:block\"\r\n     data-ad-client=\"ca-pub-7733425960004873\"\r\n     data-ad-slot=\"2582020599\"\r\n     data-ad-format=\"auto\"\r\n     data-full-width-responsive=\"true\"><\/ins>\r\n<script>\r\n     (adsbygoogle = window.adsbygoogle || []).push({});\r\n<\/script><\/div>\n","protected":false},"excerpt":{"rendered":"<p>Ab dem 21. Juli geht es endlich mit neuen Folgen der beliebten Krimiserie Kommissar B\u00c3\u00a4ckstr\u00c3\u00b6m in der ARD weiter. Das verk\u00c3\u00bcndete&#8230; Mehr auf Newsslash.com!<\/p>\n","protected":false},"author":7,"featured_media":21974,"comment_status":"open","ping_status":"open","sticky":false,"template":"","format":"standard","meta":{"_et_pb_use_builder":"","_et_pb_old_content":"","_et_gb_content_width":"","footnotes":""},"class_list":["post-21556","post","type-post","status-publish","format-standard","has-post-thumbnail","hentry","category-blog"],"yoast_head":"<!-- This site is optimized with the Yoast SEO plugin v24.8.1 - https:\/\/yoast.com\/wordpress\/plugins\/seo\/ -->\n<title>Kommissar B\u00c3\u00a4ckstr\u00c3\u00b6m \u00e2\u20ac\u201c Startdatum der dritten Staffel ... - Newsslash<\/title>\n<meta name=\"robots\" content=\"noindex, follow\" \/>\n<meta property=\"og:locale\" content=\"en_US\" \/>\n<meta property=\"og:type\" content=\"article\" \/>\n<meta property=\"og:title\" content=\"Kommissar B\u00c3\u00a4ckstr\u00c3\u00b6m \u00e2\u20ac\u201c Startdatum der dritten Staffel ... - Newsslash\" \/>\n<meta property=\"og:description\" content=\"Ab dem 21. Juli geht es endlich mit neuen Folgen der beliebten Krimiserie Kommissar B\u00c3\u00a4ckstr\u00c3\u00b6m in der ARD weiter. Das verk\u00c3\u00bcndete... Mehr auf Newsslash.com!\" \/>\n<meta property=\"og:url\" content=\"https:\/\/newsslash.com\/n\/17478-kommissar-baeckstroem-startdatum-der-dritten-staffel-in-der-ard-steht-fest\/\" \/>\n<meta property=\"og:site_name\" content=\"Newsslash\" \/>\n<meta property=\"article:published_time\" content=\"2024-05-21T16:07:58+00:00\" \/>\n<meta property=\"og:image\" content=\"https:\/\/newsslash.com\/n\/wp-content\/uploads\/2025\/04\/NewsSlash-Featured-Image.jpg\" \/>\n\t<meta property=\"og:image:width\" content=\"1280\" \/>\n\t<meta property=\"og:image:height\" content=\"854\" \/>\n\t<meta property=\"og:image:type\" content=\"image\/jpeg\" \/>\n<meta name=\"author\" content=\"Daniela H\" \/>\n<meta name=\"twitter:card\" content=\"summary_large_image\" \/>\n<meta name=\"twitter:label1\" content=\"Written by\" \/>\n\t<meta name=\"twitter:data1\" content=\"Daniela H\" \/>\n\t<meta name=\"twitter:label2\" content=\"Est. reading time\" \/>\n\t<meta name=\"twitter:data2\" content=\"2 minutes\" \/>\n<script type=\"application\/ld+json\" class=\"yoast-schema-graph\">{\"@context\":\"https:\/\/schema.org\",\"@graph\":[{\"@type\":\"Article\",\"@id\":\"https:\/\/newsslash.com\/n\/17478-kommissar-baeckstroem-startdatum-der-dritten-staffel-in-der-ard-steht-fest\/#article\",\"isPartOf\":{\"@id\":\"https:\/\/newsslash.com\/n\/17478-kommissar-baeckstroem-startdatum-der-dritten-staffel-in-der-ard-steht-fest\/\"},\"author\":{\"name\":\"Daniela H\",\"@id\":\"https:\/\/newsslash.com\/n\/#\/schema\/person\/cb1381eb00b5dc4b3071475e9866df11\"},\"headline\":\"Kommissar B\u00c3\u00a4ckstr\u00c3\u00b6m \u00e2\u20ac\u201c Startdatum der dritten Staffel &#8230;\",\"datePublished\":\"2024-05-21T16:07:58+00:00\",\"mainEntityOfPage\":{\"@id\":\"https:\/\/newsslash.com\/n\/17478-kommissar-baeckstroem-startdatum-der-dritten-staffel-in-der-ard-steht-fest\/\"},\"wordCount\":326,\"commentCount\":38,\"publisher\":{\"@id\":\"https:\/\/newsslash.com\/n\/#organization\"},\"image\":{\"@id\":\"https:\/\/newsslash.com\/n\/17478-kommissar-baeckstroem-startdatum-der-dritten-staffel-in-der-ard-steht-fest\/#primaryimage\"},\"thumbnailUrl\":\"https:\/\/newsslash.com\/n\/wp-content\/uploads\/2025\/04\/NewsSlash-Featured-Image.jpg\",\"articleSection\":[\"Blog\"],\"inLanguage\":\"en-US\",\"potentialAction\":[{\"@type\":\"CommentAction\",\"name\":\"Comment\",\"target\":[\"https:\/\/newsslash.com\/n\/17478-kommissar-baeckstroem-startdatum-der-dritten-staffel-in-der-ard-steht-fest\/#respond\"]}]},{\"@type\":\"WebPage\",\"@id\":\"https:\/\/newsslash.com\/n\/17478-kommissar-baeckstroem-startdatum-der-dritten-staffel-in-der-ard-steht-fest\/\",\"url\":\"https:\/\/newsslash.com\/n\/17478-kommissar-baeckstroem-startdatum-der-dritten-staffel-in-der-ard-steht-fest\/\",\"name\":\"Kommissar B\u00c3\u00a4ckstr\u00c3\u00b6m \u00e2\u20ac\u201c Startdatum der dritten Staffel ... - Newsslash\",\"isPartOf\":{\"@id\":\"https:\/\/newsslash.com\/n\/#website\"},\"primaryImageOfPage\":{\"@id\":\"https:\/\/newsslash.com\/n\/17478-kommissar-baeckstroem-startdatum-der-dritten-staffel-in-der-ard-steht-fest\/#primaryimage\"},\"image\":{\"@id\":\"https:\/\/newsslash.com\/n\/17478-kommissar-baeckstroem-startdatum-der-dritten-staffel-in-der-ard-steht-fest\/#primaryimage\"},\"thumbnailUrl\":\"https:\/\/newsslash.com\/n\/wp-content\/uploads\/2025\/04\/NewsSlash-Featured-Image.jpg\",\"datePublished\":\"2024-05-21T16:07:58+00:00\",\"breadcrumb\":{\"@id\":\"https:\/\/newsslash.com\/n\/17478-kommissar-baeckstroem-startdatum-der-dritten-staffel-in-der-ard-steht-fest\/#breadcrumb\"},\"inLanguage\":\"en-US\",\"potentialAction\":[{\"@type\":\"ReadAction\",\"target\":[\"https:\/\/newsslash.com\/n\/17478-kommissar-baeckstroem-startdatum-der-dritten-staffel-in-der-ard-steht-fest\/\"]}]},{\"@type\":\"ImageObject\",\"inLanguage\":\"en-US\",\"@id\":\"https:\/\/newsslash.com\/n\/17478-kommissar-baeckstroem-startdatum-der-dritten-staffel-in-der-ard-steht-fest\/#primaryimage\",\"url\":\"https:\/\/newsslash.com\/n\/wp-content\/uploads\/2025\/04\/NewsSlash-Featured-Image.jpg\",\"contentUrl\":\"https:\/\/newsslash.com\/n\/wp-content\/uploads\/2025\/04\/NewsSlash-Featured-Image.jpg\",\"width\":1280,\"height\":854},{\"@type\":\"BreadcrumbList\",\"@id\":\"https:\/\/newsslash.com\/n\/17478-kommissar-baeckstroem-startdatum-der-dritten-staffel-in-der-ard-steht-fest\/#breadcrumb\",\"itemListElement\":[{\"@type\":\"ListItem\",\"position\":1,\"name\":\"Home\",\"item\":\"https:\/\/newsslash.com\/n\/\"},{\"@type\":\"ListItem\",\"position\":2,\"name\":\"Kommissar B\u00c3\u00a4ckstr\u00c3\u00b6m \u00e2\u20ac\u201c Startdatum der dritten Staffel &#8230;\"}]},{\"@type\":\"WebSite\",\"@id\":\"https:\/\/newsslash.com\/n\/#website\",\"url\":\"https:\/\/newsslash.com\/n\/\",\"name\":\"Newsslash\",\"description\":\"Trending News on Movies, Series, OTT, Gaming\",\"publisher\":{\"@id\":\"https:\/\/newsslash.com\/n\/#organization\"},\"potentialAction\":[{\"@type\":\"SearchAction\",\"target\":{\"@type\":\"EntryPoint\",\"urlTemplate\":\"https:\/\/newsslash.com\/n\/?s={search_term_string}\"},\"query-input\":{\"@type\":\"PropertyValueSpecification\",\"valueRequired\":true,\"valueName\":\"search_term_string\"}}],\"inLanguage\":\"en-US\"},{\"@type\":\"Organization\",\"@id\":\"https:\/\/newsslash.com\/n\/#organization\",\"name\":\"Newsslash\",\"url\":\"https:\/\/newsslash.com\/n\/\",\"logo\":{\"@type\":\"ImageObject\",\"inLanguage\":\"en-US\",\"@id\":\"https:\/\/newsslash.com\/n\/#\/schema\/logo\/image\/\",\"url\":\"https:\/\/newsslash.com\/n\/wp-content\/uploads\/2025\/04\/cropped-Newsslash-logo-Fevicon.png\",\"contentUrl\":\"https:\/\/newsslash.com\/n\/wp-content\/uploads\/2025\/04\/cropped-Newsslash-logo-Fevicon.png\",\"width\":512,\"height\":512,\"caption\":\"Newsslash\"},\"image\":{\"@id\":\"https:\/\/newsslash.com\/n\/#\/schema\/logo\/image\/\"}},{\"@type\":\"Person\",\"@id\":\"https:\/\/newsslash.com\/n\/#\/schema\/person\/cb1381eb00b5dc4b3071475e9866df11\",\"name\":\"Daniela H\",\"sameAs\":[\"https:\/\/newsslash.com\"],\"url\":\"https:\/\/newsslash.com\/n\/author\/daniela_h\/\"}]}<\/script>\n<!-- \/ Yoast SEO plugin. -->","yoast_head_json":{"title":"Kommissar B\u00c3\u00a4ckstr\u00c3\u00b6m \u00e2\u20ac\u201c Startdatum der dritten Staffel ... - Newsslash","robots":{"index":"noindex","follow":"follow"},"og_locale":"en_US","og_type":"article","og_title":"Kommissar B\u00c3\u00a4ckstr\u00c3\u00b6m \u00e2\u20ac\u201c Startdatum der dritten Staffel ... - Newsslash","og_description":"Ab dem 21. Juli geht es endlich mit neuen Folgen der beliebten Krimiserie Kommissar B\u00c3\u00a4ckstr\u00c3\u00b6m in der ARD weiter. Das verk\u00c3\u00bcndete... Mehr auf Newsslash.com!","og_url":"https:\/\/newsslash.com\/n\/17478-kommissar-baeckstroem-startdatum-der-dritten-staffel-in-der-ard-steht-fest\/","og_site_name":"Newsslash","article_published_time":"2024-05-21T16:07:58+00:00","og_image":[{"width":1280,"height":854,"url":"https:\/\/newsslash.com\/n\/wp-content\/uploads\/2025\/04\/NewsSlash-Featured-Image.jpg","type":"image\/jpeg"}],"author":"Daniela H","twitter_card":"summary_large_image","twitter_misc":{"Written by":"Daniela H","Est. reading time":"2 minutes"},"schema":{"@context":"https:\/\/schema.org","@graph":[{"@type":"Article","@id":"https:\/\/newsslash.com\/n\/17478-kommissar-baeckstroem-startdatum-der-dritten-staffel-in-der-ard-steht-fest\/#article","isPartOf":{"@id":"https:\/\/newsslash.com\/n\/17478-kommissar-baeckstroem-startdatum-der-dritten-staffel-in-der-ard-steht-fest\/"},"author":{"name":"Daniela H","@id":"https:\/\/newsslash.com\/n\/#\/schema\/person\/cb1381eb00b5dc4b3071475e9866df11"},"headline":"Kommissar B\u00c3\u00a4ckstr\u00c3\u00b6m \u00e2\u20ac\u201c Startdatum der dritten Staffel &#8230;","datePublished":"2024-05-21T16:07:58+00:00","mainEntityOfPage":{"@id":"https:\/\/newsslash.com\/n\/17478-kommissar-baeckstroem-startdatum-der-dritten-staffel-in-der-ard-steht-fest\/"},"wordCount":326,"commentCount":38,"publisher":{"@id":"https:\/\/newsslash.com\/n\/#organization"},"image":{"@id":"https:\/\/newsslash.com\/n\/17478-kommissar-baeckstroem-startdatum-der-dritten-staffel-in-der-ard-steht-fest\/#primaryimage"},"thumbnailUrl":"https:\/\/newsslash.com\/n\/wp-content\/uploads\/2025\/04\/NewsSlash-Featured-Image.jpg","articleSection":["Blog"],"inLanguage":"en-US","potentialAction":[{"@type":"CommentAction","name":"Comment","target":["https:\/\/newsslash.com\/n\/17478-kommissar-baeckstroem-startdatum-der-dritten-staffel-in-der-ard-steht-fest\/#respond"]}]},{"@type":"WebPage","@id":"https:\/\/newsslash.com\/n\/17478-kommissar-baeckstroem-startdatum-der-dritten-staffel-in-der-ard-steht-fest\/","url":"https:\/\/newsslash.com\/n\/17478-kommissar-baeckstroem-startdatum-der-dritten-staffel-in-der-ard-steht-fest\/","name":"Kommissar B\u00c3\u00a4ckstr\u00c3\u00b6m \u00e2\u20ac\u201c Startdatum der dritten Staffel ... - Newsslash","isPartOf":{"@id":"https:\/\/newsslash.com\/n\/#website"},"primaryImageOfPage":{"@id":"https:\/\/newsslash.com\/n\/17478-kommissar-baeckstroem-startdatum-der-dritten-staffel-in-der-ard-steht-fest\/#primaryimage"},"image":{"@id":"https:\/\/newsslash.com\/n\/17478-kommissar-baeckstroem-startdatum-der-dritten-staffel-in-der-ard-steht-fest\/#primaryimage"},"thumbnailUrl":"https:\/\/newsslash.com\/n\/wp-content\/uploads\/2025\/04\/NewsSlash-Featured-Image.jpg","datePublished":"2024-05-21T16:07:58+00:00","breadcrumb":{"@id":"https:\/\/newsslash.com\/n\/17478-kommissar-baeckstroem-startdatum-der-dritten-staffel-in-der-ard-steht-fest\/#breadcrumb"},"inLanguage":"en-US","potentialAction":[{"@type":"ReadAction","target":["https:\/\/newsslash.com\/n\/17478-kommissar-baeckstroem-startdatum-der-dritten-staffel-in-der-ard-steht-fest\/"]}]},{"@type":"ImageObject","inLanguage":"en-US","@id":"https:\/\/newsslash.com\/n\/17478-kommissar-baeckstroem-startdatum-der-dritten-staffel-in-der-ard-steht-fest\/#primaryimage","url":"https:\/\/newsslash.com\/n\/wp-content\/uploads\/2025\/04\/NewsSlash-Featured-Image.jpg","contentUrl":"https:\/\/newsslash.com\/n\/wp-content\/uploads\/2025\/04\/NewsSlash-Featured-Image.jpg","width":1280,"height":854},{"@type":"BreadcrumbList","@id":"https:\/\/newsslash.com\/n\/17478-kommissar-baeckstroem-startdatum-der-dritten-staffel-in-der-ard-steht-fest\/#breadcrumb","itemListElement":[{"@type":"ListItem","position":1,"name":"Home","item":"https:\/\/newsslash.com\/n\/"},{"@type":"ListItem","position":2,"name":"Kommissar B\u00c3\u00a4ckstr\u00c3\u00b6m \u00e2\u20ac\u201c Startdatum der dritten Staffel &#8230;"}]},{"@type":"WebSite","@id":"https:\/\/newsslash.com\/n\/#website","url":"https:\/\/newsslash.com\/n\/","name":"Newsslash","description":"Trending News on Movies, Series, OTT, Gaming","publisher":{"@id":"https:\/\/newsslash.com\/n\/#organization"},"potentialAction":[{"@type":"SearchAction","target":{"@type":"EntryPoint","urlTemplate":"https:\/\/newsslash.com\/n\/?s={search_term_string}"},"query-input":{"@type":"PropertyValueSpecification","valueRequired":true,"valueName":"search_term_string"}}],"inLanguage":"en-US"},{"@type":"Organization","@id":"https:\/\/newsslash.com\/n\/#organization","name":"Newsslash","url":"https:\/\/newsslash.com\/n\/","logo":{"@type":"ImageObject","inLanguage":"en-US","@id":"https:\/\/newsslash.com\/n\/#\/schema\/logo\/image\/","url":"https:\/\/newsslash.com\/n\/wp-content\/uploads\/2025\/04\/cropped-Newsslash-logo-Fevicon.png","contentUrl":"https:\/\/newsslash.com\/n\/wp-content\/uploads\/2025\/04\/cropped-Newsslash-logo-Fevicon.png","width":512,"height":512,"caption":"Newsslash"},"image":{"@id":"https:\/\/newsslash.com\/n\/#\/schema\/logo\/image\/"}},{"@type":"Person","@id":"https:\/\/newsslash.com\/n\/#\/schema\/person\/cb1381eb00b5dc4b3071475e9866df11","name":"Daniela H","sameAs":["https:\/\/newsslash.com"],"url":"https:\/\/newsslash.com\/n\/author\/daniela_h\/"}]}},"_links":{"self":[{"href":"https:\/\/newsslash.com\/n\/wp-json\/wp\/v2\/posts\/21556","targetHints":{"allow":["GET"]}}],"collection":[{"href":"https:\/\/newsslash.com\/n\/wp-json\/wp\/v2\/posts"}],"about":[{"href":"https:\/\/newsslash.com\/n\/wp-json\/wp\/v2\/types\/post"}],"author":[{"embeddable":true,"href":"https:\/\/newsslash.com\/n\/wp-json\/wp\/v2\/users\/7"}],"replies":[{"embeddable":true,"href":"https:\/\/newsslash.com\/n\/wp-json\/wp\/v2\/comments?post=21556"}],"version-history":[{"count":0,"href":"https:\/\/newsslash.com\/n\/wp-json\/wp\/v2\/posts\/21556\/revisions"}],"wp:featuredmedia":[{"embeddable":true,"href":"https:\/\/newsslash.com\/n\/wp-json\/wp\/v2\/media\/21974"}],"wp:attachment":[{"href":"https:\/\/newsslash.com\/n\/wp-json\/wp\/v2\/media?parent=21556"}],"curies":[{"name":"wp","href":"https:\/\/api.w.org\/{rel}","templated":true}]}}