{"id":21563,"date":"2024-05-28T18:06:00","date_gmt":"2024-05-28T18:06:00","guid":{"rendered":"https:\/\/newsslash.com\/n\/17485-fussball-crime-und-drama-das-sind-die-highlights-in-der-ard-mediathek-im-juni-2024\/"},"modified":"2024-05-28T18:06:00","modified_gmt":"2024-05-28T18:06:00","slug":"17485-fussball-crime-und-drama-das-sind-die-highlights-in-der-ard-mediathek-im-juni-2024","status":"publish","type":"post","link":"https:\/\/newsslash.com\/n\/17485-fussball-crime-und-drama-das-sind-die-highlights-in-der-ard-mediathek-im-juni-2024\/","title":{"rendered":"Fu\u00c3\u0178ball, Crime und Drama \u00e2\u20ac\u201c das sind die Highlights in &#8230;"},"content":{"rendered":"<p>Neben RTL+, Paramount, Netflix, Amazon und Co sind auch die Mediatheken der \u00c3\u00b6ffentlich-rechtlichen Sender es wert, einen Blick auf das neue Programm des n\u00c3\u00a4chsten Monats zu werfen. Denn bei ARD und ZDF verstecken sich so manche Sch\u00c3\u00a4tze im Serien-, Film- und vor allem auch Doku-Bereich. Dass die neuen Tatort- und Polizeiruf-Folgen in der ARD-Mediathek zur Verf\u00c3\u00bcgung stehen, wei\u00c3\u0178 ein jeder. Aber was gibt es noch zu entdecken? Im Juni wird es in der ARD-Mediathek vor allem sportlich. Das liegt nat\u00c3\u00bcrlich an der UEFA-Fu\u00c3\u0178ball-EM der Herren, die in wenigen Wochen startet. Aber auch eine Doku \u00c3\u00bcber die Speerwerferin Birgit Dressel wird im Juni zu sehen sein. Dar\u00c3\u00bcber hinaus gibt es kurzweilieg Unterhaltung mit Kurzstrecke mit Pierre M. Krause in der sechsten Staffel, eine Dramedy in acht Teilen und Familienchaos mit Barcelona for Beginners. Hier sind unsere Highlights in der ARD-Mediathek im Juni 2024 f\u00c3\u00bcr euch. <b>Sport, B\u00c3\u00a4ren und Politik \u00e2\u20ac\u201c spannende Dokus im Juni <\/b> <b> Deutschland. Fu\u00c3\u0178ball. Sommerm\u00c3\u00a4rchen 2024? Ab 1. Juni<\/b> Ab dem 1. Juni gibt es in der ARD-Mediathek eine spannende Dokumentation von und mit Esther Sedlaczek zu sehen. Sie nimmt die Zuschauenden mit auf eine Reise durch Deutschland und in ein Gespr\u00c3\u00a4ch mit Bundestrainer Julian Nagelsmann. Sedlaczek besch\u00c3\u00a4ftigt sich mit der Frage, ob der Fu\u00c3\u0178ball es auch 2024 schaffen kann, eine Gesellschaft zu verbinden. Ist ein neues Sommerm\u00c3\u00a4rchen in Deutschland m\u00c3\u00b6glich? Z Wort kommen neben Nagelsmann unter anderem auch Jogi L\u00c3\u00b6w und Bastian Schweinsteiger. <b>Einigkeit und Recht und Vielfalt \u00e2\u20ac\u201c Die Nationalmannschaft zwischen Rassismus und Identifikation<\/b> Ebenfalls ab dem 1. Juni k\u00c3\u00b6nnt ihr euch die Doku Einigkeit und recht und Vielfalt anschauen. Im Zentrum steht die multikulturelle Nationalmannschaft im Fu\u00c3\u0178ball, die selbstverst\u00c3\u00a4ndlich ist. Im Jahr 2006, dem Jahr des Sommerm\u00c3\u00a4rchens sah dies noch homogener und deutscher aus. Wie sich diese neue Mannschaft entwickelt hat, zeigt die Doku, die die Zuschauenden mit auf eine Reise durch fast 20 Jahre Nationalmannschaft nimmt. <b>Wenn B\u00c3\u00a4ren t\u00c3\u00b6ten \u00e2\u20ac\u201c Doku ab 4. Juni <\/b> Der Dokumentarfilm \u00e2\u20ac\u017eWenn B\u00c3\u00a4ren t\u00c3\u00b6ten\u00e2\u20ac\u0153 entf\u00c3\u00bchrt euch ab 4. Juni nach Italien ins Trentino. Hier ist der Ort, an dem sich B\u00c3\u00a4ren und Menschen am nahesten kommen. Hier ist es auch, wo der 26-j\u00c3\u00a4hrige Andrea im Fr\u00c3\u00bchling 2023 durch einen B\u00c3\u00a4ren get\u00c3\u00b6tet wurde. Die Problemb\u00c3\u00a4ren Gaia steckt dahinter, die Schwester des deutschen Problemb\u00c3\u00a4ren Bruno. Schon einmal hatte sie einen Menschen angegriffen, wurde aber nicht zum Abschuss freigegeben. Nun fordert die Bev\u00c3\u00b6lkerung den Abschuss vehement, w\u00c3\u00a4hrend Ziersch\u00c3\u00bctzer dies verhindern wollen. Der Film zeigt einmalige Bilder von Tieren und Menschen. <iframe loading=\"lazy\" allowfullscreen=\"\" frameborder=\"0\" height=\"315\" src=\"https:\/\/www.youtube-nocookie.com\/embed\/gshSm_bV0fw?si=2Spydl5HMzZSzuM6\" width=\"100%\"><\/iframe> <b>Tod f\u00c3\u00bcr Olympia \u00e2\u20ac\u201c Der Fall Birgit Dressel ab 7. Juni <\/b> Die Doku-Serie Tod f\u00c3\u00bcr Olympia dreht sich um die 26-j\u00c3\u00a4hrige Birgit Dressel. Auch sie stirbt, aber nicht wegen eines B\u00c3\u00a4ren, sondern an Multiorganversagen \u00e2\u20ac\u201c hervorgerufen durch eine Vielzahl an Medikamenten und Doping-Pr\u00c3\u00a4paraten. Das war im Jahr 1987 leider v\u00c3\u00b6llig normal. \u00c3\u0153ber die Risiken der Dopingmittel wurde nicht nachgedacht. Es ging einzig und allein darum., zu gewinnen, in Deutschland, in Europa, bei Olympia. Birgit Dressel gilt als die erste Dopingtote in der BRD und wurde schnell vergessen. Autor Yannik Lowin spricht nun mit engsten Vertrauten von ihr und rollt den Fall mit Experten neu auf. Neben diesen sportlichen Dokus gibt es in der ARD-Mediathek auch in diesem Jahr ein umfangreiches Programm mit Hintergr\u00c3\u00bcnden, Storys und Live-\u00c3\u0153bertragungen zur <b>Tour de France, der Fu\u00c3\u0178ball-EM und der Leichtathletik- EM<\/b> in Rom. <b>Trotz und Treue \u00e2\u20ac\u201c Das Ph\u00c3\u00a4nomen Sahra Wagenknecht <\/b> Ab dem 9. Juni, also p\u00c3\u00bcnktlich am Wahltag, geht die Dokumentation Trotz und Treue in der ARD-Mediathek online. Sahra Wagenknecht, ehemalige Ikone der Partei Die Linke und Bindeglied zwischen Oscar Lafontaine und Gregor Gysi, hat nun einen neuen Weg eingeschlagen, den ihres eigenen B\u00c3\u00bcndnisses. Die Doku geht der Frage nach, wie diese Entwicklung vonstattenging und welche Chancen das B\u00c3\u00bcndnis Sahra Wagenknecht sieht und hat. <b>Talk und Drama \u00e2\u20ac\u201c neue Spielfilme und Serien im Juni<\/b> <b> Kurzstrecke mit Pierre M. Krause \u00e2\u20ac\u201c Staffel 6 ab 8. Juni <\/b> Schon in der sechsten Staffel trifft und quatscht Pierre M. Kraue wieder Prominente aller Couleur. Das Besondere: sie sitzen nicht im Studio, sondern Pierre begleitet sie bei ganz normalen Terminen, beruflich oder privat. Mit dabei in dieser Staffel ab dem 8. Juni 2024 in der ARD-Mediathek unter anderem Jasmina Kuhnke, Jan K\u00c3\u00b6ppen und Nelson M\u00c3\u00bcller. <b>Welcome to Berlin \u00e2\u20ac\u201c ab 11. Juni in der ARD-Mediathek<\/b> Welcome ti Berlin \u00e2\u20ac\u201c Neu in der Stadt ist eine Doku-Serie n f\u00c3\u00bcnf Teilen, die sechs junge Menschen bei ihren ersten Schritten in Berlin begleitet. Sie wollen richtig durchstarten, nicht nur leise in einem B\u00c3\u00bcro arbeiten oder am Flie\u00c3\u0178band stehen. Doch Berlin ist eben Berlin \u00e2\u20ac\u201c Stadt zum Tr\u00c3\u00a4umen und Stadt, die Tr\u00c3\u00a4ume platzen l\u00c3\u00a4sst. <b>Wo wir sind, ist oben ab 14. Juni<\/b> Ein bisschen Dramedy gibt es im Juni auch in der ARD-Mediathek. Die Serie Wo wir sind, ist oben besch\u00c3\u00a4ftigt sich mit der Berliner Republik, mit Politikberatung, mit technologischen Neuentwicklungen, mit dem Einstampfen alter Produktionsstandorte und insgesamt mit dem Wandel in Politik und Gesellschaft. Alles wird aus dem Blickwinkel einer Politikberatungsagentur gezeigt. <b>Barcelona for Beginners ab 21. Juni<\/b> Auch in der preisgek\u00c3\u00b6rnten Serie Barcelona for Beginners, im Original This is not Sweden, geht es um den Neuanfang in einer Stadt. Es sind Mariana und Samuel, die in Barcelona ihr Gl\u00c3\u00bcck suchen. Gemeinsam mit anderen Familien wollen sie eine Idylle schaffen, doch schon bald gr\u00c3\u00bcnden die beiden gemeinsam mit den Nachbarn eine Elterntherapiegruppe, die so einiges ans Licht und Chaos ins Familienleben bringt. <iframe loading=\"lazy\" allowfullscreen=\"\" frameborder=\"0\" height=\"315\" src=\"https:\/\/www.youtube-nocookie.com\/embed\/9emqCEa4Tj0?si=Vax_RIFihriOSxz6\" width=\"100%\"><\/iframe> <b> Warten auf Bojangle ab 28. Juni<\/b> AB dem 28. Juni seht ihr i der ARD-Mediathek den Spielfilm Warten auf Bojangles. Nach der Romanvorlage wird die Amour Fou zwischen Camille und George erz\u00c3\u00a4hlt. Diese scheitert an der Realit\u00c3\u00a4t und vor allem auch an Camilles psychischer Krankheit. Der Film ist bunt, aber er verkl\u00c3\u00a4rt die Liebe nicht zu einem alles\u00c3\u00bcberstrahlenden Positivum, sondern zeigt eine Beziehung, die sich vom Tr\u00c3\u00a4umen zur drohenden Zerst\u00c3\u00b6rung tr\u00c3\u00a4gt.<\/p><div class=\"newss-content\" id=\"newss-3535819250\"><script async src=\"\/\/pagead2.googlesyndication.com\/pagead\/js\/adsbygoogle.js?client=ca-pub-7733425960004873\" crossorigin=\"anonymous\"><\/script><ins class=\"adsbygoogle\" style=\"display:block;\" data-ad-client=\"ca-pub-7733425960004873\" \ndata-ad-slot=\"2582020599\" \ndata-ad-format=\"auto\"><\/ins>\n<script> \n(adsbygoogle = window.adsbygoogle || []).push({}); \n<\/script>\n<\/div><div class=\"newss-article-1\" id=\"newss-1720057734\"><script async src=\"https:\/\/pagead2.googlesyndication.com\/pagead\/js\/adsbygoogle.js?client=ca-pub-7733425960004873\"\r\n     crossorigin=\"anonymous\"><\/script>\r\n<!-- Homepage2 -->\r\n<ins class=\"adsbygoogle\"\r\n     style=\"display:block\"\r\n     data-ad-client=\"ca-pub-7733425960004873\"\r\n     data-ad-slot=\"2582020599\"\r\n     data-ad-format=\"auto\"\r\n     data-full-width-responsive=\"true\"><\/ins>\r\n<script>\r\n     (adsbygoogle = window.adsbygoogle || []).push({});\r\n<\/script><\/div>\n","protected":false},"excerpt":{"rendered":"<p>Die ARD-Mediathek ist auch im n\u00c3\u00a4chsten Monat wieder prall gef\u00c3\u00bcllt mit Neuheiten. Wir haben die Highlights aus Sport, Doku, Serie&#8230; Mehr auf Newsslash.com!<\/p>\n","protected":false},"author":7,"featured_media":21974,"comment_status":"open","ping_status":"open","sticky":false,"template":"","format":"standard","meta":{"_et_pb_use_builder":"","_et_pb_old_content":"","_et_gb_content_width":"","footnotes":""},"class_list":["post-21563","post","type-post","status-publish","format-standard","has-post-thumbnail","hentry","category-blog"],"yoast_head":"<!-- This site is optimized with the Yoast SEO plugin v24.8.1 - https:\/\/yoast.com\/wordpress\/plugins\/seo\/ -->\n<title>Fu\u00c3\u0178ball, Crime und Drama \u00e2\u20ac\u201c das sind die Highlights in ... - Newsslash<\/title>\n<meta name=\"robots\" content=\"noindex, follow\" \/>\n<meta property=\"og:locale\" content=\"en_US\" \/>\n<meta property=\"og:type\" content=\"article\" \/>\n<meta property=\"og:title\" content=\"Fu\u00c3\u0178ball, Crime und Drama \u00e2\u20ac\u201c das sind die Highlights in ... - Newsslash\" \/>\n<meta property=\"og:description\" content=\"Die ARD-Mediathek ist auch im n\u00c3\u00a4chsten Monat wieder prall gef\u00c3\u00bcllt mit Neuheiten. Wir haben die Highlights aus Sport, Doku, Serie... Mehr auf Newsslash.com!\" \/>\n<meta property=\"og:url\" content=\"https:\/\/newsslash.com\/n\/17485-fussball-crime-und-drama-das-sind-die-highlights-in-der-ard-mediathek-im-juni-2024\/\" \/>\n<meta property=\"og:site_name\" content=\"Newsslash\" \/>\n<meta property=\"article:published_time\" content=\"2024-05-28T18:06:00+00:00\" \/>\n<meta property=\"og:image\" content=\"https:\/\/newsslash.com\/n\/wp-content\/uploads\/2025\/04\/NewsSlash-Featured-Image.jpg\" \/>\n\t<meta property=\"og:image:width\" content=\"1280\" \/>\n\t<meta property=\"og:image:height\" content=\"854\" \/>\n\t<meta property=\"og:image:type\" content=\"image\/jpeg\" \/>\n<meta name=\"author\" content=\"Daniela H\" \/>\n<meta name=\"twitter:card\" content=\"summary_large_image\" \/>\n<meta name=\"twitter:label1\" content=\"Written by\" \/>\n\t<meta name=\"twitter:data1\" content=\"Daniela H\" \/>\n\t<meta name=\"twitter:label2\" content=\"Est. reading time\" \/>\n\t<meta name=\"twitter:data2\" content=\"5 minutes\" \/>\n<script type=\"application\/ld+json\" class=\"yoast-schema-graph\">{\"@context\":\"https:\/\/schema.org\",\"@graph\":[{\"@type\":\"Article\",\"@id\":\"https:\/\/newsslash.com\/n\/17485-fussball-crime-und-drama-das-sind-die-highlights-in-der-ard-mediathek-im-juni-2024\/#article\",\"isPartOf\":{\"@id\":\"https:\/\/newsslash.com\/n\/17485-fussball-crime-und-drama-das-sind-die-highlights-in-der-ard-mediathek-im-juni-2024\/\"},\"author\":{\"name\":\"Daniela H\",\"@id\":\"https:\/\/newsslash.com\/n\/#\/schema\/person\/cb1381eb00b5dc4b3071475e9866df11\"},\"headline\":\"Fu\u00c3\u0178ball, Crime und Drama \u00e2\u20ac\u201c das sind die Highlights in &#8230;\",\"datePublished\":\"2024-05-28T18:06:00+00:00\",\"mainEntityOfPage\":{\"@id\":\"https:\/\/newsslash.com\/n\/17485-fussball-crime-und-drama-das-sind-die-highlights-in-der-ard-mediathek-im-juni-2024\/\"},\"wordCount\":1001,\"commentCount\":0,\"publisher\":{\"@id\":\"https:\/\/newsslash.com\/n\/#organization\"},\"image\":{\"@id\":\"https:\/\/newsslash.com\/n\/17485-fussball-crime-und-drama-das-sind-die-highlights-in-der-ard-mediathek-im-juni-2024\/#primaryimage\"},\"thumbnailUrl\":\"https:\/\/newsslash.com\/n\/wp-content\/uploads\/2025\/04\/NewsSlash-Featured-Image.jpg\",\"articleSection\":[\"Blog\"],\"inLanguage\":\"en-US\",\"potentialAction\":[{\"@type\":\"CommentAction\",\"name\":\"Comment\",\"target\":[\"https:\/\/newsslash.com\/n\/17485-fussball-crime-und-drama-das-sind-die-highlights-in-der-ard-mediathek-im-juni-2024\/#respond\"]}]},{\"@type\":\"WebPage\",\"@id\":\"https:\/\/newsslash.com\/n\/17485-fussball-crime-und-drama-das-sind-die-highlights-in-der-ard-mediathek-im-juni-2024\/\",\"url\":\"https:\/\/newsslash.com\/n\/17485-fussball-crime-und-drama-das-sind-die-highlights-in-der-ard-mediathek-im-juni-2024\/\",\"name\":\"Fu\u00c3\u0178ball, Crime und Drama \u00e2\u20ac\u201c das sind die Highlights in ... - Newsslash\",\"isPartOf\":{\"@id\":\"https:\/\/newsslash.com\/n\/#website\"},\"primaryImageOfPage\":{\"@id\":\"https:\/\/newsslash.com\/n\/17485-fussball-crime-und-drama-das-sind-die-highlights-in-der-ard-mediathek-im-juni-2024\/#primaryimage\"},\"image\":{\"@id\":\"https:\/\/newsslash.com\/n\/17485-fussball-crime-und-drama-das-sind-die-highlights-in-der-ard-mediathek-im-juni-2024\/#primaryimage\"},\"thumbnailUrl\":\"https:\/\/newsslash.com\/n\/wp-content\/uploads\/2025\/04\/NewsSlash-Featured-Image.jpg\",\"datePublished\":\"2024-05-28T18:06:00+00:00\",\"breadcrumb\":{\"@id\":\"https:\/\/newsslash.com\/n\/17485-fussball-crime-und-drama-das-sind-die-highlights-in-der-ard-mediathek-im-juni-2024\/#breadcrumb\"},\"inLanguage\":\"en-US\",\"potentialAction\":[{\"@type\":\"ReadAction\",\"target\":[\"https:\/\/newsslash.com\/n\/17485-fussball-crime-und-drama-das-sind-die-highlights-in-der-ard-mediathek-im-juni-2024\/\"]}]},{\"@type\":\"ImageObject\",\"inLanguage\":\"en-US\",\"@id\":\"https:\/\/newsslash.com\/n\/17485-fussball-crime-und-drama-das-sind-die-highlights-in-der-ard-mediathek-im-juni-2024\/#primaryimage\",\"url\":\"https:\/\/newsslash.com\/n\/wp-content\/uploads\/2025\/04\/NewsSlash-Featured-Image.jpg\",\"contentUrl\":\"https:\/\/newsslash.com\/n\/wp-content\/uploads\/2025\/04\/NewsSlash-Featured-Image.jpg\",\"width\":1280,\"height\":854},{\"@type\":\"BreadcrumbList\",\"@id\":\"https:\/\/newsslash.com\/n\/17485-fussball-crime-und-drama-das-sind-die-highlights-in-der-ard-mediathek-im-juni-2024\/#breadcrumb\",\"itemListElement\":[{\"@type\":\"ListItem\",\"position\":1,\"name\":\"Home\",\"item\":\"https:\/\/newsslash.com\/n\/\"},{\"@type\":\"ListItem\",\"position\":2,\"name\":\"Fu\u00c3\u0178ball, Crime und Drama \u00e2\u20ac\u201c das sind die Highlights in &#8230;\"}]},{\"@type\":\"WebSite\",\"@id\":\"https:\/\/newsslash.com\/n\/#website\",\"url\":\"https:\/\/newsslash.com\/n\/\",\"name\":\"Newsslash\",\"description\":\"Trending News on Movies, Series, OTT, Gaming\",\"publisher\":{\"@id\":\"https:\/\/newsslash.com\/n\/#organization\"},\"potentialAction\":[{\"@type\":\"SearchAction\",\"target\":{\"@type\":\"EntryPoint\",\"urlTemplate\":\"https:\/\/newsslash.com\/n\/?s={search_term_string}\"},\"query-input\":{\"@type\":\"PropertyValueSpecification\",\"valueRequired\":true,\"valueName\":\"search_term_string\"}}],\"inLanguage\":\"en-US\"},{\"@type\":\"Organization\",\"@id\":\"https:\/\/newsslash.com\/n\/#organization\",\"name\":\"Newsslash\",\"url\":\"https:\/\/newsslash.com\/n\/\",\"logo\":{\"@type\":\"ImageObject\",\"inLanguage\":\"en-US\",\"@id\":\"https:\/\/newsslash.com\/n\/#\/schema\/logo\/image\/\",\"url\":\"https:\/\/newsslash.com\/n\/wp-content\/uploads\/2025\/04\/cropped-Newsslash-logo-Fevicon.png\",\"contentUrl\":\"https:\/\/newsslash.com\/n\/wp-content\/uploads\/2025\/04\/cropped-Newsslash-logo-Fevicon.png\",\"width\":512,\"height\":512,\"caption\":\"Newsslash\"},\"image\":{\"@id\":\"https:\/\/newsslash.com\/n\/#\/schema\/logo\/image\/\"}},{\"@type\":\"Person\",\"@id\":\"https:\/\/newsslash.com\/n\/#\/schema\/person\/cb1381eb00b5dc4b3071475e9866df11\",\"name\":\"Daniela H\",\"sameAs\":[\"https:\/\/newsslash.com\"],\"url\":\"https:\/\/newsslash.com\/n\/author\/daniela_h\/\"}]}<\/script>\n<!-- \/ Yoast SEO plugin. -->","yoast_head_json":{"title":"Fu\u00c3\u0178ball, Crime und Drama \u00e2\u20ac\u201c das sind die Highlights in ... - Newsslash","robots":{"index":"noindex","follow":"follow"},"og_locale":"en_US","og_type":"article","og_title":"Fu\u00c3\u0178ball, Crime und Drama \u00e2\u20ac\u201c das sind die Highlights in ... - Newsslash","og_description":"Die ARD-Mediathek ist auch im n\u00c3\u00a4chsten Monat wieder prall gef\u00c3\u00bcllt mit Neuheiten. Wir haben die Highlights aus Sport, Doku, Serie... Mehr auf Newsslash.com!","og_url":"https:\/\/newsslash.com\/n\/17485-fussball-crime-und-drama-das-sind-die-highlights-in-der-ard-mediathek-im-juni-2024\/","og_site_name":"Newsslash","article_published_time":"2024-05-28T18:06:00+00:00","og_image":[{"width":1280,"height":854,"url":"https:\/\/newsslash.com\/n\/wp-content\/uploads\/2025\/04\/NewsSlash-Featured-Image.jpg","type":"image\/jpeg"}],"author":"Daniela H","twitter_card":"summary_large_image","twitter_misc":{"Written by":"Daniela H","Est. reading time":"5 minutes"},"schema":{"@context":"https:\/\/schema.org","@graph":[{"@type":"Article","@id":"https:\/\/newsslash.com\/n\/17485-fussball-crime-und-drama-das-sind-die-highlights-in-der-ard-mediathek-im-juni-2024\/#article","isPartOf":{"@id":"https:\/\/newsslash.com\/n\/17485-fussball-crime-und-drama-das-sind-die-highlights-in-der-ard-mediathek-im-juni-2024\/"},"author":{"name":"Daniela H","@id":"https:\/\/newsslash.com\/n\/#\/schema\/person\/cb1381eb00b5dc4b3071475e9866df11"},"headline":"Fu\u00c3\u0178ball, Crime und Drama \u00e2\u20ac\u201c das sind die Highlights in &#8230;","datePublished":"2024-05-28T18:06:00+00:00","mainEntityOfPage":{"@id":"https:\/\/newsslash.com\/n\/17485-fussball-crime-und-drama-das-sind-die-highlights-in-der-ard-mediathek-im-juni-2024\/"},"wordCount":1001,"commentCount":0,"publisher":{"@id":"https:\/\/newsslash.com\/n\/#organization"},"image":{"@id":"https:\/\/newsslash.com\/n\/17485-fussball-crime-und-drama-das-sind-die-highlights-in-der-ard-mediathek-im-juni-2024\/#primaryimage"},"thumbnailUrl":"https:\/\/newsslash.com\/n\/wp-content\/uploads\/2025\/04\/NewsSlash-Featured-Image.jpg","articleSection":["Blog"],"inLanguage":"en-US","potentialAction":[{"@type":"CommentAction","name":"Comment","target":["https:\/\/newsslash.com\/n\/17485-fussball-crime-und-drama-das-sind-die-highlights-in-der-ard-mediathek-im-juni-2024\/#respond"]}]},{"@type":"WebPage","@id":"https:\/\/newsslash.com\/n\/17485-fussball-crime-und-drama-das-sind-die-highlights-in-der-ard-mediathek-im-juni-2024\/","url":"https:\/\/newsslash.com\/n\/17485-fussball-crime-und-drama-das-sind-die-highlights-in-der-ard-mediathek-im-juni-2024\/","name":"Fu\u00c3\u0178ball, Crime und Drama \u00e2\u20ac\u201c das sind die Highlights in ... - Newsslash","isPartOf":{"@id":"https:\/\/newsslash.com\/n\/#website"},"primaryImageOfPage":{"@id":"https:\/\/newsslash.com\/n\/17485-fussball-crime-und-drama-das-sind-die-highlights-in-der-ard-mediathek-im-juni-2024\/#primaryimage"},"image":{"@id":"https:\/\/newsslash.com\/n\/17485-fussball-crime-und-drama-das-sind-die-highlights-in-der-ard-mediathek-im-juni-2024\/#primaryimage"},"thumbnailUrl":"https:\/\/newsslash.com\/n\/wp-content\/uploads\/2025\/04\/NewsSlash-Featured-Image.jpg","datePublished":"2024-05-28T18:06:00+00:00","breadcrumb":{"@id":"https:\/\/newsslash.com\/n\/17485-fussball-crime-und-drama-das-sind-die-highlights-in-der-ard-mediathek-im-juni-2024\/#breadcrumb"},"inLanguage":"en-US","potentialAction":[{"@type":"ReadAction","target":["https:\/\/newsslash.com\/n\/17485-fussball-crime-und-drama-das-sind-die-highlights-in-der-ard-mediathek-im-juni-2024\/"]}]},{"@type":"ImageObject","inLanguage":"en-US","@id":"https:\/\/newsslash.com\/n\/17485-fussball-crime-und-drama-das-sind-die-highlights-in-der-ard-mediathek-im-juni-2024\/#primaryimage","url":"https:\/\/newsslash.com\/n\/wp-content\/uploads\/2025\/04\/NewsSlash-Featured-Image.jpg","contentUrl":"https:\/\/newsslash.com\/n\/wp-content\/uploads\/2025\/04\/NewsSlash-Featured-Image.jpg","width":1280,"height":854},{"@type":"BreadcrumbList","@id":"https:\/\/newsslash.com\/n\/17485-fussball-crime-und-drama-das-sind-die-highlights-in-der-ard-mediathek-im-juni-2024\/#breadcrumb","itemListElement":[{"@type":"ListItem","position":1,"name":"Home","item":"https:\/\/newsslash.com\/n\/"},{"@type":"ListItem","position":2,"name":"Fu\u00c3\u0178ball, Crime und Drama \u00e2\u20ac\u201c das sind die Highlights in &#8230;"}]},{"@type":"WebSite","@id":"https:\/\/newsslash.com\/n\/#website","url":"https:\/\/newsslash.com\/n\/","name":"Newsslash","description":"Trending News on Movies, Series, OTT, Gaming","publisher":{"@id":"https:\/\/newsslash.com\/n\/#organization"},"potentialAction":[{"@type":"SearchAction","target":{"@type":"EntryPoint","urlTemplate":"https:\/\/newsslash.com\/n\/?s={search_term_string}"},"query-input":{"@type":"PropertyValueSpecification","valueRequired":true,"valueName":"search_term_string"}}],"inLanguage":"en-US"},{"@type":"Organization","@id":"https:\/\/newsslash.com\/n\/#organization","name":"Newsslash","url":"https:\/\/newsslash.com\/n\/","logo":{"@type":"ImageObject","inLanguage":"en-US","@id":"https:\/\/newsslash.com\/n\/#\/schema\/logo\/image\/","url":"https:\/\/newsslash.com\/n\/wp-content\/uploads\/2025\/04\/cropped-Newsslash-logo-Fevicon.png","contentUrl":"https:\/\/newsslash.com\/n\/wp-content\/uploads\/2025\/04\/cropped-Newsslash-logo-Fevicon.png","width":512,"height":512,"caption":"Newsslash"},"image":{"@id":"https:\/\/newsslash.com\/n\/#\/schema\/logo\/image\/"}},{"@type":"Person","@id":"https:\/\/newsslash.com\/n\/#\/schema\/person\/cb1381eb00b5dc4b3071475e9866df11","name":"Daniela H","sameAs":["https:\/\/newsslash.com"],"url":"https:\/\/newsslash.com\/n\/author\/daniela_h\/"}]}},"_links":{"self":[{"href":"https:\/\/newsslash.com\/n\/wp-json\/wp\/v2\/posts\/21563","targetHints":{"allow":["GET"]}}],"collection":[{"href":"https:\/\/newsslash.com\/n\/wp-json\/wp\/v2\/posts"}],"about":[{"href":"https:\/\/newsslash.com\/n\/wp-json\/wp\/v2\/types\/post"}],"author":[{"embeddable":true,"href":"https:\/\/newsslash.com\/n\/wp-json\/wp\/v2\/users\/7"}],"replies":[{"embeddable":true,"href":"https:\/\/newsslash.com\/n\/wp-json\/wp\/v2\/comments?post=21563"}],"version-history":[{"count":0,"href":"https:\/\/newsslash.com\/n\/wp-json\/wp\/v2\/posts\/21563\/revisions"}],"wp:featuredmedia":[{"embeddable":true,"href":"https:\/\/newsslash.com\/n\/wp-json\/wp\/v2\/media\/21974"}],"wp:attachment":[{"href":"https:\/\/newsslash.com\/n\/wp-json\/wp\/v2\/media?parent=21563"}],"curies":[{"name":"wp","href":"https:\/\/api.w.org\/{rel}","templated":true}]}}