{"id":21581,"date":"2024-06-07T20:00:16","date_gmt":"2024-06-07T20:00:16","guid":{"rendered":"https:\/\/newsslash.com\/n\/17496-amc-verkuendet-starttermin-fuer-the-walking-dead-daryl-dixon-staffel-2\/"},"modified":"2024-06-07T20:00:16","modified_gmt":"2024-06-07T20:00:16","slug":"17496-amc-verkuendet-starttermin-fuer-the-walking-dead-daryl-dixon-staffel-2","status":"publish","type":"post","link":"https:\/\/newsslash.com\/n\/17496-amc-verkuendet-starttermin-fuer-the-walking-dead-daryl-dixon-staffel-2\/","title":{"rendered":"AMC verk\u00c3\u00bcndet Starttermin f\u00c3\u00bcr The Walking Dead: Daryl D&#8230;"},"content":{"rendered":"<p>The Walking Dead-Figur Daryl Dixon hat mit der ersten Staffel des ber\u00c3\u00bchmten Spin-offs den Schritt nach Europa gewagt. Dieser Szenenwechsel hat f\u00c3\u00bcr jede Menge begeisterte alte wie neue Fans gesorgt, Schon vor der Ausstrahlung der ersten Staffel von The Walking Dead-Daryl Dixon bestellte AMC auch schon eine Fortsetzung, auf die die Zuschauenden schon ungeduldig warten. Nun wird klar: die Geduld der Fans wird noch weiter strapaziert. Staffel 2 startet nicht schon wie erhofft im Sommer, sondern geht erst am 29. September in den USA bei AMC+ an den Start. Hierzulande zeigt sich Magenta TV als erstes f\u00c3\u00bcr die Ausstrahlung des Spin-offs verantwortlich. Ob zeitgleich oder wenigstens zeitnah mit dem deutschen Serienstart zu rechnen ist. Kann aktuell noch nicht gesagt werden. Was wir aber sagen k\u00c3\u00b6nnen, worum es in der zweiten Staffel von The Walking Dead: Daryl Dixon so grob gehen wird. Neben Daryl Dixon wird in Season 2 auch ein weiterer beliebter Charakter st\u00c3\u00a4rker in den Mittelpunkt ger\u00c3\u00bcckt. Es handelt sich um seine ehemalige Weggef\u00c3\u00a4hrtin Carol. Der Beiname der zweiten Staffel lautet auch \u00e2\u20ac\u017eThe Book of Carol\u00e2\u20ac\u0153. In den acht Folgen wird die Geschichte erz\u00c3\u00a4hlt, wie die beiden zueinanderfinden. Ein kurzer Teaser zeigt erste Ausschnitte. So sieht man, wie Carol mit Daryls Motorrad in den Ort nach Maine reist, in dem dieser zuletzt gearbeitet hatte. Hier wurde er auch entf\u00c3\u00bchrt. Carol sieht, dass die M\u00c3\u00a4nner in Besitz von Daryls Armbrust sind und beschlie\u00c3\u0178t, nun die F\u00c3\u00a4den in die Hand zu nehmen. Kurzerhand schnappt sie sich die Armbrust und baut sich drohend vor den Kerlen auf: Wo ist Daryl? Ach, und w\u00c3\u00a4hrend Carol nach Daryl sucht, zweifelt dieser nun stark an seiner Entscheidung, in Frankreich zu bleiben. Im St\u00c3\u00bctzpunkt jedenfalls kriselt es und die Luft knistert vor bedrohlicher Spannung. Und dann ist da noch die Organisation Genets, die deutlich voranschreitet und sich auf einen Konfrontationskurs mit der Union of Hope begibt. <iframe loading=\"lazy\" allowfullscreen=\"\" frameborder=\"0\" height=\"315\" src=\"https:\/\/www.youtube-nocookie.com\/embed\/B1L7vAWGTJM?si=8i1QY1GX1M-2wsuG\" width=\"100%\"><\/iframe><\/p><div class=\"newss-content\" id=\"newss-1668767644\"><script async src=\"\/\/pagead2.googlesyndication.com\/pagead\/js\/adsbygoogle.js?client=ca-pub-7733425960004873\" crossorigin=\"anonymous\"><\/script><ins class=\"adsbygoogle\" style=\"display:block;\" data-ad-client=\"ca-pub-7733425960004873\" \ndata-ad-slot=\"2582020599\" \ndata-ad-format=\"auto\"><\/ins>\n<script> \n(adsbygoogle = window.adsbygoogle || []).push({}); \n<\/script>\n<\/div><div class=\"newss-article-1\" id=\"newss-3657639248\"><script async src=\"https:\/\/pagead2.googlesyndication.com\/pagead\/js\/adsbygoogle.js?client=ca-pub-7733425960004873\"\r\n     crossorigin=\"anonymous\"><\/script>\r\n<!-- Homepage2 -->\r\n<ins class=\"adsbygoogle\"\r\n     style=\"display:block\"\r\n     data-ad-client=\"ca-pub-7733425960004873\"\r\n     data-ad-slot=\"2582020599\"\r\n     data-ad-format=\"auto\"\r\n     data-full-width-responsive=\"true\"><\/ins>\r\n<script>\r\n     (adsbygoogle = window.adsbygoogle || []).push({});\r\n<\/script><\/div>\n","protected":false},"excerpt":{"rendered":"<p>The Walking Dead: Daryl Dixon wird nicht wie erwartet, im Sommer in die zweite Staffel gehen. Die Fans des erfolgreichen Spin-offs&#8230; Mehr auf Newsslash.com!<\/p>\n","protected":false},"author":7,"featured_media":21974,"comment_status":"open","ping_status":"open","sticky":false,"template":"","format":"standard","meta":{"_et_pb_use_builder":"","_et_pb_old_content":"","_et_gb_content_width":"","footnotes":""},"class_list":["post-21581","post","type-post","status-publish","format-standard","has-post-thumbnail","hentry","category-blog"],"yoast_head":"<!-- This site is optimized with the Yoast SEO plugin v24.8.1 - https:\/\/yoast.com\/wordpress\/plugins\/seo\/ -->\n<title>AMC verk\u00c3\u00bcndet Starttermin f\u00c3\u00bcr The Walking Dead: Daryl D... - Newsslash<\/title>\n<meta name=\"robots\" content=\"noindex, follow\" \/>\n<meta property=\"og:locale\" content=\"en_US\" \/>\n<meta property=\"og:type\" content=\"article\" \/>\n<meta property=\"og:title\" content=\"AMC verk\u00c3\u00bcndet Starttermin f\u00c3\u00bcr The Walking Dead: Daryl D... - Newsslash\" \/>\n<meta property=\"og:description\" content=\"The Walking Dead: Daryl Dixon wird nicht wie erwartet, im Sommer in die zweite Staffel gehen. Die Fans des erfolgreichen Spin-offs... Mehr auf Newsslash.com!\" \/>\n<meta property=\"og:url\" content=\"https:\/\/newsslash.com\/n\/17496-amc-verkuendet-starttermin-fuer-the-walking-dead-daryl-dixon-staffel-2\/\" \/>\n<meta property=\"og:site_name\" content=\"Newsslash\" \/>\n<meta property=\"article:published_time\" content=\"2024-06-07T20:00:16+00:00\" \/>\n<meta property=\"og:image\" content=\"https:\/\/newsslash.com\/n\/wp-content\/uploads\/2025\/04\/NewsSlash-Featured-Image.jpg\" \/>\n\t<meta property=\"og:image:width\" content=\"1280\" \/>\n\t<meta property=\"og:image:height\" content=\"854\" \/>\n\t<meta property=\"og:image:type\" content=\"image\/jpeg\" \/>\n<meta name=\"author\" content=\"Daniela H\" \/>\n<meta name=\"twitter:card\" content=\"summary_large_image\" \/>\n<meta name=\"twitter:label1\" content=\"Written by\" \/>\n\t<meta name=\"twitter:data1\" content=\"Daniela H\" \/>\n\t<meta name=\"twitter:label2\" content=\"Est. reading time\" \/>\n\t<meta name=\"twitter:data2\" content=\"2 minutes\" \/>\n<script type=\"application\/ld+json\" class=\"yoast-schema-graph\">{\"@context\":\"https:\/\/schema.org\",\"@graph\":[{\"@type\":\"Article\",\"@id\":\"https:\/\/newsslash.com\/n\/17496-amc-verkuendet-starttermin-fuer-the-walking-dead-daryl-dixon-staffel-2\/#article\",\"isPartOf\":{\"@id\":\"https:\/\/newsslash.com\/n\/17496-amc-verkuendet-starttermin-fuer-the-walking-dead-daryl-dixon-staffel-2\/\"},\"author\":{\"name\":\"Daniela H\",\"@id\":\"https:\/\/newsslash.com\/n\/#\/schema\/person\/cb1381eb00b5dc4b3071475e9866df11\"},\"headline\":\"AMC verk\u00c3\u00bcndet Starttermin f\u00c3\u00bcr The Walking Dead: Daryl D&#8230;\",\"datePublished\":\"2024-06-07T20:00:16+00:00\",\"mainEntityOfPage\":{\"@id\":\"https:\/\/newsslash.com\/n\/17496-amc-verkuendet-starttermin-fuer-the-walking-dead-daryl-dixon-staffel-2\/\"},\"wordCount\":332,\"commentCount\":0,\"publisher\":{\"@id\":\"https:\/\/newsslash.com\/n\/#organization\"},\"image\":{\"@id\":\"https:\/\/newsslash.com\/n\/17496-amc-verkuendet-starttermin-fuer-the-walking-dead-daryl-dixon-staffel-2\/#primaryimage\"},\"thumbnailUrl\":\"https:\/\/newsslash.com\/n\/wp-content\/uploads\/2025\/04\/NewsSlash-Featured-Image.jpg\",\"articleSection\":[\"Blog\"],\"inLanguage\":\"en-US\",\"potentialAction\":[{\"@type\":\"CommentAction\",\"name\":\"Comment\",\"target\":[\"https:\/\/newsslash.com\/n\/17496-amc-verkuendet-starttermin-fuer-the-walking-dead-daryl-dixon-staffel-2\/#respond\"]}]},{\"@type\":\"WebPage\",\"@id\":\"https:\/\/newsslash.com\/n\/17496-amc-verkuendet-starttermin-fuer-the-walking-dead-daryl-dixon-staffel-2\/\",\"url\":\"https:\/\/newsslash.com\/n\/17496-amc-verkuendet-starttermin-fuer-the-walking-dead-daryl-dixon-staffel-2\/\",\"name\":\"AMC verk\u00c3\u00bcndet Starttermin f\u00c3\u00bcr The Walking Dead: Daryl D... - Newsslash\",\"isPartOf\":{\"@id\":\"https:\/\/newsslash.com\/n\/#website\"},\"primaryImageOfPage\":{\"@id\":\"https:\/\/newsslash.com\/n\/17496-amc-verkuendet-starttermin-fuer-the-walking-dead-daryl-dixon-staffel-2\/#primaryimage\"},\"image\":{\"@id\":\"https:\/\/newsslash.com\/n\/17496-amc-verkuendet-starttermin-fuer-the-walking-dead-daryl-dixon-staffel-2\/#primaryimage\"},\"thumbnailUrl\":\"https:\/\/newsslash.com\/n\/wp-content\/uploads\/2025\/04\/NewsSlash-Featured-Image.jpg\",\"datePublished\":\"2024-06-07T20:00:16+00:00\",\"breadcrumb\":{\"@id\":\"https:\/\/newsslash.com\/n\/17496-amc-verkuendet-starttermin-fuer-the-walking-dead-daryl-dixon-staffel-2\/#breadcrumb\"},\"inLanguage\":\"en-US\",\"potentialAction\":[{\"@type\":\"ReadAction\",\"target\":[\"https:\/\/newsslash.com\/n\/17496-amc-verkuendet-starttermin-fuer-the-walking-dead-daryl-dixon-staffel-2\/\"]}]},{\"@type\":\"ImageObject\",\"inLanguage\":\"en-US\",\"@id\":\"https:\/\/newsslash.com\/n\/17496-amc-verkuendet-starttermin-fuer-the-walking-dead-daryl-dixon-staffel-2\/#primaryimage\",\"url\":\"https:\/\/newsslash.com\/n\/wp-content\/uploads\/2025\/04\/NewsSlash-Featured-Image.jpg\",\"contentUrl\":\"https:\/\/newsslash.com\/n\/wp-content\/uploads\/2025\/04\/NewsSlash-Featured-Image.jpg\",\"width\":1280,\"height\":854},{\"@type\":\"BreadcrumbList\",\"@id\":\"https:\/\/newsslash.com\/n\/17496-amc-verkuendet-starttermin-fuer-the-walking-dead-daryl-dixon-staffel-2\/#breadcrumb\",\"itemListElement\":[{\"@type\":\"ListItem\",\"position\":1,\"name\":\"Home\",\"item\":\"https:\/\/newsslash.com\/n\/\"},{\"@type\":\"ListItem\",\"position\":2,\"name\":\"AMC verk\u00c3\u00bcndet Starttermin f\u00c3\u00bcr The Walking Dead: Daryl D&#8230;\"}]},{\"@type\":\"WebSite\",\"@id\":\"https:\/\/newsslash.com\/n\/#website\",\"url\":\"https:\/\/newsslash.com\/n\/\",\"name\":\"Newsslash\",\"description\":\"Trending News on Movies, Series, OTT, Gaming\",\"publisher\":{\"@id\":\"https:\/\/newsslash.com\/n\/#organization\"},\"potentialAction\":[{\"@type\":\"SearchAction\",\"target\":{\"@type\":\"EntryPoint\",\"urlTemplate\":\"https:\/\/newsslash.com\/n\/?s={search_term_string}\"},\"query-input\":{\"@type\":\"PropertyValueSpecification\",\"valueRequired\":true,\"valueName\":\"search_term_string\"}}],\"inLanguage\":\"en-US\"},{\"@type\":\"Organization\",\"@id\":\"https:\/\/newsslash.com\/n\/#organization\",\"name\":\"Newsslash\",\"url\":\"https:\/\/newsslash.com\/n\/\",\"logo\":{\"@type\":\"ImageObject\",\"inLanguage\":\"en-US\",\"@id\":\"https:\/\/newsslash.com\/n\/#\/schema\/logo\/image\/\",\"url\":\"https:\/\/newsslash.com\/n\/wp-content\/uploads\/2025\/04\/cropped-Newsslash-logo-Fevicon.png\",\"contentUrl\":\"https:\/\/newsslash.com\/n\/wp-content\/uploads\/2025\/04\/cropped-Newsslash-logo-Fevicon.png\",\"width\":512,\"height\":512,\"caption\":\"Newsslash\"},\"image\":{\"@id\":\"https:\/\/newsslash.com\/n\/#\/schema\/logo\/image\/\"}},{\"@type\":\"Person\",\"@id\":\"https:\/\/newsslash.com\/n\/#\/schema\/person\/cb1381eb00b5dc4b3071475e9866df11\",\"name\":\"Daniela H\",\"sameAs\":[\"https:\/\/newsslash.com\"],\"url\":\"https:\/\/newsslash.com\/n\/author\/daniela_h\/\"}]}<\/script>\n<!-- \/ Yoast SEO plugin. -->","yoast_head_json":{"title":"AMC verk\u00c3\u00bcndet Starttermin f\u00c3\u00bcr The Walking Dead: Daryl D... - Newsslash","robots":{"index":"noindex","follow":"follow"},"og_locale":"en_US","og_type":"article","og_title":"AMC verk\u00c3\u00bcndet Starttermin f\u00c3\u00bcr The Walking Dead: Daryl D... - Newsslash","og_description":"The Walking Dead: Daryl Dixon wird nicht wie erwartet, im Sommer in die zweite Staffel gehen. Die Fans des erfolgreichen Spin-offs... Mehr auf Newsslash.com!","og_url":"https:\/\/newsslash.com\/n\/17496-amc-verkuendet-starttermin-fuer-the-walking-dead-daryl-dixon-staffel-2\/","og_site_name":"Newsslash","article_published_time":"2024-06-07T20:00:16+00:00","og_image":[{"width":1280,"height":854,"url":"https:\/\/newsslash.com\/n\/wp-content\/uploads\/2025\/04\/NewsSlash-Featured-Image.jpg","type":"image\/jpeg"}],"author":"Daniela H","twitter_card":"summary_large_image","twitter_misc":{"Written by":"Daniela H","Est. reading time":"2 minutes"},"schema":{"@context":"https:\/\/schema.org","@graph":[{"@type":"Article","@id":"https:\/\/newsslash.com\/n\/17496-amc-verkuendet-starttermin-fuer-the-walking-dead-daryl-dixon-staffel-2\/#article","isPartOf":{"@id":"https:\/\/newsslash.com\/n\/17496-amc-verkuendet-starttermin-fuer-the-walking-dead-daryl-dixon-staffel-2\/"},"author":{"name":"Daniela H","@id":"https:\/\/newsslash.com\/n\/#\/schema\/person\/cb1381eb00b5dc4b3071475e9866df11"},"headline":"AMC verk\u00c3\u00bcndet Starttermin f\u00c3\u00bcr The Walking Dead: Daryl D&#8230;","datePublished":"2024-06-07T20:00:16+00:00","mainEntityOfPage":{"@id":"https:\/\/newsslash.com\/n\/17496-amc-verkuendet-starttermin-fuer-the-walking-dead-daryl-dixon-staffel-2\/"},"wordCount":332,"commentCount":0,"publisher":{"@id":"https:\/\/newsslash.com\/n\/#organization"},"image":{"@id":"https:\/\/newsslash.com\/n\/17496-amc-verkuendet-starttermin-fuer-the-walking-dead-daryl-dixon-staffel-2\/#primaryimage"},"thumbnailUrl":"https:\/\/newsslash.com\/n\/wp-content\/uploads\/2025\/04\/NewsSlash-Featured-Image.jpg","articleSection":["Blog"],"inLanguage":"en-US","potentialAction":[{"@type":"CommentAction","name":"Comment","target":["https:\/\/newsslash.com\/n\/17496-amc-verkuendet-starttermin-fuer-the-walking-dead-daryl-dixon-staffel-2\/#respond"]}]},{"@type":"WebPage","@id":"https:\/\/newsslash.com\/n\/17496-amc-verkuendet-starttermin-fuer-the-walking-dead-daryl-dixon-staffel-2\/","url":"https:\/\/newsslash.com\/n\/17496-amc-verkuendet-starttermin-fuer-the-walking-dead-daryl-dixon-staffel-2\/","name":"AMC verk\u00c3\u00bcndet Starttermin f\u00c3\u00bcr The Walking Dead: Daryl D... - Newsslash","isPartOf":{"@id":"https:\/\/newsslash.com\/n\/#website"},"primaryImageOfPage":{"@id":"https:\/\/newsslash.com\/n\/17496-amc-verkuendet-starttermin-fuer-the-walking-dead-daryl-dixon-staffel-2\/#primaryimage"},"image":{"@id":"https:\/\/newsslash.com\/n\/17496-amc-verkuendet-starttermin-fuer-the-walking-dead-daryl-dixon-staffel-2\/#primaryimage"},"thumbnailUrl":"https:\/\/newsslash.com\/n\/wp-content\/uploads\/2025\/04\/NewsSlash-Featured-Image.jpg","datePublished":"2024-06-07T20:00:16+00:00","breadcrumb":{"@id":"https:\/\/newsslash.com\/n\/17496-amc-verkuendet-starttermin-fuer-the-walking-dead-daryl-dixon-staffel-2\/#breadcrumb"},"inLanguage":"en-US","potentialAction":[{"@type":"ReadAction","target":["https:\/\/newsslash.com\/n\/17496-amc-verkuendet-starttermin-fuer-the-walking-dead-daryl-dixon-staffel-2\/"]}]},{"@type":"ImageObject","inLanguage":"en-US","@id":"https:\/\/newsslash.com\/n\/17496-amc-verkuendet-starttermin-fuer-the-walking-dead-daryl-dixon-staffel-2\/#primaryimage","url":"https:\/\/newsslash.com\/n\/wp-content\/uploads\/2025\/04\/NewsSlash-Featured-Image.jpg","contentUrl":"https:\/\/newsslash.com\/n\/wp-content\/uploads\/2025\/04\/NewsSlash-Featured-Image.jpg","width":1280,"height":854},{"@type":"BreadcrumbList","@id":"https:\/\/newsslash.com\/n\/17496-amc-verkuendet-starttermin-fuer-the-walking-dead-daryl-dixon-staffel-2\/#breadcrumb","itemListElement":[{"@type":"ListItem","position":1,"name":"Home","item":"https:\/\/newsslash.com\/n\/"},{"@type":"ListItem","position":2,"name":"AMC verk\u00c3\u00bcndet Starttermin f\u00c3\u00bcr The Walking Dead: Daryl D&#8230;"}]},{"@type":"WebSite","@id":"https:\/\/newsslash.com\/n\/#website","url":"https:\/\/newsslash.com\/n\/","name":"Newsslash","description":"Trending News on Movies, Series, OTT, Gaming","publisher":{"@id":"https:\/\/newsslash.com\/n\/#organization"},"potentialAction":[{"@type":"SearchAction","target":{"@type":"EntryPoint","urlTemplate":"https:\/\/newsslash.com\/n\/?s={search_term_string}"},"query-input":{"@type":"PropertyValueSpecification","valueRequired":true,"valueName":"search_term_string"}}],"inLanguage":"en-US"},{"@type":"Organization","@id":"https:\/\/newsslash.com\/n\/#organization","name":"Newsslash","url":"https:\/\/newsslash.com\/n\/","logo":{"@type":"ImageObject","inLanguage":"en-US","@id":"https:\/\/newsslash.com\/n\/#\/schema\/logo\/image\/","url":"https:\/\/newsslash.com\/n\/wp-content\/uploads\/2025\/04\/cropped-Newsslash-logo-Fevicon.png","contentUrl":"https:\/\/newsslash.com\/n\/wp-content\/uploads\/2025\/04\/cropped-Newsslash-logo-Fevicon.png","width":512,"height":512,"caption":"Newsslash"},"image":{"@id":"https:\/\/newsslash.com\/n\/#\/schema\/logo\/image\/"}},{"@type":"Person","@id":"https:\/\/newsslash.com\/n\/#\/schema\/person\/cb1381eb00b5dc4b3071475e9866df11","name":"Daniela H","sameAs":["https:\/\/newsslash.com"],"url":"https:\/\/newsslash.com\/n\/author\/daniela_h\/"}]}},"_links":{"self":[{"href":"https:\/\/newsslash.com\/n\/wp-json\/wp\/v2\/posts\/21581","targetHints":{"allow":["GET"]}}],"collection":[{"href":"https:\/\/newsslash.com\/n\/wp-json\/wp\/v2\/posts"}],"about":[{"href":"https:\/\/newsslash.com\/n\/wp-json\/wp\/v2\/types\/post"}],"author":[{"embeddable":true,"href":"https:\/\/newsslash.com\/n\/wp-json\/wp\/v2\/users\/7"}],"replies":[{"embeddable":true,"href":"https:\/\/newsslash.com\/n\/wp-json\/wp\/v2\/comments?post=21581"}],"version-history":[{"count":0,"href":"https:\/\/newsslash.com\/n\/wp-json\/wp\/v2\/posts\/21581\/revisions"}],"wp:featuredmedia":[{"embeddable":true,"href":"https:\/\/newsslash.com\/n\/wp-json\/wp\/v2\/media\/21974"}],"wp:attachment":[{"href":"https:\/\/newsslash.com\/n\/wp-json\/wp\/v2\/media?parent=21581"}],"curies":[{"name":"wp","href":"https:\/\/api.w.org\/{rel}","templated":true}]}}