{"id":21589,"date":"2024-06-13T16:21:14","date_gmt":"2024-06-13T16:21:14","guid":{"rendered":"https:\/\/newsslash.com\/n\/17504-starttermin-steht-fest-netflix-spendiert-trailer-zu-vikings-valhalla-staffel-3\/"},"modified":"2024-06-13T16:21:14","modified_gmt":"2024-06-13T16:21:14","slug":"17504-starttermin-steht-fest-netflix-spendiert-trailer-zu-vikings-valhalla-staffel-3","status":"publish","type":"post","link":"https:\/\/newsslash.com\/n\/17504-starttermin-steht-fest-netflix-spendiert-trailer-zu-vikings-valhalla-staffel-3\/","title":{"rendered":"Starttermin steht fest! Netflix spendiert Trailer zu Viki&#8230;"},"content":{"rendered":"<p>Bald schon hei\u00c3\u0178t es f\u00c3\u00bcr die Fans Abschied nehmen von den Wikingern, die seit zwei Staffeln f\u00c3\u00bcr vergn\u00c3\u00bcgliche und spannende Streaming-Abende sorgen. Netflix hat nun n\u00c3\u00a4mlich den Starttermin f\u00c3\u00bcr die dritte Staffel bekanntgegeben. Und da von Anfang an klar war, dass Vikings: Valhalla nach drei Staffeln enden wird, ziehen die tapferen Helden um Harald und Freydis ab dem 11. Juli in ihren letzten Kampf. Was euch in den acht finalen Folgen der beliebten Wikinger-Serie so erwartet, zeigt ein erster offizieller Trailer. In der finalen Staffel werden die Zuschauenden erfahren, wie es Harald in dem weit entfernten Konstantinopel ergehen wird. Freydis wiederum ist weiterhin davon \u00c3\u00bcberzeugt, dass nur sie als H\u00c3\u00bcterin des alten Glaubens die Wikinger vor dem Untergang bewahren kann. Ihrem Harald treu ergeben setzt sie wie gewohnt ihr Leben aufs Spiel. Doch Harald hat sich in Konstantinopel schon einer exotischen Verf\u00c3\u00bchrung namens Elena hingegeben. Und dann ist da noch Leif Erikson, jener Wikinger, der dem Volk bis heute ein Denkmal gesetzt hat. Er bereitet gemeinsam mit Mariam seine Reise auf den amerikanischen Kontinent vor -lange, bevor ein Mann namens Christoph Kolumbus auch nur auf die Idee kam, sich auf ein Schiff zu begeben. <iframe loading=\"lazy\" allowfullscreen=\"\" frameborder=\"0\" height=\"315\" src=\"https:\/\/www.youtube-nocookie.com\/embed\/h88QG5KLfuQ?si=Dq_jh17czrRjQqBc\" width=\"100%\"><\/iframe><\/p><div class=\"newss-content\" id=\"newss-1816802482\"><script async src=\"\/\/pagead2.googlesyndication.com\/pagead\/js\/adsbygoogle.js?client=ca-pub-7733425960004873\" crossorigin=\"anonymous\"><\/script><ins class=\"adsbygoogle\" style=\"display:block;\" data-ad-client=\"ca-pub-7733425960004873\" \ndata-ad-slot=\"2582020599\" \ndata-ad-format=\"auto\"><\/ins>\n<script> \n(adsbygoogle = window.adsbygoogle || []).push({}); \n<\/script>\n<\/div><div class=\"newss-article-1\" id=\"newss-1491086961\"><script async src=\"https:\/\/pagead2.googlesyndication.com\/pagead\/js\/adsbygoogle.js?client=ca-pub-7733425960004873\"\r\n     crossorigin=\"anonymous\"><\/script>\r\n<!-- Homepage2 -->\r\n<ins class=\"adsbygoogle\"\r\n     style=\"display:block\"\r\n     data-ad-client=\"ca-pub-7733425960004873\"\r\n     data-ad-slot=\"2582020599\"\r\n     data-ad-format=\"auto\"\r\n     data-full-width-responsive=\"true\"><\/ins>\r\n<script>\r\n     (adsbygoogle = window.adsbygoogle || []).push({});\r\n<\/script><\/div>\n","protected":false},"excerpt":{"rendered":"<p>Netflix hat nun in einem offiziellen Trailer den Starttermin zur dritten und letzten Staffel der Serie Vikings: Valhalla&#8230; Mehr auf Newsslash.com!<\/p>\n","protected":false},"author":7,"featured_media":21974,"comment_status":"open","ping_status":"open","sticky":false,"template":"","format":"standard","meta":{"_et_pb_use_builder":"","_et_pb_old_content":"","_et_gb_content_width":"","footnotes":""},"class_list":["post-21589","post","type-post","status-publish","format-standard","has-post-thumbnail","hentry","category-blog"],"yoast_head":"<!-- This site is optimized with the Yoast SEO plugin v24.8.1 - https:\/\/yoast.com\/wordpress\/plugins\/seo\/ -->\n<title>Starttermin steht fest! Netflix spendiert Trailer zu Viki... - Newsslash<\/title>\n<meta name=\"robots\" content=\"noindex, follow\" \/>\n<meta property=\"og:locale\" content=\"en_US\" \/>\n<meta property=\"og:type\" content=\"article\" \/>\n<meta property=\"og:title\" content=\"Starttermin steht fest! Netflix spendiert Trailer zu Viki... - Newsslash\" \/>\n<meta property=\"og:description\" content=\"Netflix hat nun in einem offiziellen Trailer den Starttermin zur dritten und letzten Staffel der Serie Vikings: Valhalla... Mehr auf Newsslash.com!\" \/>\n<meta property=\"og:url\" content=\"https:\/\/newsslash.com\/n\/17504-starttermin-steht-fest-netflix-spendiert-trailer-zu-vikings-valhalla-staffel-3\/\" \/>\n<meta property=\"og:site_name\" content=\"Newsslash\" \/>\n<meta property=\"article:published_time\" content=\"2024-06-13T16:21:14+00:00\" \/>\n<meta property=\"og:image\" content=\"https:\/\/newsslash.com\/n\/wp-content\/uploads\/2025\/04\/NewsSlash-Featured-Image.jpg\" \/>\n\t<meta property=\"og:image:width\" content=\"1280\" \/>\n\t<meta property=\"og:image:height\" content=\"854\" \/>\n\t<meta property=\"og:image:type\" content=\"image\/jpeg\" \/>\n<meta name=\"author\" content=\"Daniela H\" \/>\n<meta name=\"twitter:card\" content=\"summary_large_image\" \/>\n<meta name=\"twitter:label1\" content=\"Written by\" \/>\n\t<meta name=\"twitter:data1\" content=\"Daniela H\" \/>\n\t<meta name=\"twitter:label2\" content=\"Est. reading time\" \/>\n\t<meta name=\"twitter:data2\" content=\"1 minute\" \/>\n<script type=\"application\/ld+json\" class=\"yoast-schema-graph\">{\"@context\":\"https:\/\/schema.org\",\"@graph\":[{\"@type\":\"Article\",\"@id\":\"https:\/\/newsslash.com\/n\/17504-starttermin-steht-fest-netflix-spendiert-trailer-zu-vikings-valhalla-staffel-3\/#article\",\"isPartOf\":{\"@id\":\"https:\/\/newsslash.com\/n\/17504-starttermin-steht-fest-netflix-spendiert-trailer-zu-vikings-valhalla-staffel-3\/\"},\"author\":{\"name\":\"Daniela H\",\"@id\":\"https:\/\/newsslash.com\/n\/#\/schema\/person\/cb1381eb00b5dc4b3071475e9866df11\"},\"headline\":\"Starttermin steht fest! Netflix spendiert Trailer zu Viki&#8230;\",\"datePublished\":\"2024-06-13T16:21:14+00:00\",\"mainEntityOfPage\":{\"@id\":\"https:\/\/newsslash.com\/n\/17504-starttermin-steht-fest-netflix-spendiert-trailer-zu-vikings-valhalla-staffel-3\/\"},\"wordCount\":209,\"commentCount\":0,\"publisher\":{\"@id\":\"https:\/\/newsslash.com\/n\/#organization\"},\"image\":{\"@id\":\"https:\/\/newsslash.com\/n\/17504-starttermin-steht-fest-netflix-spendiert-trailer-zu-vikings-valhalla-staffel-3\/#primaryimage\"},\"thumbnailUrl\":\"https:\/\/newsslash.com\/n\/wp-content\/uploads\/2025\/04\/NewsSlash-Featured-Image.jpg\",\"articleSection\":[\"Blog\"],\"inLanguage\":\"en-US\",\"potentialAction\":[{\"@type\":\"CommentAction\",\"name\":\"Comment\",\"target\":[\"https:\/\/newsslash.com\/n\/17504-starttermin-steht-fest-netflix-spendiert-trailer-zu-vikings-valhalla-staffel-3\/#respond\"]}]},{\"@type\":\"WebPage\",\"@id\":\"https:\/\/newsslash.com\/n\/17504-starttermin-steht-fest-netflix-spendiert-trailer-zu-vikings-valhalla-staffel-3\/\",\"url\":\"https:\/\/newsslash.com\/n\/17504-starttermin-steht-fest-netflix-spendiert-trailer-zu-vikings-valhalla-staffel-3\/\",\"name\":\"Starttermin steht fest! Netflix spendiert Trailer zu Viki... - Newsslash\",\"isPartOf\":{\"@id\":\"https:\/\/newsslash.com\/n\/#website\"},\"primaryImageOfPage\":{\"@id\":\"https:\/\/newsslash.com\/n\/17504-starttermin-steht-fest-netflix-spendiert-trailer-zu-vikings-valhalla-staffel-3\/#primaryimage\"},\"image\":{\"@id\":\"https:\/\/newsslash.com\/n\/17504-starttermin-steht-fest-netflix-spendiert-trailer-zu-vikings-valhalla-staffel-3\/#primaryimage\"},\"thumbnailUrl\":\"https:\/\/newsslash.com\/n\/wp-content\/uploads\/2025\/04\/NewsSlash-Featured-Image.jpg\",\"datePublished\":\"2024-06-13T16:21:14+00:00\",\"breadcrumb\":{\"@id\":\"https:\/\/newsslash.com\/n\/17504-starttermin-steht-fest-netflix-spendiert-trailer-zu-vikings-valhalla-staffel-3\/#breadcrumb\"},\"inLanguage\":\"en-US\",\"potentialAction\":[{\"@type\":\"ReadAction\",\"target\":[\"https:\/\/newsslash.com\/n\/17504-starttermin-steht-fest-netflix-spendiert-trailer-zu-vikings-valhalla-staffel-3\/\"]}]},{\"@type\":\"ImageObject\",\"inLanguage\":\"en-US\",\"@id\":\"https:\/\/newsslash.com\/n\/17504-starttermin-steht-fest-netflix-spendiert-trailer-zu-vikings-valhalla-staffel-3\/#primaryimage\",\"url\":\"https:\/\/newsslash.com\/n\/wp-content\/uploads\/2025\/04\/NewsSlash-Featured-Image.jpg\",\"contentUrl\":\"https:\/\/newsslash.com\/n\/wp-content\/uploads\/2025\/04\/NewsSlash-Featured-Image.jpg\",\"width\":1280,\"height\":854},{\"@type\":\"BreadcrumbList\",\"@id\":\"https:\/\/newsslash.com\/n\/17504-starttermin-steht-fest-netflix-spendiert-trailer-zu-vikings-valhalla-staffel-3\/#breadcrumb\",\"itemListElement\":[{\"@type\":\"ListItem\",\"position\":1,\"name\":\"Home\",\"item\":\"https:\/\/newsslash.com\/n\/\"},{\"@type\":\"ListItem\",\"position\":2,\"name\":\"Starttermin steht fest! Netflix spendiert Trailer zu Viki&#8230;\"}]},{\"@type\":\"WebSite\",\"@id\":\"https:\/\/newsslash.com\/n\/#website\",\"url\":\"https:\/\/newsslash.com\/n\/\",\"name\":\"Newsslash\",\"description\":\"Trending News on Movies, Series, OTT, Gaming\",\"publisher\":{\"@id\":\"https:\/\/newsslash.com\/n\/#organization\"},\"potentialAction\":[{\"@type\":\"SearchAction\",\"target\":{\"@type\":\"EntryPoint\",\"urlTemplate\":\"https:\/\/newsslash.com\/n\/?s={search_term_string}\"},\"query-input\":{\"@type\":\"PropertyValueSpecification\",\"valueRequired\":true,\"valueName\":\"search_term_string\"}}],\"inLanguage\":\"en-US\"},{\"@type\":\"Organization\",\"@id\":\"https:\/\/newsslash.com\/n\/#organization\",\"name\":\"Newsslash\",\"url\":\"https:\/\/newsslash.com\/n\/\",\"logo\":{\"@type\":\"ImageObject\",\"inLanguage\":\"en-US\",\"@id\":\"https:\/\/newsslash.com\/n\/#\/schema\/logo\/image\/\",\"url\":\"https:\/\/newsslash.com\/n\/wp-content\/uploads\/2025\/04\/cropped-Newsslash-logo-Fevicon.png\",\"contentUrl\":\"https:\/\/newsslash.com\/n\/wp-content\/uploads\/2025\/04\/cropped-Newsslash-logo-Fevicon.png\",\"width\":512,\"height\":512,\"caption\":\"Newsslash\"},\"image\":{\"@id\":\"https:\/\/newsslash.com\/n\/#\/schema\/logo\/image\/\"}},{\"@type\":\"Person\",\"@id\":\"https:\/\/newsslash.com\/n\/#\/schema\/person\/cb1381eb00b5dc4b3071475e9866df11\",\"name\":\"Daniela H\",\"sameAs\":[\"https:\/\/newsslash.com\"],\"url\":\"https:\/\/newsslash.com\/n\/author\/daniela_h\/\"}]}<\/script>\n<!-- \/ Yoast SEO plugin. -->","yoast_head_json":{"title":"Starttermin steht fest! Netflix spendiert Trailer zu Viki... - Newsslash","robots":{"index":"noindex","follow":"follow"},"og_locale":"en_US","og_type":"article","og_title":"Starttermin steht fest! Netflix spendiert Trailer zu Viki... - Newsslash","og_description":"Netflix hat nun in einem offiziellen Trailer den Starttermin zur dritten und letzten Staffel der Serie Vikings: Valhalla... Mehr auf Newsslash.com!","og_url":"https:\/\/newsslash.com\/n\/17504-starttermin-steht-fest-netflix-spendiert-trailer-zu-vikings-valhalla-staffel-3\/","og_site_name":"Newsslash","article_published_time":"2024-06-13T16:21:14+00:00","og_image":[{"width":1280,"height":854,"url":"https:\/\/newsslash.com\/n\/wp-content\/uploads\/2025\/04\/NewsSlash-Featured-Image.jpg","type":"image\/jpeg"}],"author":"Daniela H","twitter_card":"summary_large_image","twitter_misc":{"Written by":"Daniela H","Est. reading time":"1 minute"},"schema":{"@context":"https:\/\/schema.org","@graph":[{"@type":"Article","@id":"https:\/\/newsslash.com\/n\/17504-starttermin-steht-fest-netflix-spendiert-trailer-zu-vikings-valhalla-staffel-3\/#article","isPartOf":{"@id":"https:\/\/newsslash.com\/n\/17504-starttermin-steht-fest-netflix-spendiert-trailer-zu-vikings-valhalla-staffel-3\/"},"author":{"name":"Daniela H","@id":"https:\/\/newsslash.com\/n\/#\/schema\/person\/cb1381eb00b5dc4b3071475e9866df11"},"headline":"Starttermin steht fest! Netflix spendiert Trailer zu Viki&#8230;","datePublished":"2024-06-13T16:21:14+00:00","mainEntityOfPage":{"@id":"https:\/\/newsslash.com\/n\/17504-starttermin-steht-fest-netflix-spendiert-trailer-zu-vikings-valhalla-staffel-3\/"},"wordCount":209,"commentCount":0,"publisher":{"@id":"https:\/\/newsslash.com\/n\/#organization"},"image":{"@id":"https:\/\/newsslash.com\/n\/17504-starttermin-steht-fest-netflix-spendiert-trailer-zu-vikings-valhalla-staffel-3\/#primaryimage"},"thumbnailUrl":"https:\/\/newsslash.com\/n\/wp-content\/uploads\/2025\/04\/NewsSlash-Featured-Image.jpg","articleSection":["Blog"],"inLanguage":"en-US","potentialAction":[{"@type":"CommentAction","name":"Comment","target":["https:\/\/newsslash.com\/n\/17504-starttermin-steht-fest-netflix-spendiert-trailer-zu-vikings-valhalla-staffel-3\/#respond"]}]},{"@type":"WebPage","@id":"https:\/\/newsslash.com\/n\/17504-starttermin-steht-fest-netflix-spendiert-trailer-zu-vikings-valhalla-staffel-3\/","url":"https:\/\/newsslash.com\/n\/17504-starttermin-steht-fest-netflix-spendiert-trailer-zu-vikings-valhalla-staffel-3\/","name":"Starttermin steht fest! Netflix spendiert Trailer zu Viki... - Newsslash","isPartOf":{"@id":"https:\/\/newsslash.com\/n\/#website"},"primaryImageOfPage":{"@id":"https:\/\/newsslash.com\/n\/17504-starttermin-steht-fest-netflix-spendiert-trailer-zu-vikings-valhalla-staffel-3\/#primaryimage"},"image":{"@id":"https:\/\/newsslash.com\/n\/17504-starttermin-steht-fest-netflix-spendiert-trailer-zu-vikings-valhalla-staffel-3\/#primaryimage"},"thumbnailUrl":"https:\/\/newsslash.com\/n\/wp-content\/uploads\/2025\/04\/NewsSlash-Featured-Image.jpg","datePublished":"2024-06-13T16:21:14+00:00","breadcrumb":{"@id":"https:\/\/newsslash.com\/n\/17504-starttermin-steht-fest-netflix-spendiert-trailer-zu-vikings-valhalla-staffel-3\/#breadcrumb"},"inLanguage":"en-US","potentialAction":[{"@type":"ReadAction","target":["https:\/\/newsslash.com\/n\/17504-starttermin-steht-fest-netflix-spendiert-trailer-zu-vikings-valhalla-staffel-3\/"]}]},{"@type":"ImageObject","inLanguage":"en-US","@id":"https:\/\/newsslash.com\/n\/17504-starttermin-steht-fest-netflix-spendiert-trailer-zu-vikings-valhalla-staffel-3\/#primaryimage","url":"https:\/\/newsslash.com\/n\/wp-content\/uploads\/2025\/04\/NewsSlash-Featured-Image.jpg","contentUrl":"https:\/\/newsslash.com\/n\/wp-content\/uploads\/2025\/04\/NewsSlash-Featured-Image.jpg","width":1280,"height":854},{"@type":"BreadcrumbList","@id":"https:\/\/newsslash.com\/n\/17504-starttermin-steht-fest-netflix-spendiert-trailer-zu-vikings-valhalla-staffel-3\/#breadcrumb","itemListElement":[{"@type":"ListItem","position":1,"name":"Home","item":"https:\/\/newsslash.com\/n\/"},{"@type":"ListItem","position":2,"name":"Starttermin steht fest! Netflix spendiert Trailer zu Viki&#8230;"}]},{"@type":"WebSite","@id":"https:\/\/newsslash.com\/n\/#website","url":"https:\/\/newsslash.com\/n\/","name":"Newsslash","description":"Trending News on Movies, Series, OTT, Gaming","publisher":{"@id":"https:\/\/newsslash.com\/n\/#organization"},"potentialAction":[{"@type":"SearchAction","target":{"@type":"EntryPoint","urlTemplate":"https:\/\/newsslash.com\/n\/?s={search_term_string}"},"query-input":{"@type":"PropertyValueSpecification","valueRequired":true,"valueName":"search_term_string"}}],"inLanguage":"en-US"},{"@type":"Organization","@id":"https:\/\/newsslash.com\/n\/#organization","name":"Newsslash","url":"https:\/\/newsslash.com\/n\/","logo":{"@type":"ImageObject","inLanguage":"en-US","@id":"https:\/\/newsslash.com\/n\/#\/schema\/logo\/image\/","url":"https:\/\/newsslash.com\/n\/wp-content\/uploads\/2025\/04\/cropped-Newsslash-logo-Fevicon.png","contentUrl":"https:\/\/newsslash.com\/n\/wp-content\/uploads\/2025\/04\/cropped-Newsslash-logo-Fevicon.png","width":512,"height":512,"caption":"Newsslash"},"image":{"@id":"https:\/\/newsslash.com\/n\/#\/schema\/logo\/image\/"}},{"@type":"Person","@id":"https:\/\/newsslash.com\/n\/#\/schema\/person\/cb1381eb00b5dc4b3071475e9866df11","name":"Daniela H","sameAs":["https:\/\/newsslash.com"],"url":"https:\/\/newsslash.com\/n\/author\/daniela_h\/"}]}},"_links":{"self":[{"href":"https:\/\/newsslash.com\/n\/wp-json\/wp\/v2\/posts\/21589","targetHints":{"allow":["GET"]}}],"collection":[{"href":"https:\/\/newsslash.com\/n\/wp-json\/wp\/v2\/posts"}],"about":[{"href":"https:\/\/newsslash.com\/n\/wp-json\/wp\/v2\/types\/post"}],"author":[{"embeddable":true,"href":"https:\/\/newsslash.com\/n\/wp-json\/wp\/v2\/users\/7"}],"replies":[{"embeddable":true,"href":"https:\/\/newsslash.com\/n\/wp-json\/wp\/v2\/comments?post=21589"}],"version-history":[{"count":0,"href":"https:\/\/newsslash.com\/n\/wp-json\/wp\/v2\/posts\/21589\/revisions"}],"wp:featuredmedia":[{"embeddable":true,"href":"https:\/\/newsslash.com\/n\/wp-json\/wp\/v2\/media\/21974"}],"wp:attachment":[{"href":"https:\/\/newsslash.com\/n\/wp-json\/wp\/v2\/media?parent=21589"}],"curies":[{"name":"wp","href":"https:\/\/api.w.org\/{rel}","templated":true}]}}