{"id":21604,"date":"2024-06-27T14:12:17","date_gmt":"2024-06-27T14:12:17","guid":{"rendered":"https:\/\/newsslash.com\/n\/17519-teaser-verraet-starttermin-fuer-tulsa-king-staffel-2-mit-silvester-stallone\/"},"modified":"2024-06-27T14:12:17","modified_gmt":"2024-06-27T14:12:17","slug":"17519-teaser-verraet-starttermin-fuer-tulsa-king-staffel-2-mit-silvester-stallone","status":"publish","type":"post","link":"https:\/\/newsslash.com\/n\/17519-teaser-verraet-starttermin-fuer-tulsa-king-staffel-2-mit-silvester-stallone\/","title":{"rendered":"Teaser verr\u00c3\u00a4t Starttermin f\u00c3\u00bcr Tulsa King Staffel 2 mit &#8230;"},"content":{"rendered":"<p>Den 15. September 2024 d\u00c3\u00bcrfen sich Action- und Silvester Stallone-Fans ganz fett im Kalender markieren. Dann n\u00c3\u00a4mlich geht die zweite Staffel der erfolgreichen Serie Tulsa King bei Paramount+ in die zweite Season. In der Titelfigur Tulsa King ist Schauspiellegende Silvester Stallone zu sehen, der der Serie nicht unwesentlich Aufrieb gibt. Aber auch so \u00c3\u00bcberzeugt Plot und Umsetzung der Mafia-Serie, sodass sich Millionen Fans auf einen hei\u00c3\u0178en Herbst freuen. Den Starttermin zu Tulsa King Staffel 2 verr\u00c3\u00a4t ein erster Teaser, der gestern herauskam. Darin gibt es einen kleinen Vorgeschmack auf die neuen Folgen. Der Starttermin gilt \u00c3\u00bcbrigens nicht nur f\u00c3\u00bcr die USA, sondern auch f\u00c3\u00bcr Deutschland, \u00c3\u2013sterreich und die Schweiz. Ehe ihr euch den Trailer anschaut, gibt es noch die offizielle Beschreibung der zweiten Staffel von Tulsa King f\u00c3\u00bcr euch: \u00e2\u20ac\u017eAngesichts der drohenden Bedrohung durch die Mafia von Kansas City und einen sehr m\u00c3\u00a4chtigen lokalen Gesch\u00c3\u00a4ftsmann k\u00c3\u00a4mpft Dwight darum, seine Familie und seine Crew zu sch\u00c3\u00bctzen und gleichzeitig alle seine Angelegenheiten im Auge zu behalten. Au\u00c3\u0178erdem hat er in New York noch eine Rechnung offen.\u00e2\u20ac\u0153 Neben den bekannten Gesichtern sind auch zwei neue vor der Kamera. Es sind Frank Grillo, der einen Gangster namens Bill spielt, und Neal McDonough, der in die Rolle des Gesch\u00c3\u00a4ftsmannes Cal Threstner schl\u00c3\u00bcpft, der allerdings nicht wesentlich ungef\u00c3\u00a4hrlicher als ein Gangster sein d\u00c3\u00bcrfte. Hier der Teaser Trailer zu Tulsa King Staffel 2 f\u00c3\u00bcr euch: <iframe loading=\"lazy\" allowfullscreen=\"\" frameborder=\"0\" height=\"315\" src=\"https:\/\/www.youtube-nocookie.com\/embed\/Wnj7clHxh6o?si=-Y-s1U1-aDgHdc7a\" width=\"100%\"><\/iframe><\/p><div class=\"newss-content\" id=\"newss-2686749300\"><script async src=\"\/\/pagead2.googlesyndication.com\/pagead\/js\/adsbygoogle.js?client=ca-pub-7733425960004873\" crossorigin=\"anonymous\"><\/script><ins class=\"adsbygoogle\" style=\"display:block;\" data-ad-client=\"ca-pub-7733425960004873\" \ndata-ad-slot=\"2582020599\" \ndata-ad-format=\"auto\"><\/ins>\n<script> \n(adsbygoogle = window.adsbygoogle || []).push({}); \n<\/script>\n<\/div><div class=\"newss-article-1\" id=\"newss-4227102514\"><script async src=\"https:\/\/pagead2.googlesyndication.com\/pagead\/js\/adsbygoogle.js?client=ca-pub-7733425960004873\"\r\n     crossorigin=\"anonymous\"><\/script>\r\n<!-- Homepage2 -->\r\n<ins class=\"adsbygoogle\"\r\n     style=\"display:block\"\r\n     data-ad-client=\"ca-pub-7733425960004873\"\r\n     data-ad-slot=\"2582020599\"\r\n     data-ad-format=\"auto\"\r\n     data-full-width-responsive=\"true\"><\/ins>\r\n<script>\r\n     (adsbygoogle = window.adsbygoogle || []).push({});\r\n<\/script><\/div>\n","protected":false},"excerpt":{"rendered":"<p>Paramount+ hat gestern den ersten Teaser zur zweiten Season der Silvester Stallone-Serie Tulsa King rausger\u00c3\u00bcckt. Die Fortsetzung&#8230; Mehr auf Newsslash.com!<\/p>\n","protected":false},"author":7,"featured_media":21974,"comment_status":"open","ping_status":"open","sticky":false,"template":"","format":"standard","meta":{"_et_pb_use_builder":"","_et_pb_old_content":"","_et_gb_content_width":"","footnotes":""},"class_list":["post-21604","post","type-post","status-publish","format-standard","has-post-thumbnail","hentry","category-blog"],"yoast_head":"<!-- This site is optimized with the Yoast SEO plugin v24.8.1 - https:\/\/yoast.com\/wordpress\/plugins\/seo\/ -->\n<title>Teaser verr\u00c3\u00a4t Starttermin f\u00c3\u00bcr Tulsa King Staffel 2 mit ... - Newsslash<\/title>\n<meta name=\"robots\" content=\"noindex, follow\" \/>\n<meta property=\"og:locale\" content=\"en_US\" \/>\n<meta property=\"og:type\" content=\"article\" \/>\n<meta property=\"og:title\" content=\"Teaser verr\u00c3\u00a4t Starttermin f\u00c3\u00bcr Tulsa King Staffel 2 mit ... - Newsslash\" \/>\n<meta property=\"og:description\" content=\"Paramount+ hat gestern den ersten Teaser zur zweiten Season der Silvester Stallone-Serie Tulsa King rausger\u00c3\u00bcckt. Die Fortsetzung... Mehr auf Newsslash.com!\" \/>\n<meta property=\"og:url\" content=\"https:\/\/newsslash.com\/n\/17519-teaser-verraet-starttermin-fuer-tulsa-king-staffel-2-mit-silvester-stallone\/\" \/>\n<meta property=\"og:site_name\" content=\"Newsslash\" \/>\n<meta property=\"article:published_time\" content=\"2024-06-27T14:12:17+00:00\" \/>\n<meta property=\"og:image\" content=\"https:\/\/newsslash.com\/n\/wp-content\/uploads\/2025\/04\/NewsSlash-Featured-Image.jpg\" \/>\n\t<meta property=\"og:image:width\" content=\"1280\" \/>\n\t<meta property=\"og:image:height\" content=\"854\" \/>\n\t<meta property=\"og:image:type\" content=\"image\/jpeg\" \/>\n<meta name=\"author\" content=\"Daniela H\" \/>\n<meta name=\"twitter:card\" content=\"summary_large_image\" \/>\n<meta name=\"twitter:label1\" content=\"Written by\" \/>\n\t<meta name=\"twitter:data1\" content=\"Daniela H\" \/>\n\t<meta name=\"twitter:label2\" content=\"Est. reading time\" \/>\n\t<meta name=\"twitter:data2\" content=\"1 minute\" \/>\n<script type=\"application\/ld+json\" class=\"yoast-schema-graph\">{\"@context\":\"https:\/\/schema.org\",\"@graph\":[{\"@type\":\"Article\",\"@id\":\"https:\/\/newsslash.com\/n\/17519-teaser-verraet-starttermin-fuer-tulsa-king-staffel-2-mit-silvester-stallone\/#article\",\"isPartOf\":{\"@id\":\"https:\/\/newsslash.com\/n\/17519-teaser-verraet-starttermin-fuer-tulsa-king-staffel-2-mit-silvester-stallone\/\"},\"author\":{\"name\":\"Daniela H\",\"@id\":\"https:\/\/newsslash.com\/n\/#\/schema\/person\/cb1381eb00b5dc4b3071475e9866df11\"},\"headline\":\"Teaser verr\u00c3\u00a4t Starttermin f\u00c3\u00bcr Tulsa King Staffel 2 mit &#8230;\",\"datePublished\":\"2024-06-27T14:12:17+00:00\",\"mainEntityOfPage\":{\"@id\":\"https:\/\/newsslash.com\/n\/17519-teaser-verraet-starttermin-fuer-tulsa-king-staffel-2-mit-silvester-stallone\/\"},\"wordCount\":251,\"commentCount\":0,\"publisher\":{\"@id\":\"https:\/\/newsslash.com\/n\/#organization\"},\"image\":{\"@id\":\"https:\/\/newsslash.com\/n\/17519-teaser-verraet-starttermin-fuer-tulsa-king-staffel-2-mit-silvester-stallone\/#primaryimage\"},\"thumbnailUrl\":\"https:\/\/newsslash.com\/n\/wp-content\/uploads\/2025\/04\/NewsSlash-Featured-Image.jpg\",\"articleSection\":[\"Blog\"],\"inLanguage\":\"en-US\",\"potentialAction\":[{\"@type\":\"CommentAction\",\"name\":\"Comment\",\"target\":[\"https:\/\/newsslash.com\/n\/17519-teaser-verraet-starttermin-fuer-tulsa-king-staffel-2-mit-silvester-stallone\/#respond\"]}]},{\"@type\":\"WebPage\",\"@id\":\"https:\/\/newsslash.com\/n\/17519-teaser-verraet-starttermin-fuer-tulsa-king-staffel-2-mit-silvester-stallone\/\",\"url\":\"https:\/\/newsslash.com\/n\/17519-teaser-verraet-starttermin-fuer-tulsa-king-staffel-2-mit-silvester-stallone\/\",\"name\":\"Teaser verr\u00c3\u00a4t Starttermin f\u00c3\u00bcr Tulsa King Staffel 2 mit ... - Newsslash\",\"isPartOf\":{\"@id\":\"https:\/\/newsslash.com\/n\/#website\"},\"primaryImageOfPage\":{\"@id\":\"https:\/\/newsslash.com\/n\/17519-teaser-verraet-starttermin-fuer-tulsa-king-staffel-2-mit-silvester-stallone\/#primaryimage\"},\"image\":{\"@id\":\"https:\/\/newsslash.com\/n\/17519-teaser-verraet-starttermin-fuer-tulsa-king-staffel-2-mit-silvester-stallone\/#primaryimage\"},\"thumbnailUrl\":\"https:\/\/newsslash.com\/n\/wp-content\/uploads\/2025\/04\/NewsSlash-Featured-Image.jpg\",\"datePublished\":\"2024-06-27T14:12:17+00:00\",\"breadcrumb\":{\"@id\":\"https:\/\/newsslash.com\/n\/17519-teaser-verraet-starttermin-fuer-tulsa-king-staffel-2-mit-silvester-stallone\/#breadcrumb\"},\"inLanguage\":\"en-US\",\"potentialAction\":[{\"@type\":\"ReadAction\",\"target\":[\"https:\/\/newsslash.com\/n\/17519-teaser-verraet-starttermin-fuer-tulsa-king-staffel-2-mit-silvester-stallone\/\"]}]},{\"@type\":\"ImageObject\",\"inLanguage\":\"en-US\",\"@id\":\"https:\/\/newsslash.com\/n\/17519-teaser-verraet-starttermin-fuer-tulsa-king-staffel-2-mit-silvester-stallone\/#primaryimage\",\"url\":\"https:\/\/newsslash.com\/n\/wp-content\/uploads\/2025\/04\/NewsSlash-Featured-Image.jpg\",\"contentUrl\":\"https:\/\/newsslash.com\/n\/wp-content\/uploads\/2025\/04\/NewsSlash-Featured-Image.jpg\",\"width\":1280,\"height\":854},{\"@type\":\"BreadcrumbList\",\"@id\":\"https:\/\/newsslash.com\/n\/17519-teaser-verraet-starttermin-fuer-tulsa-king-staffel-2-mit-silvester-stallone\/#breadcrumb\",\"itemListElement\":[{\"@type\":\"ListItem\",\"position\":1,\"name\":\"Home\",\"item\":\"https:\/\/newsslash.com\/n\/\"},{\"@type\":\"ListItem\",\"position\":2,\"name\":\"Teaser verr\u00c3\u00a4t Starttermin f\u00c3\u00bcr Tulsa King Staffel 2 mit &#8230;\"}]},{\"@type\":\"WebSite\",\"@id\":\"https:\/\/newsslash.com\/n\/#website\",\"url\":\"https:\/\/newsslash.com\/n\/\",\"name\":\"Newsslash\",\"description\":\"Trending News on Movies, Series, OTT, Gaming\",\"publisher\":{\"@id\":\"https:\/\/newsslash.com\/n\/#organization\"},\"potentialAction\":[{\"@type\":\"SearchAction\",\"target\":{\"@type\":\"EntryPoint\",\"urlTemplate\":\"https:\/\/newsslash.com\/n\/?s={search_term_string}\"},\"query-input\":{\"@type\":\"PropertyValueSpecification\",\"valueRequired\":true,\"valueName\":\"search_term_string\"}}],\"inLanguage\":\"en-US\"},{\"@type\":\"Organization\",\"@id\":\"https:\/\/newsslash.com\/n\/#organization\",\"name\":\"Newsslash\",\"url\":\"https:\/\/newsslash.com\/n\/\",\"logo\":{\"@type\":\"ImageObject\",\"inLanguage\":\"en-US\",\"@id\":\"https:\/\/newsslash.com\/n\/#\/schema\/logo\/image\/\",\"url\":\"https:\/\/newsslash.com\/n\/wp-content\/uploads\/2025\/04\/cropped-Newsslash-logo-Fevicon.png\",\"contentUrl\":\"https:\/\/newsslash.com\/n\/wp-content\/uploads\/2025\/04\/cropped-Newsslash-logo-Fevicon.png\",\"width\":512,\"height\":512,\"caption\":\"Newsslash\"},\"image\":{\"@id\":\"https:\/\/newsslash.com\/n\/#\/schema\/logo\/image\/\"}},{\"@type\":\"Person\",\"@id\":\"https:\/\/newsslash.com\/n\/#\/schema\/person\/cb1381eb00b5dc4b3071475e9866df11\",\"name\":\"Daniela H\",\"sameAs\":[\"https:\/\/newsslash.com\"],\"url\":\"https:\/\/newsslash.com\/n\/author\/daniela_h\/\"}]}<\/script>\n<!-- \/ Yoast SEO plugin. -->","yoast_head_json":{"title":"Teaser verr\u00c3\u00a4t Starttermin f\u00c3\u00bcr Tulsa King Staffel 2 mit ... - Newsslash","robots":{"index":"noindex","follow":"follow"},"og_locale":"en_US","og_type":"article","og_title":"Teaser verr\u00c3\u00a4t Starttermin f\u00c3\u00bcr Tulsa King Staffel 2 mit ... - Newsslash","og_description":"Paramount+ hat gestern den ersten Teaser zur zweiten Season der Silvester Stallone-Serie Tulsa King rausger\u00c3\u00bcckt. Die Fortsetzung... Mehr auf Newsslash.com!","og_url":"https:\/\/newsslash.com\/n\/17519-teaser-verraet-starttermin-fuer-tulsa-king-staffel-2-mit-silvester-stallone\/","og_site_name":"Newsslash","article_published_time":"2024-06-27T14:12:17+00:00","og_image":[{"width":1280,"height":854,"url":"https:\/\/newsslash.com\/n\/wp-content\/uploads\/2025\/04\/NewsSlash-Featured-Image.jpg","type":"image\/jpeg"}],"author":"Daniela H","twitter_card":"summary_large_image","twitter_misc":{"Written by":"Daniela H","Est. reading time":"1 minute"},"schema":{"@context":"https:\/\/schema.org","@graph":[{"@type":"Article","@id":"https:\/\/newsslash.com\/n\/17519-teaser-verraet-starttermin-fuer-tulsa-king-staffel-2-mit-silvester-stallone\/#article","isPartOf":{"@id":"https:\/\/newsslash.com\/n\/17519-teaser-verraet-starttermin-fuer-tulsa-king-staffel-2-mit-silvester-stallone\/"},"author":{"name":"Daniela H","@id":"https:\/\/newsslash.com\/n\/#\/schema\/person\/cb1381eb00b5dc4b3071475e9866df11"},"headline":"Teaser verr\u00c3\u00a4t Starttermin f\u00c3\u00bcr Tulsa King Staffel 2 mit &#8230;","datePublished":"2024-06-27T14:12:17+00:00","mainEntityOfPage":{"@id":"https:\/\/newsslash.com\/n\/17519-teaser-verraet-starttermin-fuer-tulsa-king-staffel-2-mit-silvester-stallone\/"},"wordCount":251,"commentCount":0,"publisher":{"@id":"https:\/\/newsslash.com\/n\/#organization"},"image":{"@id":"https:\/\/newsslash.com\/n\/17519-teaser-verraet-starttermin-fuer-tulsa-king-staffel-2-mit-silvester-stallone\/#primaryimage"},"thumbnailUrl":"https:\/\/newsslash.com\/n\/wp-content\/uploads\/2025\/04\/NewsSlash-Featured-Image.jpg","articleSection":["Blog"],"inLanguage":"en-US","potentialAction":[{"@type":"CommentAction","name":"Comment","target":["https:\/\/newsslash.com\/n\/17519-teaser-verraet-starttermin-fuer-tulsa-king-staffel-2-mit-silvester-stallone\/#respond"]}]},{"@type":"WebPage","@id":"https:\/\/newsslash.com\/n\/17519-teaser-verraet-starttermin-fuer-tulsa-king-staffel-2-mit-silvester-stallone\/","url":"https:\/\/newsslash.com\/n\/17519-teaser-verraet-starttermin-fuer-tulsa-king-staffel-2-mit-silvester-stallone\/","name":"Teaser verr\u00c3\u00a4t Starttermin f\u00c3\u00bcr Tulsa King Staffel 2 mit ... - Newsslash","isPartOf":{"@id":"https:\/\/newsslash.com\/n\/#website"},"primaryImageOfPage":{"@id":"https:\/\/newsslash.com\/n\/17519-teaser-verraet-starttermin-fuer-tulsa-king-staffel-2-mit-silvester-stallone\/#primaryimage"},"image":{"@id":"https:\/\/newsslash.com\/n\/17519-teaser-verraet-starttermin-fuer-tulsa-king-staffel-2-mit-silvester-stallone\/#primaryimage"},"thumbnailUrl":"https:\/\/newsslash.com\/n\/wp-content\/uploads\/2025\/04\/NewsSlash-Featured-Image.jpg","datePublished":"2024-06-27T14:12:17+00:00","breadcrumb":{"@id":"https:\/\/newsslash.com\/n\/17519-teaser-verraet-starttermin-fuer-tulsa-king-staffel-2-mit-silvester-stallone\/#breadcrumb"},"inLanguage":"en-US","potentialAction":[{"@type":"ReadAction","target":["https:\/\/newsslash.com\/n\/17519-teaser-verraet-starttermin-fuer-tulsa-king-staffel-2-mit-silvester-stallone\/"]}]},{"@type":"ImageObject","inLanguage":"en-US","@id":"https:\/\/newsslash.com\/n\/17519-teaser-verraet-starttermin-fuer-tulsa-king-staffel-2-mit-silvester-stallone\/#primaryimage","url":"https:\/\/newsslash.com\/n\/wp-content\/uploads\/2025\/04\/NewsSlash-Featured-Image.jpg","contentUrl":"https:\/\/newsslash.com\/n\/wp-content\/uploads\/2025\/04\/NewsSlash-Featured-Image.jpg","width":1280,"height":854},{"@type":"BreadcrumbList","@id":"https:\/\/newsslash.com\/n\/17519-teaser-verraet-starttermin-fuer-tulsa-king-staffel-2-mit-silvester-stallone\/#breadcrumb","itemListElement":[{"@type":"ListItem","position":1,"name":"Home","item":"https:\/\/newsslash.com\/n\/"},{"@type":"ListItem","position":2,"name":"Teaser verr\u00c3\u00a4t Starttermin f\u00c3\u00bcr Tulsa King Staffel 2 mit &#8230;"}]},{"@type":"WebSite","@id":"https:\/\/newsslash.com\/n\/#website","url":"https:\/\/newsslash.com\/n\/","name":"Newsslash","description":"Trending News on Movies, Series, OTT, Gaming","publisher":{"@id":"https:\/\/newsslash.com\/n\/#organization"},"potentialAction":[{"@type":"SearchAction","target":{"@type":"EntryPoint","urlTemplate":"https:\/\/newsslash.com\/n\/?s={search_term_string}"},"query-input":{"@type":"PropertyValueSpecification","valueRequired":true,"valueName":"search_term_string"}}],"inLanguage":"en-US"},{"@type":"Organization","@id":"https:\/\/newsslash.com\/n\/#organization","name":"Newsslash","url":"https:\/\/newsslash.com\/n\/","logo":{"@type":"ImageObject","inLanguage":"en-US","@id":"https:\/\/newsslash.com\/n\/#\/schema\/logo\/image\/","url":"https:\/\/newsslash.com\/n\/wp-content\/uploads\/2025\/04\/cropped-Newsslash-logo-Fevicon.png","contentUrl":"https:\/\/newsslash.com\/n\/wp-content\/uploads\/2025\/04\/cropped-Newsslash-logo-Fevicon.png","width":512,"height":512,"caption":"Newsslash"},"image":{"@id":"https:\/\/newsslash.com\/n\/#\/schema\/logo\/image\/"}},{"@type":"Person","@id":"https:\/\/newsslash.com\/n\/#\/schema\/person\/cb1381eb00b5dc4b3071475e9866df11","name":"Daniela H","sameAs":["https:\/\/newsslash.com"],"url":"https:\/\/newsslash.com\/n\/author\/daniela_h\/"}]}},"_links":{"self":[{"href":"https:\/\/newsslash.com\/n\/wp-json\/wp\/v2\/posts\/21604","targetHints":{"allow":["GET"]}}],"collection":[{"href":"https:\/\/newsslash.com\/n\/wp-json\/wp\/v2\/posts"}],"about":[{"href":"https:\/\/newsslash.com\/n\/wp-json\/wp\/v2\/types\/post"}],"author":[{"embeddable":true,"href":"https:\/\/newsslash.com\/n\/wp-json\/wp\/v2\/users\/7"}],"replies":[{"embeddable":true,"href":"https:\/\/newsslash.com\/n\/wp-json\/wp\/v2\/comments?post=21604"}],"version-history":[{"count":0,"href":"https:\/\/newsslash.com\/n\/wp-json\/wp\/v2\/posts\/21604\/revisions"}],"wp:featuredmedia":[{"embeddable":true,"href":"https:\/\/newsslash.com\/n\/wp-json\/wp\/v2\/media\/21974"}],"wp:attachment":[{"href":"https:\/\/newsslash.com\/n\/wp-json\/wp\/v2\/media?parent=21604"}],"curies":[{"name":"wp","href":"https:\/\/api.w.org\/{rel}","templated":true}]}}