{"id":21609,"date":"2024-07-01T17:20:00","date_gmt":"2024-07-01T17:20:00","guid":{"rendered":"https:\/\/newsslash.com\/n\/17524-die-highlights-in-der-ard-mediathek-im-juli-2024\/"},"modified":"2024-07-01T17:20:00","modified_gmt":"2024-07-01T17:20:00","slug":"17524-die-highlights-in-der-ard-mediathek-im-juli-2024","status":"publish","type":"post","link":"https:\/\/newsslash.com\/n\/17524-die-highlights-in-der-ard-mediathek-im-juli-2024\/","title":{"rendered":"Die Highlights in der ARD-Mediathek im Juli 2024"},"content":{"rendered":"<p>In der ARD-Mediathek wird es in diesem Monat vor allem eines: sportlich! Im Fokus der gesamten Neuerscheinungen im Juli stehen die olympischen Spiele in Paris, die ab dem 26. Juli live gestreamt werden k\u00c3\u00b6nnen. Dazu gibt es auch schon vorab viele Dokumentationen zu Olympia, speziellen Sportarten und unserem K\u00c3\u00b6rper. Aber im Juli beginnt auch die Zeit des gro\u00c3\u0178en queeren Kinos, die sich im August dann fortsetzen wird. Und nat\u00c3\u00bcrlich gibt es wie immer die aktuellen Serien, Nachrichten, Dokumentation und Filme wie den Tatort oder den Donnerstagskrimi in der Mediathek zu sehen. Ein paar Highlights aus dem bunten Programm haben wir herausgepickt und stellen sie ein wenig genauer vor. <b>The Girl in My Diary \u00e2\u20ac\u201c Mystery-Serie ab 5. Juli<\/b> Die neue Mystery-Serie The Girl in My Diary erz\u00c3\u00a4hlt in 13 Episoden die Geschichte des 17-j\u00c3\u00a4hrigen Adam, der nach drei Jahren aus dem Koma erwacht und nun in der Klinik weiter \u00c3\u00bcberwacht wird. Er ist endlich wach und darf nicht aus der Klinik heraus. Da ist doch etwas faul? Verheimlichen ihm seine Eltern etwas, und wenn ja, was? \u00c3\u0153ber ein Tagebuch kommuniziert Adam mit Hawa, einer 15-J\u00c3\u00a4hrigen, und flieht. Als die beiden sich aber dann treffen, wird es ziemlich verst\u00c3\u00b6rend\u00e2\u20ac\u00a6Ab 5. Juli alle 13 Folgen auf einem Schlag in der ARD-Mediathek. <b>3 Paare, ein Ziel \u00e2\u20ac\u201c Wir wollen heiraten Staffel 2 ab 9. Juli<\/b> Um den sch\u00c3\u00b6nsten Tag des Lebens geht es ab dem 9. Juli in der ARD-Mediathek mit 3 Paare, ein Ziel \u00e2\u20ac\u201c Wir wollen heiraten. In 5 mal 30 Minuten begleitet die zweite Staffel der Dokumentation Ringo und Sandra auf dem Weg zu ihrer Hochzeit. Ungew\u00c3\u00b6hnlich ist bei dem Paar der Altersunterschied von 20 Jahren und au\u00c3\u0178erdem hatte Ringo einen Darmdurchbruch und \u00c3\u00bcberlebte diesen fast nicht. Und auch am Abend vor der Hochzeit ist es Ringos Gesundheit, die alles zum Einsturz bringen k\u00c3\u00b6nnte. <b> Everything everywhere all at once ab 12. Juli<\/b> Dramatisch und aufregend, aber auch ein bisschen fantastisch wird es mit dem Spielfilm Everything everywhere all at once, der ab dem 12. Juli in der ARD-Mediathek zu sehen ist. Es geht um Evelyn Wang, Mitte 40, in einer Lebenskrise steckend und auch kurz vor dem beruflichen Aus. Nun muss sie auch noch zum Finanzamt, weil angeblich ein Fehler in der Steuererkl\u00c3\u00a4rung vorhanden ist. Und jetzt wird\u00e2\u20ac\u2122s abgefahren: Evelyns man kommt in Superheldenmanier zu Hilfe, behauptet aber, aus einem anderen Universum zu kommen und erkl\u00c3\u00a4rt Evelyn, dass sie die Auserw\u00c3\u00a4hlte sei, um die Erde zu retten. Hat Evelyns Verstand ausgesetzt oder geschieht das alles wirklich? <b>Ab 15. Juli: 60 Sekunden Perfektion<\/b> AB dem 15. Juli geht es in der ARD um 60 Sekunden Perfektion. Das genau ist es n\u00c3\u00a4mlich, was Erfolg oder Misserfolg als Turner oder Turnerin ausmacht. Was sind die Sportler und Sportlerinnen bereit zu tun f\u00c3\u00bcr diese 60 Sekunden Perfektion? <b>Mein K\u00c3\u00b6rper. Meine Muskeln \u00e2\u20ac\u201c Mehr als Power und Pumpen ab 16. Juli<\/b> Ebenfalls um Sport geht es ab dem 16. Juli in der ARD-Mediathek, auch wenn Turnen als weitaus graziler angesehen wird. Kraftsport steht auf dem Plan, aber nicht nur das.Die 45-min\u00c3\u00bctige Dokumentation schaut sich das gr\u00c3\u00b6\u00c3\u0178te Organsystem, die Muskeln, einmal genauer an und ergr\u00c3\u00bcndet, wof\u00c3\u00bcr die Muskeln alles verantwortlich sind. <b>Spielfilm The Father ab 18. Juli<\/b> Noch ein Spielfilm hat es uns angetan, den wir euch vorstellen wollen. The Father hei\u00c3\u0178t er und steht ab dem 18. Juli in der ARD-Mediathek zur Verf\u00c3\u00bcgung. Anthony Hopkins spielt den 80-j\u00c3\u00a4hrigen Anthony (ja, richtig gelesen), der meint, noch gut beieinander zu sein und allein in seiner sch\u00c3\u00b6nen Wohnung klarzukommen. Aber dem ist nicht so. Einf\u00c3\u00bchlsam und authentisch erz\u00c3\u00a4hlt der Film die Geschichte von Vergesslichkeit, J\u00c3\u00a4hzorn, Liebe, Trauer, Verst\u00c3\u00a4ndnis und Kopfsch\u00c3\u00bctteln \u00c3\u00bcber eine Krankheit, die jeden im Alter treffen kann. <b>Olympia-Dokus ab dem 19. Juli, Olympia ab dem 26. Juli <\/b> Zur Vorbereitung auf die Olympischen Sommerspiele in Paris geht es in der ARD-Mediathek schon ab dem 19. Juli mit einigen Dokumentationen los. Drei St\u00c3\u00bccksind es and er Zahl, die alle extrem tiefgr\u00c3\u00bcndig sind und sich mit den Olympischen Spielen und deren Bedeutung in der Welt auseinandersetzen. Die Stadt der Spiele, Krieg und Spiele sowie Schmutzige Spiele sind die Titel. Ab dem 26. Juli geht es dann hei\u00c3\u0178 her in der ARD-Mediathek, denn ab diesem Tag sind live-Streams und Hintergrundberichte zu Olympia im Programm. <b>Rehragout-Rendevouz ab dem 22. Juli<\/b> Beim Lesen des Namens des Films Rehragout-Rendevouz ist klar: es handelt sich um einen neuen Eberhofer-Krimi, den die ARD in der Mediathek ab dem 22. Juli f\u00c3\u00bcr die Zuschauenden bereith\u00c3\u00a4lt. Und der hat es in sich, denn auf die Frage, was es zu essen gibt, erh\u00c3\u00a4lt der urkomische Polizist die Antwort \u00e2\u20ac\u017eNix. Die Oma hat beschlossen, sich der famili\u00c3\u00a4ren F\u00c3\u00bcrsorge zu entledigen. Die Bande soll lernen, sich selbst zu versorgen. Dass das chaotisch wird, ist absehbar, aber dann ist da ja noch wie immer auch ein Kriminalfall, der zu l\u00c3\u00b6sen ist. <b>Gro\u00c3\u0178es QUEERES Kino im Sommer in der ARD-Mediathek<\/b> Zum Schluss noch der Hinweis auf den queeren Kinosommer in der ARD du in der ARD-Mediathek. Ab dem 20, Juli startete die Reihe in der ARD und dann gibt es insgesamt 21 Filme bis zum 29. August zu sehen. Es geht um das erste Mal, das Coming Out, um die Probleme, der queere Menschen haben k\u00c3\u00b6nnen und um die Schmetterlinge im Bauch. Alle diese Filme findet ihr auch in der Mediathek.<\/p><div class=\"newss-content\" id=\"newss-2180549554\"><script async src=\"\/\/pagead2.googlesyndication.com\/pagead\/js\/adsbygoogle.js?client=ca-pub-7733425960004873\" crossorigin=\"anonymous\"><\/script><ins class=\"adsbygoogle\" style=\"display:block;\" data-ad-client=\"ca-pub-7733425960004873\" \ndata-ad-slot=\"2582020599\" \ndata-ad-format=\"auto\"><\/ins>\n<script> \n(adsbygoogle = window.adsbygoogle || []).push({}); \n<\/script>\n<\/div><div class=\"newss-article-1\" id=\"newss-3190569888\"><script async src=\"https:\/\/pagead2.googlesyndication.com\/pagead\/js\/adsbygoogle.js?client=ca-pub-7733425960004873\"\r\n     crossorigin=\"anonymous\"><\/script>\r\n<!-- Homepage2 -->\r\n<ins class=\"adsbygoogle\"\r\n     style=\"display:block\"\r\n     data-ad-client=\"ca-pub-7733425960004873\"\r\n     data-ad-slot=\"2582020599\"\r\n     data-ad-format=\"auto\"\r\n     data-full-width-responsive=\"true\"><\/ins>\r\n<script>\r\n     (adsbygoogle = window.adsbygoogle || []).push({});\r\n<\/script><\/div>\n","protected":false},"excerpt":{"rendered":"<p>Im Juli wird die wichtigste Frage Eberhofers nach der Art des Essens beantwortet und es gibt jede Menge Sport in der ARD-Mediathek&#8230; Mehr auf Newsslash.com!<\/p>\n","protected":false},"author":7,"featured_media":21974,"comment_status":"open","ping_status":"open","sticky":false,"template":"","format":"standard","meta":{"_et_pb_use_builder":"","_et_pb_old_content":"","_et_gb_content_width":"","footnotes":""},"class_list":["post-21609","post","type-post","status-publish","format-standard","has-post-thumbnail","hentry","category-blog"],"yoast_head":"<!-- This site is optimized with the Yoast SEO plugin v24.8.1 - https:\/\/yoast.com\/wordpress\/plugins\/seo\/ -->\n<title>Die Highlights in der ARD-Mediathek im Juli 2024 - Newsslash<\/title>\n<meta name=\"robots\" content=\"noindex, follow\" \/>\n<meta property=\"og:locale\" content=\"en_US\" \/>\n<meta property=\"og:type\" content=\"article\" \/>\n<meta property=\"og:title\" content=\"Die Highlights in der ARD-Mediathek im Juli 2024 - Newsslash\" \/>\n<meta property=\"og:description\" content=\"Im Juli wird die wichtigste Frage Eberhofers nach der Art des Essens beantwortet und es gibt jede Menge Sport in der ARD-Mediathek... Mehr auf Newsslash.com!\" \/>\n<meta property=\"og:url\" content=\"https:\/\/newsslash.com\/n\/17524-die-highlights-in-der-ard-mediathek-im-juli-2024\/\" \/>\n<meta property=\"og:site_name\" content=\"Newsslash\" \/>\n<meta property=\"article:published_time\" content=\"2024-07-01T17:20:00+00:00\" \/>\n<meta property=\"og:image\" content=\"https:\/\/newsslash.com\/n\/wp-content\/uploads\/2025\/04\/NewsSlash-Featured-Image.jpg\" \/>\n\t<meta property=\"og:image:width\" content=\"1280\" \/>\n\t<meta property=\"og:image:height\" content=\"854\" \/>\n\t<meta property=\"og:image:type\" content=\"image\/jpeg\" \/>\n<meta name=\"author\" content=\"Daniela H\" \/>\n<meta name=\"twitter:card\" content=\"summary_large_image\" \/>\n<meta name=\"twitter:label1\" content=\"Written by\" \/>\n\t<meta name=\"twitter:data1\" content=\"Daniela H\" \/>\n\t<meta name=\"twitter:label2\" content=\"Est. reading time\" \/>\n\t<meta name=\"twitter:data2\" content=\"4 minutes\" \/>\n<script type=\"application\/ld+json\" class=\"yoast-schema-graph\">{\"@context\":\"https:\/\/schema.org\",\"@graph\":[{\"@type\":\"Article\",\"@id\":\"https:\/\/newsslash.com\/n\/17524-die-highlights-in-der-ard-mediathek-im-juli-2024\/#article\",\"isPartOf\":{\"@id\":\"https:\/\/newsslash.com\/n\/17524-die-highlights-in-der-ard-mediathek-im-juli-2024\/\"},\"author\":{\"name\":\"Daniela H\",\"@id\":\"https:\/\/newsslash.com\/n\/#\/schema\/person\/cb1381eb00b5dc4b3071475e9866df11\"},\"headline\":\"Die Highlights in der ARD-Mediathek im Juli 2024\",\"datePublished\":\"2024-07-01T17:20:00+00:00\",\"mainEntityOfPage\":{\"@id\":\"https:\/\/newsslash.com\/n\/17524-die-highlights-in-der-ard-mediathek-im-juli-2024\/\"},\"wordCount\":892,\"commentCount\":0,\"publisher\":{\"@id\":\"https:\/\/newsslash.com\/n\/#organization\"},\"image\":{\"@id\":\"https:\/\/newsslash.com\/n\/17524-die-highlights-in-der-ard-mediathek-im-juli-2024\/#primaryimage\"},\"thumbnailUrl\":\"https:\/\/newsslash.com\/n\/wp-content\/uploads\/2025\/04\/NewsSlash-Featured-Image.jpg\",\"articleSection\":[\"Blog\"],\"inLanguage\":\"en-US\",\"potentialAction\":[{\"@type\":\"CommentAction\",\"name\":\"Comment\",\"target\":[\"https:\/\/newsslash.com\/n\/17524-die-highlights-in-der-ard-mediathek-im-juli-2024\/#respond\"]}]},{\"@type\":\"WebPage\",\"@id\":\"https:\/\/newsslash.com\/n\/17524-die-highlights-in-der-ard-mediathek-im-juli-2024\/\",\"url\":\"https:\/\/newsslash.com\/n\/17524-die-highlights-in-der-ard-mediathek-im-juli-2024\/\",\"name\":\"Die Highlights in der ARD-Mediathek im Juli 2024 - Newsslash\",\"isPartOf\":{\"@id\":\"https:\/\/newsslash.com\/n\/#website\"},\"primaryImageOfPage\":{\"@id\":\"https:\/\/newsslash.com\/n\/17524-die-highlights-in-der-ard-mediathek-im-juli-2024\/#primaryimage\"},\"image\":{\"@id\":\"https:\/\/newsslash.com\/n\/17524-die-highlights-in-der-ard-mediathek-im-juli-2024\/#primaryimage\"},\"thumbnailUrl\":\"https:\/\/newsslash.com\/n\/wp-content\/uploads\/2025\/04\/NewsSlash-Featured-Image.jpg\",\"datePublished\":\"2024-07-01T17:20:00+00:00\",\"breadcrumb\":{\"@id\":\"https:\/\/newsslash.com\/n\/17524-die-highlights-in-der-ard-mediathek-im-juli-2024\/#breadcrumb\"},\"inLanguage\":\"en-US\",\"potentialAction\":[{\"@type\":\"ReadAction\",\"target\":[\"https:\/\/newsslash.com\/n\/17524-die-highlights-in-der-ard-mediathek-im-juli-2024\/\"]}]},{\"@type\":\"ImageObject\",\"inLanguage\":\"en-US\",\"@id\":\"https:\/\/newsslash.com\/n\/17524-die-highlights-in-der-ard-mediathek-im-juli-2024\/#primaryimage\",\"url\":\"https:\/\/newsslash.com\/n\/wp-content\/uploads\/2025\/04\/NewsSlash-Featured-Image.jpg\",\"contentUrl\":\"https:\/\/newsslash.com\/n\/wp-content\/uploads\/2025\/04\/NewsSlash-Featured-Image.jpg\",\"width\":1280,\"height\":854},{\"@type\":\"BreadcrumbList\",\"@id\":\"https:\/\/newsslash.com\/n\/17524-die-highlights-in-der-ard-mediathek-im-juli-2024\/#breadcrumb\",\"itemListElement\":[{\"@type\":\"ListItem\",\"position\":1,\"name\":\"Home\",\"item\":\"https:\/\/newsslash.com\/n\/\"},{\"@type\":\"ListItem\",\"position\":2,\"name\":\"Die Highlights in der ARD-Mediathek im Juli 2024\"}]},{\"@type\":\"WebSite\",\"@id\":\"https:\/\/newsslash.com\/n\/#website\",\"url\":\"https:\/\/newsslash.com\/n\/\",\"name\":\"Newsslash\",\"description\":\"Trending News on Movies, Series, OTT, Gaming\",\"publisher\":{\"@id\":\"https:\/\/newsslash.com\/n\/#organization\"},\"potentialAction\":[{\"@type\":\"SearchAction\",\"target\":{\"@type\":\"EntryPoint\",\"urlTemplate\":\"https:\/\/newsslash.com\/n\/?s={search_term_string}\"},\"query-input\":{\"@type\":\"PropertyValueSpecification\",\"valueRequired\":true,\"valueName\":\"search_term_string\"}}],\"inLanguage\":\"en-US\"},{\"@type\":\"Organization\",\"@id\":\"https:\/\/newsslash.com\/n\/#organization\",\"name\":\"Newsslash\",\"url\":\"https:\/\/newsslash.com\/n\/\",\"logo\":{\"@type\":\"ImageObject\",\"inLanguage\":\"en-US\",\"@id\":\"https:\/\/newsslash.com\/n\/#\/schema\/logo\/image\/\",\"url\":\"https:\/\/newsslash.com\/n\/wp-content\/uploads\/2025\/04\/cropped-Newsslash-logo-Fevicon.png\",\"contentUrl\":\"https:\/\/newsslash.com\/n\/wp-content\/uploads\/2025\/04\/cropped-Newsslash-logo-Fevicon.png\",\"width\":512,\"height\":512,\"caption\":\"Newsslash\"},\"image\":{\"@id\":\"https:\/\/newsslash.com\/n\/#\/schema\/logo\/image\/\"}},{\"@type\":\"Person\",\"@id\":\"https:\/\/newsslash.com\/n\/#\/schema\/person\/cb1381eb00b5dc4b3071475e9866df11\",\"name\":\"Daniela H\",\"sameAs\":[\"https:\/\/newsslash.com\"],\"url\":\"https:\/\/newsslash.com\/n\/author\/daniela_h\/\"}]}<\/script>\n<!-- \/ Yoast SEO plugin. -->","yoast_head_json":{"title":"Die Highlights in der ARD-Mediathek im Juli 2024 - Newsslash","robots":{"index":"noindex","follow":"follow"},"og_locale":"en_US","og_type":"article","og_title":"Die Highlights in der ARD-Mediathek im Juli 2024 - Newsslash","og_description":"Im Juli wird die wichtigste Frage Eberhofers nach der Art des Essens beantwortet und es gibt jede Menge Sport in der ARD-Mediathek... Mehr auf Newsslash.com!","og_url":"https:\/\/newsslash.com\/n\/17524-die-highlights-in-der-ard-mediathek-im-juli-2024\/","og_site_name":"Newsslash","article_published_time":"2024-07-01T17:20:00+00:00","og_image":[{"width":1280,"height":854,"url":"https:\/\/newsslash.com\/n\/wp-content\/uploads\/2025\/04\/NewsSlash-Featured-Image.jpg","type":"image\/jpeg"}],"author":"Daniela H","twitter_card":"summary_large_image","twitter_misc":{"Written by":"Daniela H","Est. reading time":"4 minutes"},"schema":{"@context":"https:\/\/schema.org","@graph":[{"@type":"Article","@id":"https:\/\/newsslash.com\/n\/17524-die-highlights-in-der-ard-mediathek-im-juli-2024\/#article","isPartOf":{"@id":"https:\/\/newsslash.com\/n\/17524-die-highlights-in-der-ard-mediathek-im-juli-2024\/"},"author":{"name":"Daniela H","@id":"https:\/\/newsslash.com\/n\/#\/schema\/person\/cb1381eb00b5dc4b3071475e9866df11"},"headline":"Die Highlights in der ARD-Mediathek im Juli 2024","datePublished":"2024-07-01T17:20:00+00:00","mainEntityOfPage":{"@id":"https:\/\/newsslash.com\/n\/17524-die-highlights-in-der-ard-mediathek-im-juli-2024\/"},"wordCount":892,"commentCount":0,"publisher":{"@id":"https:\/\/newsslash.com\/n\/#organization"},"image":{"@id":"https:\/\/newsslash.com\/n\/17524-die-highlights-in-der-ard-mediathek-im-juli-2024\/#primaryimage"},"thumbnailUrl":"https:\/\/newsslash.com\/n\/wp-content\/uploads\/2025\/04\/NewsSlash-Featured-Image.jpg","articleSection":["Blog"],"inLanguage":"en-US","potentialAction":[{"@type":"CommentAction","name":"Comment","target":["https:\/\/newsslash.com\/n\/17524-die-highlights-in-der-ard-mediathek-im-juli-2024\/#respond"]}]},{"@type":"WebPage","@id":"https:\/\/newsslash.com\/n\/17524-die-highlights-in-der-ard-mediathek-im-juli-2024\/","url":"https:\/\/newsslash.com\/n\/17524-die-highlights-in-der-ard-mediathek-im-juli-2024\/","name":"Die Highlights in der ARD-Mediathek im Juli 2024 - Newsslash","isPartOf":{"@id":"https:\/\/newsslash.com\/n\/#website"},"primaryImageOfPage":{"@id":"https:\/\/newsslash.com\/n\/17524-die-highlights-in-der-ard-mediathek-im-juli-2024\/#primaryimage"},"image":{"@id":"https:\/\/newsslash.com\/n\/17524-die-highlights-in-der-ard-mediathek-im-juli-2024\/#primaryimage"},"thumbnailUrl":"https:\/\/newsslash.com\/n\/wp-content\/uploads\/2025\/04\/NewsSlash-Featured-Image.jpg","datePublished":"2024-07-01T17:20:00+00:00","breadcrumb":{"@id":"https:\/\/newsslash.com\/n\/17524-die-highlights-in-der-ard-mediathek-im-juli-2024\/#breadcrumb"},"inLanguage":"en-US","potentialAction":[{"@type":"ReadAction","target":["https:\/\/newsslash.com\/n\/17524-die-highlights-in-der-ard-mediathek-im-juli-2024\/"]}]},{"@type":"ImageObject","inLanguage":"en-US","@id":"https:\/\/newsslash.com\/n\/17524-die-highlights-in-der-ard-mediathek-im-juli-2024\/#primaryimage","url":"https:\/\/newsslash.com\/n\/wp-content\/uploads\/2025\/04\/NewsSlash-Featured-Image.jpg","contentUrl":"https:\/\/newsslash.com\/n\/wp-content\/uploads\/2025\/04\/NewsSlash-Featured-Image.jpg","width":1280,"height":854},{"@type":"BreadcrumbList","@id":"https:\/\/newsslash.com\/n\/17524-die-highlights-in-der-ard-mediathek-im-juli-2024\/#breadcrumb","itemListElement":[{"@type":"ListItem","position":1,"name":"Home","item":"https:\/\/newsslash.com\/n\/"},{"@type":"ListItem","position":2,"name":"Die Highlights in der ARD-Mediathek im Juli 2024"}]},{"@type":"WebSite","@id":"https:\/\/newsslash.com\/n\/#website","url":"https:\/\/newsslash.com\/n\/","name":"Newsslash","description":"Trending News on Movies, Series, OTT, Gaming","publisher":{"@id":"https:\/\/newsslash.com\/n\/#organization"},"potentialAction":[{"@type":"SearchAction","target":{"@type":"EntryPoint","urlTemplate":"https:\/\/newsslash.com\/n\/?s={search_term_string}"},"query-input":{"@type":"PropertyValueSpecification","valueRequired":true,"valueName":"search_term_string"}}],"inLanguage":"en-US"},{"@type":"Organization","@id":"https:\/\/newsslash.com\/n\/#organization","name":"Newsslash","url":"https:\/\/newsslash.com\/n\/","logo":{"@type":"ImageObject","inLanguage":"en-US","@id":"https:\/\/newsslash.com\/n\/#\/schema\/logo\/image\/","url":"https:\/\/newsslash.com\/n\/wp-content\/uploads\/2025\/04\/cropped-Newsslash-logo-Fevicon.png","contentUrl":"https:\/\/newsslash.com\/n\/wp-content\/uploads\/2025\/04\/cropped-Newsslash-logo-Fevicon.png","width":512,"height":512,"caption":"Newsslash"},"image":{"@id":"https:\/\/newsslash.com\/n\/#\/schema\/logo\/image\/"}},{"@type":"Person","@id":"https:\/\/newsslash.com\/n\/#\/schema\/person\/cb1381eb00b5dc4b3071475e9866df11","name":"Daniela H","sameAs":["https:\/\/newsslash.com"],"url":"https:\/\/newsslash.com\/n\/author\/daniela_h\/"}]}},"_links":{"self":[{"href":"https:\/\/newsslash.com\/n\/wp-json\/wp\/v2\/posts\/21609","targetHints":{"allow":["GET"]}}],"collection":[{"href":"https:\/\/newsslash.com\/n\/wp-json\/wp\/v2\/posts"}],"about":[{"href":"https:\/\/newsslash.com\/n\/wp-json\/wp\/v2\/types\/post"}],"author":[{"embeddable":true,"href":"https:\/\/newsslash.com\/n\/wp-json\/wp\/v2\/users\/7"}],"replies":[{"embeddable":true,"href":"https:\/\/newsslash.com\/n\/wp-json\/wp\/v2\/comments?post=21609"}],"version-history":[{"count":0,"href":"https:\/\/newsslash.com\/n\/wp-json\/wp\/v2\/posts\/21609\/revisions"}],"wp:featuredmedia":[{"embeddable":true,"href":"https:\/\/newsslash.com\/n\/wp-json\/wp\/v2\/media\/21974"}],"wp:attachment":[{"href":"https:\/\/newsslash.com\/n\/wp-json\/wp\/v2\/media?parent=21609"}],"curies":[{"name":"wp","href":"https:\/\/api.w.org\/{rel}","templated":true}]}}