{"id":21621,"date":"2024-07-13T18:35:25","date_gmt":"2024-07-13T18:35:25","guid":{"rendered":"https:\/\/newsslash.com\/n\/17536-netflix-veroeffentlicht-ersten-trailer-zur-serie-the-decameron\/"},"modified":"2024-07-13T18:35:25","modified_gmt":"2024-07-13T18:35:25","slug":"17536-netflix-veroeffentlicht-ersten-trailer-zur-serie-the-decameron","status":"publish","type":"post","link":"https:\/\/newsslash.com\/n\/17536-netflix-veroeffentlicht-ersten-trailer-zur-serie-the-decameron\/","title":{"rendered":"Netflix ver\u00c3\u00b6ffentlicht ersten Trailer zur Serie The Deca&#8230;"},"content":{"rendered":"<p>Am 25. Juli 2024 kommt eine neue Serie zu Netflix, die vor allem Liebhaber von historischen Geschichten mit dem gewissen Etwas gefallen d\u00c3\u00bcrfte. The Decameron hei\u00c3\u0178t die Produktion von Jenji Kohan und Kathleen Jordan. Die eine kennt ihr sicher durch die Serie Orange ist he New Black und die andere hat Teenage Bounty Hunters aus der Taufe gehoben. Nun haben sich die beiden bemerkenswerten Geschichtenerz\u00c3\u00a4hlerinnen zusammengetan und f\u00c3\u00bchren die Zuschauenden tief in das 14. Jahrhundert, das Jahrhundert der Schwarzen Pest. Doch ganz so d\u00c3\u00bcster wird es in der Serie gar nicht, denn im Mittelpunkt stehen nicht unbedingt die qualvoll in den dreckigen Gassen des Mittelalters Sterbenden gew\u00c3\u00b6hnlichen Menschen, sondern eine Gruppe von Adligen, die hinter dicken Mauern auf dem italienischen Land dem Schwarzen Tod zu entfliehen zu gedenken Konkret finden sich die Zuschauer im Jahr 1348 in Florent wieder. Die florierende Stadt mit ihren weiten Ausl\u00c3\u00a4ufern ist trotz des vielen Geldes, des Prunks und der doch recht ansehnlichen Hygiene, zumindest im Vergleich zu anderen Teilen Europas, nicht vor der Pest gefeit. Auch hier grassiert der Schwarze Tod, was einige Adlige dazu bem\u00c3\u00bc\u00c3\u0178igt, sich in eine Villa aufs Land zur\u00c3\u00bcckzuziehen. Hier nun kommt der Titel der Serie The Decameron zum Tragen, denn diese Flucht ist eher mit einem verschwenderischen Urlaub mit so einigen Vergn\u00c3\u00bcgungen und Entgleisungen zu vergleichen. Doch dann kommt es doch noch zum Kampf ums \u00c3\u0153berleben und die gesellschaftlichen Regeln verschwinden immer mehr. Aber schaut selbst, Wir haben den Trailer in der deutschen und in der englischen Fassung f\u00c3\u00bcr euch. <iframe loading=\"lazy\" allowfullscreen=\"\" frameborder=\"0\" height=\"315\" src=\"https:\/\/www.youtube-nocookie.com\/embed\/bPO5lzbt9mw?si=S4q6-_THXC29mfdz\" width=\"100%\"><\/iframe> <iframe loading=\"lazy\" allowfullscreen=\"\" frameborder=\"0\" height=\"315\" src=\"https:\/\/www.youtube-nocookie.com\/embed\/RLimO9ydEgo?si=fZO-mEPwd0D1jS2h\" width=\"100%\"><\/iframe><\/p><div class=\"newss-content\" id=\"newss-351104845\"><script async src=\"\/\/pagead2.googlesyndication.com\/pagead\/js\/adsbygoogle.js?client=ca-pub-7733425960004873\" crossorigin=\"anonymous\"><\/script><ins class=\"adsbygoogle\" style=\"display:block;\" data-ad-client=\"ca-pub-7733425960004873\" \ndata-ad-slot=\"2582020599\" \ndata-ad-format=\"auto\"><\/ins>\n<script> \n(adsbygoogle = window.adsbygoogle || []).push({}); \n<\/script>\n<\/div><div class=\"newss-article-1\" id=\"newss-1778369841\"><script async src=\"https:\/\/pagead2.googlesyndication.com\/pagead\/js\/adsbygoogle.js?client=ca-pub-7733425960004873\"\r\n     crossorigin=\"anonymous\"><\/script>\r\n<!-- Homepage2 -->\r\n<ins class=\"adsbygoogle\"\r\n     style=\"display:block\"\r\n     data-ad-client=\"ca-pub-7733425960004873\"\r\n     data-ad-slot=\"2582020599\"\r\n     data-ad-format=\"auto\"\r\n     data-full-width-responsive=\"true\"><\/ins>\r\n<script>\r\n     (adsbygoogle = window.adsbygoogle || []).push({});\r\n<\/script><\/div>\n","protected":false},"excerpt":{"rendered":"<p>Normalerweise denkt man beim Titel The Decameron weder zuerst an die Pest noch an Comedy. Aber beides sind die zentralen Punkte in&#8230; Mehr auf Newsslash.com!<\/p>\n","protected":false},"author":7,"featured_media":21974,"comment_status":"open","ping_status":"open","sticky":false,"template":"","format":"standard","meta":{"_et_pb_use_builder":"","_et_pb_old_content":"","_et_gb_content_width":"","footnotes":""},"class_list":["post-21621","post","type-post","status-publish","format-standard","has-post-thumbnail","hentry","category-blog"],"yoast_head":"<!-- This site is optimized with the Yoast SEO plugin v24.8.1 - https:\/\/yoast.com\/wordpress\/plugins\/seo\/ -->\n<title>Netflix ver\u00c3\u00b6ffentlicht ersten Trailer zur Serie The Deca... - Newsslash<\/title>\n<meta name=\"robots\" content=\"noindex, follow\" \/>\n<meta property=\"og:locale\" content=\"en_US\" \/>\n<meta property=\"og:type\" content=\"article\" \/>\n<meta property=\"og:title\" content=\"Netflix ver\u00c3\u00b6ffentlicht ersten Trailer zur Serie The Deca... - Newsslash\" \/>\n<meta property=\"og:description\" content=\"Normalerweise denkt man beim Titel The Decameron weder zuerst an die Pest noch an Comedy. Aber beides sind die zentralen Punkte in... Mehr auf Newsslash.com!\" \/>\n<meta property=\"og:url\" content=\"https:\/\/newsslash.com\/n\/17536-netflix-veroeffentlicht-ersten-trailer-zur-serie-the-decameron\/\" \/>\n<meta property=\"og:site_name\" content=\"Newsslash\" \/>\n<meta property=\"article:published_time\" content=\"2024-07-13T18:35:25+00:00\" \/>\n<meta property=\"og:image\" content=\"https:\/\/newsslash.com\/n\/wp-content\/uploads\/2025\/04\/NewsSlash-Featured-Image.jpg\" \/>\n\t<meta property=\"og:image:width\" content=\"1280\" \/>\n\t<meta property=\"og:image:height\" content=\"854\" \/>\n\t<meta property=\"og:image:type\" content=\"image\/jpeg\" \/>\n<meta name=\"author\" content=\"Daniela H\" \/>\n<meta name=\"twitter:card\" content=\"summary_large_image\" \/>\n<meta name=\"twitter:label1\" content=\"Written by\" \/>\n\t<meta name=\"twitter:data1\" content=\"Daniela H\" \/>\n\t<meta name=\"twitter:label2\" content=\"Est. reading time\" \/>\n\t<meta name=\"twitter:data2\" content=\"1 minute\" \/>\n<script type=\"application\/ld+json\" class=\"yoast-schema-graph\">{\"@context\":\"https:\/\/schema.org\",\"@graph\":[{\"@type\":\"Article\",\"@id\":\"https:\/\/newsslash.com\/n\/17536-netflix-veroeffentlicht-ersten-trailer-zur-serie-the-decameron\/#article\",\"isPartOf\":{\"@id\":\"https:\/\/newsslash.com\/n\/17536-netflix-veroeffentlicht-ersten-trailer-zur-serie-the-decameron\/\"},\"author\":{\"name\":\"Daniela H\",\"@id\":\"https:\/\/newsslash.com\/n\/#\/schema\/person\/cb1381eb00b5dc4b3071475e9866df11\"},\"headline\":\"Netflix ver\u00c3\u00b6ffentlicht ersten Trailer zur Serie The Deca&#8230;\",\"datePublished\":\"2024-07-13T18:35:25+00:00\",\"mainEntityOfPage\":{\"@id\":\"https:\/\/newsslash.com\/n\/17536-netflix-veroeffentlicht-ersten-trailer-zur-serie-the-decameron\/\"},\"wordCount\":267,\"commentCount\":0,\"publisher\":{\"@id\":\"https:\/\/newsslash.com\/n\/#organization\"},\"image\":{\"@id\":\"https:\/\/newsslash.com\/n\/17536-netflix-veroeffentlicht-ersten-trailer-zur-serie-the-decameron\/#primaryimage\"},\"thumbnailUrl\":\"https:\/\/newsslash.com\/n\/wp-content\/uploads\/2025\/04\/NewsSlash-Featured-Image.jpg\",\"articleSection\":[\"Blog\"],\"inLanguage\":\"en-US\",\"potentialAction\":[{\"@type\":\"CommentAction\",\"name\":\"Comment\",\"target\":[\"https:\/\/newsslash.com\/n\/17536-netflix-veroeffentlicht-ersten-trailer-zur-serie-the-decameron\/#respond\"]}]},{\"@type\":\"WebPage\",\"@id\":\"https:\/\/newsslash.com\/n\/17536-netflix-veroeffentlicht-ersten-trailer-zur-serie-the-decameron\/\",\"url\":\"https:\/\/newsslash.com\/n\/17536-netflix-veroeffentlicht-ersten-trailer-zur-serie-the-decameron\/\",\"name\":\"Netflix ver\u00c3\u00b6ffentlicht ersten Trailer zur Serie The Deca... - Newsslash\",\"isPartOf\":{\"@id\":\"https:\/\/newsslash.com\/n\/#website\"},\"primaryImageOfPage\":{\"@id\":\"https:\/\/newsslash.com\/n\/17536-netflix-veroeffentlicht-ersten-trailer-zur-serie-the-decameron\/#primaryimage\"},\"image\":{\"@id\":\"https:\/\/newsslash.com\/n\/17536-netflix-veroeffentlicht-ersten-trailer-zur-serie-the-decameron\/#primaryimage\"},\"thumbnailUrl\":\"https:\/\/newsslash.com\/n\/wp-content\/uploads\/2025\/04\/NewsSlash-Featured-Image.jpg\",\"datePublished\":\"2024-07-13T18:35:25+00:00\",\"breadcrumb\":{\"@id\":\"https:\/\/newsslash.com\/n\/17536-netflix-veroeffentlicht-ersten-trailer-zur-serie-the-decameron\/#breadcrumb\"},\"inLanguage\":\"en-US\",\"potentialAction\":[{\"@type\":\"ReadAction\",\"target\":[\"https:\/\/newsslash.com\/n\/17536-netflix-veroeffentlicht-ersten-trailer-zur-serie-the-decameron\/\"]}]},{\"@type\":\"ImageObject\",\"inLanguage\":\"en-US\",\"@id\":\"https:\/\/newsslash.com\/n\/17536-netflix-veroeffentlicht-ersten-trailer-zur-serie-the-decameron\/#primaryimage\",\"url\":\"https:\/\/newsslash.com\/n\/wp-content\/uploads\/2025\/04\/NewsSlash-Featured-Image.jpg\",\"contentUrl\":\"https:\/\/newsslash.com\/n\/wp-content\/uploads\/2025\/04\/NewsSlash-Featured-Image.jpg\",\"width\":1280,\"height\":854},{\"@type\":\"BreadcrumbList\",\"@id\":\"https:\/\/newsslash.com\/n\/17536-netflix-veroeffentlicht-ersten-trailer-zur-serie-the-decameron\/#breadcrumb\",\"itemListElement\":[{\"@type\":\"ListItem\",\"position\":1,\"name\":\"Home\",\"item\":\"https:\/\/newsslash.com\/n\/\"},{\"@type\":\"ListItem\",\"position\":2,\"name\":\"Netflix ver\u00c3\u00b6ffentlicht ersten Trailer zur Serie The Deca&#8230;\"}]},{\"@type\":\"WebSite\",\"@id\":\"https:\/\/newsslash.com\/n\/#website\",\"url\":\"https:\/\/newsslash.com\/n\/\",\"name\":\"Newsslash\",\"description\":\"Trending News on Movies, Series, OTT, Gaming\",\"publisher\":{\"@id\":\"https:\/\/newsslash.com\/n\/#organization\"},\"potentialAction\":[{\"@type\":\"SearchAction\",\"target\":{\"@type\":\"EntryPoint\",\"urlTemplate\":\"https:\/\/newsslash.com\/n\/?s={search_term_string}\"},\"query-input\":{\"@type\":\"PropertyValueSpecification\",\"valueRequired\":true,\"valueName\":\"search_term_string\"}}],\"inLanguage\":\"en-US\"},{\"@type\":\"Organization\",\"@id\":\"https:\/\/newsslash.com\/n\/#organization\",\"name\":\"Newsslash\",\"url\":\"https:\/\/newsslash.com\/n\/\",\"logo\":{\"@type\":\"ImageObject\",\"inLanguage\":\"en-US\",\"@id\":\"https:\/\/newsslash.com\/n\/#\/schema\/logo\/image\/\",\"url\":\"https:\/\/newsslash.com\/n\/wp-content\/uploads\/2025\/04\/cropped-Newsslash-logo-Fevicon.png\",\"contentUrl\":\"https:\/\/newsslash.com\/n\/wp-content\/uploads\/2025\/04\/cropped-Newsslash-logo-Fevicon.png\",\"width\":512,\"height\":512,\"caption\":\"Newsslash\"},\"image\":{\"@id\":\"https:\/\/newsslash.com\/n\/#\/schema\/logo\/image\/\"}},{\"@type\":\"Person\",\"@id\":\"https:\/\/newsslash.com\/n\/#\/schema\/person\/cb1381eb00b5dc4b3071475e9866df11\",\"name\":\"Daniela H\",\"sameAs\":[\"https:\/\/newsslash.com\"],\"url\":\"https:\/\/newsslash.com\/n\/author\/daniela_h\/\"}]}<\/script>\n<!-- \/ Yoast SEO plugin. -->","yoast_head_json":{"title":"Netflix ver\u00c3\u00b6ffentlicht ersten Trailer zur Serie The Deca... - Newsslash","robots":{"index":"noindex","follow":"follow"},"og_locale":"en_US","og_type":"article","og_title":"Netflix ver\u00c3\u00b6ffentlicht ersten Trailer zur Serie The Deca... - Newsslash","og_description":"Normalerweise denkt man beim Titel The Decameron weder zuerst an die Pest noch an Comedy. Aber beides sind die zentralen Punkte in... Mehr auf Newsslash.com!","og_url":"https:\/\/newsslash.com\/n\/17536-netflix-veroeffentlicht-ersten-trailer-zur-serie-the-decameron\/","og_site_name":"Newsslash","article_published_time":"2024-07-13T18:35:25+00:00","og_image":[{"width":1280,"height":854,"url":"https:\/\/newsslash.com\/n\/wp-content\/uploads\/2025\/04\/NewsSlash-Featured-Image.jpg","type":"image\/jpeg"}],"author":"Daniela H","twitter_card":"summary_large_image","twitter_misc":{"Written by":"Daniela H","Est. reading time":"1 minute"},"schema":{"@context":"https:\/\/schema.org","@graph":[{"@type":"Article","@id":"https:\/\/newsslash.com\/n\/17536-netflix-veroeffentlicht-ersten-trailer-zur-serie-the-decameron\/#article","isPartOf":{"@id":"https:\/\/newsslash.com\/n\/17536-netflix-veroeffentlicht-ersten-trailer-zur-serie-the-decameron\/"},"author":{"name":"Daniela H","@id":"https:\/\/newsslash.com\/n\/#\/schema\/person\/cb1381eb00b5dc4b3071475e9866df11"},"headline":"Netflix ver\u00c3\u00b6ffentlicht ersten Trailer zur Serie The Deca&#8230;","datePublished":"2024-07-13T18:35:25+00:00","mainEntityOfPage":{"@id":"https:\/\/newsslash.com\/n\/17536-netflix-veroeffentlicht-ersten-trailer-zur-serie-the-decameron\/"},"wordCount":267,"commentCount":0,"publisher":{"@id":"https:\/\/newsslash.com\/n\/#organization"},"image":{"@id":"https:\/\/newsslash.com\/n\/17536-netflix-veroeffentlicht-ersten-trailer-zur-serie-the-decameron\/#primaryimage"},"thumbnailUrl":"https:\/\/newsslash.com\/n\/wp-content\/uploads\/2025\/04\/NewsSlash-Featured-Image.jpg","articleSection":["Blog"],"inLanguage":"en-US","potentialAction":[{"@type":"CommentAction","name":"Comment","target":["https:\/\/newsslash.com\/n\/17536-netflix-veroeffentlicht-ersten-trailer-zur-serie-the-decameron\/#respond"]}]},{"@type":"WebPage","@id":"https:\/\/newsslash.com\/n\/17536-netflix-veroeffentlicht-ersten-trailer-zur-serie-the-decameron\/","url":"https:\/\/newsslash.com\/n\/17536-netflix-veroeffentlicht-ersten-trailer-zur-serie-the-decameron\/","name":"Netflix ver\u00c3\u00b6ffentlicht ersten Trailer zur Serie The Deca... - Newsslash","isPartOf":{"@id":"https:\/\/newsslash.com\/n\/#website"},"primaryImageOfPage":{"@id":"https:\/\/newsslash.com\/n\/17536-netflix-veroeffentlicht-ersten-trailer-zur-serie-the-decameron\/#primaryimage"},"image":{"@id":"https:\/\/newsslash.com\/n\/17536-netflix-veroeffentlicht-ersten-trailer-zur-serie-the-decameron\/#primaryimage"},"thumbnailUrl":"https:\/\/newsslash.com\/n\/wp-content\/uploads\/2025\/04\/NewsSlash-Featured-Image.jpg","datePublished":"2024-07-13T18:35:25+00:00","breadcrumb":{"@id":"https:\/\/newsslash.com\/n\/17536-netflix-veroeffentlicht-ersten-trailer-zur-serie-the-decameron\/#breadcrumb"},"inLanguage":"en-US","potentialAction":[{"@type":"ReadAction","target":["https:\/\/newsslash.com\/n\/17536-netflix-veroeffentlicht-ersten-trailer-zur-serie-the-decameron\/"]}]},{"@type":"ImageObject","inLanguage":"en-US","@id":"https:\/\/newsslash.com\/n\/17536-netflix-veroeffentlicht-ersten-trailer-zur-serie-the-decameron\/#primaryimage","url":"https:\/\/newsslash.com\/n\/wp-content\/uploads\/2025\/04\/NewsSlash-Featured-Image.jpg","contentUrl":"https:\/\/newsslash.com\/n\/wp-content\/uploads\/2025\/04\/NewsSlash-Featured-Image.jpg","width":1280,"height":854},{"@type":"BreadcrumbList","@id":"https:\/\/newsslash.com\/n\/17536-netflix-veroeffentlicht-ersten-trailer-zur-serie-the-decameron\/#breadcrumb","itemListElement":[{"@type":"ListItem","position":1,"name":"Home","item":"https:\/\/newsslash.com\/n\/"},{"@type":"ListItem","position":2,"name":"Netflix ver\u00c3\u00b6ffentlicht ersten Trailer zur Serie The Deca&#8230;"}]},{"@type":"WebSite","@id":"https:\/\/newsslash.com\/n\/#website","url":"https:\/\/newsslash.com\/n\/","name":"Newsslash","description":"Trending News on Movies, Series, OTT, Gaming","publisher":{"@id":"https:\/\/newsslash.com\/n\/#organization"},"potentialAction":[{"@type":"SearchAction","target":{"@type":"EntryPoint","urlTemplate":"https:\/\/newsslash.com\/n\/?s={search_term_string}"},"query-input":{"@type":"PropertyValueSpecification","valueRequired":true,"valueName":"search_term_string"}}],"inLanguage":"en-US"},{"@type":"Organization","@id":"https:\/\/newsslash.com\/n\/#organization","name":"Newsslash","url":"https:\/\/newsslash.com\/n\/","logo":{"@type":"ImageObject","inLanguage":"en-US","@id":"https:\/\/newsslash.com\/n\/#\/schema\/logo\/image\/","url":"https:\/\/newsslash.com\/n\/wp-content\/uploads\/2025\/04\/cropped-Newsslash-logo-Fevicon.png","contentUrl":"https:\/\/newsslash.com\/n\/wp-content\/uploads\/2025\/04\/cropped-Newsslash-logo-Fevicon.png","width":512,"height":512,"caption":"Newsslash"},"image":{"@id":"https:\/\/newsslash.com\/n\/#\/schema\/logo\/image\/"}},{"@type":"Person","@id":"https:\/\/newsslash.com\/n\/#\/schema\/person\/cb1381eb00b5dc4b3071475e9866df11","name":"Daniela H","sameAs":["https:\/\/newsslash.com"],"url":"https:\/\/newsslash.com\/n\/author\/daniela_h\/"}]}},"_links":{"self":[{"href":"https:\/\/newsslash.com\/n\/wp-json\/wp\/v2\/posts\/21621","targetHints":{"allow":["GET"]}}],"collection":[{"href":"https:\/\/newsslash.com\/n\/wp-json\/wp\/v2\/posts"}],"about":[{"href":"https:\/\/newsslash.com\/n\/wp-json\/wp\/v2\/types\/post"}],"author":[{"embeddable":true,"href":"https:\/\/newsslash.com\/n\/wp-json\/wp\/v2\/users\/7"}],"replies":[{"embeddable":true,"href":"https:\/\/newsslash.com\/n\/wp-json\/wp\/v2\/comments?post=21621"}],"version-history":[{"count":0,"href":"https:\/\/newsslash.com\/n\/wp-json\/wp\/v2\/posts\/21621\/revisions"}],"wp:featuredmedia":[{"embeddable":true,"href":"https:\/\/newsslash.com\/n\/wp-json\/wp\/v2\/media\/21974"}],"wp:attachment":[{"href":"https:\/\/newsslash.com\/n\/wp-json\/wp\/v2\/media?parent=21621"}],"curies":[{"name":"wp","href":"https:\/\/api.w.org\/{rel}","templated":true}]}}