{"id":21631,"date":"2024-07-19T16:37:26","date_gmt":"2024-07-19T16:37:26","guid":{"rendered":"https:\/\/newsslash.com\/n\/17542-amazon-prime-video-bringt-die-dritte-staffel-von-the-mallorca-files\/"},"modified":"2024-07-19T16:37:26","modified_gmt":"2024-07-19T16:37:26","slug":"17542-amazon-prime-video-bringt-die-dritte-staffel-von-the-mallorca-files","status":"publish","type":"post","link":"https:\/\/newsslash.com\/n\/17542-amazon-prime-video-bringt-die-dritte-staffel-von-the-mallorca-files\/","title":{"rendered":"Amazon Prime Video bringt die dritte Staffel von The Mall&#8230;"},"content":{"rendered":"<p>Am 8. August wird es hei\u00c3\u0178 und spannend auf der Sonneninsel Mallorca. Dann n\u00c3\u00a4mlich feiert die dritte Staffel der beliebten Krimiserie The Mallorca Files Premiere. Allerdings sind die acht neuen Folgen dieses Mal nicht bei ZDFneo und in der ZDF-Mediathek zu sehen, sondern sie laufen bei Amazon Prime Video. Damit findet die Serie nun wie in den USA, Australien, Mexiko und Gro\u00c3\u0178britannien ihre Heimat beim Streamer mit dem gro\u00c3\u0178en A. Dort sind auch die ersten beiden Staffeln bei Amazon Freevee zu sehen. Ob dies auch in Deutschland so sein wird, ist noch unklar. F\u00c3\u00bcr alle, die sich sonst nicht in der ZDF-Mediathek nach Serien umschauen, w\u00c3\u00a4re es aber ziemlich von Vorteil, auch die beiden vorhergehenden Staffeln anschauen zu k\u00c3\u00b6nnen. <b>Aber worum geht es eigentlich in The Mallorca Files? <\/b> Einen ersten Eindruck von den neuen Folgen der dritten Staffel kann man sich im Trailer machen, den wir nat\u00c3\u00bcrlich am Ende auch f\u00c3\u00bcr euch haben. Auf Mallorca ist ein ganz besonderes Ermittlerduo unterwegs, um Kriminalf\u00c3\u00a4lle aufzukl\u00c3\u00a4ren. Es sind Max Winter, ein deutscher Kriminalist, und Miranda Baker, eine britische Detektivin, die hier im sonnigen S\u00c3\u00bcden Entf\u00c3\u00bchrungen, Brandstiftungen und Morden auf der Spur sind. Genauere Angaben zur dritten Season gibt es nicht, aber sicherlich werden die F\u00c3\u00a4lle auch in den neuen Folgen wieder bunt gemischt und bestens unterhaltend sein. Das Ermittlerduo selbst hat dabei nat\u00c3\u00bcrlich auch eine Geschichte, wie man im Trailer sehen kann. Verliebt oder nicht? Werden die beiden bald ein Paar? Ab dem 8. August 2024 werdet ihr es erfahren. <iframe loading=\"lazy\" allowfullscreen=\"\" frameborder=\"0\" height=\"315\" src=\"https:\/\/www.youtube-nocookie.com\/embed\/BgrmuKIRhHY?si=cHJejed1Jf3dlXJj\" width=\"100%\"><\/iframe><\/p><div class=\"newss-content\" id=\"newss-873512990\"><script async src=\"\/\/pagead2.googlesyndication.com\/pagead\/js\/adsbygoogle.js?client=ca-pub-7733425960004873\" crossorigin=\"anonymous\"><\/script><ins class=\"adsbygoogle\" style=\"display:block;\" data-ad-client=\"ca-pub-7733425960004873\" \ndata-ad-slot=\"2582020599\" \ndata-ad-format=\"auto\"><\/ins>\n<script> \n(adsbygoogle = window.adsbygoogle || []).push({}); \n<\/script>\n<\/div><div class=\"newss-article-1\" id=\"newss-1657052445\"><script async src=\"https:\/\/pagead2.googlesyndication.com\/pagead\/js\/adsbygoogle.js?client=ca-pub-7733425960004873\"\r\n     crossorigin=\"anonymous\"><\/script>\r\n<!-- Homepage2 -->\r\n<ins class=\"adsbygoogle\"\r\n     style=\"display:block\"\r\n     data-ad-client=\"ca-pub-7733425960004873\"\r\n     data-ad-slot=\"2582020599\"\r\n     data-ad-format=\"auto\"\r\n     data-full-width-responsive=\"true\"><\/ins>\r\n<script>\r\n     (adsbygoogle = window.adsbygoogle || []).push({});\r\n<\/script><\/div>\n","protected":false},"excerpt":{"rendered":"<p>The Mallorca Files ist eine Krimiserie, die bisher ihren Sendeplatz bei ZDFneo und in der ZDF-Mediathek hatte. Nun \u00c3\u00bcbernimmt Amazon&#8230; Mehr auf Newsslash.com!<\/p>\n","protected":false},"author":7,"featured_media":21974,"comment_status":"open","ping_status":"open","sticky":false,"template":"","format":"standard","meta":{"_et_pb_use_builder":"","_et_pb_old_content":"","_et_gb_content_width":"","footnotes":""},"class_list":["post-21631","post","type-post","status-publish","format-standard","has-post-thumbnail","hentry","category-blog"],"yoast_head":"<!-- This site is optimized with the Yoast SEO plugin v24.8.1 - https:\/\/yoast.com\/wordpress\/plugins\/seo\/ -->\n<title>Amazon Prime Video bringt die dritte Staffel von The Mall... - Newsslash<\/title>\n<meta name=\"robots\" content=\"noindex, follow\" \/>\n<meta property=\"og:locale\" content=\"en_US\" \/>\n<meta property=\"og:type\" content=\"article\" \/>\n<meta property=\"og:title\" content=\"Amazon Prime Video bringt die dritte Staffel von The Mall... - Newsslash\" \/>\n<meta property=\"og:description\" content=\"The Mallorca Files ist eine Krimiserie, die bisher ihren Sendeplatz bei ZDFneo und in der ZDF-Mediathek hatte. Nun \u00c3\u00bcbernimmt Amazon... Mehr auf Newsslash.com!\" \/>\n<meta property=\"og:url\" content=\"https:\/\/newsslash.com\/n\/17542-amazon-prime-video-bringt-die-dritte-staffel-von-the-mallorca-files\/\" \/>\n<meta property=\"og:site_name\" content=\"Newsslash\" \/>\n<meta property=\"article:published_time\" content=\"2024-07-19T16:37:26+00:00\" \/>\n<meta property=\"og:image\" content=\"https:\/\/newsslash.com\/n\/wp-content\/uploads\/2025\/04\/NewsSlash-Featured-Image.jpg\" \/>\n\t<meta property=\"og:image:width\" content=\"1280\" \/>\n\t<meta property=\"og:image:height\" content=\"854\" \/>\n\t<meta property=\"og:image:type\" content=\"image\/jpeg\" \/>\n<meta name=\"author\" content=\"Daniela H\" \/>\n<meta name=\"twitter:card\" content=\"summary_large_image\" \/>\n<meta name=\"twitter:label1\" content=\"Written by\" \/>\n\t<meta name=\"twitter:data1\" content=\"Daniela H\" \/>\n\t<meta name=\"twitter:label2\" content=\"Est. reading time\" \/>\n\t<meta name=\"twitter:data2\" content=\"1 minute\" \/>\n<script type=\"application\/ld+json\" class=\"yoast-schema-graph\">{\"@context\":\"https:\/\/schema.org\",\"@graph\":[{\"@type\":\"Article\",\"@id\":\"https:\/\/newsslash.com\/n\/17542-amazon-prime-video-bringt-die-dritte-staffel-von-the-mallorca-files\/#article\",\"isPartOf\":{\"@id\":\"https:\/\/newsslash.com\/n\/17542-amazon-prime-video-bringt-die-dritte-staffel-von-the-mallorca-files\/\"},\"author\":{\"name\":\"Daniela H\",\"@id\":\"https:\/\/newsslash.com\/n\/#\/schema\/person\/cb1381eb00b5dc4b3071475e9866df11\"},\"headline\":\"Amazon Prime Video bringt die dritte Staffel von The Mall&#8230;\",\"datePublished\":\"2024-07-19T16:37:26+00:00\",\"mainEntityOfPage\":{\"@id\":\"https:\/\/newsslash.com\/n\/17542-amazon-prime-video-bringt-die-dritte-staffel-von-the-mallorca-files\/\"},\"wordCount\":269,\"commentCount\":0,\"publisher\":{\"@id\":\"https:\/\/newsslash.com\/n\/#organization\"},\"image\":{\"@id\":\"https:\/\/newsslash.com\/n\/17542-amazon-prime-video-bringt-die-dritte-staffel-von-the-mallorca-files\/#primaryimage\"},\"thumbnailUrl\":\"https:\/\/newsslash.com\/n\/wp-content\/uploads\/2025\/04\/NewsSlash-Featured-Image.jpg\",\"articleSection\":[\"Blog\"],\"inLanguage\":\"en-US\",\"potentialAction\":[{\"@type\":\"CommentAction\",\"name\":\"Comment\",\"target\":[\"https:\/\/newsslash.com\/n\/17542-amazon-prime-video-bringt-die-dritte-staffel-von-the-mallorca-files\/#respond\"]}]},{\"@type\":\"WebPage\",\"@id\":\"https:\/\/newsslash.com\/n\/17542-amazon-prime-video-bringt-die-dritte-staffel-von-the-mallorca-files\/\",\"url\":\"https:\/\/newsslash.com\/n\/17542-amazon-prime-video-bringt-die-dritte-staffel-von-the-mallorca-files\/\",\"name\":\"Amazon Prime Video bringt die dritte Staffel von The Mall... - Newsslash\",\"isPartOf\":{\"@id\":\"https:\/\/newsslash.com\/n\/#website\"},\"primaryImageOfPage\":{\"@id\":\"https:\/\/newsslash.com\/n\/17542-amazon-prime-video-bringt-die-dritte-staffel-von-the-mallorca-files\/#primaryimage\"},\"image\":{\"@id\":\"https:\/\/newsslash.com\/n\/17542-amazon-prime-video-bringt-die-dritte-staffel-von-the-mallorca-files\/#primaryimage\"},\"thumbnailUrl\":\"https:\/\/newsslash.com\/n\/wp-content\/uploads\/2025\/04\/NewsSlash-Featured-Image.jpg\",\"datePublished\":\"2024-07-19T16:37:26+00:00\",\"breadcrumb\":{\"@id\":\"https:\/\/newsslash.com\/n\/17542-amazon-prime-video-bringt-die-dritte-staffel-von-the-mallorca-files\/#breadcrumb\"},\"inLanguage\":\"en-US\",\"potentialAction\":[{\"@type\":\"ReadAction\",\"target\":[\"https:\/\/newsslash.com\/n\/17542-amazon-prime-video-bringt-die-dritte-staffel-von-the-mallorca-files\/\"]}]},{\"@type\":\"ImageObject\",\"inLanguage\":\"en-US\",\"@id\":\"https:\/\/newsslash.com\/n\/17542-amazon-prime-video-bringt-die-dritte-staffel-von-the-mallorca-files\/#primaryimage\",\"url\":\"https:\/\/newsslash.com\/n\/wp-content\/uploads\/2025\/04\/NewsSlash-Featured-Image.jpg\",\"contentUrl\":\"https:\/\/newsslash.com\/n\/wp-content\/uploads\/2025\/04\/NewsSlash-Featured-Image.jpg\",\"width\":1280,\"height\":854},{\"@type\":\"BreadcrumbList\",\"@id\":\"https:\/\/newsslash.com\/n\/17542-amazon-prime-video-bringt-die-dritte-staffel-von-the-mallorca-files\/#breadcrumb\",\"itemListElement\":[{\"@type\":\"ListItem\",\"position\":1,\"name\":\"Home\",\"item\":\"https:\/\/newsslash.com\/n\/\"},{\"@type\":\"ListItem\",\"position\":2,\"name\":\"Amazon Prime Video bringt die dritte Staffel von The Mall&#8230;\"}]},{\"@type\":\"WebSite\",\"@id\":\"https:\/\/newsslash.com\/n\/#website\",\"url\":\"https:\/\/newsslash.com\/n\/\",\"name\":\"Newsslash\",\"description\":\"Trending News on Movies, Series, OTT, Gaming\",\"publisher\":{\"@id\":\"https:\/\/newsslash.com\/n\/#organization\"},\"potentialAction\":[{\"@type\":\"SearchAction\",\"target\":{\"@type\":\"EntryPoint\",\"urlTemplate\":\"https:\/\/newsslash.com\/n\/?s={search_term_string}\"},\"query-input\":{\"@type\":\"PropertyValueSpecification\",\"valueRequired\":true,\"valueName\":\"search_term_string\"}}],\"inLanguage\":\"en-US\"},{\"@type\":\"Organization\",\"@id\":\"https:\/\/newsslash.com\/n\/#organization\",\"name\":\"Newsslash\",\"url\":\"https:\/\/newsslash.com\/n\/\",\"logo\":{\"@type\":\"ImageObject\",\"inLanguage\":\"en-US\",\"@id\":\"https:\/\/newsslash.com\/n\/#\/schema\/logo\/image\/\",\"url\":\"https:\/\/newsslash.com\/n\/wp-content\/uploads\/2025\/04\/cropped-Newsslash-logo-Fevicon.png\",\"contentUrl\":\"https:\/\/newsslash.com\/n\/wp-content\/uploads\/2025\/04\/cropped-Newsslash-logo-Fevicon.png\",\"width\":512,\"height\":512,\"caption\":\"Newsslash\"},\"image\":{\"@id\":\"https:\/\/newsslash.com\/n\/#\/schema\/logo\/image\/\"}},{\"@type\":\"Person\",\"@id\":\"https:\/\/newsslash.com\/n\/#\/schema\/person\/cb1381eb00b5dc4b3071475e9866df11\",\"name\":\"Daniela H\",\"sameAs\":[\"https:\/\/newsslash.com\"],\"url\":\"https:\/\/newsslash.com\/n\/author\/daniela_h\/\"}]}<\/script>\n<!-- \/ Yoast SEO plugin. -->","yoast_head_json":{"title":"Amazon Prime Video bringt die dritte Staffel von The Mall... - Newsslash","robots":{"index":"noindex","follow":"follow"},"og_locale":"en_US","og_type":"article","og_title":"Amazon Prime Video bringt die dritte Staffel von The Mall... - Newsslash","og_description":"The Mallorca Files ist eine Krimiserie, die bisher ihren Sendeplatz bei ZDFneo und in der ZDF-Mediathek hatte. Nun \u00c3\u00bcbernimmt Amazon... Mehr auf Newsslash.com!","og_url":"https:\/\/newsslash.com\/n\/17542-amazon-prime-video-bringt-die-dritte-staffel-von-the-mallorca-files\/","og_site_name":"Newsslash","article_published_time":"2024-07-19T16:37:26+00:00","og_image":[{"width":1280,"height":854,"url":"https:\/\/newsslash.com\/n\/wp-content\/uploads\/2025\/04\/NewsSlash-Featured-Image.jpg","type":"image\/jpeg"}],"author":"Daniela H","twitter_card":"summary_large_image","twitter_misc":{"Written by":"Daniela H","Est. reading time":"1 minute"},"schema":{"@context":"https:\/\/schema.org","@graph":[{"@type":"Article","@id":"https:\/\/newsslash.com\/n\/17542-amazon-prime-video-bringt-die-dritte-staffel-von-the-mallorca-files\/#article","isPartOf":{"@id":"https:\/\/newsslash.com\/n\/17542-amazon-prime-video-bringt-die-dritte-staffel-von-the-mallorca-files\/"},"author":{"name":"Daniela H","@id":"https:\/\/newsslash.com\/n\/#\/schema\/person\/cb1381eb00b5dc4b3071475e9866df11"},"headline":"Amazon Prime Video bringt die dritte Staffel von The Mall&#8230;","datePublished":"2024-07-19T16:37:26+00:00","mainEntityOfPage":{"@id":"https:\/\/newsslash.com\/n\/17542-amazon-prime-video-bringt-die-dritte-staffel-von-the-mallorca-files\/"},"wordCount":269,"commentCount":0,"publisher":{"@id":"https:\/\/newsslash.com\/n\/#organization"},"image":{"@id":"https:\/\/newsslash.com\/n\/17542-amazon-prime-video-bringt-die-dritte-staffel-von-the-mallorca-files\/#primaryimage"},"thumbnailUrl":"https:\/\/newsslash.com\/n\/wp-content\/uploads\/2025\/04\/NewsSlash-Featured-Image.jpg","articleSection":["Blog"],"inLanguage":"en-US","potentialAction":[{"@type":"CommentAction","name":"Comment","target":["https:\/\/newsslash.com\/n\/17542-amazon-prime-video-bringt-die-dritte-staffel-von-the-mallorca-files\/#respond"]}]},{"@type":"WebPage","@id":"https:\/\/newsslash.com\/n\/17542-amazon-prime-video-bringt-die-dritte-staffel-von-the-mallorca-files\/","url":"https:\/\/newsslash.com\/n\/17542-amazon-prime-video-bringt-die-dritte-staffel-von-the-mallorca-files\/","name":"Amazon Prime Video bringt die dritte Staffel von The Mall... - Newsslash","isPartOf":{"@id":"https:\/\/newsslash.com\/n\/#website"},"primaryImageOfPage":{"@id":"https:\/\/newsslash.com\/n\/17542-amazon-prime-video-bringt-die-dritte-staffel-von-the-mallorca-files\/#primaryimage"},"image":{"@id":"https:\/\/newsslash.com\/n\/17542-amazon-prime-video-bringt-die-dritte-staffel-von-the-mallorca-files\/#primaryimage"},"thumbnailUrl":"https:\/\/newsslash.com\/n\/wp-content\/uploads\/2025\/04\/NewsSlash-Featured-Image.jpg","datePublished":"2024-07-19T16:37:26+00:00","breadcrumb":{"@id":"https:\/\/newsslash.com\/n\/17542-amazon-prime-video-bringt-die-dritte-staffel-von-the-mallorca-files\/#breadcrumb"},"inLanguage":"en-US","potentialAction":[{"@type":"ReadAction","target":["https:\/\/newsslash.com\/n\/17542-amazon-prime-video-bringt-die-dritte-staffel-von-the-mallorca-files\/"]}]},{"@type":"ImageObject","inLanguage":"en-US","@id":"https:\/\/newsslash.com\/n\/17542-amazon-prime-video-bringt-die-dritte-staffel-von-the-mallorca-files\/#primaryimage","url":"https:\/\/newsslash.com\/n\/wp-content\/uploads\/2025\/04\/NewsSlash-Featured-Image.jpg","contentUrl":"https:\/\/newsslash.com\/n\/wp-content\/uploads\/2025\/04\/NewsSlash-Featured-Image.jpg","width":1280,"height":854},{"@type":"BreadcrumbList","@id":"https:\/\/newsslash.com\/n\/17542-amazon-prime-video-bringt-die-dritte-staffel-von-the-mallorca-files\/#breadcrumb","itemListElement":[{"@type":"ListItem","position":1,"name":"Home","item":"https:\/\/newsslash.com\/n\/"},{"@type":"ListItem","position":2,"name":"Amazon Prime Video bringt die dritte Staffel von The Mall&#8230;"}]},{"@type":"WebSite","@id":"https:\/\/newsslash.com\/n\/#website","url":"https:\/\/newsslash.com\/n\/","name":"Newsslash","description":"Trending News on Movies, Series, OTT, Gaming","publisher":{"@id":"https:\/\/newsslash.com\/n\/#organization"},"potentialAction":[{"@type":"SearchAction","target":{"@type":"EntryPoint","urlTemplate":"https:\/\/newsslash.com\/n\/?s={search_term_string}"},"query-input":{"@type":"PropertyValueSpecification","valueRequired":true,"valueName":"search_term_string"}}],"inLanguage":"en-US"},{"@type":"Organization","@id":"https:\/\/newsslash.com\/n\/#organization","name":"Newsslash","url":"https:\/\/newsslash.com\/n\/","logo":{"@type":"ImageObject","inLanguage":"en-US","@id":"https:\/\/newsslash.com\/n\/#\/schema\/logo\/image\/","url":"https:\/\/newsslash.com\/n\/wp-content\/uploads\/2025\/04\/cropped-Newsslash-logo-Fevicon.png","contentUrl":"https:\/\/newsslash.com\/n\/wp-content\/uploads\/2025\/04\/cropped-Newsslash-logo-Fevicon.png","width":512,"height":512,"caption":"Newsslash"},"image":{"@id":"https:\/\/newsslash.com\/n\/#\/schema\/logo\/image\/"}},{"@type":"Person","@id":"https:\/\/newsslash.com\/n\/#\/schema\/person\/cb1381eb00b5dc4b3071475e9866df11","name":"Daniela H","sameAs":["https:\/\/newsslash.com"],"url":"https:\/\/newsslash.com\/n\/author\/daniela_h\/"}]}},"_links":{"self":[{"href":"https:\/\/newsslash.com\/n\/wp-json\/wp\/v2\/posts\/21631","targetHints":{"allow":["GET"]}}],"collection":[{"href":"https:\/\/newsslash.com\/n\/wp-json\/wp\/v2\/posts"}],"about":[{"href":"https:\/\/newsslash.com\/n\/wp-json\/wp\/v2\/types\/post"}],"author":[{"embeddable":true,"href":"https:\/\/newsslash.com\/n\/wp-json\/wp\/v2\/users\/7"}],"replies":[{"embeddable":true,"href":"https:\/\/newsslash.com\/n\/wp-json\/wp\/v2\/comments?post=21631"}],"version-history":[{"count":0,"href":"https:\/\/newsslash.com\/n\/wp-json\/wp\/v2\/posts\/21631\/revisions"}],"wp:featuredmedia":[{"embeddable":true,"href":"https:\/\/newsslash.com\/n\/wp-json\/wp\/v2\/media\/21974"}],"wp:attachment":[{"href":"https:\/\/newsslash.com\/n\/wp-json\/wp\/v2\/media?parent=21631"}],"curies":[{"name":"wp","href":"https:\/\/api.w.org\/{rel}","templated":true}]}}