{"id":21632,"date":"2024-07-22T21:25:36","date_gmt":"2024-07-22T21:25:36","guid":{"rendered":"https:\/\/newsslash.com\/n\/17543-trailer-und-starttermin-fuer-bel-air-staffel-3-bei-peacock-und-joyn\/"},"modified":"2024-07-22T21:25:36","modified_gmt":"2024-07-22T21:25:36","slug":"17543-trailer-und-starttermin-fuer-bel-air-staffel-3-bei-peacock-und-joyn","status":"publish","type":"post","link":"https:\/\/newsslash.com\/n\/17543-trailer-und-starttermin-fuer-bel-air-staffel-3-bei-peacock-und-joyn\/","title":{"rendered":"Trailer und Starttermin f\u00c3\u00bcr Bel-Aiir Staffel 3 bei Peaco&#8230;"},"content":{"rendered":"<p>\u00e2\u20ac\u017eIn dieser Staffel hat alles etwas mehr Kick; Die Farben sind lebendiger, der Ton ist gehobener, die Kinematographie ist eindringlicher. Die Stimmung gibt wirklich den Ton f\u00c3\u00bcr Wills ersten Bel-Air-Sommer an: Drei Monate, um unter der Sonne von LA zu gl\u00c3\u00a4nzen, zu erkunden und sich zu bewegen. In Staffel 3 ist Will bereit, sich weiterzuentwickeln, auch wenn das bedeutet, gegen den Strich zu gehen, was erwartet wird. Sein Potenzial ist grenzenlos, aber er muss noch viel lernen. W\u00c3\u00a4hrend Will seinen Horizont erweitert, sehen wir, wie sich die Familie Banks durch neue, komplexe Beziehungsdynamiken bewegt. Es ist definitiv eine Zeit des Wandels f\u00c3\u00bcr alle und wir k\u00c3\u00b6nnen es kaum erwarten, dieses n\u00c3\u00a4chste Kapitel von Bel-Air zu teilen.\u00e2\u20ac\u0153 Das sind die Worte von Morgan Cooper, Regisseur und Producer der Serie Bel-Air. Ja, sie ist schon fast da die dritte Staffel der Neujauflage von The Fresh Prince of Bel-Air, die Will Smith mit einem Schlag ber\u00c3\u00bchmt gemacht hat. Freilich speilt der nicht mit, aber Bel-Air schaut doch auf beachtlichen Zuspruch der Zuschauenden, dass Peacock nun am 15. August 2024 die ersten drei Folgen von Bel-Air Staffel 3 pr\u00c3\u00a4sentiert, Dann folgt jede Woche eine weitere Episode. Hierzulande war Bel-Air zun\u00c3\u00a4chst bei Sky und WOW zu sehen, ist nun aber zu Joyn umgezogen. Ganz klar ist es noch nicht, aber es scheint so, als w\u00c3\u00bcrde auch in Deutschland die dritte Staffel von bel-Air zeitgleich mit den USA starten. Und was genau ist das, was an Staffel 3 anders sein wird? Nun, im ersten Bel-Air-Sommer ist Will nun ein offizieller Teil der Banks. Er schaut dadurch auch ein bisschen anders auf die Welt. Er will ein paar Dinge ausprobieren und hat nun auch gr\u00c3\u00b6\u00c3\u0178ere Tr\u00c3\u00a4ume als in den ersten beiden Staffeln. Sein Cousin Carlton allerdings hat ein gegenteiliges Problem, denn er hat seine Stellung und sein Ansehen verloren. Nun muss diese wiederhergerichtet werden, was Hand in Hand mit einem Entzug geht. Nun zeigen sich die ganz unterschiedlichen Hintergr\u00c3\u00bcnde und Weltansichten der beiden, was zu Spannungen f\u00c3\u00bchrt. Hier ist der Trailer zu Bel-Air Staffel 3 f\u00c3\u00bcr euch: <iframe loading=\"lazy\" allowfullscreen=\"\" frameborder=\"0\" height=\"315\" src=\"https:\/\/www.youtube-nocookie.com\/embed\/xZ5J2E_43wY?si=e1USgdmlmv2cvSwH\" width=\"100%\"><\/iframe><\/p><div class=\"newss-content\" id=\"newss-3747705468\"><script async src=\"\/\/pagead2.googlesyndication.com\/pagead\/js\/adsbygoogle.js?client=ca-pub-7733425960004873\" crossorigin=\"anonymous\"><\/script><ins class=\"adsbygoogle\" style=\"display:block;\" data-ad-client=\"ca-pub-7733425960004873\" \ndata-ad-slot=\"2582020599\" \ndata-ad-format=\"auto\"><\/ins>\n<script> \n(adsbygoogle = window.adsbygoogle || []).push({}); \n<\/script>\n<\/div><div class=\"newss-article-1\" id=\"newss-905126033\"><script async src=\"https:\/\/pagead2.googlesyndication.com\/pagead\/js\/adsbygoogle.js?client=ca-pub-7733425960004873\"\r\n     crossorigin=\"anonymous\"><\/script>\r\n<!-- Homepage2 -->\r\n<ins class=\"adsbygoogle\"\r\n     style=\"display:block\"\r\n     data-ad-client=\"ca-pub-7733425960004873\"\r\n     data-ad-slot=\"2582020599\"\r\n     data-ad-format=\"auto\"\r\n     data-full-width-responsive=\"true\"><\/ins>\r\n<script>\r\n     (adsbygoogle = window.adsbygoogle || []).push({});\r\n<\/script><\/div>\n","protected":false},"excerpt":{"rendered":"<p>Im August geht die nun schon dritte Staffel der Neuauflage des super erfolgreichen The Fresh Prince of Bel Air bei Peacock an den&#8230; Mehr auf Newsslash.com!<\/p>\n","protected":false},"author":7,"featured_media":21974,"comment_status":"open","ping_status":"open","sticky":false,"template":"","format":"standard","meta":{"_et_pb_use_builder":"","_et_pb_old_content":"","_et_gb_content_width":"","footnotes":""},"class_list":["post-21632","post","type-post","status-publish","format-standard","has-post-thumbnail","hentry","category-blog"],"yoast_head":"<!-- This site is optimized with the Yoast SEO plugin v24.8.1 - https:\/\/yoast.com\/wordpress\/plugins\/seo\/ -->\n<title>Trailer und Starttermin f\u00c3\u00bcr Bel-Aiir Staffel 3 bei Peaco... - Newsslash<\/title>\n<meta name=\"robots\" content=\"noindex, follow\" \/>\n<meta property=\"og:locale\" content=\"en_US\" \/>\n<meta property=\"og:type\" content=\"article\" \/>\n<meta property=\"og:title\" content=\"Trailer und Starttermin f\u00c3\u00bcr Bel-Aiir Staffel 3 bei Peaco... - Newsslash\" \/>\n<meta property=\"og:description\" content=\"Im August geht die nun schon dritte Staffel der Neuauflage des super erfolgreichen The Fresh Prince of Bel Air bei Peacock an den... Mehr auf Newsslash.com!\" \/>\n<meta property=\"og:url\" content=\"https:\/\/newsslash.com\/n\/17543-trailer-und-starttermin-fuer-bel-air-staffel-3-bei-peacock-und-joyn\/\" \/>\n<meta property=\"og:site_name\" content=\"Newsslash\" \/>\n<meta property=\"article:published_time\" content=\"2024-07-22T21:25:36+00:00\" \/>\n<meta property=\"og:image\" content=\"https:\/\/newsslash.com\/n\/wp-content\/uploads\/2025\/04\/NewsSlash-Featured-Image.jpg\" \/>\n\t<meta property=\"og:image:width\" content=\"1280\" \/>\n\t<meta property=\"og:image:height\" content=\"854\" \/>\n\t<meta property=\"og:image:type\" content=\"image\/jpeg\" \/>\n<meta name=\"author\" content=\"Daniela H\" \/>\n<meta name=\"twitter:card\" content=\"summary_large_image\" \/>\n<meta name=\"twitter:label1\" content=\"Written by\" \/>\n\t<meta name=\"twitter:data1\" content=\"Daniela H\" \/>\n\t<meta name=\"twitter:label2\" content=\"Est. reading time\" \/>\n\t<meta name=\"twitter:data2\" content=\"2 minutes\" \/>\n<script type=\"application\/ld+json\" class=\"yoast-schema-graph\">{\"@context\":\"https:\/\/schema.org\",\"@graph\":[{\"@type\":\"Article\",\"@id\":\"https:\/\/newsslash.com\/n\/17543-trailer-und-starttermin-fuer-bel-air-staffel-3-bei-peacock-und-joyn\/#article\",\"isPartOf\":{\"@id\":\"https:\/\/newsslash.com\/n\/17543-trailer-und-starttermin-fuer-bel-air-staffel-3-bei-peacock-und-joyn\/\"},\"author\":{\"name\":\"Daniela H\",\"@id\":\"https:\/\/newsslash.com\/n\/#\/schema\/person\/cb1381eb00b5dc4b3071475e9866df11\"},\"headline\":\"Trailer und Starttermin f\u00c3\u00bcr Bel-Aiir Staffel 3 bei Peaco&#8230;\",\"datePublished\":\"2024-07-22T21:25:36+00:00\",\"mainEntityOfPage\":{\"@id\":\"https:\/\/newsslash.com\/n\/17543-trailer-und-starttermin-fuer-bel-air-staffel-3-bei-peacock-und-joyn\/\"},\"wordCount\":358,\"commentCount\":0,\"publisher\":{\"@id\":\"https:\/\/newsslash.com\/n\/#organization\"},\"image\":{\"@id\":\"https:\/\/newsslash.com\/n\/17543-trailer-und-starttermin-fuer-bel-air-staffel-3-bei-peacock-und-joyn\/#primaryimage\"},\"thumbnailUrl\":\"https:\/\/newsslash.com\/n\/wp-content\/uploads\/2025\/04\/NewsSlash-Featured-Image.jpg\",\"articleSection\":[\"Blog\"],\"inLanguage\":\"en-US\",\"potentialAction\":[{\"@type\":\"CommentAction\",\"name\":\"Comment\",\"target\":[\"https:\/\/newsslash.com\/n\/17543-trailer-und-starttermin-fuer-bel-air-staffel-3-bei-peacock-und-joyn\/#respond\"]}]},{\"@type\":\"WebPage\",\"@id\":\"https:\/\/newsslash.com\/n\/17543-trailer-und-starttermin-fuer-bel-air-staffel-3-bei-peacock-und-joyn\/\",\"url\":\"https:\/\/newsslash.com\/n\/17543-trailer-und-starttermin-fuer-bel-air-staffel-3-bei-peacock-und-joyn\/\",\"name\":\"Trailer und Starttermin f\u00c3\u00bcr Bel-Aiir Staffel 3 bei Peaco... - Newsslash\",\"isPartOf\":{\"@id\":\"https:\/\/newsslash.com\/n\/#website\"},\"primaryImageOfPage\":{\"@id\":\"https:\/\/newsslash.com\/n\/17543-trailer-und-starttermin-fuer-bel-air-staffel-3-bei-peacock-und-joyn\/#primaryimage\"},\"image\":{\"@id\":\"https:\/\/newsslash.com\/n\/17543-trailer-und-starttermin-fuer-bel-air-staffel-3-bei-peacock-und-joyn\/#primaryimage\"},\"thumbnailUrl\":\"https:\/\/newsslash.com\/n\/wp-content\/uploads\/2025\/04\/NewsSlash-Featured-Image.jpg\",\"datePublished\":\"2024-07-22T21:25:36+00:00\",\"breadcrumb\":{\"@id\":\"https:\/\/newsslash.com\/n\/17543-trailer-und-starttermin-fuer-bel-air-staffel-3-bei-peacock-und-joyn\/#breadcrumb\"},\"inLanguage\":\"en-US\",\"potentialAction\":[{\"@type\":\"ReadAction\",\"target\":[\"https:\/\/newsslash.com\/n\/17543-trailer-und-starttermin-fuer-bel-air-staffel-3-bei-peacock-und-joyn\/\"]}]},{\"@type\":\"ImageObject\",\"inLanguage\":\"en-US\",\"@id\":\"https:\/\/newsslash.com\/n\/17543-trailer-und-starttermin-fuer-bel-air-staffel-3-bei-peacock-und-joyn\/#primaryimage\",\"url\":\"https:\/\/newsslash.com\/n\/wp-content\/uploads\/2025\/04\/NewsSlash-Featured-Image.jpg\",\"contentUrl\":\"https:\/\/newsslash.com\/n\/wp-content\/uploads\/2025\/04\/NewsSlash-Featured-Image.jpg\",\"width\":1280,\"height\":854},{\"@type\":\"BreadcrumbList\",\"@id\":\"https:\/\/newsslash.com\/n\/17543-trailer-und-starttermin-fuer-bel-air-staffel-3-bei-peacock-und-joyn\/#breadcrumb\",\"itemListElement\":[{\"@type\":\"ListItem\",\"position\":1,\"name\":\"Home\",\"item\":\"https:\/\/newsslash.com\/n\/\"},{\"@type\":\"ListItem\",\"position\":2,\"name\":\"Trailer und Starttermin f\u00c3\u00bcr Bel-Aiir Staffel 3 bei Peaco&#8230;\"}]},{\"@type\":\"WebSite\",\"@id\":\"https:\/\/newsslash.com\/n\/#website\",\"url\":\"https:\/\/newsslash.com\/n\/\",\"name\":\"Newsslash\",\"description\":\"Trending News on Movies, Series, OTT, Gaming\",\"publisher\":{\"@id\":\"https:\/\/newsslash.com\/n\/#organization\"},\"potentialAction\":[{\"@type\":\"SearchAction\",\"target\":{\"@type\":\"EntryPoint\",\"urlTemplate\":\"https:\/\/newsslash.com\/n\/?s={search_term_string}\"},\"query-input\":{\"@type\":\"PropertyValueSpecification\",\"valueRequired\":true,\"valueName\":\"search_term_string\"}}],\"inLanguage\":\"en-US\"},{\"@type\":\"Organization\",\"@id\":\"https:\/\/newsslash.com\/n\/#organization\",\"name\":\"Newsslash\",\"url\":\"https:\/\/newsslash.com\/n\/\",\"logo\":{\"@type\":\"ImageObject\",\"inLanguage\":\"en-US\",\"@id\":\"https:\/\/newsslash.com\/n\/#\/schema\/logo\/image\/\",\"url\":\"https:\/\/newsslash.com\/n\/wp-content\/uploads\/2025\/04\/cropped-Newsslash-logo-Fevicon.png\",\"contentUrl\":\"https:\/\/newsslash.com\/n\/wp-content\/uploads\/2025\/04\/cropped-Newsslash-logo-Fevicon.png\",\"width\":512,\"height\":512,\"caption\":\"Newsslash\"},\"image\":{\"@id\":\"https:\/\/newsslash.com\/n\/#\/schema\/logo\/image\/\"}},{\"@type\":\"Person\",\"@id\":\"https:\/\/newsslash.com\/n\/#\/schema\/person\/cb1381eb00b5dc4b3071475e9866df11\",\"name\":\"Daniela H\",\"sameAs\":[\"https:\/\/newsslash.com\"],\"url\":\"https:\/\/newsslash.com\/n\/author\/daniela_h\/\"}]}<\/script>\n<!-- \/ Yoast SEO plugin. -->","yoast_head_json":{"title":"Trailer und Starttermin f\u00c3\u00bcr Bel-Aiir Staffel 3 bei Peaco... - Newsslash","robots":{"index":"noindex","follow":"follow"},"og_locale":"en_US","og_type":"article","og_title":"Trailer und Starttermin f\u00c3\u00bcr Bel-Aiir Staffel 3 bei Peaco... - Newsslash","og_description":"Im August geht die nun schon dritte Staffel der Neuauflage des super erfolgreichen The Fresh Prince of Bel Air bei Peacock an den... Mehr auf Newsslash.com!","og_url":"https:\/\/newsslash.com\/n\/17543-trailer-und-starttermin-fuer-bel-air-staffel-3-bei-peacock-und-joyn\/","og_site_name":"Newsslash","article_published_time":"2024-07-22T21:25:36+00:00","og_image":[{"width":1280,"height":854,"url":"https:\/\/newsslash.com\/n\/wp-content\/uploads\/2025\/04\/NewsSlash-Featured-Image.jpg","type":"image\/jpeg"}],"author":"Daniela H","twitter_card":"summary_large_image","twitter_misc":{"Written by":"Daniela H","Est. reading time":"2 minutes"},"schema":{"@context":"https:\/\/schema.org","@graph":[{"@type":"Article","@id":"https:\/\/newsslash.com\/n\/17543-trailer-und-starttermin-fuer-bel-air-staffel-3-bei-peacock-und-joyn\/#article","isPartOf":{"@id":"https:\/\/newsslash.com\/n\/17543-trailer-und-starttermin-fuer-bel-air-staffel-3-bei-peacock-und-joyn\/"},"author":{"name":"Daniela H","@id":"https:\/\/newsslash.com\/n\/#\/schema\/person\/cb1381eb00b5dc4b3071475e9866df11"},"headline":"Trailer und Starttermin f\u00c3\u00bcr Bel-Aiir Staffel 3 bei Peaco&#8230;","datePublished":"2024-07-22T21:25:36+00:00","mainEntityOfPage":{"@id":"https:\/\/newsslash.com\/n\/17543-trailer-und-starttermin-fuer-bel-air-staffel-3-bei-peacock-und-joyn\/"},"wordCount":358,"commentCount":0,"publisher":{"@id":"https:\/\/newsslash.com\/n\/#organization"},"image":{"@id":"https:\/\/newsslash.com\/n\/17543-trailer-und-starttermin-fuer-bel-air-staffel-3-bei-peacock-und-joyn\/#primaryimage"},"thumbnailUrl":"https:\/\/newsslash.com\/n\/wp-content\/uploads\/2025\/04\/NewsSlash-Featured-Image.jpg","articleSection":["Blog"],"inLanguage":"en-US","potentialAction":[{"@type":"CommentAction","name":"Comment","target":["https:\/\/newsslash.com\/n\/17543-trailer-und-starttermin-fuer-bel-air-staffel-3-bei-peacock-und-joyn\/#respond"]}]},{"@type":"WebPage","@id":"https:\/\/newsslash.com\/n\/17543-trailer-und-starttermin-fuer-bel-air-staffel-3-bei-peacock-und-joyn\/","url":"https:\/\/newsslash.com\/n\/17543-trailer-und-starttermin-fuer-bel-air-staffel-3-bei-peacock-und-joyn\/","name":"Trailer und Starttermin f\u00c3\u00bcr Bel-Aiir Staffel 3 bei Peaco... - Newsslash","isPartOf":{"@id":"https:\/\/newsslash.com\/n\/#website"},"primaryImageOfPage":{"@id":"https:\/\/newsslash.com\/n\/17543-trailer-und-starttermin-fuer-bel-air-staffel-3-bei-peacock-und-joyn\/#primaryimage"},"image":{"@id":"https:\/\/newsslash.com\/n\/17543-trailer-und-starttermin-fuer-bel-air-staffel-3-bei-peacock-und-joyn\/#primaryimage"},"thumbnailUrl":"https:\/\/newsslash.com\/n\/wp-content\/uploads\/2025\/04\/NewsSlash-Featured-Image.jpg","datePublished":"2024-07-22T21:25:36+00:00","breadcrumb":{"@id":"https:\/\/newsslash.com\/n\/17543-trailer-und-starttermin-fuer-bel-air-staffel-3-bei-peacock-und-joyn\/#breadcrumb"},"inLanguage":"en-US","potentialAction":[{"@type":"ReadAction","target":["https:\/\/newsslash.com\/n\/17543-trailer-und-starttermin-fuer-bel-air-staffel-3-bei-peacock-und-joyn\/"]}]},{"@type":"ImageObject","inLanguage":"en-US","@id":"https:\/\/newsslash.com\/n\/17543-trailer-und-starttermin-fuer-bel-air-staffel-3-bei-peacock-und-joyn\/#primaryimage","url":"https:\/\/newsslash.com\/n\/wp-content\/uploads\/2025\/04\/NewsSlash-Featured-Image.jpg","contentUrl":"https:\/\/newsslash.com\/n\/wp-content\/uploads\/2025\/04\/NewsSlash-Featured-Image.jpg","width":1280,"height":854},{"@type":"BreadcrumbList","@id":"https:\/\/newsslash.com\/n\/17543-trailer-und-starttermin-fuer-bel-air-staffel-3-bei-peacock-und-joyn\/#breadcrumb","itemListElement":[{"@type":"ListItem","position":1,"name":"Home","item":"https:\/\/newsslash.com\/n\/"},{"@type":"ListItem","position":2,"name":"Trailer und Starttermin f\u00c3\u00bcr Bel-Aiir Staffel 3 bei Peaco&#8230;"}]},{"@type":"WebSite","@id":"https:\/\/newsslash.com\/n\/#website","url":"https:\/\/newsslash.com\/n\/","name":"Newsslash","description":"Trending News on Movies, Series, OTT, Gaming","publisher":{"@id":"https:\/\/newsslash.com\/n\/#organization"},"potentialAction":[{"@type":"SearchAction","target":{"@type":"EntryPoint","urlTemplate":"https:\/\/newsslash.com\/n\/?s={search_term_string}"},"query-input":{"@type":"PropertyValueSpecification","valueRequired":true,"valueName":"search_term_string"}}],"inLanguage":"en-US"},{"@type":"Organization","@id":"https:\/\/newsslash.com\/n\/#organization","name":"Newsslash","url":"https:\/\/newsslash.com\/n\/","logo":{"@type":"ImageObject","inLanguage":"en-US","@id":"https:\/\/newsslash.com\/n\/#\/schema\/logo\/image\/","url":"https:\/\/newsslash.com\/n\/wp-content\/uploads\/2025\/04\/cropped-Newsslash-logo-Fevicon.png","contentUrl":"https:\/\/newsslash.com\/n\/wp-content\/uploads\/2025\/04\/cropped-Newsslash-logo-Fevicon.png","width":512,"height":512,"caption":"Newsslash"},"image":{"@id":"https:\/\/newsslash.com\/n\/#\/schema\/logo\/image\/"}},{"@type":"Person","@id":"https:\/\/newsslash.com\/n\/#\/schema\/person\/cb1381eb00b5dc4b3071475e9866df11","name":"Daniela H","sameAs":["https:\/\/newsslash.com"],"url":"https:\/\/newsslash.com\/n\/author\/daniela_h\/"}]}},"_links":{"self":[{"href":"https:\/\/newsslash.com\/n\/wp-json\/wp\/v2\/posts\/21632","targetHints":{"allow":["GET"]}}],"collection":[{"href":"https:\/\/newsslash.com\/n\/wp-json\/wp\/v2\/posts"}],"about":[{"href":"https:\/\/newsslash.com\/n\/wp-json\/wp\/v2\/types\/post"}],"author":[{"embeddable":true,"href":"https:\/\/newsslash.com\/n\/wp-json\/wp\/v2\/users\/7"}],"replies":[{"embeddable":true,"href":"https:\/\/newsslash.com\/n\/wp-json\/wp\/v2\/comments?post=21632"}],"version-history":[{"count":0,"href":"https:\/\/newsslash.com\/n\/wp-json\/wp\/v2\/posts\/21632\/revisions"}],"wp:featuredmedia":[{"embeddable":true,"href":"https:\/\/newsslash.com\/n\/wp-json\/wp\/v2\/media\/21974"}],"wp:attachment":[{"href":"https:\/\/newsslash.com\/n\/wp-json\/wp\/v2\/media?parent=21632"}],"curies":[{"name":"wp","href":"https:\/\/api.w.org\/{rel}","templated":true}]}}