{"id":21633,"date":"2024-07-23T14:15:00","date_gmt":"2024-07-23T14:15:00","guid":{"rendered":"https:\/\/newsslash.com\/n\/17544-emily-in-paris-und-italien-neuer-trailer-zu-staffel-4-ist-da\/"},"modified":"2024-07-23T14:15:00","modified_gmt":"2024-07-23T14:15:00","slug":"17544-emily-in-paris-und-italien-neuer-trailer-zu-staffel-4-ist-da","status":"publish","type":"post","link":"https:\/\/newsslash.com\/n\/17544-emily-in-paris-und-italien-neuer-trailer-zu-staffel-4-ist-da\/","title":{"rendered":"Emily in Paris und Italien \u00e2\u20ac\u201c Neuer Trailer zu Staffel 4&#8230;"},"content":{"rendered":"<p>Alfie oder Gabriel \u00e2\u20ac\u201c das ist wohl die Frage, die in der neuen Staffel der charmanten Serie Emily in Paris beantwortet werden muss. Das zumindest legt der offizielle Trailer nahe, der gerade ver\u00c3\u00b6ffentlicht worden ist. Und in der Videovorschau sehen wir auch, dass Emily einer Entscheidung scheinbar noch kein St\u00c3\u00bcck n\u00c3\u00a4hergekommen ist. Auch die zweite Staffel wird in zwei Teilen herausgebracht. Am 15. August geht es mit den ersten f\u00c3\u00bcnf Episoden von Emily in Paris Staffel 4 bei Netflix weiter. Am 12. September 2024 folgt dann Teil 2. Und einen l\u00c3\u00a4ngeren Abstecher nach Rom gibt es \u00c3\u00bcbrigens auch noch obendrauf. Gro\u00c3\u0178e \u00c3\u0153berraschungen zeigt der Trailer nicht. Emily ist gewohnt naiv, unentschieden und doch kommt im Verlauf des Trailers eine vielleicht etwas andere Emily an die Oberfl\u00c3\u00a4che. Eine, die nicht st\u00c3\u00a4ndig \u00c3\u00bcberlegt und z\u00c3\u00b6gert, sondern eine, die \u00e2\u20ac\u017esich vielleicht einfach drauf einlassen muss\u00e2\u20ac\u0153, wie sie selbst in einer Szene sagt beziehungsweise denkt. Nun ja, zu hoffen w\u00c3\u00a4re es ja, dass nicht nur neuer Chic, sondern auch ein bisschen mehr moderne frau in Emily in Paris Einzug h\u00c3\u00a4lt. K\u00c3\u00b6nnte der Mann mit der Maske ein neues Gl\u00c3\u00bcck sein, und Emily endlich von beiden, von Alfie und Gabriel, l\u00c3\u00b6sen? Wir haben den Trailer zu Emily in Paris Staffel 4 in Deutsch und in Englisch f\u00c3\u00bcr euch: <iframe loading=\"lazy\" allowfullscreen=\"\" frameborder=\"0\" height=\"315\" src=\"https:\/\/www.youtube-nocookie.com\/embed\/VA3L4MrsSng?si=uO8wYxv6urrhxmSC\" width=\"100%\"><\/iframe> <iframe loading=\"lazy\" allowfullscreen=\"\" frameborder=\"0\" height=\"315\" src=\"https:\/\/www.youtube-nocookie.com\/embed\/aLPk8yRq9_c?si=jiL5RsWx9N-JF0cH\" width=\"100%\"><\/iframe><\/p><div class=\"newss-content\" id=\"newss-1598144876\"><script async src=\"\/\/pagead2.googlesyndication.com\/pagead\/js\/adsbygoogle.js?client=ca-pub-7733425960004873\" crossorigin=\"anonymous\"><\/script><ins class=\"adsbygoogle\" style=\"display:block;\" data-ad-client=\"ca-pub-7733425960004873\" \ndata-ad-slot=\"2582020599\" \ndata-ad-format=\"auto\"><\/ins>\n<script> \n(adsbygoogle = window.adsbygoogle || []).push({}); \n<\/script>\n<\/div><div class=\"newss-article-1\" id=\"newss-3946086771\"><script async src=\"https:\/\/pagead2.googlesyndication.com\/pagead\/js\/adsbygoogle.js?client=ca-pub-7733425960004873\"\r\n     crossorigin=\"anonymous\"><\/script>\r\n<!-- Homepage2 -->\r\n<ins class=\"adsbygoogle\"\r\n     style=\"display:block\"\r\n     data-ad-client=\"ca-pub-7733425960004873\"\r\n     data-ad-slot=\"2582020599\"\r\n     data-ad-format=\"auto\"\r\n     data-full-width-responsive=\"true\"><\/ins>\r\n<script>\r\n     (adsbygoogle = window.adsbygoogle || []).push({});\r\n<\/script><\/div>\n","protected":false},"excerpt":{"rendered":"<p>Im August geht es weiter mit der bald schon unendlichen Geschichte zwischen Emily und den M\u00c3\u00a4nnern. Wird die junge Amerikanerin sich&#8230; Mehr auf Newsslash.com!<\/p>\n","protected":false},"author":7,"featured_media":21974,"comment_status":"open","ping_status":"open","sticky":false,"template":"","format":"standard","meta":{"_et_pb_use_builder":"","_et_pb_old_content":"","_et_gb_content_width":"","footnotes":""},"class_list":["post-21633","post","type-post","status-publish","format-standard","has-post-thumbnail","hentry","category-blog"],"yoast_head":"<!-- This site is optimized with the Yoast SEO plugin v24.8.1 - https:\/\/yoast.com\/wordpress\/plugins\/seo\/ -->\n<title>Emily in Paris und Italien \u00e2\u20ac\u201c Neuer Trailer zu Staffel 4... - Newsslash<\/title>\n<meta name=\"robots\" content=\"noindex, follow\" \/>\n<meta property=\"og:locale\" content=\"en_US\" \/>\n<meta property=\"og:type\" content=\"article\" \/>\n<meta property=\"og:title\" content=\"Emily in Paris und Italien \u00e2\u20ac\u201c Neuer Trailer zu Staffel 4... - Newsslash\" \/>\n<meta property=\"og:description\" content=\"Im August geht es weiter mit der bald schon unendlichen Geschichte zwischen Emily und den M\u00c3\u00a4nnern. Wird die junge Amerikanerin sich... Mehr auf Newsslash.com!\" \/>\n<meta property=\"og:url\" content=\"https:\/\/newsslash.com\/n\/17544-emily-in-paris-und-italien-neuer-trailer-zu-staffel-4-ist-da\/\" \/>\n<meta property=\"og:site_name\" content=\"Newsslash\" \/>\n<meta property=\"article:published_time\" content=\"2024-07-23T14:15:00+00:00\" \/>\n<meta property=\"og:image\" content=\"https:\/\/newsslash.com\/n\/wp-content\/uploads\/2025\/04\/NewsSlash-Featured-Image.jpg\" \/>\n\t<meta property=\"og:image:width\" content=\"1280\" \/>\n\t<meta property=\"og:image:height\" content=\"854\" \/>\n\t<meta property=\"og:image:type\" content=\"image\/jpeg\" \/>\n<meta name=\"author\" content=\"Daniela H\" \/>\n<meta name=\"twitter:card\" content=\"summary_large_image\" \/>\n<meta name=\"twitter:label1\" content=\"Written by\" \/>\n\t<meta name=\"twitter:data1\" content=\"Daniela H\" \/>\n\t<meta name=\"twitter:label2\" content=\"Est. reading time\" \/>\n\t<meta name=\"twitter:data2\" content=\"1 minute\" \/>\n<script type=\"application\/ld+json\" class=\"yoast-schema-graph\">{\"@context\":\"https:\/\/schema.org\",\"@graph\":[{\"@type\":\"Article\",\"@id\":\"https:\/\/newsslash.com\/n\/17544-emily-in-paris-und-italien-neuer-trailer-zu-staffel-4-ist-da\/#article\",\"isPartOf\":{\"@id\":\"https:\/\/newsslash.com\/n\/17544-emily-in-paris-und-italien-neuer-trailer-zu-staffel-4-ist-da\/\"},\"author\":{\"name\":\"Daniela H\",\"@id\":\"https:\/\/newsslash.com\/n\/#\/schema\/person\/cb1381eb00b5dc4b3071475e9866df11\"},\"headline\":\"Emily in Paris und Italien \u00e2\u20ac\u201c Neuer Trailer zu Staffel 4&#8230;\",\"datePublished\":\"2024-07-23T14:15:00+00:00\",\"mainEntityOfPage\":{\"@id\":\"https:\/\/newsslash.com\/n\/17544-emily-in-paris-und-italien-neuer-trailer-zu-staffel-4-ist-da\/\"},\"wordCount\":230,\"commentCount\":0,\"publisher\":{\"@id\":\"https:\/\/newsslash.com\/n\/#organization\"},\"image\":{\"@id\":\"https:\/\/newsslash.com\/n\/17544-emily-in-paris-und-italien-neuer-trailer-zu-staffel-4-ist-da\/#primaryimage\"},\"thumbnailUrl\":\"https:\/\/newsslash.com\/n\/wp-content\/uploads\/2025\/04\/NewsSlash-Featured-Image.jpg\",\"articleSection\":[\"Blog\"],\"inLanguage\":\"en-US\",\"potentialAction\":[{\"@type\":\"CommentAction\",\"name\":\"Comment\",\"target\":[\"https:\/\/newsslash.com\/n\/17544-emily-in-paris-und-italien-neuer-trailer-zu-staffel-4-ist-da\/#respond\"]}]},{\"@type\":\"WebPage\",\"@id\":\"https:\/\/newsslash.com\/n\/17544-emily-in-paris-und-italien-neuer-trailer-zu-staffel-4-ist-da\/\",\"url\":\"https:\/\/newsslash.com\/n\/17544-emily-in-paris-und-italien-neuer-trailer-zu-staffel-4-ist-da\/\",\"name\":\"Emily in Paris und Italien \u00e2\u20ac\u201c Neuer Trailer zu Staffel 4... - Newsslash\",\"isPartOf\":{\"@id\":\"https:\/\/newsslash.com\/n\/#website\"},\"primaryImageOfPage\":{\"@id\":\"https:\/\/newsslash.com\/n\/17544-emily-in-paris-und-italien-neuer-trailer-zu-staffel-4-ist-da\/#primaryimage\"},\"image\":{\"@id\":\"https:\/\/newsslash.com\/n\/17544-emily-in-paris-und-italien-neuer-trailer-zu-staffel-4-ist-da\/#primaryimage\"},\"thumbnailUrl\":\"https:\/\/newsslash.com\/n\/wp-content\/uploads\/2025\/04\/NewsSlash-Featured-Image.jpg\",\"datePublished\":\"2024-07-23T14:15:00+00:00\",\"breadcrumb\":{\"@id\":\"https:\/\/newsslash.com\/n\/17544-emily-in-paris-und-italien-neuer-trailer-zu-staffel-4-ist-da\/#breadcrumb\"},\"inLanguage\":\"en-US\",\"potentialAction\":[{\"@type\":\"ReadAction\",\"target\":[\"https:\/\/newsslash.com\/n\/17544-emily-in-paris-und-italien-neuer-trailer-zu-staffel-4-ist-da\/\"]}]},{\"@type\":\"ImageObject\",\"inLanguage\":\"en-US\",\"@id\":\"https:\/\/newsslash.com\/n\/17544-emily-in-paris-und-italien-neuer-trailer-zu-staffel-4-ist-da\/#primaryimage\",\"url\":\"https:\/\/newsslash.com\/n\/wp-content\/uploads\/2025\/04\/NewsSlash-Featured-Image.jpg\",\"contentUrl\":\"https:\/\/newsslash.com\/n\/wp-content\/uploads\/2025\/04\/NewsSlash-Featured-Image.jpg\",\"width\":1280,\"height\":854},{\"@type\":\"BreadcrumbList\",\"@id\":\"https:\/\/newsslash.com\/n\/17544-emily-in-paris-und-italien-neuer-trailer-zu-staffel-4-ist-da\/#breadcrumb\",\"itemListElement\":[{\"@type\":\"ListItem\",\"position\":1,\"name\":\"Home\",\"item\":\"https:\/\/newsslash.com\/n\/\"},{\"@type\":\"ListItem\",\"position\":2,\"name\":\"Emily in Paris und Italien \u00e2\u20ac\u201c Neuer Trailer zu Staffel 4&#8230;\"}]},{\"@type\":\"WebSite\",\"@id\":\"https:\/\/newsslash.com\/n\/#website\",\"url\":\"https:\/\/newsslash.com\/n\/\",\"name\":\"Newsslash\",\"description\":\"Trending News on Movies, Series, OTT, Gaming\",\"publisher\":{\"@id\":\"https:\/\/newsslash.com\/n\/#organization\"},\"potentialAction\":[{\"@type\":\"SearchAction\",\"target\":{\"@type\":\"EntryPoint\",\"urlTemplate\":\"https:\/\/newsslash.com\/n\/?s={search_term_string}\"},\"query-input\":{\"@type\":\"PropertyValueSpecification\",\"valueRequired\":true,\"valueName\":\"search_term_string\"}}],\"inLanguage\":\"en-US\"},{\"@type\":\"Organization\",\"@id\":\"https:\/\/newsslash.com\/n\/#organization\",\"name\":\"Newsslash\",\"url\":\"https:\/\/newsslash.com\/n\/\",\"logo\":{\"@type\":\"ImageObject\",\"inLanguage\":\"en-US\",\"@id\":\"https:\/\/newsslash.com\/n\/#\/schema\/logo\/image\/\",\"url\":\"https:\/\/newsslash.com\/n\/wp-content\/uploads\/2025\/04\/cropped-Newsslash-logo-Fevicon.png\",\"contentUrl\":\"https:\/\/newsslash.com\/n\/wp-content\/uploads\/2025\/04\/cropped-Newsslash-logo-Fevicon.png\",\"width\":512,\"height\":512,\"caption\":\"Newsslash\"},\"image\":{\"@id\":\"https:\/\/newsslash.com\/n\/#\/schema\/logo\/image\/\"}},{\"@type\":\"Person\",\"@id\":\"https:\/\/newsslash.com\/n\/#\/schema\/person\/cb1381eb00b5dc4b3071475e9866df11\",\"name\":\"Daniela H\",\"sameAs\":[\"https:\/\/newsslash.com\"],\"url\":\"https:\/\/newsslash.com\/n\/author\/daniela_h\/\"}]}<\/script>\n<!-- \/ Yoast SEO plugin. -->","yoast_head_json":{"title":"Emily in Paris und Italien \u00e2\u20ac\u201c Neuer Trailer zu Staffel 4... - Newsslash","robots":{"index":"noindex","follow":"follow"},"og_locale":"en_US","og_type":"article","og_title":"Emily in Paris und Italien \u00e2\u20ac\u201c Neuer Trailer zu Staffel 4... - Newsslash","og_description":"Im August geht es weiter mit der bald schon unendlichen Geschichte zwischen Emily und den M\u00c3\u00a4nnern. Wird die junge Amerikanerin sich... Mehr auf Newsslash.com!","og_url":"https:\/\/newsslash.com\/n\/17544-emily-in-paris-und-italien-neuer-trailer-zu-staffel-4-ist-da\/","og_site_name":"Newsslash","article_published_time":"2024-07-23T14:15:00+00:00","og_image":[{"width":1280,"height":854,"url":"https:\/\/newsslash.com\/n\/wp-content\/uploads\/2025\/04\/NewsSlash-Featured-Image.jpg","type":"image\/jpeg"}],"author":"Daniela H","twitter_card":"summary_large_image","twitter_misc":{"Written by":"Daniela H","Est. reading time":"1 minute"},"schema":{"@context":"https:\/\/schema.org","@graph":[{"@type":"Article","@id":"https:\/\/newsslash.com\/n\/17544-emily-in-paris-und-italien-neuer-trailer-zu-staffel-4-ist-da\/#article","isPartOf":{"@id":"https:\/\/newsslash.com\/n\/17544-emily-in-paris-und-italien-neuer-trailer-zu-staffel-4-ist-da\/"},"author":{"name":"Daniela H","@id":"https:\/\/newsslash.com\/n\/#\/schema\/person\/cb1381eb00b5dc4b3071475e9866df11"},"headline":"Emily in Paris und Italien \u00e2\u20ac\u201c Neuer Trailer zu Staffel 4&#8230;","datePublished":"2024-07-23T14:15:00+00:00","mainEntityOfPage":{"@id":"https:\/\/newsslash.com\/n\/17544-emily-in-paris-und-italien-neuer-trailer-zu-staffel-4-ist-da\/"},"wordCount":230,"commentCount":0,"publisher":{"@id":"https:\/\/newsslash.com\/n\/#organization"},"image":{"@id":"https:\/\/newsslash.com\/n\/17544-emily-in-paris-und-italien-neuer-trailer-zu-staffel-4-ist-da\/#primaryimage"},"thumbnailUrl":"https:\/\/newsslash.com\/n\/wp-content\/uploads\/2025\/04\/NewsSlash-Featured-Image.jpg","articleSection":["Blog"],"inLanguage":"en-US","potentialAction":[{"@type":"CommentAction","name":"Comment","target":["https:\/\/newsslash.com\/n\/17544-emily-in-paris-und-italien-neuer-trailer-zu-staffel-4-ist-da\/#respond"]}]},{"@type":"WebPage","@id":"https:\/\/newsslash.com\/n\/17544-emily-in-paris-und-italien-neuer-trailer-zu-staffel-4-ist-da\/","url":"https:\/\/newsslash.com\/n\/17544-emily-in-paris-und-italien-neuer-trailer-zu-staffel-4-ist-da\/","name":"Emily in Paris und Italien \u00e2\u20ac\u201c Neuer Trailer zu Staffel 4... - Newsslash","isPartOf":{"@id":"https:\/\/newsslash.com\/n\/#website"},"primaryImageOfPage":{"@id":"https:\/\/newsslash.com\/n\/17544-emily-in-paris-und-italien-neuer-trailer-zu-staffel-4-ist-da\/#primaryimage"},"image":{"@id":"https:\/\/newsslash.com\/n\/17544-emily-in-paris-und-italien-neuer-trailer-zu-staffel-4-ist-da\/#primaryimage"},"thumbnailUrl":"https:\/\/newsslash.com\/n\/wp-content\/uploads\/2025\/04\/NewsSlash-Featured-Image.jpg","datePublished":"2024-07-23T14:15:00+00:00","breadcrumb":{"@id":"https:\/\/newsslash.com\/n\/17544-emily-in-paris-und-italien-neuer-trailer-zu-staffel-4-ist-da\/#breadcrumb"},"inLanguage":"en-US","potentialAction":[{"@type":"ReadAction","target":["https:\/\/newsslash.com\/n\/17544-emily-in-paris-und-italien-neuer-trailer-zu-staffel-4-ist-da\/"]}]},{"@type":"ImageObject","inLanguage":"en-US","@id":"https:\/\/newsslash.com\/n\/17544-emily-in-paris-und-italien-neuer-trailer-zu-staffel-4-ist-da\/#primaryimage","url":"https:\/\/newsslash.com\/n\/wp-content\/uploads\/2025\/04\/NewsSlash-Featured-Image.jpg","contentUrl":"https:\/\/newsslash.com\/n\/wp-content\/uploads\/2025\/04\/NewsSlash-Featured-Image.jpg","width":1280,"height":854},{"@type":"BreadcrumbList","@id":"https:\/\/newsslash.com\/n\/17544-emily-in-paris-und-italien-neuer-trailer-zu-staffel-4-ist-da\/#breadcrumb","itemListElement":[{"@type":"ListItem","position":1,"name":"Home","item":"https:\/\/newsslash.com\/n\/"},{"@type":"ListItem","position":2,"name":"Emily in Paris und Italien \u00e2\u20ac\u201c Neuer Trailer zu Staffel 4&#8230;"}]},{"@type":"WebSite","@id":"https:\/\/newsslash.com\/n\/#website","url":"https:\/\/newsslash.com\/n\/","name":"Newsslash","description":"Trending News on Movies, Series, OTT, Gaming","publisher":{"@id":"https:\/\/newsslash.com\/n\/#organization"},"potentialAction":[{"@type":"SearchAction","target":{"@type":"EntryPoint","urlTemplate":"https:\/\/newsslash.com\/n\/?s={search_term_string}"},"query-input":{"@type":"PropertyValueSpecification","valueRequired":true,"valueName":"search_term_string"}}],"inLanguage":"en-US"},{"@type":"Organization","@id":"https:\/\/newsslash.com\/n\/#organization","name":"Newsslash","url":"https:\/\/newsslash.com\/n\/","logo":{"@type":"ImageObject","inLanguage":"en-US","@id":"https:\/\/newsslash.com\/n\/#\/schema\/logo\/image\/","url":"https:\/\/newsslash.com\/n\/wp-content\/uploads\/2025\/04\/cropped-Newsslash-logo-Fevicon.png","contentUrl":"https:\/\/newsslash.com\/n\/wp-content\/uploads\/2025\/04\/cropped-Newsslash-logo-Fevicon.png","width":512,"height":512,"caption":"Newsslash"},"image":{"@id":"https:\/\/newsslash.com\/n\/#\/schema\/logo\/image\/"}},{"@type":"Person","@id":"https:\/\/newsslash.com\/n\/#\/schema\/person\/cb1381eb00b5dc4b3071475e9866df11","name":"Daniela H","sameAs":["https:\/\/newsslash.com"],"url":"https:\/\/newsslash.com\/n\/author\/daniela_h\/"}]}},"_links":{"self":[{"href":"https:\/\/newsslash.com\/n\/wp-json\/wp\/v2\/posts\/21633","targetHints":{"allow":["GET"]}}],"collection":[{"href":"https:\/\/newsslash.com\/n\/wp-json\/wp\/v2\/posts"}],"about":[{"href":"https:\/\/newsslash.com\/n\/wp-json\/wp\/v2\/types\/post"}],"author":[{"embeddable":true,"href":"https:\/\/newsslash.com\/n\/wp-json\/wp\/v2\/users\/7"}],"replies":[{"embeddable":true,"href":"https:\/\/newsslash.com\/n\/wp-json\/wp\/v2\/comments?post=21633"}],"version-history":[{"count":0,"href":"https:\/\/newsslash.com\/n\/wp-json\/wp\/v2\/posts\/21633\/revisions"}],"wp:featuredmedia":[{"embeddable":true,"href":"https:\/\/newsslash.com\/n\/wp-json\/wp\/v2\/media\/21974"}],"wp:attachment":[{"href":"https:\/\/newsslash.com\/n\/wp-json\/wp\/v2\/media?parent=21633"}],"curies":[{"name":"wp","href":"https:\/\/api.w.org\/{rel}","templated":true}]}}