{"id":21649,"date":"2024-08-08T10:30:00","date_gmt":"2024-08-08T10:30:00","guid":{"rendered":"https:\/\/newsslash.com\/n\/17560-wann-kommt-the-mallorca-files-staffel-4-auf-amazon-prime-video\/"},"modified":"2024-08-08T10:30:00","modified_gmt":"2024-08-08T10:30:00","slug":"17560-wann-kommt-the-mallorca-files-staffel-4-auf-amazon-prime-video","status":"publish","type":"post","link":"https:\/\/newsslash.com\/n\/17560-wann-kommt-the-mallorca-files-staffel-4-auf-amazon-prime-video\/","title":{"rendered":"Wann kommt The Mallorca Files Staffel 4 auf Amazon Prime &#8230;"},"content":{"rendered":"<p>Die Krimiserie The Mallorca Files war in der ersten und zweiten Staffel unter der Schirmherrschaft des ZDF entstanden. Nun ist sie nach einer Pause mit der dritten Staffel zur\u00c3\u00bcck. Allerdings hat sich die BBC nun mit den Amazon MGM Studios zusammengetan und pr\u00c3\u00a4sentiert The Mallorca Files Staffel 3 ab dem 8. August bei Amazon Prime Video. Das freut die Fans, die eine Weile schon nicht mehr an eine Fortf\u00c3\u00bchrung der Serie geglaubt hatten. Aber eine Frage bleibt: Wann kommt The Mallorca Files Staffel 4 auf Amazon Prime Video? <\/p><div class=\"newss-content\" id=\"newss-394417734\"><script async src=\"\/\/pagead2.googlesyndication.com\/pagead\/js\/adsbygoogle.js?client=ca-pub-7733425960004873\" crossorigin=\"anonymous\"><\/script><ins class=\"adsbygoogle\" style=\"display:block;\" data-ad-client=\"ca-pub-7733425960004873\" \ndata-ad-slot=\"2582020599\" \ndata-ad-format=\"auto\"><\/ins>\n<script> \n(adsbygoogle = window.adsbygoogle || []).push({}); \n<\/script>\n<\/div><div class=\"newss-article-1\" id=\"newss-2654780588\"><script async src=\"https:\/\/pagead2.googlesyndication.com\/pagead\/js\/adsbygoogle.js?client=ca-pub-7733425960004873\"\r\n     crossorigin=\"anonymous\"><\/script>\r\n<!-- Homepage2 -->\r\n<ins class=\"adsbygoogle\"\r\n     style=\"display:block\"\r\n     data-ad-client=\"ca-pub-7733425960004873\"\r\n     data-ad-slot=\"2582020599\"\r\n     data-ad-format=\"auto\"\r\n     data-full-width-responsive=\"true\"><\/ins>\r\n<script>\r\n     (adsbygoogle = window.adsbygoogle || []).push({});\r\n<\/script><\/div>\n<div>Anzeige:<\/div>\n<p><ins data-ad-client=\"ca-pub-3647021458695789\" data-ad-format=\"link\" data-ad-slot=\"7996975644\" style=\"display:block\"><\/ins> Leider k\u00c3\u00b6nnen wir euch an dieser Stelle noch keine Antwort auf die Frage, wann The Mallorca Files Staffel 4 auf Amazon Prime Video kommt, geben. Nach der \u00c3\u0153bernahme von Amazon ist es noch unklar, ob es auch nach der aktuellen Season noch weitergeht. Allerdings verrieten die beiden Hauptdarsteller in einem Interview gegen\u00c3\u00bcber des Magazins Der Westen, dass mit den Amazon MGM Studios die ganze Produktion epischer und aufwendiger wurde. Das k\u00c3\u00b6nnte ein Hinweis darauf sein, dass Amazon die dritte Staffel nicht einfach nur wegen eines sch\u00c3\u00b6nen Endes der Serie \u00c3\u00bcbernommen hat, sondern die Produktion auch dar\u00c3\u00bcber hinaus fortf\u00c3\u00bchren m\u00c3\u00b6chte. Ob und wann es The Mallorca Files Staffel 4 geben wird, wird Amazon sicherlich nach dem Checkup des Erfolgs der dritten Season in einigen Wochen bekanntgeben. <b>Darum geht es in The Mallorca Files<\/b> In der Krimiserie The Mallorca Files ermitteln die Britin Miranda Blake und der Kriminalpolizist Max Winter gemeinsam auf der Sonneninsel. Die beiden haben nichts gemeinsam, sind grunds\u00c3\u00a4tzlich verschieden. Miranda ist superkorrekt und extrem ehrgeizig. Max hingegen ist ein Chaot und l\u00c3\u00a4sst die Regeln h\u00c3\u00a4ufig auch einmal beiseite, auch, wenn er ermittelt. Seine unkonventionelle Art bringt ihn bei Ermittlungen immer voran, st\u00c3\u00b6rt Miranda aber sehr. Doch wie es manchmal eben so ist im Leben: Gegens\u00c3\u00a4tze ziehen sich an, so dass neben dem Streit und den spannenden F\u00c3\u00a4llen auch die Beziehung zwischen den beiden eine Rolle spielt. Max und Miranda sind durch einen Zufall zum Team geworden. Ganz zu Beginn der Serie The Mallorca Files lernen die Zuschauenden die beiden und die sich kennen. Miranda soll einen Kronzeugen nach Gro\u00c3\u0178britannien \u00c3\u00bcberf\u00c3\u00bchren, ger\u00c3\u00a4t dabei aber in gro\u00c3\u0178e Schwierigkeiten, weil die Mission schon am Flughafen entgleist. Doch Max ist auch am Flughafen und rettet Miranda beherzt das Leben. Die Chefin von Max ist begeistert und sieht die beiden schon als paar, \u00c3\u00a4h Ermittlerpaar. Nun also arbeiten Max und Miranda zusammen und widmen sich dem Kampf gegen die Kriminalit\u00c3\u00a4t auf Mallorca. <b>So geht es in der dritten Staffel weiter<\/b> In The Mallorca Files Staffel 3 geht es mit neuen F\u00c3\u00a4llen f\u00c3\u00bcr die beiden ungleichen Ermittler weiter. Es geht um Mord, um eine Schatzsuche, um Entf\u00c3\u00bchrungen und Brandstiftung. Aber auch die brandhei\u00c3\u0178e Beziehung zwischen Max und Miranda spielt wieder eine Rolle, denn ihre Partnerschaft wird auf eine harte Probe gestellt. Spannend sind also nicht nur die F\u00c3\u00a4lle, sondern auch, ob sich bei den beiden doch das kleine Pfl\u00c3\u00a4nzchen Liebe entwickelt, denn wie sagt man so sch\u00c3\u00b6n: Was sich liebt, das neckt sich, oder? <iframe loading=\"lazy\" allowfullscreen=\"\" frameborder=\"0\" height=\"315\" src=\"https:\/\/www.youtube-nocookie.com\/embed\/BgrmuKIRhHY?si=Y5caFe86D7DVkDSW\" width=\"100%\"><\/iframe><\/p>\n","protected":false},"excerpt":{"rendered":"<p>Brisante F\u00c3\u00a4lle unter der Sonne der Insel Mallorca. Das sind The Mallorca Files, die nun seit dem 8. August 2024 auf Amazon Prime&#8230; Mehr auf Newsslash.com!<\/p>\n","protected":false},"author":7,"featured_media":21974,"comment_status":"open","ping_status":"open","sticky":false,"template":"","format":"standard","meta":{"_et_pb_use_builder":"","_et_pb_old_content":"","_et_gb_content_width":"","footnotes":""},"class_list":["post-21649","post","type-post","status-publish","format-standard","has-post-thumbnail","hentry","category-blog"],"yoast_head":"<!-- This site is optimized with the Yoast SEO plugin v24.8.1 - https:\/\/yoast.com\/wordpress\/plugins\/seo\/ -->\n<title>Wann kommt The Mallorca Files Staffel 4 auf Amazon Prime ... - Newsslash<\/title>\n<meta name=\"robots\" content=\"noindex, follow\" \/>\n<meta property=\"og:locale\" content=\"en_US\" \/>\n<meta property=\"og:type\" content=\"article\" \/>\n<meta property=\"og:title\" content=\"Wann kommt The Mallorca Files Staffel 4 auf Amazon Prime ... - Newsslash\" \/>\n<meta property=\"og:description\" content=\"Brisante F\u00c3\u00a4lle unter der Sonne der Insel Mallorca. Das sind The Mallorca Files, die nun seit dem 8. August 2024 auf Amazon Prime... Mehr auf Newsslash.com!\" \/>\n<meta property=\"og:url\" content=\"https:\/\/newsslash.com\/n\/17560-wann-kommt-the-mallorca-files-staffel-4-auf-amazon-prime-video\/\" \/>\n<meta property=\"og:site_name\" content=\"Newsslash\" \/>\n<meta property=\"article:published_time\" content=\"2024-08-08T10:30:00+00:00\" \/>\n<meta property=\"og:image\" content=\"https:\/\/newsslash.com\/n\/wp-content\/uploads\/2025\/04\/NewsSlash-Featured-Image.jpg\" \/>\n\t<meta property=\"og:image:width\" content=\"1280\" \/>\n\t<meta property=\"og:image:height\" content=\"854\" \/>\n\t<meta property=\"og:image:type\" content=\"image\/jpeg\" \/>\n<meta name=\"author\" content=\"Daniela H\" \/>\n<meta name=\"twitter:card\" content=\"summary_large_image\" \/>\n<meta name=\"twitter:label1\" content=\"Written by\" \/>\n\t<meta name=\"twitter:data1\" content=\"Daniela H\" \/>\n\t<meta name=\"twitter:label2\" content=\"Est. reading time\" \/>\n\t<meta name=\"twitter:data2\" content=\"3 minutes\" \/>\n<script type=\"application\/ld+json\" class=\"yoast-schema-graph\">{\"@context\":\"https:\/\/schema.org\",\"@graph\":[{\"@type\":\"Article\",\"@id\":\"https:\/\/newsslash.com\/n\/17560-wann-kommt-the-mallorca-files-staffel-4-auf-amazon-prime-video\/#article\",\"isPartOf\":{\"@id\":\"https:\/\/newsslash.com\/n\/17560-wann-kommt-the-mallorca-files-staffel-4-auf-amazon-prime-video\/\"},\"author\":{\"name\":\"Daniela H\",\"@id\":\"https:\/\/newsslash.com\/n\/#\/schema\/person\/cb1381eb00b5dc4b3071475e9866df11\"},\"headline\":\"Wann kommt The Mallorca Files Staffel 4 auf Amazon Prime &#8230;\",\"datePublished\":\"2024-08-08T10:30:00+00:00\",\"mainEntityOfPage\":{\"@id\":\"https:\/\/newsslash.com\/n\/17560-wann-kommt-the-mallorca-files-staffel-4-auf-amazon-prime-video\/\"},\"wordCount\":529,\"commentCount\":0,\"publisher\":{\"@id\":\"https:\/\/newsslash.com\/n\/#organization\"},\"image\":{\"@id\":\"https:\/\/newsslash.com\/n\/17560-wann-kommt-the-mallorca-files-staffel-4-auf-amazon-prime-video\/#primaryimage\"},\"thumbnailUrl\":\"https:\/\/newsslash.com\/n\/wp-content\/uploads\/2025\/04\/NewsSlash-Featured-Image.jpg\",\"articleSection\":[\"Blog\"],\"inLanguage\":\"en-US\",\"potentialAction\":[{\"@type\":\"CommentAction\",\"name\":\"Comment\",\"target\":[\"https:\/\/newsslash.com\/n\/17560-wann-kommt-the-mallorca-files-staffel-4-auf-amazon-prime-video\/#respond\"]}]},{\"@type\":\"WebPage\",\"@id\":\"https:\/\/newsslash.com\/n\/17560-wann-kommt-the-mallorca-files-staffel-4-auf-amazon-prime-video\/\",\"url\":\"https:\/\/newsslash.com\/n\/17560-wann-kommt-the-mallorca-files-staffel-4-auf-amazon-prime-video\/\",\"name\":\"Wann kommt The Mallorca Files Staffel 4 auf Amazon Prime ... - Newsslash\",\"isPartOf\":{\"@id\":\"https:\/\/newsslash.com\/n\/#website\"},\"primaryImageOfPage\":{\"@id\":\"https:\/\/newsslash.com\/n\/17560-wann-kommt-the-mallorca-files-staffel-4-auf-amazon-prime-video\/#primaryimage\"},\"image\":{\"@id\":\"https:\/\/newsslash.com\/n\/17560-wann-kommt-the-mallorca-files-staffel-4-auf-amazon-prime-video\/#primaryimage\"},\"thumbnailUrl\":\"https:\/\/newsslash.com\/n\/wp-content\/uploads\/2025\/04\/NewsSlash-Featured-Image.jpg\",\"datePublished\":\"2024-08-08T10:30:00+00:00\",\"breadcrumb\":{\"@id\":\"https:\/\/newsslash.com\/n\/17560-wann-kommt-the-mallorca-files-staffel-4-auf-amazon-prime-video\/#breadcrumb\"},\"inLanguage\":\"en-US\",\"potentialAction\":[{\"@type\":\"ReadAction\",\"target\":[\"https:\/\/newsslash.com\/n\/17560-wann-kommt-the-mallorca-files-staffel-4-auf-amazon-prime-video\/\"]}]},{\"@type\":\"ImageObject\",\"inLanguage\":\"en-US\",\"@id\":\"https:\/\/newsslash.com\/n\/17560-wann-kommt-the-mallorca-files-staffel-4-auf-amazon-prime-video\/#primaryimage\",\"url\":\"https:\/\/newsslash.com\/n\/wp-content\/uploads\/2025\/04\/NewsSlash-Featured-Image.jpg\",\"contentUrl\":\"https:\/\/newsslash.com\/n\/wp-content\/uploads\/2025\/04\/NewsSlash-Featured-Image.jpg\",\"width\":1280,\"height\":854},{\"@type\":\"BreadcrumbList\",\"@id\":\"https:\/\/newsslash.com\/n\/17560-wann-kommt-the-mallorca-files-staffel-4-auf-amazon-prime-video\/#breadcrumb\",\"itemListElement\":[{\"@type\":\"ListItem\",\"position\":1,\"name\":\"Home\",\"item\":\"https:\/\/newsslash.com\/n\/\"},{\"@type\":\"ListItem\",\"position\":2,\"name\":\"Wann kommt The Mallorca Files Staffel 4 auf Amazon Prime &#8230;\"}]},{\"@type\":\"WebSite\",\"@id\":\"https:\/\/newsslash.com\/n\/#website\",\"url\":\"https:\/\/newsslash.com\/n\/\",\"name\":\"Newsslash\",\"description\":\"Trending News on Movies, Series, OTT, Gaming\",\"publisher\":{\"@id\":\"https:\/\/newsslash.com\/n\/#organization\"},\"potentialAction\":[{\"@type\":\"SearchAction\",\"target\":{\"@type\":\"EntryPoint\",\"urlTemplate\":\"https:\/\/newsslash.com\/n\/?s={search_term_string}\"},\"query-input\":{\"@type\":\"PropertyValueSpecification\",\"valueRequired\":true,\"valueName\":\"search_term_string\"}}],\"inLanguage\":\"en-US\"},{\"@type\":\"Organization\",\"@id\":\"https:\/\/newsslash.com\/n\/#organization\",\"name\":\"Newsslash\",\"url\":\"https:\/\/newsslash.com\/n\/\",\"logo\":{\"@type\":\"ImageObject\",\"inLanguage\":\"en-US\",\"@id\":\"https:\/\/newsslash.com\/n\/#\/schema\/logo\/image\/\",\"url\":\"https:\/\/newsslash.com\/n\/wp-content\/uploads\/2025\/04\/cropped-Newsslash-logo-Fevicon.png\",\"contentUrl\":\"https:\/\/newsslash.com\/n\/wp-content\/uploads\/2025\/04\/cropped-Newsslash-logo-Fevicon.png\",\"width\":512,\"height\":512,\"caption\":\"Newsslash\"},\"image\":{\"@id\":\"https:\/\/newsslash.com\/n\/#\/schema\/logo\/image\/\"}},{\"@type\":\"Person\",\"@id\":\"https:\/\/newsslash.com\/n\/#\/schema\/person\/cb1381eb00b5dc4b3071475e9866df11\",\"name\":\"Daniela H\",\"sameAs\":[\"https:\/\/newsslash.com\"],\"url\":\"https:\/\/newsslash.com\/n\/author\/daniela_h\/\"}]}<\/script>\n<!-- \/ Yoast SEO plugin. -->","yoast_head_json":{"title":"Wann kommt The Mallorca Files Staffel 4 auf Amazon Prime ... - Newsslash","robots":{"index":"noindex","follow":"follow"},"og_locale":"en_US","og_type":"article","og_title":"Wann kommt The Mallorca Files Staffel 4 auf Amazon Prime ... - Newsslash","og_description":"Brisante F\u00c3\u00a4lle unter der Sonne der Insel Mallorca. Das sind The Mallorca Files, die nun seit dem 8. August 2024 auf Amazon Prime... Mehr auf Newsslash.com!","og_url":"https:\/\/newsslash.com\/n\/17560-wann-kommt-the-mallorca-files-staffel-4-auf-amazon-prime-video\/","og_site_name":"Newsslash","article_published_time":"2024-08-08T10:30:00+00:00","og_image":[{"width":1280,"height":854,"url":"https:\/\/newsslash.com\/n\/wp-content\/uploads\/2025\/04\/NewsSlash-Featured-Image.jpg","type":"image\/jpeg"}],"author":"Daniela H","twitter_card":"summary_large_image","twitter_misc":{"Written by":"Daniela H","Est. reading time":"3 minutes"},"schema":{"@context":"https:\/\/schema.org","@graph":[{"@type":"Article","@id":"https:\/\/newsslash.com\/n\/17560-wann-kommt-the-mallorca-files-staffel-4-auf-amazon-prime-video\/#article","isPartOf":{"@id":"https:\/\/newsslash.com\/n\/17560-wann-kommt-the-mallorca-files-staffel-4-auf-amazon-prime-video\/"},"author":{"name":"Daniela H","@id":"https:\/\/newsslash.com\/n\/#\/schema\/person\/cb1381eb00b5dc4b3071475e9866df11"},"headline":"Wann kommt The Mallorca Files Staffel 4 auf Amazon Prime &#8230;","datePublished":"2024-08-08T10:30:00+00:00","mainEntityOfPage":{"@id":"https:\/\/newsslash.com\/n\/17560-wann-kommt-the-mallorca-files-staffel-4-auf-amazon-prime-video\/"},"wordCount":529,"commentCount":0,"publisher":{"@id":"https:\/\/newsslash.com\/n\/#organization"},"image":{"@id":"https:\/\/newsslash.com\/n\/17560-wann-kommt-the-mallorca-files-staffel-4-auf-amazon-prime-video\/#primaryimage"},"thumbnailUrl":"https:\/\/newsslash.com\/n\/wp-content\/uploads\/2025\/04\/NewsSlash-Featured-Image.jpg","articleSection":["Blog"],"inLanguage":"en-US","potentialAction":[{"@type":"CommentAction","name":"Comment","target":["https:\/\/newsslash.com\/n\/17560-wann-kommt-the-mallorca-files-staffel-4-auf-amazon-prime-video\/#respond"]}]},{"@type":"WebPage","@id":"https:\/\/newsslash.com\/n\/17560-wann-kommt-the-mallorca-files-staffel-4-auf-amazon-prime-video\/","url":"https:\/\/newsslash.com\/n\/17560-wann-kommt-the-mallorca-files-staffel-4-auf-amazon-prime-video\/","name":"Wann kommt The Mallorca Files Staffel 4 auf Amazon Prime ... - Newsslash","isPartOf":{"@id":"https:\/\/newsslash.com\/n\/#website"},"primaryImageOfPage":{"@id":"https:\/\/newsslash.com\/n\/17560-wann-kommt-the-mallorca-files-staffel-4-auf-amazon-prime-video\/#primaryimage"},"image":{"@id":"https:\/\/newsslash.com\/n\/17560-wann-kommt-the-mallorca-files-staffel-4-auf-amazon-prime-video\/#primaryimage"},"thumbnailUrl":"https:\/\/newsslash.com\/n\/wp-content\/uploads\/2025\/04\/NewsSlash-Featured-Image.jpg","datePublished":"2024-08-08T10:30:00+00:00","breadcrumb":{"@id":"https:\/\/newsslash.com\/n\/17560-wann-kommt-the-mallorca-files-staffel-4-auf-amazon-prime-video\/#breadcrumb"},"inLanguage":"en-US","potentialAction":[{"@type":"ReadAction","target":["https:\/\/newsslash.com\/n\/17560-wann-kommt-the-mallorca-files-staffel-4-auf-amazon-prime-video\/"]}]},{"@type":"ImageObject","inLanguage":"en-US","@id":"https:\/\/newsslash.com\/n\/17560-wann-kommt-the-mallorca-files-staffel-4-auf-amazon-prime-video\/#primaryimage","url":"https:\/\/newsslash.com\/n\/wp-content\/uploads\/2025\/04\/NewsSlash-Featured-Image.jpg","contentUrl":"https:\/\/newsslash.com\/n\/wp-content\/uploads\/2025\/04\/NewsSlash-Featured-Image.jpg","width":1280,"height":854},{"@type":"BreadcrumbList","@id":"https:\/\/newsslash.com\/n\/17560-wann-kommt-the-mallorca-files-staffel-4-auf-amazon-prime-video\/#breadcrumb","itemListElement":[{"@type":"ListItem","position":1,"name":"Home","item":"https:\/\/newsslash.com\/n\/"},{"@type":"ListItem","position":2,"name":"Wann kommt The Mallorca Files Staffel 4 auf Amazon Prime &#8230;"}]},{"@type":"WebSite","@id":"https:\/\/newsslash.com\/n\/#website","url":"https:\/\/newsslash.com\/n\/","name":"Newsslash","description":"Trending News on Movies, Series, OTT, Gaming","publisher":{"@id":"https:\/\/newsslash.com\/n\/#organization"},"potentialAction":[{"@type":"SearchAction","target":{"@type":"EntryPoint","urlTemplate":"https:\/\/newsslash.com\/n\/?s={search_term_string}"},"query-input":{"@type":"PropertyValueSpecification","valueRequired":true,"valueName":"search_term_string"}}],"inLanguage":"en-US"},{"@type":"Organization","@id":"https:\/\/newsslash.com\/n\/#organization","name":"Newsslash","url":"https:\/\/newsslash.com\/n\/","logo":{"@type":"ImageObject","inLanguage":"en-US","@id":"https:\/\/newsslash.com\/n\/#\/schema\/logo\/image\/","url":"https:\/\/newsslash.com\/n\/wp-content\/uploads\/2025\/04\/cropped-Newsslash-logo-Fevicon.png","contentUrl":"https:\/\/newsslash.com\/n\/wp-content\/uploads\/2025\/04\/cropped-Newsslash-logo-Fevicon.png","width":512,"height":512,"caption":"Newsslash"},"image":{"@id":"https:\/\/newsslash.com\/n\/#\/schema\/logo\/image\/"}},{"@type":"Person","@id":"https:\/\/newsslash.com\/n\/#\/schema\/person\/cb1381eb00b5dc4b3071475e9866df11","name":"Daniela H","sameAs":["https:\/\/newsslash.com"],"url":"https:\/\/newsslash.com\/n\/author\/daniela_h\/"}]}},"_links":{"self":[{"href":"https:\/\/newsslash.com\/n\/wp-json\/wp\/v2\/posts\/21649","targetHints":{"allow":["GET"]}}],"collection":[{"href":"https:\/\/newsslash.com\/n\/wp-json\/wp\/v2\/posts"}],"about":[{"href":"https:\/\/newsslash.com\/n\/wp-json\/wp\/v2\/types\/post"}],"author":[{"embeddable":true,"href":"https:\/\/newsslash.com\/n\/wp-json\/wp\/v2\/users\/7"}],"replies":[{"embeddable":true,"href":"https:\/\/newsslash.com\/n\/wp-json\/wp\/v2\/comments?post=21649"}],"version-history":[{"count":0,"href":"https:\/\/newsslash.com\/n\/wp-json\/wp\/v2\/posts\/21649\/revisions"}],"wp:featuredmedia":[{"embeddable":true,"href":"https:\/\/newsslash.com\/n\/wp-json\/wp\/v2\/media\/21974"}],"wp:attachment":[{"href":"https:\/\/newsslash.com\/n\/wp-json\/wp\/v2\/media?parent=21649"}],"curies":[{"name":"wp","href":"https:\/\/api.w.org\/{rel}","templated":true}]}}