{"id":21654,"date":"2024-08-07T10:43:08","date_gmt":"2024-08-07T10:43:08","guid":{"rendered":"https:\/\/newsslash.com\/n\/17565-kaulitz-und-kaulitz-staffel-2-wann-geht-es-auf-netflix-weiter\/"},"modified":"2024-08-07T10:43:08","modified_gmt":"2024-08-07T10:43:08","slug":"17565-kaulitz-und-kaulitz-staffel-2-wann-geht-es-auf-netflix-weiter","status":"publish","type":"post","link":"https:\/\/newsslash.com\/n\/17565-kaulitz-und-kaulitz-staffel-2-wann-geht-es-auf-netflix-weiter\/","title":{"rendered":"Kaulitz &#038; Kaulitz Staffel 2 \u00e2\u20ac\u201c Wann geht es auf Netflix &#8230;"},"content":{"rendered":"<p>Die Reality-Homestory mit den beiden Kaulitz-Br\u00c3\u00bcdern Tom und Bill war bei Netflix ein sensationeller Erfolg, Netflix hat Bills Worten, dass sogleich mit dem Abschluss der ersten Season die zweite in Angriff genommen werden sollte, wohl erh\u00c3\u00b6rt und gibt nun auch offiziell gr\u00c3\u00bcnes Licht f\u00c3\u00bcr eine Fortsetzung der lustigen Show mit den beiden Zwillingen von der Band Tokio Hotel. Schon im n\u00c3\u00a4chsten Jahr soll es mit neuen Lachern und Geschichten weitergehen. Dass dieser Zeitplan eingehalten werden kann, steht wohl au\u00c3\u0178er Frage, denn angeblich haben die Dreharbeiten zu Kaulitz &amp; Kaulitz Staffel 2 schon begonnen. Auch scheint es so, dass die beiden Kaulitz-Br\u00c3\u00bcder schon l\u00c3\u00a4nger wissen, dass eine zweite Staffel ansteht. Zumindest denen, die Interviews und die derzeit laufende Staffel beobachten, d\u00c3\u00bcrfte das aufgefallen sein. Immerhin verplapperte sich Tom bei einem Interview fast, als Bill einsprang und auf die Frage nach Staffel von schnell antwortet, dass sie das noch nicht verraten w\u00c3\u00bcrden. Und auch am Ende der acht Folgen der ersten Staffel gab es Kommentare, die eindeutig auf eine zweite Staffel von Kaulitz &amp;Kaulitz hinwiesen. So sagte Bill zur Frage, ob es etwas gab, was der jeweils andere sich h\u00c3\u00a4tte trauen k\u00c3\u00b6nnen: \u00e2\u20ac\u017eIch w\u00c3\u00bcnsche mir f\u00c3\u00bcr Tom &#8211; auch jetzt schonmal f\u00c3\u00bcr Staffel 2 &#8211; dass er nicht so viel Angst vorm Leben hat.\u00e2\u20ac\u0153 Nun, eine zweite Staffel ist auch irgendwie logisch, wenn beide dazu bereit und die erste Season sich seit Wochen auf Rang 1 bei Netflix h\u00c3\u00a4lt. Welcher Streamer w\u00c3\u00bcrde da nicht eine zweite Staffel hinterherschieben wollen? Was genau in der zweiten Staffel zu sehen sein wird, ist zwar noch unklar, denn in die Zukunft schauen, k\u00c3\u00b6nnen selbst die Kaulitz-Br\u00c3\u00bcder noch nicht. Doch neben den neuen Erlebnissen, die in die Story einflie\u00c3\u0178en, werden auch viele alte Geschichten erz\u00c3\u00a4hlt. So muss die Liebesgeschichte zwischen Marc und Bill noch vollendet werden, und die Fans hoffen vor allem aber auch auf etwas mehr Einblicke in das Leben von Tom und Heidi. Ob es die allerdings geben wird? Im Juni oder Juli des n\u00c3\u00a4chsten Jahres d\u00c3\u00bcrfte es so weit sein, dass die zweite Staffel von Kaulitz &amp; Kaulitz auf Netflix zu sehen sein wird. <iframe loading=\"lazy\" allowfullscreen=\"\" frameborder=\"0\" height=\"315\" src=\"https:\/\/www.youtube-nocookie.com\/embed\/7x9kRTmbIvA?si=8rfBsT4y_JQ8U0_n\" width=\"100%\"><\/iframe><\/p><div class=\"newss-content\" id=\"newss-2516545965\"><script async src=\"\/\/pagead2.googlesyndication.com\/pagead\/js\/adsbygoogle.js?client=ca-pub-7733425960004873\" crossorigin=\"anonymous\"><\/script><ins class=\"adsbygoogle\" style=\"display:block;\" data-ad-client=\"ca-pub-7733425960004873\" \ndata-ad-slot=\"2582020599\" \ndata-ad-format=\"auto\"><\/ins>\n<script> \n(adsbygoogle = window.adsbygoogle || []).push({}); \n<\/script>\n<\/div><div class=\"newss-article-1\" id=\"newss-702307203\"><script async src=\"https:\/\/pagead2.googlesyndication.com\/pagead\/js\/adsbygoogle.js?client=ca-pub-7733425960004873\"\r\n     crossorigin=\"anonymous\"><\/script>\r\n<!-- Homepage2 -->\r\n<ins class=\"adsbygoogle\"\r\n     style=\"display:block\"\r\n     data-ad-client=\"ca-pub-7733425960004873\"\r\n     data-ad-slot=\"2582020599\"\r\n     data-ad-format=\"auto\"\r\n     data-full-width-responsive=\"true\"><\/ins>\r\n<script>\r\n     (adsbygoogle = window.adsbygoogle || []).push({});\r\n<\/script><\/div>\n","protected":false},"excerpt":{"rendered":"<p>Von einigen gehasst, von vielen geliebt: das sind Kaulitz &#038; Kaulitz, die beiden Zwillinge von Tokio Hotel, die mit ihrer Band, aber&#8230; Mehr auf Newsslash.com!<\/p>\n","protected":false},"author":7,"featured_media":21974,"comment_status":"open","ping_status":"open","sticky":false,"template":"","format":"standard","meta":{"_et_pb_use_builder":"","_et_pb_old_content":"","_et_gb_content_width":"","footnotes":""},"class_list":["post-21654","post","type-post","status-publish","format-standard","has-post-thumbnail","hentry","category-blog"],"yoast_head":"<!-- This site is optimized with the Yoast SEO plugin v24.8.1 - https:\/\/yoast.com\/wordpress\/plugins\/seo\/ -->\n<title>Kaulitz &amp; Kaulitz Staffel 2 \u00e2\u20ac\u201c Wann geht es auf Netflix ... - Newsslash<\/title>\n<meta name=\"robots\" content=\"noindex, follow\" \/>\n<meta property=\"og:locale\" content=\"en_US\" \/>\n<meta property=\"og:type\" content=\"article\" \/>\n<meta property=\"og:title\" content=\"Kaulitz &amp; Kaulitz Staffel 2 \u00e2\u20ac\u201c Wann geht es auf Netflix ... - Newsslash\" \/>\n<meta property=\"og:description\" content=\"Von einigen gehasst, von vielen geliebt: das sind Kaulitz &amp; Kaulitz, die beiden Zwillinge von Tokio Hotel, die mit ihrer Band, aber... Mehr auf Newsslash.com!\" \/>\n<meta property=\"og:url\" content=\"https:\/\/newsslash.com\/n\/17565-kaulitz-und-kaulitz-staffel-2-wann-geht-es-auf-netflix-weiter\/\" \/>\n<meta property=\"og:site_name\" content=\"Newsslash\" \/>\n<meta property=\"article:published_time\" content=\"2024-08-07T10:43:08+00:00\" \/>\n<meta property=\"og:image\" content=\"https:\/\/newsslash.com\/n\/wp-content\/uploads\/2025\/04\/NewsSlash-Featured-Image.jpg\" \/>\n\t<meta property=\"og:image:width\" content=\"1280\" \/>\n\t<meta property=\"og:image:height\" content=\"854\" \/>\n\t<meta property=\"og:image:type\" content=\"image\/jpeg\" \/>\n<meta name=\"author\" content=\"Daniela H\" \/>\n<meta name=\"twitter:card\" content=\"summary_large_image\" \/>\n<meta name=\"twitter:label1\" content=\"Written by\" \/>\n\t<meta name=\"twitter:data1\" content=\"Daniela H\" \/>\n\t<meta name=\"twitter:label2\" content=\"Est. reading time\" \/>\n\t<meta name=\"twitter:data2\" content=\"2 minutes\" \/>\n<script type=\"application\/ld+json\" class=\"yoast-schema-graph\">{\"@context\":\"https:\/\/schema.org\",\"@graph\":[{\"@type\":\"Article\",\"@id\":\"https:\/\/newsslash.com\/n\/17565-kaulitz-und-kaulitz-staffel-2-wann-geht-es-auf-netflix-weiter\/#article\",\"isPartOf\":{\"@id\":\"https:\/\/newsslash.com\/n\/17565-kaulitz-und-kaulitz-staffel-2-wann-geht-es-auf-netflix-weiter\/\"},\"author\":{\"name\":\"Daniela H\",\"@id\":\"https:\/\/newsslash.com\/n\/#\/schema\/person\/cb1381eb00b5dc4b3071475e9866df11\"},\"headline\":\"Kaulitz &#038; Kaulitz Staffel 2 \u00e2\u20ac\u201c Wann geht es auf Netflix &#8230;\",\"datePublished\":\"2024-08-07T10:43:08+00:00\",\"mainEntityOfPage\":{\"@id\":\"https:\/\/newsslash.com\/n\/17565-kaulitz-und-kaulitz-staffel-2-wann-geht-es-auf-netflix-weiter\/\"},\"wordCount\":379,\"commentCount\":0,\"publisher\":{\"@id\":\"https:\/\/newsslash.com\/n\/#organization\"},\"image\":{\"@id\":\"https:\/\/newsslash.com\/n\/17565-kaulitz-und-kaulitz-staffel-2-wann-geht-es-auf-netflix-weiter\/#primaryimage\"},\"thumbnailUrl\":\"https:\/\/newsslash.com\/n\/wp-content\/uploads\/2025\/04\/NewsSlash-Featured-Image.jpg\",\"articleSection\":[\"Blog\"],\"inLanguage\":\"en-US\",\"potentialAction\":[{\"@type\":\"CommentAction\",\"name\":\"Comment\",\"target\":[\"https:\/\/newsslash.com\/n\/17565-kaulitz-und-kaulitz-staffel-2-wann-geht-es-auf-netflix-weiter\/#respond\"]}]},{\"@type\":\"WebPage\",\"@id\":\"https:\/\/newsslash.com\/n\/17565-kaulitz-und-kaulitz-staffel-2-wann-geht-es-auf-netflix-weiter\/\",\"url\":\"https:\/\/newsslash.com\/n\/17565-kaulitz-und-kaulitz-staffel-2-wann-geht-es-auf-netflix-weiter\/\",\"name\":\"Kaulitz & Kaulitz Staffel 2 \u00e2\u20ac\u201c Wann geht es auf Netflix ... - Newsslash\",\"isPartOf\":{\"@id\":\"https:\/\/newsslash.com\/n\/#website\"},\"primaryImageOfPage\":{\"@id\":\"https:\/\/newsslash.com\/n\/17565-kaulitz-und-kaulitz-staffel-2-wann-geht-es-auf-netflix-weiter\/#primaryimage\"},\"image\":{\"@id\":\"https:\/\/newsslash.com\/n\/17565-kaulitz-und-kaulitz-staffel-2-wann-geht-es-auf-netflix-weiter\/#primaryimage\"},\"thumbnailUrl\":\"https:\/\/newsslash.com\/n\/wp-content\/uploads\/2025\/04\/NewsSlash-Featured-Image.jpg\",\"datePublished\":\"2024-08-07T10:43:08+00:00\",\"breadcrumb\":{\"@id\":\"https:\/\/newsslash.com\/n\/17565-kaulitz-und-kaulitz-staffel-2-wann-geht-es-auf-netflix-weiter\/#breadcrumb\"},\"inLanguage\":\"en-US\",\"potentialAction\":[{\"@type\":\"ReadAction\",\"target\":[\"https:\/\/newsslash.com\/n\/17565-kaulitz-und-kaulitz-staffel-2-wann-geht-es-auf-netflix-weiter\/\"]}]},{\"@type\":\"ImageObject\",\"inLanguage\":\"en-US\",\"@id\":\"https:\/\/newsslash.com\/n\/17565-kaulitz-und-kaulitz-staffel-2-wann-geht-es-auf-netflix-weiter\/#primaryimage\",\"url\":\"https:\/\/newsslash.com\/n\/wp-content\/uploads\/2025\/04\/NewsSlash-Featured-Image.jpg\",\"contentUrl\":\"https:\/\/newsslash.com\/n\/wp-content\/uploads\/2025\/04\/NewsSlash-Featured-Image.jpg\",\"width\":1280,\"height\":854},{\"@type\":\"BreadcrumbList\",\"@id\":\"https:\/\/newsslash.com\/n\/17565-kaulitz-und-kaulitz-staffel-2-wann-geht-es-auf-netflix-weiter\/#breadcrumb\",\"itemListElement\":[{\"@type\":\"ListItem\",\"position\":1,\"name\":\"Home\",\"item\":\"https:\/\/newsslash.com\/n\/\"},{\"@type\":\"ListItem\",\"position\":2,\"name\":\"Kaulitz &#038; Kaulitz Staffel 2 \u00e2\u20ac\u201c Wann geht es auf Netflix &#8230;\"}]},{\"@type\":\"WebSite\",\"@id\":\"https:\/\/newsslash.com\/n\/#website\",\"url\":\"https:\/\/newsslash.com\/n\/\",\"name\":\"Newsslash\",\"description\":\"Trending News on Movies, Series, OTT, Gaming\",\"publisher\":{\"@id\":\"https:\/\/newsslash.com\/n\/#organization\"},\"potentialAction\":[{\"@type\":\"SearchAction\",\"target\":{\"@type\":\"EntryPoint\",\"urlTemplate\":\"https:\/\/newsslash.com\/n\/?s={search_term_string}\"},\"query-input\":{\"@type\":\"PropertyValueSpecification\",\"valueRequired\":true,\"valueName\":\"search_term_string\"}}],\"inLanguage\":\"en-US\"},{\"@type\":\"Organization\",\"@id\":\"https:\/\/newsslash.com\/n\/#organization\",\"name\":\"Newsslash\",\"url\":\"https:\/\/newsslash.com\/n\/\",\"logo\":{\"@type\":\"ImageObject\",\"inLanguage\":\"en-US\",\"@id\":\"https:\/\/newsslash.com\/n\/#\/schema\/logo\/image\/\",\"url\":\"https:\/\/newsslash.com\/n\/wp-content\/uploads\/2025\/04\/cropped-Newsslash-logo-Fevicon.png\",\"contentUrl\":\"https:\/\/newsslash.com\/n\/wp-content\/uploads\/2025\/04\/cropped-Newsslash-logo-Fevicon.png\",\"width\":512,\"height\":512,\"caption\":\"Newsslash\"},\"image\":{\"@id\":\"https:\/\/newsslash.com\/n\/#\/schema\/logo\/image\/\"}},{\"@type\":\"Person\",\"@id\":\"https:\/\/newsslash.com\/n\/#\/schema\/person\/cb1381eb00b5dc4b3071475e9866df11\",\"name\":\"Daniela H\",\"sameAs\":[\"https:\/\/newsslash.com\"],\"url\":\"https:\/\/newsslash.com\/n\/author\/daniela_h\/\"}]}<\/script>\n<!-- \/ Yoast SEO plugin. -->","yoast_head_json":{"title":"Kaulitz & Kaulitz Staffel 2 \u00e2\u20ac\u201c Wann geht es auf Netflix ... - Newsslash","robots":{"index":"noindex","follow":"follow"},"og_locale":"en_US","og_type":"article","og_title":"Kaulitz & Kaulitz Staffel 2 \u00e2\u20ac\u201c Wann geht es auf Netflix ... - Newsslash","og_description":"Von einigen gehasst, von vielen geliebt: das sind Kaulitz & Kaulitz, die beiden Zwillinge von Tokio Hotel, die mit ihrer Band, aber... Mehr auf Newsslash.com!","og_url":"https:\/\/newsslash.com\/n\/17565-kaulitz-und-kaulitz-staffel-2-wann-geht-es-auf-netflix-weiter\/","og_site_name":"Newsslash","article_published_time":"2024-08-07T10:43:08+00:00","og_image":[{"width":1280,"height":854,"url":"https:\/\/newsslash.com\/n\/wp-content\/uploads\/2025\/04\/NewsSlash-Featured-Image.jpg","type":"image\/jpeg"}],"author":"Daniela H","twitter_card":"summary_large_image","twitter_misc":{"Written by":"Daniela H","Est. reading time":"2 minutes"},"schema":{"@context":"https:\/\/schema.org","@graph":[{"@type":"Article","@id":"https:\/\/newsslash.com\/n\/17565-kaulitz-und-kaulitz-staffel-2-wann-geht-es-auf-netflix-weiter\/#article","isPartOf":{"@id":"https:\/\/newsslash.com\/n\/17565-kaulitz-und-kaulitz-staffel-2-wann-geht-es-auf-netflix-weiter\/"},"author":{"name":"Daniela H","@id":"https:\/\/newsslash.com\/n\/#\/schema\/person\/cb1381eb00b5dc4b3071475e9866df11"},"headline":"Kaulitz &#038; Kaulitz Staffel 2 \u00e2\u20ac\u201c Wann geht es auf Netflix &#8230;","datePublished":"2024-08-07T10:43:08+00:00","mainEntityOfPage":{"@id":"https:\/\/newsslash.com\/n\/17565-kaulitz-und-kaulitz-staffel-2-wann-geht-es-auf-netflix-weiter\/"},"wordCount":379,"commentCount":0,"publisher":{"@id":"https:\/\/newsslash.com\/n\/#organization"},"image":{"@id":"https:\/\/newsslash.com\/n\/17565-kaulitz-und-kaulitz-staffel-2-wann-geht-es-auf-netflix-weiter\/#primaryimage"},"thumbnailUrl":"https:\/\/newsslash.com\/n\/wp-content\/uploads\/2025\/04\/NewsSlash-Featured-Image.jpg","articleSection":["Blog"],"inLanguage":"en-US","potentialAction":[{"@type":"CommentAction","name":"Comment","target":["https:\/\/newsslash.com\/n\/17565-kaulitz-und-kaulitz-staffel-2-wann-geht-es-auf-netflix-weiter\/#respond"]}]},{"@type":"WebPage","@id":"https:\/\/newsslash.com\/n\/17565-kaulitz-und-kaulitz-staffel-2-wann-geht-es-auf-netflix-weiter\/","url":"https:\/\/newsslash.com\/n\/17565-kaulitz-und-kaulitz-staffel-2-wann-geht-es-auf-netflix-weiter\/","name":"Kaulitz & Kaulitz Staffel 2 \u00e2\u20ac\u201c Wann geht es auf Netflix ... - Newsslash","isPartOf":{"@id":"https:\/\/newsslash.com\/n\/#website"},"primaryImageOfPage":{"@id":"https:\/\/newsslash.com\/n\/17565-kaulitz-und-kaulitz-staffel-2-wann-geht-es-auf-netflix-weiter\/#primaryimage"},"image":{"@id":"https:\/\/newsslash.com\/n\/17565-kaulitz-und-kaulitz-staffel-2-wann-geht-es-auf-netflix-weiter\/#primaryimage"},"thumbnailUrl":"https:\/\/newsslash.com\/n\/wp-content\/uploads\/2025\/04\/NewsSlash-Featured-Image.jpg","datePublished":"2024-08-07T10:43:08+00:00","breadcrumb":{"@id":"https:\/\/newsslash.com\/n\/17565-kaulitz-und-kaulitz-staffel-2-wann-geht-es-auf-netflix-weiter\/#breadcrumb"},"inLanguage":"en-US","potentialAction":[{"@type":"ReadAction","target":["https:\/\/newsslash.com\/n\/17565-kaulitz-und-kaulitz-staffel-2-wann-geht-es-auf-netflix-weiter\/"]}]},{"@type":"ImageObject","inLanguage":"en-US","@id":"https:\/\/newsslash.com\/n\/17565-kaulitz-und-kaulitz-staffel-2-wann-geht-es-auf-netflix-weiter\/#primaryimage","url":"https:\/\/newsslash.com\/n\/wp-content\/uploads\/2025\/04\/NewsSlash-Featured-Image.jpg","contentUrl":"https:\/\/newsslash.com\/n\/wp-content\/uploads\/2025\/04\/NewsSlash-Featured-Image.jpg","width":1280,"height":854},{"@type":"BreadcrumbList","@id":"https:\/\/newsslash.com\/n\/17565-kaulitz-und-kaulitz-staffel-2-wann-geht-es-auf-netflix-weiter\/#breadcrumb","itemListElement":[{"@type":"ListItem","position":1,"name":"Home","item":"https:\/\/newsslash.com\/n\/"},{"@type":"ListItem","position":2,"name":"Kaulitz &#038; Kaulitz Staffel 2 \u00e2\u20ac\u201c Wann geht es auf Netflix &#8230;"}]},{"@type":"WebSite","@id":"https:\/\/newsslash.com\/n\/#website","url":"https:\/\/newsslash.com\/n\/","name":"Newsslash","description":"Trending News on Movies, Series, OTT, Gaming","publisher":{"@id":"https:\/\/newsslash.com\/n\/#organization"},"potentialAction":[{"@type":"SearchAction","target":{"@type":"EntryPoint","urlTemplate":"https:\/\/newsslash.com\/n\/?s={search_term_string}"},"query-input":{"@type":"PropertyValueSpecification","valueRequired":true,"valueName":"search_term_string"}}],"inLanguage":"en-US"},{"@type":"Organization","@id":"https:\/\/newsslash.com\/n\/#organization","name":"Newsslash","url":"https:\/\/newsslash.com\/n\/","logo":{"@type":"ImageObject","inLanguage":"en-US","@id":"https:\/\/newsslash.com\/n\/#\/schema\/logo\/image\/","url":"https:\/\/newsslash.com\/n\/wp-content\/uploads\/2025\/04\/cropped-Newsslash-logo-Fevicon.png","contentUrl":"https:\/\/newsslash.com\/n\/wp-content\/uploads\/2025\/04\/cropped-Newsslash-logo-Fevicon.png","width":512,"height":512,"caption":"Newsslash"},"image":{"@id":"https:\/\/newsslash.com\/n\/#\/schema\/logo\/image\/"}},{"@type":"Person","@id":"https:\/\/newsslash.com\/n\/#\/schema\/person\/cb1381eb00b5dc4b3071475e9866df11","name":"Daniela H","sameAs":["https:\/\/newsslash.com"],"url":"https:\/\/newsslash.com\/n\/author\/daniela_h\/"}]}},"_links":{"self":[{"href":"https:\/\/newsslash.com\/n\/wp-json\/wp\/v2\/posts\/21654","targetHints":{"allow":["GET"]}}],"collection":[{"href":"https:\/\/newsslash.com\/n\/wp-json\/wp\/v2\/posts"}],"about":[{"href":"https:\/\/newsslash.com\/n\/wp-json\/wp\/v2\/types\/post"}],"author":[{"embeddable":true,"href":"https:\/\/newsslash.com\/n\/wp-json\/wp\/v2\/users\/7"}],"replies":[{"embeddable":true,"href":"https:\/\/newsslash.com\/n\/wp-json\/wp\/v2\/comments?post=21654"}],"version-history":[{"count":0,"href":"https:\/\/newsslash.com\/n\/wp-json\/wp\/v2\/posts\/21654\/revisions"}],"wp:featuredmedia":[{"embeddable":true,"href":"https:\/\/newsslash.com\/n\/wp-json\/wp\/v2\/media\/21974"}],"wp:attachment":[{"href":"https:\/\/newsslash.com\/n\/wp-json\/wp\/v2\/media?parent=21654"}],"curies":[{"name":"wp","href":"https:\/\/api.w.org\/{rel}","templated":true}]}}