{"id":21664,"date":"2024-08-15T20:34:52","date_gmt":"2024-08-15T20:34:52","guid":{"rendered":"https:\/\/newsslash.com\/n\/17575-neuer-brachialer-trailer-bereitet-auf-die-ankunft-von-die-ringe-der-macht-staffel-2-vor\/"},"modified":"2024-08-15T20:34:52","modified_gmt":"2024-08-15T20:34:52","slug":"17575-neuer-brachialer-trailer-bereitet-auf-die-ankunft-von-die-ringe-der-macht-staffel-2-vor","status":"publish","type":"post","link":"https:\/\/newsslash.com\/n\/17575-neuer-brachialer-trailer-bereitet-auf-die-ankunft-von-die-ringe-der-macht-staffel-2-vor\/","title":{"rendered":"Neuer brachialer Trailer bereitet auf die Ankunft von Die&#8230;"},"content":{"rendered":"<p>Nur noch knappe zwei Wochen trennen die Fans von Tolkiens Herr der Ringe von der zweiten Staffel der Amazon-Serie Die Ringe der Macht. Nach einem ersten langen Trailer von der Comic-Con San Diego gibt es nun einen weiteren Trailer von Amazon Prime Video, der auf die am 29. August 2024 startenden neuen Folgen einstimmt. Und dieser ist mindestens ebenso epochal und brachial wie schon der erste Blick auf Der Herr der Ringe: Die Ringe der Macht Season 2. Au\u00c3\u0178erdem gew\u00c3\u00a4hrt der Trailer einen ersten Blick auf Neuzugang Claran Hinds, dessen Kost\u00c3\u00bcm doch stark nach der Rolle des fiesen Zauberers Saruman erinnert. Der neue Trailer zu Die Ringe der Macht Staffel 2 zeigt, wie episch die neuen Episoden werden d\u00c3\u00bcrften. Sagenhafte Schlachten zwischen Elben und Orks stehen an, die ganze drei Folgen einnehmen werden. Der Krieg kommt nach Mittelerde lautet die \u00c3\u0153berschrift zur zweiten Staffel der Serie, die die K\u00c3\u00a4mpfe zwischen Sauron und Galadriel einleiten wird. Sauron will seine Kr\u00c3\u00a4fte wieder und alle Fans d\u00c3\u00bcrfen gespannt sein, zu welchen fiesen Mitteln er daf\u00c3\u00bcr greift. Und mit wem werden sich die Elben zusammentun, um die Unterwerfung von Mittelerde zu verhindern. Auch die Rolle von Saruman verspricht interessant zu werden. Und dann ist auch noch das Live-Action-Deb\u00c3\u00bct von Tom Bombadi, gespielt von Rory Kinnean, mit dabei. Insgesamt scheint die zwei Season von The Rings of Power d\u00c3\u00bcsterer und bedrohlicher zu sein als die erste Staffel und der Trailer l\u00c3\u00a4sst unsere Herzen vor Aufregung nun doch wieder ein bisschen h\u00c3\u00b6herschlagen. Und hier ist der neue Trailer f\u00c3\u00bcr euch: <iframe loading=\"lazy\" allowfullscreen=\"\" frameborder=\"0\" height=\"315\" src=\"https:\/\/www.youtube-nocookie.com\/embed\/ISEBHznFZSU?si=Cnkx8N2gelILgm2g\" width=\"100%\"><\/iframe><\/p><div class=\"newss-content\" id=\"newss-684043090\"><script async src=\"\/\/pagead2.googlesyndication.com\/pagead\/js\/adsbygoogle.js?client=ca-pub-7733425960004873\" crossorigin=\"anonymous\"><\/script><ins class=\"adsbygoogle\" style=\"display:block;\" data-ad-client=\"ca-pub-7733425960004873\" \ndata-ad-slot=\"2582020599\" \ndata-ad-format=\"auto\"><\/ins>\n<script> \n(adsbygoogle = window.adsbygoogle || []).push({}); \n<\/script>\n<\/div><div class=\"newss-article-1\" id=\"newss-2211082535\"><script async src=\"https:\/\/pagead2.googlesyndication.com\/pagead\/js\/adsbygoogle.js?client=ca-pub-7733425960004873\"\r\n     crossorigin=\"anonymous\"><\/script>\r\n<!-- Homepage2 -->\r\n<ins class=\"adsbygoogle\"\r\n     style=\"display:block\"\r\n     data-ad-client=\"ca-pub-7733425960004873\"\r\n     data-ad-slot=\"2582020599\"\r\n     data-ad-format=\"auto\"\r\n     data-full-width-responsive=\"true\"><\/ins>\r\n<script>\r\n     (adsbygoogle = window.adsbygoogle || []).push({});\r\n<\/script><\/div>\n","protected":false},"excerpt":{"rendered":"<p>Am 29. August geht es bei Amazon Prime Video mit neuen Folgen der Serie Der Herr der Ringe: Die Ringe der Macht weiter. Nun hat der&#8230; Mehr auf Newsslash.com!<\/p>\n","protected":false},"author":7,"featured_media":21974,"comment_status":"open","ping_status":"open","sticky":false,"template":"","format":"standard","meta":{"_et_pb_use_builder":"","_et_pb_old_content":"","_et_gb_content_width":"","footnotes":""},"class_list":["post-21664","post","type-post","status-publish","format-standard","has-post-thumbnail","hentry","category-blog"],"yoast_head":"<!-- This site is optimized with the Yoast SEO plugin v24.8.1 - https:\/\/yoast.com\/wordpress\/plugins\/seo\/ -->\n<title>Neuer brachialer Trailer bereitet auf die Ankunft von Die... - Newsslash<\/title>\n<meta name=\"robots\" content=\"noindex, follow\" \/>\n<meta property=\"og:locale\" content=\"en_US\" \/>\n<meta property=\"og:type\" content=\"article\" \/>\n<meta property=\"og:title\" content=\"Neuer brachialer Trailer bereitet auf die Ankunft von Die... - Newsslash\" \/>\n<meta property=\"og:description\" content=\"Am 29. August geht es bei Amazon Prime Video mit neuen Folgen der Serie Der Herr der Ringe: Die Ringe der Macht weiter. Nun hat der... Mehr auf Newsslash.com!\" \/>\n<meta property=\"og:url\" content=\"https:\/\/newsslash.com\/n\/17575-neuer-brachialer-trailer-bereitet-auf-die-ankunft-von-die-ringe-der-macht-staffel-2-vor\/\" \/>\n<meta property=\"og:site_name\" content=\"Newsslash\" \/>\n<meta property=\"article:published_time\" content=\"2024-08-15T20:34:52+00:00\" \/>\n<meta property=\"og:image\" content=\"https:\/\/newsslash.com\/n\/wp-content\/uploads\/2025\/04\/NewsSlash-Featured-Image.jpg\" \/>\n\t<meta property=\"og:image:width\" content=\"1280\" \/>\n\t<meta property=\"og:image:height\" content=\"854\" \/>\n\t<meta property=\"og:image:type\" content=\"image\/jpeg\" \/>\n<meta name=\"author\" content=\"Daniela H\" \/>\n<meta name=\"twitter:card\" content=\"summary_large_image\" \/>\n<meta name=\"twitter:label1\" content=\"Written by\" \/>\n\t<meta name=\"twitter:data1\" content=\"Daniela H\" \/>\n\t<meta name=\"twitter:label2\" content=\"Est. reading time\" \/>\n\t<meta name=\"twitter:data2\" content=\"1 minute\" \/>\n<script type=\"application\/ld+json\" class=\"yoast-schema-graph\">{\"@context\":\"https:\/\/schema.org\",\"@graph\":[{\"@type\":\"Article\",\"@id\":\"https:\/\/newsslash.com\/n\/17575-neuer-brachialer-trailer-bereitet-auf-die-ankunft-von-die-ringe-der-macht-staffel-2-vor\/#article\",\"isPartOf\":{\"@id\":\"https:\/\/newsslash.com\/n\/17575-neuer-brachialer-trailer-bereitet-auf-die-ankunft-von-die-ringe-der-macht-staffel-2-vor\/\"},\"author\":{\"name\":\"Daniela H\",\"@id\":\"https:\/\/newsslash.com\/n\/#\/schema\/person\/cb1381eb00b5dc4b3071475e9866df11\"},\"headline\":\"Neuer brachialer Trailer bereitet auf die Ankunft von Die&#8230;\",\"datePublished\":\"2024-08-15T20:34:52+00:00\",\"mainEntityOfPage\":{\"@id\":\"https:\/\/newsslash.com\/n\/17575-neuer-brachialer-trailer-bereitet-auf-die-ankunft-von-die-ringe-der-macht-staffel-2-vor\/\"},\"wordCount\":272,\"commentCount\":0,\"publisher\":{\"@id\":\"https:\/\/newsslash.com\/n\/#organization\"},\"image\":{\"@id\":\"https:\/\/newsslash.com\/n\/17575-neuer-brachialer-trailer-bereitet-auf-die-ankunft-von-die-ringe-der-macht-staffel-2-vor\/#primaryimage\"},\"thumbnailUrl\":\"https:\/\/newsslash.com\/n\/wp-content\/uploads\/2025\/04\/NewsSlash-Featured-Image.jpg\",\"articleSection\":[\"Blog\"],\"inLanguage\":\"en-US\",\"potentialAction\":[{\"@type\":\"CommentAction\",\"name\":\"Comment\",\"target\":[\"https:\/\/newsslash.com\/n\/17575-neuer-brachialer-trailer-bereitet-auf-die-ankunft-von-die-ringe-der-macht-staffel-2-vor\/#respond\"]}]},{\"@type\":\"WebPage\",\"@id\":\"https:\/\/newsslash.com\/n\/17575-neuer-brachialer-trailer-bereitet-auf-die-ankunft-von-die-ringe-der-macht-staffel-2-vor\/\",\"url\":\"https:\/\/newsslash.com\/n\/17575-neuer-brachialer-trailer-bereitet-auf-die-ankunft-von-die-ringe-der-macht-staffel-2-vor\/\",\"name\":\"Neuer brachialer Trailer bereitet auf die Ankunft von Die... - Newsslash\",\"isPartOf\":{\"@id\":\"https:\/\/newsslash.com\/n\/#website\"},\"primaryImageOfPage\":{\"@id\":\"https:\/\/newsslash.com\/n\/17575-neuer-brachialer-trailer-bereitet-auf-die-ankunft-von-die-ringe-der-macht-staffel-2-vor\/#primaryimage\"},\"image\":{\"@id\":\"https:\/\/newsslash.com\/n\/17575-neuer-brachialer-trailer-bereitet-auf-die-ankunft-von-die-ringe-der-macht-staffel-2-vor\/#primaryimage\"},\"thumbnailUrl\":\"https:\/\/newsslash.com\/n\/wp-content\/uploads\/2025\/04\/NewsSlash-Featured-Image.jpg\",\"datePublished\":\"2024-08-15T20:34:52+00:00\",\"breadcrumb\":{\"@id\":\"https:\/\/newsslash.com\/n\/17575-neuer-brachialer-trailer-bereitet-auf-die-ankunft-von-die-ringe-der-macht-staffel-2-vor\/#breadcrumb\"},\"inLanguage\":\"en-US\",\"potentialAction\":[{\"@type\":\"ReadAction\",\"target\":[\"https:\/\/newsslash.com\/n\/17575-neuer-brachialer-trailer-bereitet-auf-die-ankunft-von-die-ringe-der-macht-staffel-2-vor\/\"]}]},{\"@type\":\"ImageObject\",\"inLanguage\":\"en-US\",\"@id\":\"https:\/\/newsslash.com\/n\/17575-neuer-brachialer-trailer-bereitet-auf-die-ankunft-von-die-ringe-der-macht-staffel-2-vor\/#primaryimage\",\"url\":\"https:\/\/newsslash.com\/n\/wp-content\/uploads\/2025\/04\/NewsSlash-Featured-Image.jpg\",\"contentUrl\":\"https:\/\/newsslash.com\/n\/wp-content\/uploads\/2025\/04\/NewsSlash-Featured-Image.jpg\",\"width\":1280,\"height\":854},{\"@type\":\"BreadcrumbList\",\"@id\":\"https:\/\/newsslash.com\/n\/17575-neuer-brachialer-trailer-bereitet-auf-die-ankunft-von-die-ringe-der-macht-staffel-2-vor\/#breadcrumb\",\"itemListElement\":[{\"@type\":\"ListItem\",\"position\":1,\"name\":\"Home\",\"item\":\"https:\/\/newsslash.com\/n\/\"},{\"@type\":\"ListItem\",\"position\":2,\"name\":\"Neuer brachialer Trailer bereitet auf die Ankunft von Die&#8230;\"}]},{\"@type\":\"WebSite\",\"@id\":\"https:\/\/newsslash.com\/n\/#website\",\"url\":\"https:\/\/newsslash.com\/n\/\",\"name\":\"Newsslash\",\"description\":\"Trending News on Movies, Series, OTT, Gaming\",\"publisher\":{\"@id\":\"https:\/\/newsslash.com\/n\/#organization\"},\"potentialAction\":[{\"@type\":\"SearchAction\",\"target\":{\"@type\":\"EntryPoint\",\"urlTemplate\":\"https:\/\/newsslash.com\/n\/?s={search_term_string}\"},\"query-input\":{\"@type\":\"PropertyValueSpecification\",\"valueRequired\":true,\"valueName\":\"search_term_string\"}}],\"inLanguage\":\"en-US\"},{\"@type\":\"Organization\",\"@id\":\"https:\/\/newsslash.com\/n\/#organization\",\"name\":\"Newsslash\",\"url\":\"https:\/\/newsslash.com\/n\/\",\"logo\":{\"@type\":\"ImageObject\",\"inLanguage\":\"en-US\",\"@id\":\"https:\/\/newsslash.com\/n\/#\/schema\/logo\/image\/\",\"url\":\"https:\/\/newsslash.com\/n\/wp-content\/uploads\/2025\/04\/cropped-Newsslash-logo-Fevicon.png\",\"contentUrl\":\"https:\/\/newsslash.com\/n\/wp-content\/uploads\/2025\/04\/cropped-Newsslash-logo-Fevicon.png\",\"width\":512,\"height\":512,\"caption\":\"Newsslash\"},\"image\":{\"@id\":\"https:\/\/newsslash.com\/n\/#\/schema\/logo\/image\/\"}},{\"@type\":\"Person\",\"@id\":\"https:\/\/newsslash.com\/n\/#\/schema\/person\/cb1381eb00b5dc4b3071475e9866df11\",\"name\":\"Daniela H\",\"sameAs\":[\"https:\/\/newsslash.com\"],\"url\":\"https:\/\/newsslash.com\/n\/author\/daniela_h\/\"}]}<\/script>\n<!-- \/ Yoast SEO plugin. -->","yoast_head_json":{"title":"Neuer brachialer Trailer bereitet auf die Ankunft von Die... - Newsslash","robots":{"index":"noindex","follow":"follow"},"og_locale":"en_US","og_type":"article","og_title":"Neuer brachialer Trailer bereitet auf die Ankunft von Die... - Newsslash","og_description":"Am 29. August geht es bei Amazon Prime Video mit neuen Folgen der Serie Der Herr der Ringe: Die Ringe der Macht weiter. Nun hat der... Mehr auf Newsslash.com!","og_url":"https:\/\/newsslash.com\/n\/17575-neuer-brachialer-trailer-bereitet-auf-die-ankunft-von-die-ringe-der-macht-staffel-2-vor\/","og_site_name":"Newsslash","article_published_time":"2024-08-15T20:34:52+00:00","og_image":[{"width":1280,"height":854,"url":"https:\/\/newsslash.com\/n\/wp-content\/uploads\/2025\/04\/NewsSlash-Featured-Image.jpg","type":"image\/jpeg"}],"author":"Daniela H","twitter_card":"summary_large_image","twitter_misc":{"Written by":"Daniela H","Est. reading time":"1 minute"},"schema":{"@context":"https:\/\/schema.org","@graph":[{"@type":"Article","@id":"https:\/\/newsslash.com\/n\/17575-neuer-brachialer-trailer-bereitet-auf-die-ankunft-von-die-ringe-der-macht-staffel-2-vor\/#article","isPartOf":{"@id":"https:\/\/newsslash.com\/n\/17575-neuer-brachialer-trailer-bereitet-auf-die-ankunft-von-die-ringe-der-macht-staffel-2-vor\/"},"author":{"name":"Daniela H","@id":"https:\/\/newsslash.com\/n\/#\/schema\/person\/cb1381eb00b5dc4b3071475e9866df11"},"headline":"Neuer brachialer Trailer bereitet auf die Ankunft von Die&#8230;","datePublished":"2024-08-15T20:34:52+00:00","mainEntityOfPage":{"@id":"https:\/\/newsslash.com\/n\/17575-neuer-brachialer-trailer-bereitet-auf-die-ankunft-von-die-ringe-der-macht-staffel-2-vor\/"},"wordCount":272,"commentCount":0,"publisher":{"@id":"https:\/\/newsslash.com\/n\/#organization"},"image":{"@id":"https:\/\/newsslash.com\/n\/17575-neuer-brachialer-trailer-bereitet-auf-die-ankunft-von-die-ringe-der-macht-staffel-2-vor\/#primaryimage"},"thumbnailUrl":"https:\/\/newsslash.com\/n\/wp-content\/uploads\/2025\/04\/NewsSlash-Featured-Image.jpg","articleSection":["Blog"],"inLanguage":"en-US","potentialAction":[{"@type":"CommentAction","name":"Comment","target":["https:\/\/newsslash.com\/n\/17575-neuer-brachialer-trailer-bereitet-auf-die-ankunft-von-die-ringe-der-macht-staffel-2-vor\/#respond"]}]},{"@type":"WebPage","@id":"https:\/\/newsslash.com\/n\/17575-neuer-brachialer-trailer-bereitet-auf-die-ankunft-von-die-ringe-der-macht-staffel-2-vor\/","url":"https:\/\/newsslash.com\/n\/17575-neuer-brachialer-trailer-bereitet-auf-die-ankunft-von-die-ringe-der-macht-staffel-2-vor\/","name":"Neuer brachialer Trailer bereitet auf die Ankunft von Die... - Newsslash","isPartOf":{"@id":"https:\/\/newsslash.com\/n\/#website"},"primaryImageOfPage":{"@id":"https:\/\/newsslash.com\/n\/17575-neuer-brachialer-trailer-bereitet-auf-die-ankunft-von-die-ringe-der-macht-staffel-2-vor\/#primaryimage"},"image":{"@id":"https:\/\/newsslash.com\/n\/17575-neuer-brachialer-trailer-bereitet-auf-die-ankunft-von-die-ringe-der-macht-staffel-2-vor\/#primaryimage"},"thumbnailUrl":"https:\/\/newsslash.com\/n\/wp-content\/uploads\/2025\/04\/NewsSlash-Featured-Image.jpg","datePublished":"2024-08-15T20:34:52+00:00","breadcrumb":{"@id":"https:\/\/newsslash.com\/n\/17575-neuer-brachialer-trailer-bereitet-auf-die-ankunft-von-die-ringe-der-macht-staffel-2-vor\/#breadcrumb"},"inLanguage":"en-US","potentialAction":[{"@type":"ReadAction","target":["https:\/\/newsslash.com\/n\/17575-neuer-brachialer-trailer-bereitet-auf-die-ankunft-von-die-ringe-der-macht-staffel-2-vor\/"]}]},{"@type":"ImageObject","inLanguage":"en-US","@id":"https:\/\/newsslash.com\/n\/17575-neuer-brachialer-trailer-bereitet-auf-die-ankunft-von-die-ringe-der-macht-staffel-2-vor\/#primaryimage","url":"https:\/\/newsslash.com\/n\/wp-content\/uploads\/2025\/04\/NewsSlash-Featured-Image.jpg","contentUrl":"https:\/\/newsslash.com\/n\/wp-content\/uploads\/2025\/04\/NewsSlash-Featured-Image.jpg","width":1280,"height":854},{"@type":"BreadcrumbList","@id":"https:\/\/newsslash.com\/n\/17575-neuer-brachialer-trailer-bereitet-auf-die-ankunft-von-die-ringe-der-macht-staffel-2-vor\/#breadcrumb","itemListElement":[{"@type":"ListItem","position":1,"name":"Home","item":"https:\/\/newsslash.com\/n\/"},{"@type":"ListItem","position":2,"name":"Neuer brachialer Trailer bereitet auf die Ankunft von Die&#8230;"}]},{"@type":"WebSite","@id":"https:\/\/newsslash.com\/n\/#website","url":"https:\/\/newsslash.com\/n\/","name":"Newsslash","description":"Trending News on Movies, Series, OTT, Gaming","publisher":{"@id":"https:\/\/newsslash.com\/n\/#organization"},"potentialAction":[{"@type":"SearchAction","target":{"@type":"EntryPoint","urlTemplate":"https:\/\/newsslash.com\/n\/?s={search_term_string}"},"query-input":{"@type":"PropertyValueSpecification","valueRequired":true,"valueName":"search_term_string"}}],"inLanguage":"en-US"},{"@type":"Organization","@id":"https:\/\/newsslash.com\/n\/#organization","name":"Newsslash","url":"https:\/\/newsslash.com\/n\/","logo":{"@type":"ImageObject","inLanguage":"en-US","@id":"https:\/\/newsslash.com\/n\/#\/schema\/logo\/image\/","url":"https:\/\/newsslash.com\/n\/wp-content\/uploads\/2025\/04\/cropped-Newsslash-logo-Fevicon.png","contentUrl":"https:\/\/newsslash.com\/n\/wp-content\/uploads\/2025\/04\/cropped-Newsslash-logo-Fevicon.png","width":512,"height":512,"caption":"Newsslash"},"image":{"@id":"https:\/\/newsslash.com\/n\/#\/schema\/logo\/image\/"}},{"@type":"Person","@id":"https:\/\/newsslash.com\/n\/#\/schema\/person\/cb1381eb00b5dc4b3071475e9866df11","name":"Daniela H","sameAs":["https:\/\/newsslash.com"],"url":"https:\/\/newsslash.com\/n\/author\/daniela_h\/"}]}},"_links":{"self":[{"href":"https:\/\/newsslash.com\/n\/wp-json\/wp\/v2\/posts\/21664","targetHints":{"allow":["GET"]}}],"collection":[{"href":"https:\/\/newsslash.com\/n\/wp-json\/wp\/v2\/posts"}],"about":[{"href":"https:\/\/newsslash.com\/n\/wp-json\/wp\/v2\/types\/post"}],"author":[{"embeddable":true,"href":"https:\/\/newsslash.com\/n\/wp-json\/wp\/v2\/users\/7"}],"replies":[{"embeddable":true,"href":"https:\/\/newsslash.com\/n\/wp-json\/wp\/v2\/comments?post=21664"}],"version-history":[{"count":0,"href":"https:\/\/newsslash.com\/n\/wp-json\/wp\/v2\/posts\/21664\/revisions"}],"wp:featuredmedia":[{"embeddable":true,"href":"https:\/\/newsslash.com\/n\/wp-json\/wp\/v2\/media\/21974"}],"wp:attachment":[{"href":"https:\/\/newsslash.com\/n\/wp-json\/wp\/v2\/media?parent=21664"}],"curies":[{"name":"wp","href":"https:\/\/api.w.org\/{rel}","templated":true}]}}