{"id":21667,"date":"2024-08-29T10:30:00","date_gmt":"2024-08-29T10:30:00","guid":{"rendered":"https:\/\/newsslash.com\/n\/17578-wann-kommt-kaos-staffel-2-auf-netflix\/"},"modified":"2024-08-29T10:30:00","modified_gmt":"2024-08-29T10:30:00","slug":"17578-wann-kommt-kaos-staffel-2-auf-netflix","status":"publish","type":"post","link":"https:\/\/newsslash.com\/n\/17578-wann-kommt-kaos-staffel-2-auf-netflix\/","title":{"rendered":"Wann kommt KAOS Staffel 2 auf Netflix?"},"content":{"rendered":"<p>KAOS hei\u00c3\u0178t die neue Netflix-Serie, die seit dem 29. August beim Streamer zu sehen ist. Hier geht es um den allm\u00c3\u00a4chtigen Zeus, der durch eine Falte auf der Stirn in eine Existenzkrise verf\u00c3\u00a4llt. Wird Zeus aus dieser Paranoia jemals wieder herauskommen und was ist mit den anderen Gottheiten, die allesamt nicht s sind, wie wir uns das anhand der heldenhaften antiken Geschichten so vorstellen. Und dann noch die wichtigste Frage: Wann kommt KAOS Staffel 2 bei Netflix? <\/p><div class=\"newss-content\" id=\"newss-1262541903\"><script async src=\"\/\/pagead2.googlesyndication.com\/pagead\/js\/adsbygoogle.js?client=ca-pub-7733425960004873\" crossorigin=\"anonymous\"><\/script><ins class=\"adsbygoogle\" style=\"display:block;\" data-ad-client=\"ca-pub-7733425960004873\" \ndata-ad-slot=\"2582020599\" \ndata-ad-format=\"auto\"><\/ins>\n<script> \n(adsbygoogle = window.adsbygoogle || []).push({}); \n<\/script>\n<\/div><div class=\"newss-article-1\" id=\"newss-3084836774\"><script async src=\"https:\/\/pagead2.googlesyndication.com\/pagead\/js\/adsbygoogle.js?client=ca-pub-7733425960004873\"\r\n     crossorigin=\"anonymous\"><\/script>\r\n<!-- Homepage2 -->\r\n<ins class=\"adsbygoogle\"\r\n     style=\"display:block\"\r\n     data-ad-client=\"ca-pub-7733425960004873\"\r\n     data-ad-slot=\"2582020599\"\r\n     data-ad-format=\"auto\"\r\n     data-full-width-responsive=\"true\"><\/ins>\r\n<script>\r\n     (adsbygoogle = window.adsbygoogle || []).push({});\r\n<\/script><\/div>\n<div>Anzeige:<\/div>\n<p><ins data-ad-client=\"ca-pub-3647021458695789\" data-ad-format=\"link\" data-ad-slot=\"7996975644\" style=\"display:block\"><\/ins> Wann die zweite Staffel der Serie KAOS bei Netflix kommt, k\u00c3\u00b6nnen wir euch an dieser Stelle leider noch nicht verraten. Es gibt auch noch keine offiziellen Meldungen zu einer Fortsetzung der ungew\u00c3\u00b6hnlich humorigen und chaotischen Inszenierung der G\u00c3\u00b6tterwelt um Zeus und seine Hera. Aber wir haben ein Video gefunden, in dem ein serienbegeisterter YouTuber davon erz\u00c3\u00a4hlt, dass die zweite Season schon bestellt sei und er denkt sogar, dass KAOS Staffel 2 noch in diesem Jahr, sp\u00c3\u00a4testens aber im ersten Quartal 2025 bei Netflix an den Start gehen soll. Wir sind uns unsicher, ob wir das glauben sollen und warten daher mit unserer Aussage zu weiteren Episoden ein offizielles Statement von Netflix ab. Wir informieren euch in den t\u00c3\u00a4glichen News oder ihr findet den Start sp\u00c3\u00a4testens heraus, wenn wir euch einen ersten Trailer zu KAOS Staffel 2 zeigen. <b>Darum geht es in der Serie KAOS<\/b> Eine neue Serie \u00c3\u00bcber G\u00c3\u00b6ttervater Zeus und seine gro\u00c3\u0178e Familie ist seit dem 29. August bei Netflix zu sehen. Nicht schon wieder, denkst du ihr? Doch! Denn hier geht\u00e2\u20ac\u2122s ganz anders zu, als ihr euch das vorstellt. Also aufgepasst und mitgelesen! Alles beginnt damit, dass der m\u00c3\u00a4chtige G\u00c3\u00b6ttervater Zeus eines Tages eine Falte auf seiner Stirn bemerkt. Der Boss der Gottheiten ist aber nicht nur m\u00c3\u00a4chtig, sondern auch zutiefst unsicher. Diese eine Falte gen\u00c3\u00bcgt, um ihn in eine ausufernde Paranoia zu st\u00c3\u00bcrzen, denn nun ist der Niedergang der g\u00c3\u00b6ttlichen Kultur Griechenlands in vollem Gange. Dass diese Falte nicht ein Zeichen des Alterns (denn G\u00c3\u00b6tter altern nat\u00c3\u00bcrlich nicht), sondern eines seiner unb\u00c3\u00a4ndigen Rachsucht ist, die ihn die Stirn allzu oft in Zornesfalten legen l\u00c3\u00a4sst, darauf kommt Zeus nat\u00c3\u00bcrlich nicht. Zumal sich ja \u00c3\u00bcberall die Zeichen des Verfalls, des Verrats und des Unheils zeigen. G\u00c3\u00b6ttergattin Hera sieht das alles gar nicht gern, denn die Paranoia von Zeus hindert sie an der Aus\u00c3\u00bcbung ihrer Macht und der Freiheit, die sie auf Erden genie\u00c3\u0178t. Und dann ist da noch Dionysos, ein Sohn von Zeus, der sich gerade mal wieder auf einem etwas abtr\u00c3\u00bcnnigen Pfad befindet, als bei Vater Zeus die Welt aus den Fugen ger\u00c3\u00a4t. Wer die Serie noch nicht gesehen hat, wird sich davon \u00c3\u00bcberzeugen k\u00c3\u00b6nnen, dass aber auch al die anderen G\u00c3\u00b6tter und Halbg\u00c3\u00b6tter keine schillernden Vorbilder vern\u00c3\u00bcnftigen Handelns und Denkens sind. Achja, das Wichtigste vielleicht noch: W\u00c3\u00a4hrend die G\u00c3\u00b6tterwelt in KASO, Verzeihung Chaos, versinkt, werden vier gew\u00c3\u00b6hnliche Menschen gemeinsam in einen Kampf gegen die G\u00c3\u00b6tter geschickt\u00e2\u20ac\u00a6. <iframe loading=\"lazy\" allowfullscreen=\"\" frameborder=\"0\" height=\"315\" src=\"https:\/\/www.youtube-nocookie.com\/embed\/tcGEjOz23kw?si=Rq9Za2_J903G2ZXK\" width=\"100%\"><\/iframe> <iframe loading=\"lazy\" allowfullscreen=\"\" frameborder=\"0\" height=\"315\" src=\"https:\/\/www.youtube-nocookie.com\/embed\/x5ytYNxDh28?si=lvWvAWKMZ1Dla4Gx\" width=\"100%\"><\/iframe><\/p>\n","protected":false},"excerpt":{"rendered":"<p>Ein bisschen schwarzer Humor in Kombination mit griechischer Mythologie gef\u00c3\u00a4llig? Dann d\u00c3\u00bcrft ihr die erste Staffel der&#8230; Mehr auf Newsslash.com!<\/p>\n","protected":false},"author":7,"featured_media":21974,"comment_status":"open","ping_status":"open","sticky":false,"template":"","format":"standard","meta":{"_et_pb_use_builder":"","_et_pb_old_content":"","_et_gb_content_width":"","footnotes":""},"class_list":["post-21667","post","type-post","status-publish","format-standard","has-post-thumbnail","hentry","category-blog"],"yoast_head":"<!-- This site is optimized with the Yoast SEO plugin v24.8.1 - https:\/\/yoast.com\/wordpress\/plugins\/seo\/ -->\n<title>Wann kommt KAOS Staffel 2 auf Netflix? - Newsslash<\/title>\n<meta name=\"robots\" content=\"noindex, follow\" \/>\n<meta property=\"og:locale\" content=\"en_US\" \/>\n<meta property=\"og:type\" content=\"article\" \/>\n<meta property=\"og:title\" content=\"Wann kommt KAOS Staffel 2 auf Netflix? - Newsslash\" \/>\n<meta property=\"og:description\" content=\"Ein bisschen schwarzer Humor in Kombination mit griechischer Mythologie gef\u00c3\u00a4llig? Dann d\u00c3\u00bcrft ihr die erste Staffel der... Mehr auf Newsslash.com!\" \/>\n<meta property=\"og:url\" content=\"https:\/\/newsslash.com\/n\/17578-wann-kommt-kaos-staffel-2-auf-netflix\/\" \/>\n<meta property=\"og:site_name\" content=\"Newsslash\" \/>\n<meta property=\"article:published_time\" content=\"2024-08-29T10:30:00+00:00\" \/>\n<meta property=\"og:image\" content=\"https:\/\/newsslash.com\/n\/wp-content\/uploads\/2025\/04\/NewsSlash-Featured-Image.jpg\" \/>\n\t<meta property=\"og:image:width\" content=\"1280\" \/>\n\t<meta property=\"og:image:height\" content=\"854\" \/>\n\t<meta property=\"og:image:type\" content=\"image\/jpeg\" \/>\n<meta name=\"author\" content=\"Daniela H\" \/>\n<meta name=\"twitter:card\" content=\"summary_large_image\" \/>\n<meta name=\"twitter:label1\" content=\"Written by\" \/>\n\t<meta name=\"twitter:data1\" content=\"Daniela H\" \/>\n\t<meta name=\"twitter:label2\" content=\"Est. reading time\" \/>\n\t<meta name=\"twitter:data2\" content=\"3 minutes\" \/>\n<script type=\"application\/ld+json\" class=\"yoast-schema-graph\">{\"@context\":\"https:\/\/schema.org\",\"@graph\":[{\"@type\":\"Article\",\"@id\":\"https:\/\/newsslash.com\/n\/17578-wann-kommt-kaos-staffel-2-auf-netflix\/#article\",\"isPartOf\":{\"@id\":\"https:\/\/newsslash.com\/n\/17578-wann-kommt-kaos-staffel-2-auf-netflix\/\"},\"author\":{\"name\":\"Daniela H\",\"@id\":\"https:\/\/newsslash.com\/n\/#\/schema\/person\/cb1381eb00b5dc4b3071475e9866df11\"},\"headline\":\"Wann kommt KAOS Staffel 2 auf Netflix?\",\"datePublished\":\"2024-08-29T10:30:00+00:00\",\"mainEntityOfPage\":{\"@id\":\"https:\/\/newsslash.com\/n\/17578-wann-kommt-kaos-staffel-2-auf-netflix\/\"},\"wordCount\":514,\"commentCount\":45,\"publisher\":{\"@id\":\"https:\/\/newsslash.com\/n\/#organization\"},\"image\":{\"@id\":\"https:\/\/newsslash.com\/n\/17578-wann-kommt-kaos-staffel-2-auf-netflix\/#primaryimage\"},\"thumbnailUrl\":\"https:\/\/newsslash.com\/n\/wp-content\/uploads\/2025\/04\/NewsSlash-Featured-Image.jpg\",\"articleSection\":[\"Blog\"],\"inLanguage\":\"en-US\",\"potentialAction\":[{\"@type\":\"CommentAction\",\"name\":\"Comment\",\"target\":[\"https:\/\/newsslash.com\/n\/17578-wann-kommt-kaos-staffel-2-auf-netflix\/#respond\"]}]},{\"@type\":\"WebPage\",\"@id\":\"https:\/\/newsslash.com\/n\/17578-wann-kommt-kaos-staffel-2-auf-netflix\/\",\"url\":\"https:\/\/newsslash.com\/n\/17578-wann-kommt-kaos-staffel-2-auf-netflix\/\",\"name\":\"Wann kommt KAOS Staffel 2 auf Netflix? - Newsslash\",\"isPartOf\":{\"@id\":\"https:\/\/newsslash.com\/n\/#website\"},\"primaryImageOfPage\":{\"@id\":\"https:\/\/newsslash.com\/n\/17578-wann-kommt-kaos-staffel-2-auf-netflix\/#primaryimage\"},\"image\":{\"@id\":\"https:\/\/newsslash.com\/n\/17578-wann-kommt-kaos-staffel-2-auf-netflix\/#primaryimage\"},\"thumbnailUrl\":\"https:\/\/newsslash.com\/n\/wp-content\/uploads\/2025\/04\/NewsSlash-Featured-Image.jpg\",\"datePublished\":\"2024-08-29T10:30:00+00:00\",\"breadcrumb\":{\"@id\":\"https:\/\/newsslash.com\/n\/17578-wann-kommt-kaos-staffel-2-auf-netflix\/#breadcrumb\"},\"inLanguage\":\"en-US\",\"potentialAction\":[{\"@type\":\"ReadAction\",\"target\":[\"https:\/\/newsslash.com\/n\/17578-wann-kommt-kaos-staffel-2-auf-netflix\/\"]}]},{\"@type\":\"ImageObject\",\"inLanguage\":\"en-US\",\"@id\":\"https:\/\/newsslash.com\/n\/17578-wann-kommt-kaos-staffel-2-auf-netflix\/#primaryimage\",\"url\":\"https:\/\/newsslash.com\/n\/wp-content\/uploads\/2025\/04\/NewsSlash-Featured-Image.jpg\",\"contentUrl\":\"https:\/\/newsslash.com\/n\/wp-content\/uploads\/2025\/04\/NewsSlash-Featured-Image.jpg\",\"width\":1280,\"height\":854},{\"@type\":\"BreadcrumbList\",\"@id\":\"https:\/\/newsslash.com\/n\/17578-wann-kommt-kaos-staffel-2-auf-netflix\/#breadcrumb\",\"itemListElement\":[{\"@type\":\"ListItem\",\"position\":1,\"name\":\"Home\",\"item\":\"https:\/\/newsslash.com\/n\/\"},{\"@type\":\"ListItem\",\"position\":2,\"name\":\"Wann kommt KAOS Staffel 2 auf Netflix?\"}]},{\"@type\":\"WebSite\",\"@id\":\"https:\/\/newsslash.com\/n\/#website\",\"url\":\"https:\/\/newsslash.com\/n\/\",\"name\":\"Newsslash\",\"description\":\"Trending News on Movies, Series, OTT, Gaming\",\"publisher\":{\"@id\":\"https:\/\/newsslash.com\/n\/#organization\"},\"potentialAction\":[{\"@type\":\"SearchAction\",\"target\":{\"@type\":\"EntryPoint\",\"urlTemplate\":\"https:\/\/newsslash.com\/n\/?s={search_term_string}\"},\"query-input\":{\"@type\":\"PropertyValueSpecification\",\"valueRequired\":true,\"valueName\":\"search_term_string\"}}],\"inLanguage\":\"en-US\"},{\"@type\":\"Organization\",\"@id\":\"https:\/\/newsslash.com\/n\/#organization\",\"name\":\"Newsslash\",\"url\":\"https:\/\/newsslash.com\/n\/\",\"logo\":{\"@type\":\"ImageObject\",\"inLanguage\":\"en-US\",\"@id\":\"https:\/\/newsslash.com\/n\/#\/schema\/logo\/image\/\",\"url\":\"https:\/\/newsslash.com\/n\/wp-content\/uploads\/2025\/04\/cropped-Newsslash-logo-Fevicon.png\",\"contentUrl\":\"https:\/\/newsslash.com\/n\/wp-content\/uploads\/2025\/04\/cropped-Newsslash-logo-Fevicon.png\",\"width\":512,\"height\":512,\"caption\":\"Newsslash\"},\"image\":{\"@id\":\"https:\/\/newsslash.com\/n\/#\/schema\/logo\/image\/\"}},{\"@type\":\"Person\",\"@id\":\"https:\/\/newsslash.com\/n\/#\/schema\/person\/cb1381eb00b5dc4b3071475e9866df11\",\"name\":\"Daniela H\",\"sameAs\":[\"https:\/\/newsslash.com\"],\"url\":\"https:\/\/newsslash.com\/n\/author\/daniela_h\/\"}]}<\/script>\n<!-- \/ Yoast SEO plugin. -->","yoast_head_json":{"title":"Wann kommt KAOS Staffel 2 auf Netflix? - Newsslash","robots":{"index":"noindex","follow":"follow"},"og_locale":"en_US","og_type":"article","og_title":"Wann kommt KAOS Staffel 2 auf Netflix? - Newsslash","og_description":"Ein bisschen schwarzer Humor in Kombination mit griechischer Mythologie gef\u00c3\u00a4llig? Dann d\u00c3\u00bcrft ihr die erste Staffel der... Mehr auf Newsslash.com!","og_url":"https:\/\/newsslash.com\/n\/17578-wann-kommt-kaos-staffel-2-auf-netflix\/","og_site_name":"Newsslash","article_published_time":"2024-08-29T10:30:00+00:00","og_image":[{"width":1280,"height":854,"url":"https:\/\/newsslash.com\/n\/wp-content\/uploads\/2025\/04\/NewsSlash-Featured-Image.jpg","type":"image\/jpeg"}],"author":"Daniela H","twitter_card":"summary_large_image","twitter_misc":{"Written by":"Daniela H","Est. reading time":"3 minutes"},"schema":{"@context":"https:\/\/schema.org","@graph":[{"@type":"Article","@id":"https:\/\/newsslash.com\/n\/17578-wann-kommt-kaos-staffel-2-auf-netflix\/#article","isPartOf":{"@id":"https:\/\/newsslash.com\/n\/17578-wann-kommt-kaos-staffel-2-auf-netflix\/"},"author":{"name":"Daniela H","@id":"https:\/\/newsslash.com\/n\/#\/schema\/person\/cb1381eb00b5dc4b3071475e9866df11"},"headline":"Wann kommt KAOS Staffel 2 auf Netflix?","datePublished":"2024-08-29T10:30:00+00:00","mainEntityOfPage":{"@id":"https:\/\/newsslash.com\/n\/17578-wann-kommt-kaos-staffel-2-auf-netflix\/"},"wordCount":514,"commentCount":45,"publisher":{"@id":"https:\/\/newsslash.com\/n\/#organization"},"image":{"@id":"https:\/\/newsslash.com\/n\/17578-wann-kommt-kaos-staffel-2-auf-netflix\/#primaryimage"},"thumbnailUrl":"https:\/\/newsslash.com\/n\/wp-content\/uploads\/2025\/04\/NewsSlash-Featured-Image.jpg","articleSection":["Blog"],"inLanguage":"en-US","potentialAction":[{"@type":"CommentAction","name":"Comment","target":["https:\/\/newsslash.com\/n\/17578-wann-kommt-kaos-staffel-2-auf-netflix\/#respond"]}]},{"@type":"WebPage","@id":"https:\/\/newsslash.com\/n\/17578-wann-kommt-kaos-staffel-2-auf-netflix\/","url":"https:\/\/newsslash.com\/n\/17578-wann-kommt-kaos-staffel-2-auf-netflix\/","name":"Wann kommt KAOS Staffel 2 auf Netflix? - Newsslash","isPartOf":{"@id":"https:\/\/newsslash.com\/n\/#website"},"primaryImageOfPage":{"@id":"https:\/\/newsslash.com\/n\/17578-wann-kommt-kaos-staffel-2-auf-netflix\/#primaryimage"},"image":{"@id":"https:\/\/newsslash.com\/n\/17578-wann-kommt-kaos-staffel-2-auf-netflix\/#primaryimage"},"thumbnailUrl":"https:\/\/newsslash.com\/n\/wp-content\/uploads\/2025\/04\/NewsSlash-Featured-Image.jpg","datePublished":"2024-08-29T10:30:00+00:00","breadcrumb":{"@id":"https:\/\/newsslash.com\/n\/17578-wann-kommt-kaos-staffel-2-auf-netflix\/#breadcrumb"},"inLanguage":"en-US","potentialAction":[{"@type":"ReadAction","target":["https:\/\/newsslash.com\/n\/17578-wann-kommt-kaos-staffel-2-auf-netflix\/"]}]},{"@type":"ImageObject","inLanguage":"en-US","@id":"https:\/\/newsslash.com\/n\/17578-wann-kommt-kaos-staffel-2-auf-netflix\/#primaryimage","url":"https:\/\/newsslash.com\/n\/wp-content\/uploads\/2025\/04\/NewsSlash-Featured-Image.jpg","contentUrl":"https:\/\/newsslash.com\/n\/wp-content\/uploads\/2025\/04\/NewsSlash-Featured-Image.jpg","width":1280,"height":854},{"@type":"BreadcrumbList","@id":"https:\/\/newsslash.com\/n\/17578-wann-kommt-kaos-staffel-2-auf-netflix\/#breadcrumb","itemListElement":[{"@type":"ListItem","position":1,"name":"Home","item":"https:\/\/newsslash.com\/n\/"},{"@type":"ListItem","position":2,"name":"Wann kommt KAOS Staffel 2 auf Netflix?"}]},{"@type":"WebSite","@id":"https:\/\/newsslash.com\/n\/#website","url":"https:\/\/newsslash.com\/n\/","name":"Newsslash","description":"Trending News on Movies, Series, OTT, Gaming","publisher":{"@id":"https:\/\/newsslash.com\/n\/#organization"},"potentialAction":[{"@type":"SearchAction","target":{"@type":"EntryPoint","urlTemplate":"https:\/\/newsslash.com\/n\/?s={search_term_string}"},"query-input":{"@type":"PropertyValueSpecification","valueRequired":true,"valueName":"search_term_string"}}],"inLanguage":"en-US"},{"@type":"Organization","@id":"https:\/\/newsslash.com\/n\/#organization","name":"Newsslash","url":"https:\/\/newsslash.com\/n\/","logo":{"@type":"ImageObject","inLanguage":"en-US","@id":"https:\/\/newsslash.com\/n\/#\/schema\/logo\/image\/","url":"https:\/\/newsslash.com\/n\/wp-content\/uploads\/2025\/04\/cropped-Newsslash-logo-Fevicon.png","contentUrl":"https:\/\/newsslash.com\/n\/wp-content\/uploads\/2025\/04\/cropped-Newsslash-logo-Fevicon.png","width":512,"height":512,"caption":"Newsslash"},"image":{"@id":"https:\/\/newsslash.com\/n\/#\/schema\/logo\/image\/"}},{"@type":"Person","@id":"https:\/\/newsslash.com\/n\/#\/schema\/person\/cb1381eb00b5dc4b3071475e9866df11","name":"Daniela H","sameAs":["https:\/\/newsslash.com"],"url":"https:\/\/newsslash.com\/n\/author\/daniela_h\/"}]}},"_links":{"self":[{"href":"https:\/\/newsslash.com\/n\/wp-json\/wp\/v2\/posts\/21667","targetHints":{"allow":["GET"]}}],"collection":[{"href":"https:\/\/newsslash.com\/n\/wp-json\/wp\/v2\/posts"}],"about":[{"href":"https:\/\/newsslash.com\/n\/wp-json\/wp\/v2\/types\/post"}],"author":[{"embeddable":true,"href":"https:\/\/newsslash.com\/n\/wp-json\/wp\/v2\/users\/7"}],"replies":[{"embeddable":true,"href":"https:\/\/newsslash.com\/n\/wp-json\/wp\/v2\/comments?post=21667"}],"version-history":[{"count":0,"href":"https:\/\/newsslash.com\/n\/wp-json\/wp\/v2\/posts\/21667\/revisions"}],"wp:featuredmedia":[{"embeddable":true,"href":"https:\/\/newsslash.com\/n\/wp-json\/wp\/v2\/media\/21974"}],"wp:attachment":[{"href":"https:\/\/newsslash.com\/n\/wp-json\/wp\/v2\/media?parent=21667"}],"curies":[{"name":"wp","href":"https:\/\/api.w.org\/{rel}","templated":true}]}}